{"id":89688,"date":"2025-08-13T14:08:00","date_gmt":"2025-08-13T17:08:00","guid":{"rendered":"https:\/\/www.em.com.br\/emfoco\/?p=89688"},"modified":"2025-08-11T14:07:48","modified_gmt":"2025-08-11T17:07:48","slug":"esse-e-o-pudim-mais-nutritivo-que-pode-ajudar-a-controlar-seu-apetite-diario","status":"publish","type":"post","link":"https:\/\/www.em.com.br\/emfoco\/2025\/08\/13\/esse-e-o-pudim-mais-nutritivo-que-pode-ajudar-a-controlar-seu-apetite-diario\/","title":{"rendered":"Esse \u00e9 o pudim mais nutritivo que pode ajudar a controlar seu apetite di\u00e1rio"},"content":{"rendered":"\n<p>Os <strong>pudins de chia<\/strong> revolucionaram o conceito de controle de apetite, oferecendo saciedade prolongada atrav\u00e9s de suas propriedades \u00fanicas de absor\u00e7\u00e3o e expans\u00e3o. Estas pequenas sementes podem absorver at\u00e9 12 vezes seu peso em l\u00edquido, criando uma textura gelatinosa rica em fibras sol\u00faveis que retarda o esvaziamento g\u00e1strico. O resultado \u00e9 uma sensa\u00e7\u00e3o de plenitude que pode durar at\u00e9 8 horas, transformando completamente sua rela\u00e7\u00e3o com beliscos e compuls\u00f5es alimentares.<\/p>\n\n\n\n<ul class=\"wp-block-list\">\n<li>Fibras sol\u00faveis da chia expandem no est\u00f4mago criando saciedade duradoura<\/li>\n\n\n\n<li>Prote\u00ednas completas estabilizam a\u00e7\u00facar no sangue evitando picos de fome<\/li>\n\n\n\n<li>Prepara\u00e7\u00e3o em 5 minutos com ingredientes acess\u00edveis e vers\u00e1teis<\/li>\n<\/ul>\n\n\n\n<h2 class=\"wp-block-heading\">Por que a chia \u00e9 mais eficaz que outros alimentos para controlar apetite?<\/h2>\n\n\n\n<p>A <strong>estrutura molecular<\/strong> das sementes de chia cont\u00e9m mucilagem, um tipo especial de fibra sol\u00favel que forma gel em contato com l\u00edquidos. Esta caracter\u00edstica \u00fanica cria uma barreira f\u00edsica no est\u00f4mago, retardando significativamente a digest\u00e3o e prolongando a sensa\u00e7\u00e3o de saciedade por horas.<\/p>\n\n\n\n<p>Diferente de outros <strong>alimentos saciantes<\/strong>, a chia combina tr\u00eas macronutrientes essenciais: 20% de prote\u00edna completa, 34% de fibras e 31% de gorduras saud\u00e1veis <strong><a href=\"https:\/\/www.em.com.br\/emfoco\/2025\/07\/26\/essas-pesquisas-revelam-novo-uso-do-omega-3-e-os-resultados-sao-surpreendentes\/\" target=\"_blank\" rel=\"noreferrer noopener\">\u00f4mega-3<\/a><\/strong>. Esta composi\u00e7\u00e3o equilibrada estabiliza os n\u00edveis de glicose no sangue, prevenindo os picos e quedas que desencadeiam compuls\u00f5es alimentares.<\/p>\n\n\n\n<figure class=\"wp-block-image size-large\"><img loading=\"lazy\" decoding=\"async\" width=\"1024\" height=\"576\" src=\"https:\/\/www.em.com.br\/emfoco\/wp-content\/uploads\/2025\/04\/chia_1743870753711-1024x576.jpg\" alt=\"5 benef\u00edcios da chia que v\u00e3o mudar sua dieta para sempre\" class=\"wp-image-35574\" srcset=\"https:\/\/www.em.com.br\/emfoco\/wp-content\/uploads\/2025\/04\/chia_1743870753711-1024x576.jpg 1024w, https:\/\/www.em.com.br\/emfoco\/wp-content\/uploads\/2025\/04\/chia_1743870753711-300x169.jpg 300w, https:\/\/www.em.com.br\/emfoco\/wp-content\/uploads\/2025\/04\/chia_1743870753711-768x432.jpg 768w, https:\/\/www.em.com.br\/emfoco\/wp-content\/uploads\/2025\/04\/chia_1743870753711-750x422.jpg 750w, https:\/\/www.em.com.br\/emfoco\/wp-content\/uploads\/2025\/04\/chia_1743870753711-1140x641.jpg 1140w, https:\/\/www.em.com.br\/emfoco\/wp-content\/uploads\/2025\/04\/chia_1743870753711.jpg 1280w\" sizes=\"auto, (max-width: 1024px) 100vw, 1024px\" \/><figcaption class=\"wp-element-caption\">Sementes de chia &#8211; Cr\u00e9ditos: depositphotos.com \/ AntonMatyukha<\/figcaption><\/figure>\n\n\n\n<h2 class=\"wp-block-heading\">Qual a propor\u00e7\u00e3o ideal de chia para l\u00edquido em pudins saciantes?<\/h2>\n\n\n\n<p>A <strong>propor\u00e7\u00e3o perfeita<\/strong> \u00e9 3 colheres de sopa de chia para cada 200ml de l\u00edquido, criando consist\u00eancia cremosa sem ficar excessivamente espessa. Esta medida permite expans\u00e3o completa das sementes em 15-20 minutos, formando gel homog\u00eaneo que maximiza propriedades sacietog\u00eanicas.<\/p>\n\n\n\n<p>L\u00edquidos com <strong>densidade proteica<\/strong> como leite de am\u00eandoas, leite de coco ou iogurte natural potencializam o efeito saciante. A gordura natural destes l\u00edquidos retarda ainda mais o esvaziamento g\u00e1strico, enquanto prote\u00ednas adicionais ajudam na manuten\u00e7\u00e3o da massa muscular durante processos de controle de peso.<\/p>\n\n\n\n<h2 class=\"wp-block-heading\">Quais combina\u00e7\u00f5es de sabores maximizam o controle da fome?<\/h2>\n\n\n\n<p>Sabores <strong>ricos em fibras adicionais<\/strong> como cacau em p\u00f3, frutas vermelhas e canela criam sinergia perfeita com <strong><a href=\"https:\/\/www.tuasaude.com\/beneficios-da-chia\/\" target=\"_blank\" rel=\"noreferrer noopener\">propriedades sacietog\u00eanicas da chia<\/a><\/strong>. O cacau cont\u00e9m teobromina, que suprime naturalmente o apetite, enquanto frutas vermelhas adicionam pectina, outra fibra sol\u00favel poderosa.<\/p>\n\n\n\n<p>A <strong>canela<\/strong> merece destaque especial por regular n\u00edveis de insulina, evitando quedas bruscas de glicemia que disparam sinais de fome. Combine 1 colher de ch\u00e1 de canela com 1 colher de sopa de cacau em p\u00f3 para criar pudim que controla apetite e satisfaz desejos por doce simultaneamente.<\/p>\n\n\n\n<ul class=\"wp-block-list\">\n<li>Cacau + chia: teobromina natural suprime apetite por at\u00e9 6 horas<\/li>\n\n\n\n<li>Frutas vermelhas + chia: pectina adicional prolonga saciedade estomacal<\/li>\n\n\n\n<li>Canela + chia: regula insulina prevenindo picos de fome s\u00fabita<\/li>\n\n\n\n<li>Coco + chia: triglicer\u00eddeos de cadeia m\u00e9dia aceleram metabolismo<\/li>\n<\/ul>\n\n\n\n<figure class=\"wp-block-image size-large\"><img loading=\"lazy\" decoding=\"async\" width=\"1024\" height=\"576\" src=\"https:\/\/www.em.com.br\/emfoco\/wp-content\/uploads\/2025\/08\/Pudim-de-chia_1754931870403-1024x576.jpg\" alt=\"Esse \u00e9 o pudim mais nutritivo que pode ajudar a controlar seu apetite di\u00e1rio\" class=\"wp-image-89728\" srcset=\"https:\/\/www.em.com.br\/emfoco\/wp-content\/uploads\/2025\/08\/Pudim-de-chia_1754931870403-1024x576.jpg 1024w, https:\/\/www.em.com.br\/emfoco\/wp-content\/uploads\/2025\/08\/Pudim-de-chia_1754931870403-300x169.jpg 300w, https:\/\/www.em.com.br\/emfoco\/wp-content\/uploads\/2025\/08\/Pudim-de-chia_1754931870403-768x432.jpg 768w, https:\/\/www.em.com.br\/emfoco\/wp-content\/uploads\/2025\/08\/Pudim-de-chia_1754931870403-750x422.jpg 750w, https:\/\/www.em.com.br\/emfoco\/wp-content\/uploads\/2025\/08\/Pudim-de-chia_1754931870403-1140x641.jpg 1140w, https:\/\/www.em.com.br\/emfoco\/wp-content\/uploads\/2025\/08\/Pudim-de-chia_1754931870403.jpg 1280w\" sizes=\"auto, (max-width: 1024px) 100vw, 1024px\" \/><figcaption class=\"wp-element-caption\">Pudim de chia &#8211; Cr\u00e9ditos: depositphotos.com \/ AntonMatyukha<\/figcaption><\/figure>\n\n\n\n<h2 class=\"wp-block-heading\">Como preparar pudins que funcionam como refei\u00e7\u00f5es completas?<\/h2>\n\n\n\n<p>Para transformar <strong>pudins em refei\u00e7\u00f5es<\/strong>, adicione prote\u00edna em p\u00f3 de alta qualidade (20-25g) e gorduras saud\u00e1veis como pasta de amendoim natural ou tahine. Esta combina\u00e7\u00e3o cria perfil nutricional completo capaz de substituir caf\u00e9 da manh\u00e3 ou lanche da tarde sem defici\u00eancias.<\/p>\n\n\n\n<p>Inclua <strong>micronutrientes essenciais<\/strong> atrav\u00e9s de superfoods como spirulina, maca peruana ou a\u00e7a\u00ed em p\u00f3. Uma colher de ch\u00e1 destes ingredientes transforma pudim simples em bomba nutricional que nutre profundamente as c\u00e9lulas, reduzindo desejos por alimentos processados ricos em a\u00e7\u00facar.<\/p>\n\n\n\n<ul class=\"wp-block-list\">\n<li>Adicione 20-25g de prote\u00edna em p\u00f3 para criar refei\u00e7\u00e3o completa<\/li>\n\n\n\n<li>Inclua 1 colher de sopa de pasta de oleaginosas para gorduras saud\u00e1veis<\/li>\n\n\n\n<li>Misture 1 colher de ch\u00e1 de spirulina ou a\u00e7a\u00ed para micronutrientes<\/li>\n\n\n\n<li>Finalize com sementes variadas para textura e nutrientes extras<\/li>\n<\/ul>\n\n\n\n<h2 class=\"wp-block-heading\">Quando consumir pudins para m\u00e1ximo controle do apetite durante o dia?<\/h2>\n\n\n\n<p>O <strong>timing ideal<\/strong> \u00e9 consumir pudim de chia 30 minutos antes das principais refei\u00e7\u00f5es ou como substituto do caf\u00e9 da manh\u00e3. O gel formado no est\u00f4mago cria sensa\u00e7\u00e3o pr\u00e9via de saciedade, reduzindo automaticamente por\u00e7\u00f5es consumidas nas refei\u00e7\u00f5es seguintes em at\u00e9 25%.<\/p>\n\n\n\n<p>Para controle de <strong>beliscos noturnos<\/strong>, consuma pudim como sobremesa 2 horas ap\u00f3s o jantar. A libera\u00e7\u00e3o lenta de nutrientes durante a noite estabiliza glicemia, prevenindo despertar com fome excessiva e mantendo metabolismo ativo durante o sono reparador.<\/p>\n\n\n\n<ul class=\"wp-block-list\">\n<li>Manh\u00e3: substitui caf\u00e9 da manh\u00e3 oferecendo energia est\u00e1vel por 6-8 horas<\/li>\n\n\n\n<li>Pr\u00e9-refei\u00e7\u00e3o: reduz por\u00e7\u00f5es consumidas em 20-25% automaticamente<\/li>\n\n\n\n<li>Lanche tarde: previne compuls\u00f5es do final da tarde eficazmente<\/li>\n\n\n\n<li>Noite: estabiliza glicemia noturna evitando despertar com fome<\/li>\n<\/ul>\n\n\n\n<h2 class=\"wp-block-heading\">Pudins de chia transformam controle de apetite em prazer culin\u00e1rio<\/h2>\n\n\n\n<ul class=\"wp-block-list\">\n<li>Fibras sol\u00faveis criam saciedade real que dura 6-8 horas consecutivas<\/li>\n\n\n\n<li>Prepara\u00e7\u00e3o vers\u00e1til permite infinitas combina\u00e7\u00f5es de sabores e nutrientes<\/li>\n\n\n\n<li>Substitui\u00e7\u00e3o inteligente de refei\u00e7\u00f5es sem perda de energia ou nutri\u00e7\u00e3o<\/li>\n<\/ul>\n","protected":false},"excerpt":{"rendered":"<p>Os pudins de chia revolucionaram o conceito de controle de apetite, oferecendo saciedade prolongada atrav\u00e9s de suas propriedades \u00fanicas de absor\u00e7\u00e3o e expans\u00e3o. Estas pequenas sementes podem absorver at\u00e9 12 vezes seu peso em l\u00edquido, criando uma textura gelatinosa rica em fibras sol\u00faveis que retarda o esvaziamento g\u00e1strico. O resultado \u00e9 uma sensa\u00e7\u00e3o de plenitude [&hellip;]<\/p>\n","protected":false},"author":13,"featured_media":89727,"comment_status":"open","ping_status":"open","sticky":false,"template":"","format":"standard","meta":{"jnews-multi-image_gallery":[],"jnews_single_post":{"format":"standard"},"jnews_primary_category":[],"jnews_social_meta":[],"jnews_override_counter":[],"footnotes":""},"categories":[8819],"tags":[3967,13765,8072,6726],"class_list":["post-89688","post","type-post","status-publish","format-standard","has-post-thumbnail","hentry","category-curiosidades","tag-chia","tag-controle-de-fome","tag-pudim","tag-receitas-saudaveis"],"yoast_head":"<!-- This site is optimized with the Yoast SEO plugin v23.8 - https:\/\/yoast.com\/wordpress\/plugins\/seo\/ -->\n<title>Esse \u00e9 o pudim mais nutritivo que pode ajudar a controlar seu apetite di\u00e1rio - Estado de Minas - Em foco<\/title>\n<meta name=\"description\" content=\"Este pudim saciante feito com chia mant\u00e9m voc\u00ea longe da fome por at\u00e9 8 horas e ainda oferece sabor irresist\u00edvel e f\u00e1cil preparo.\" \/>\n<meta name=\"robots\" content=\"index, follow, max-snippet:-1, max-image-preview:large, max-video-preview:-1\" \/>\n<link rel=\"canonical\" href=\"https:\/\/www.em.com.br\/emfoco\/2025\/08\/13\/esse-e-o-pudim-mais-nutritivo-que-pode-ajudar-a-controlar-seu-apetite-diario\/\" \/>\n<meta property=\"og:locale\" content=\"pt_BR\" \/>\n<meta property=\"og:type\" content=\"article\" \/>\n<meta property=\"og:title\" content=\"Esse \u00e9 o pudim mais nutritivo que pode ajudar a controlar seu apetite di\u00e1rio - Estado de Minas - Em foco\" \/>\n<meta property=\"og:description\" content=\"Este pudim saciante feito com chia mant\u00e9m voc\u00ea longe da fome por at\u00e9 8 horas e ainda oferece sabor irresist\u00edvel e f\u00e1cil preparo.\" \/>\n<meta property=\"og:url\" content=\"https:\/\/www.em.com.br\/emfoco\/2025\/08\/13\/esse-e-o-pudim-mais-nutritivo-que-pode-ajudar-a-controlar-seu-apetite-diario\/\" \/>\n<meta property=\"og:site_name\" content=\"Estado de Minas - Em foco\" \/>\n<meta property=\"article:published_time\" content=\"2025-08-13T17:08:00+00:00\" \/>\n<meta property=\"article:modified_time\" content=\"2025-08-11T17:07:48+00:00\" \/>\n<meta property=\"og:image\" content=\"https:\/\/www.em.com.br\/emfoco\/wp-content\/uploads\/2025\/08\/Pudim-de-chia_1754931836871.jpg\" \/>\n\t<meta property=\"og:image:width\" content=\"1280\" \/>\n\t<meta property=\"og:image:height\" content=\"720\" \/>\n\t<meta property=\"og:image:type\" content=\"image\/jpeg\" \/>\n<meta name=\"author\" content=\"Gabriel Martins\" \/>\n<meta name=\"twitter:card\" content=\"summary_large_image\" \/>\n<meta name=\"twitter:label1\" content=\"Escrito por\" \/>\n\t<meta name=\"twitter:data1\" content=\"Gabriel Martins\" \/>\n\t<meta name=\"twitter:label2\" content=\"Est. tempo de leitura\" \/>\n\t<meta name=\"twitter:data2\" content=\"5 minutos\" \/>\n<!-- \/ Yoast SEO plugin. -->","yoast_head_json":{"title":"Esse \u00e9 o pudim mais nutritivo que pode ajudar a controlar seu apetite di\u00e1rio - Estado de Minas - Em foco","description":"Este pudim saciante feito com chia mant\u00e9m voc\u00ea longe da fome por at\u00e9 8 horas e ainda oferece sabor irresist\u00edvel e f\u00e1cil preparo.","robots":{"index":"index","follow":"follow","max-snippet":"max-snippet:-1","max-image-preview":"max-image-preview:large","max-video-preview":"max-video-preview:-1"},"canonical":"https:\/\/www.em.com.br\/emfoco\/2025\/08\/13\/esse-e-o-pudim-mais-nutritivo-que-pode-ajudar-a-controlar-seu-apetite-diario\/","og_locale":"pt_BR","og_type":"article","og_title":"Esse \u00e9 o pudim mais nutritivo que pode ajudar a controlar seu apetite di\u00e1rio - Estado de Minas - Em foco","og_description":"Este pudim saciante feito com chia mant\u00e9m voc\u00ea longe da fome por at\u00e9 8 horas e ainda oferece sabor irresist\u00edvel e f\u00e1cil preparo.","og_url":"https:\/\/www.em.com.br\/emfoco\/2025\/08\/13\/esse-e-o-pudim-mais-nutritivo-que-pode-ajudar-a-controlar-seu-apetite-diario\/","og_site_name":"Estado de Minas - Em foco","article_published_time":"2025-08-13T17:08:00+00:00","article_modified_time":"2025-08-11T17:07:48+00:00","og_image":[{"width":1280,"height":720,"url":"https:\/\/www.em.com.br\/emfoco\/wp-content\/uploads\/2025\/08\/Pudim-de-chia_1754931836871.jpg","type":"image\/jpeg"}],"author":"Gabriel Martins","twitter_card":"summary_large_image","twitter_misc":{"Escrito por":"Gabriel Martins","Est. tempo de leitura":"5 minutos"},"schema":{"@context":"https:\/\/schema.org","@graph":[{"@type":"WebPage","@id":"https:\/\/www.em.com.br\/emfoco\/2025\/08\/13\/esse-e-o-pudim-mais-nutritivo-que-pode-ajudar-a-controlar-seu-apetite-diario\/","url":"https:\/\/www.em.com.br\/emfoco\/2025\/08\/13\/esse-e-o-pudim-mais-nutritivo-que-pode-ajudar-a-controlar-seu-apetite-diario\/","name":"Esse \u00e9 o pudim mais nutritivo que pode ajudar a controlar seu apetite di\u00e1rio - Estado de Minas - Em foco","isPartOf":{"@id":"https:\/\/www.em.com.br\/emfoco\/#website"},"primaryImageOfPage":{"@id":"https:\/\/www.em.com.br\/emfoco\/2025\/08\/13\/esse-e-o-pudim-mais-nutritivo-que-pode-ajudar-a-controlar-seu-apetite-diario\/#primaryimage"},"image":{"@id":"https:\/\/www.em.com.br\/emfoco\/2025\/08\/13\/esse-e-o-pudim-mais-nutritivo-que-pode-ajudar-a-controlar-seu-apetite-diario\/#primaryimage"},"thumbnailUrl":"https:\/\/www.em.com.br\/emfoco\/wp-content\/uploads\/2025\/08\/Pudim-de-chia_1754931836871.jpg","datePublished":"2025-08-13T17:08:00+00:00","dateModified":"2025-08-11T17:07:48+00:00","author":{"@id":"https:\/\/www.em.com.br\/emfoco\/#\/schema\/person\/1c9ddeab18b98abeffef834667bcf08a"},"description":"Este pudim saciante feito com chia mant\u00e9m voc\u00ea longe da fome por at\u00e9 8 horas e ainda oferece sabor irresist\u00edvel e f\u00e1cil preparo.","breadcrumb":{"@id":"https:\/\/www.em.com.br\/emfoco\/2025\/08\/13\/esse-e-o-pudim-mais-nutritivo-que-pode-ajudar-a-controlar-seu-apetite-diario\/#breadcrumb"},"inLanguage":"pt-BR","potentialAction":[{"@type":"ReadAction","target":["https:\/\/www.em.com.br\/emfoco\/2025\/08\/13\/esse-e-o-pudim-mais-nutritivo-que-pode-ajudar-a-controlar-seu-apetite-diario\/"]}]},{"@type":"ImageObject","inLanguage":"pt-BR","@id":"https:\/\/www.em.com.br\/emfoco\/2025\/08\/13\/esse-e-o-pudim-mais-nutritivo-que-pode-ajudar-a-controlar-seu-apetite-diario\/#primaryimage","url":"https:\/\/www.em.com.br\/emfoco\/wp-content\/uploads\/2025\/08\/Pudim-de-chia_1754931836871.jpg","contentUrl":"https:\/\/www.em.com.br\/emfoco\/wp-content\/uploads\/2025\/08\/Pudim-de-chia_1754931836871.jpg","width":1280,"height":720,"caption":"Pudim de chia - Cr\u00e9ditos: depositphotos.com \/ LieselF"},{"@type":"BreadcrumbList","@id":"https:\/\/www.em.com.br\/emfoco\/2025\/08\/13\/esse-e-o-pudim-mais-nutritivo-que-pode-ajudar-a-controlar-seu-apetite-diario\/#breadcrumb","itemListElement":[{"@type":"ListItem","position":1,"name":"In\u00edcio","item":"https:\/\/www.em.com.br\/emfoco\/"},{"@type":"ListItem","position":2,"name":"Esse \u00e9 o pudim mais nutritivo que pode ajudar a controlar seu apetite di\u00e1rio"}]},{"@type":"WebSite","@id":"https:\/\/www.em.com.br\/emfoco\/#website","url":"https:\/\/www.em.com.br\/emfoco\/","name":"Estado de Minas - Em foco","description":"Acompanhe as \u00faltimas not\u00edcias e fique bem informado sobre tudo o que acontece em Minas Gerais, Brasil e no mundo.","potentialAction":[{"@type":"SearchAction","target":{"@type":"EntryPoint","urlTemplate":"https:\/\/www.em.com.br\/emfoco\/?s={search_term_string}"},"query-input":{"@type":"PropertyValueSpecification","valueRequired":true,"valueName":"search_term_string"}}],"inLanguage":"pt-BR"},{"@type":"Person","@id":"https:\/\/www.em.com.br\/emfoco\/#\/schema\/person\/1c9ddeab18b98abeffef834667bcf08a","name":"Gabriel Martins","image":{"@type":"ImageObject","inLanguage":"pt-BR","@id":"https:\/\/www.em.com.br\/emfoco\/#\/schema\/person\/image\/","url":"https:\/\/secure.gravatar.com\/avatar\/f0f1e2efdfd88f1ad2cb08c5c2731e50?s=96&d=mm&r=g","contentUrl":"https:\/\/secure.gravatar.com\/avatar\/f0f1e2efdfd88f1ad2cb08c5c2731e50?s=96&d=mm&r=g","caption":"Gabriel Martins"},"sameAs":["https:\/\/www.em.com.br\/emfoco\/"],"url":"https:\/\/www.em.com.br\/emfoco\/author\/gabrielmartinsmyth\/"}]}},"_links":{"self":[{"href":"https:\/\/www.em.com.br\/emfoco\/wp-json\/wp\/v2\/posts\/89688","targetHints":{"allow":["GET"]}}],"collection":[{"href":"https:\/\/www.em.com.br\/emfoco\/wp-json\/wp\/v2\/posts"}],"about":[{"href":"https:\/\/www.em.com.br\/emfoco\/wp-json\/wp\/v2\/types\/post"}],"author":[{"embeddable":true,"href":"https:\/\/www.em.com.br\/emfoco\/wp-json\/wp\/v2\/users\/13"}],"replies":[{"embeddable":true,"href":"https:\/\/www.em.com.br\/emfoco\/wp-json\/wp\/v2\/comments?post=89688"}],"version-history":[{"count":1,"href":"https:\/\/www.em.com.br\/emfoco\/wp-json\/wp\/v2\/posts\/89688\/revisions"}],"predecessor-version":[{"id":89729,"href":"https:\/\/www.em.com.br\/emfoco\/wp-json\/wp\/v2\/posts\/89688\/revisions\/89729"}],"wp:featuredmedia":[{"embeddable":true,"href":"https:\/\/www.em.com.br\/emfoco\/wp-json\/wp\/v2\/media\/89727"}],"wp:attachment":[{"href":"https:\/\/www.em.com.br\/emfoco\/wp-json\/wp\/v2\/media?parent=89688"}],"wp:term":[{"taxonomy":"category","embeddable":true,"href":"https:\/\/www.em.com.br\/emfoco\/wp-json\/wp\/v2\/categories?post=89688"},{"taxonomy":"post_tag","embeddable":true,"href":"https:\/\/www.em.com.br\/emfoco\/wp-json\/wp\/v2\/tags?post=89688"}],"curies":[{"name":"wp","href":"https:\/\/api.w.org\/{rel}","templated":true}]}}