{"id":89620,"date":"2025-08-12T06:08:00","date_gmt":"2025-08-12T09:08:00","guid":{"rendered":"https:\/\/www.em.com.br\/emfoco\/?p=89620"},"modified":"2025-08-11T13:10:50","modified_gmt":"2025-08-11T16:10:50","slug":"esses-sao-os-5-suv-off-road-mais-vendidos-no-brasil-em-2025","status":"publish","type":"post","link":"https:\/\/www.em.com.br\/emfoco\/2025\/08\/12\/esses-sao-os-5-suv-off-road-mais-vendidos-no-brasil-em-2025\/","title":{"rendered":"Esses s\u00e3o os 5 SUV off-road mais vendidos no Brasil em 2025"},"content":{"rendered":"\n<p>Em 2025, o mercado automotivo brasileiro continua impulsionado pelos <strong>SUVs off-road<\/strong>, ve\u00edculos vers\u00e1teis que combinam robustez para trilhas com conforto urbano. Modelos como<strong> <a href=\"https:\/\/www.em.com.br\/emfoco\/2025\/08\/06\/jeep-surpreende-mercado-com-reducao-de-ate-r-20-mil-no-compass-2026\/\" target=\"_blank\" rel=\"noreferrer noopener\">Jeep Compass<\/a><\/strong> e <strong>Renegade <\/strong>lideram as prefer\u00eancias, oferecendo tra\u00e7\u00e3o 4&#215;4 e tecnologia avan\u00e7ada para motoristas aventureiros. As vendas at\u00e9 julho revelam uma demanda crescente por op\u00e7\u00f5es dur\u00e1veis e acess\u00edveis.<\/p>\n\n\n\n<ul class=\"wp-block-list\">\n<li>Jeep Compass se destaca como l\u00edder absoluto em emplacamentos.<\/li>\n\n\n\n<li>Renault Duster atrai pelo custo-benef\u00edcio em terrenos irregulares.<\/li>\n\n\n\n<li>Toyota SW4 conquista fam\u00edlias com espa\u00e7o e confiabilidade off-road.<\/li>\n<\/ul>\n\n\n\n<h2 class=\"wp-block-heading\">Qual o SUV off-road mais vendido no Brasil em 2025?<\/h2>\n\n\n\n<p>O <strong>Jeep Compass<\/strong> ocupa o topo das vendas entre SUVs off-road, com 4.935 unidades emplacadas apenas em julho. Sua tra\u00e7\u00e3o 4&#215;4 e motor flex eficiente garantem desempenho em estradas de terra sem sacrificar o uso di\u00e1rio.<\/p>\n\n\n\n<p>Equipado com sistemas de seguran\u00e7a como controle de estabilidade, o modelo atende motoristas que buscam versatilidade. Se voc\u00ea planeja viagens longas, avalie uma test drive para sentir sua estabilidade em curvas.<\/p>\n\n\n\n<figure class=\"wp-block-image size-large\"><img loading=\"lazy\" decoding=\"async\" width=\"1024\" height=\"576\" src=\"https:\/\/www.em.com.br\/emfoco\/wp-content\/uploads\/2025\/08\/ad-1-5-1024x576.jpg\" alt=\"Jeep surpreende mercado com redu\u00e7\u00e3o de at\u00e9 R$ 20 mil no Compass 2026\" class=\"wp-image-86614\" srcset=\"https:\/\/www.em.com.br\/emfoco\/wp-content\/uploads\/2025\/08\/ad-1-5-1024x576.jpg 1024w, https:\/\/www.em.com.br\/emfoco\/wp-content\/uploads\/2025\/08\/ad-1-5-300x169.jpg 300w, https:\/\/www.em.com.br\/emfoco\/wp-content\/uploads\/2025\/08\/ad-1-5-768x432.jpg 768w, https:\/\/www.em.com.br\/emfoco\/wp-content\/uploads\/2025\/08\/ad-1-5-750x422.jpg 750w, https:\/\/www.em.com.br\/emfoco\/wp-content\/uploads\/2025\/08\/ad-1-5-1140x641.jpg 1140w, https:\/\/www.em.com.br\/emfoco\/wp-content\/uploads\/2025\/08\/ad-1-5.jpg 1280w\" sizes=\"auto, (max-width: 1024px) 100vw, 1024px\" \/><figcaption class=\"wp-element-caption\">Jeep Compass 2026 &#8211; Cr\u00e9ditos: Jeep \/ Divulga\u00e7\u00e3o<\/figcaption><\/figure>\n\n\n\n<h2 class=\"wp-block-heading\">Por que o Jeep Renegade atrai tantos compradores aventureiros?<\/h2>\n\n\n\n<p>O <strong>Jeep Renegade<\/strong> registra 3.711 vendas em julho, gra\u00e7as \u00e0 vers\u00e3o <strong>Trailhawk <\/strong>com suspens\u00e3o elevada e prote\u00e7\u00e3o extra para off-road. Seu design compacto facilita manobras em trilhas estreitas, ideal para exploradores urbanos.<\/p>\n\n\n\n<p>Com op\u00e7\u00f5es de motor turbo, o ve\u00edculo entrega torque r\u00e1pido em subidas \u00edngremes. Considere personaliza\u00e7\u00f5es como pneus todo-terreno para maximizar sua capacidade em aventuras reais.<\/p>\n\n\n\n<figure class=\"wp-block-image size-large\"><img loading=\"lazy\" decoding=\"async\" width=\"1024\" height=\"576\" src=\"https:\/\/www.em.com.br\/emfoco\/wp-content\/uploads\/2025\/06\/ad-4-1-1024x576.jpg\" alt=\"Jeep Renegade 2026 chega ao mercado brasileiro ainda mais barato e com muito mais tecnologia!\" class=\"wp-image-55948\" srcset=\"https:\/\/www.em.com.br\/emfoco\/wp-content\/uploads\/2025\/06\/ad-4-1-1024x576.jpg 1024w, https:\/\/www.em.com.br\/emfoco\/wp-content\/uploads\/2025\/06\/ad-4-1-300x169.jpg 300w, https:\/\/www.em.com.br\/emfoco\/wp-content\/uploads\/2025\/06\/ad-4-1-768x432.jpg 768w, https:\/\/www.em.com.br\/emfoco\/wp-content\/uploads\/2025\/06\/ad-4-1-750x422.jpg 750w, https:\/\/www.em.com.br\/emfoco\/wp-content\/uploads\/2025\/06\/ad-4-1-1140x641.jpg 1140w, https:\/\/www.em.com.br\/emfoco\/wp-content\/uploads\/2025\/06\/ad-4-1.jpg 1280w\" sizes=\"auto, (max-width: 1024px) 100vw, 1024px\" \/><figcaption class=\"wp-element-caption\">Jeep Renegade 2026 &#8211; Cr\u00e9ditos: Jeep\/Divulga\u00e7\u00e3o<\/figcaption><\/figure>\n\n\n\n<h2 class=\"wp-block-heading\">O Renault Duster \u00e9 uma op\u00e7\u00e3o acess\u00edvel para off-road?<\/h2>\n\n\n\n<p>O <strong>Renault Duster<\/strong> alcan\u00e7a 1.851 emplacamentos em julho, destacando-se pelo pre\u00e7o competitivo e tra\u00e7\u00e3o 4&#215;4 em vers\u00f5es topo. Seu chassi refor\u00e7ado suporta impactos em estradas ruins, tornando-o pr\u00e1tico para uso rural.<\/p>\n\n\n\n<p>Internamente, oferece espa\u00e7o para cinco passageiros e bagagens, com multim\u00eddia intuitiva para navega\u00e7\u00e3o. Para quem busca economia, verifique pacotes de manuten\u00e7\u00e3o que prolongam a durabilidade em condi\u00e7\u00f5es extremas.<\/p>\n\n\n\n<ul class=\"wp-block-list\">\n<li>\u00c2ngulos de ataque e sa\u00edda otimizados para obst\u00e1culos.<\/li>\n\n\n\n<li>Consumo m\u00e9dio de 10 km\/l em ciclo misto.<\/li>\n\n\n\n<li>Op\u00e7\u00f5es de financiamento com juros baixos dispon\u00edveis.<\/li>\n\n\n\n<li>Garantia estendida para componentes off-road.<\/li>\n<\/ul>\n\n\n\n<figure class=\"wp-block-image size-large\"><img loading=\"lazy\" decoding=\"async\" width=\"1024\" height=\"576\" src=\"https:\/\/www.em.com.br\/emfoco\/wp-content\/uploads\/2025\/08\/ad-30-1024x576.jpg\" alt=\"Esses s\u00e3o os 5 SUV off-road mais vendidos no Brasil em 2025\" class=\"wp-image-89659\" srcset=\"https:\/\/www.em.com.br\/emfoco\/wp-content\/uploads\/2025\/08\/ad-30-1024x576.jpg 1024w, https:\/\/www.em.com.br\/emfoco\/wp-content\/uploads\/2025\/08\/ad-30-300x169.jpg 300w, https:\/\/www.em.com.br\/emfoco\/wp-content\/uploads\/2025\/08\/ad-30-768x432.jpg 768w, https:\/\/www.em.com.br\/emfoco\/wp-content\/uploads\/2025\/08\/ad-30-750x422.jpg 750w, https:\/\/www.em.com.br\/emfoco\/wp-content\/uploads\/2025\/08\/ad-30-1140x641.jpg 1140w, https:\/\/www.em.com.br\/emfoco\/wp-content\/uploads\/2025\/08\/ad-30.jpg 1280w\" sizes=\"auto, (max-width: 1024px) 100vw, 1024px\" \/><figcaption class=\"wp-element-caption\">Renault Duster &#8211; Cr\u00e9ditos: Renault \/ Divulga\u00e7\u00e3o<\/figcaption><\/figure>\n\n\n\n<h2 class=\"wp-block-heading\">Como a Toyota SW4 se posiciona entre os off-road premium?<\/h2>\n\n\n\n<p>A <strong>Toyota SW4<\/strong>, com 1.500 unidades vendidas em julho, \u00e9 valorizada pela heran\u00e7a da Hilux em durabilidade off-road. Sua tra\u00e7\u00e3o 4&#215;4 com diferencial blocante enfrenta lama e areia com facilidade.<\/p>\n\n\n\n<p>Com sete lugares e acabamento refinado, atende fam\u00edlias que viajam para s\u00edtios ou praias remotas. Integre acess\u00f3rios originais para elevar sua performance em expedi\u00e7\u00f5es longas.<\/p>\n\n\n\n<ul class=\"wp-block-list\">\n<li>Motor diesel potente para torque em baixas rota\u00e7\u00f5es.<\/li>\n\n\n\n<li>Sistema de tra\u00e7\u00e3o seletiva para diferentes terrenos.<\/li>\n\n\n\n<li>Assistentes eletr\u00f4nicos como hill descent control.<\/li>\n<\/ul>\n\n\n\n<figure class=\"wp-block-image size-large\"><img loading=\"lazy\" decoding=\"async\" width=\"1024\" height=\"576\" src=\"https:\/\/www.em.com.br\/emfoco\/wp-content\/uploads\/2025\/08\/ad-1-20-1024x576.jpg\" alt=\"Esses s\u00e3o os 5 SUV off-road mais vendidos no Brasil em 2025\" class=\"wp-image-89660\" srcset=\"https:\/\/www.em.com.br\/emfoco\/wp-content\/uploads\/2025\/08\/ad-1-20-1024x576.jpg 1024w, https:\/\/www.em.com.br\/emfoco\/wp-content\/uploads\/2025\/08\/ad-1-20-300x169.jpg 300w, https:\/\/www.em.com.br\/emfoco\/wp-content\/uploads\/2025\/08\/ad-1-20-768x432.jpg 768w, https:\/\/www.em.com.br\/emfoco\/wp-content\/uploads\/2025\/08\/ad-1-20-750x422.jpg 750w, https:\/\/www.em.com.br\/emfoco\/wp-content\/uploads\/2025\/08\/ad-1-20-1140x641.jpg 1140w, https:\/\/www.em.com.br\/emfoco\/wp-content\/uploads\/2025\/08\/ad-1-20.jpg 1280w\" sizes=\"auto, (max-width: 1024px) 100vw, 1024px\" \/><figcaption class=\"wp-element-caption\">Toyota SW4 &#8211; Cr\u00e9ditos: Toyota \/ Divulga\u00e7\u00e3o<\/figcaption><\/figure>\n\n\n\n<h2 class=\"wp-block-heading\">Jeep Commander: vale investir em um SUV off-road familiar?<\/h2>\n\n\n\n<p>O <strong><a href=\"https:\/\/www.googleadservices.com\/pagead\/aclk?sa=L&amp;ai=DChsSEwiH8JXIkYOPAxXGKEQIHXD2CDcYACICCAEQABoCZHo&amp;ae=2&amp;co=1&amp;ase=2&amp;gclid=Cj0KCQjwqebEBhD9ARIsAFZMbfxH6qEK-_bG9EU0nVVzPTKeQA6M1VZpVbmtDjjfFDjh7Rko7m9C10EaArThEALw_wcB&amp;ohost=www.google.com&amp;cid=CAESVuD239Ml7rzcC3jNGmD2aeAgCjDmhtzZoItuZdYKNqrcInnB7urqwxIETmfvyZ1PIzHWV3byNRw9qt0ScPYvi2SXJKba5mgPGBFERVJTEGfI6W46j-3P&amp;category=acrcp_v1_79&amp;sig=AOD64_0N7yEye3oYeiYWpXNSJqvAN5RNag&amp;q&amp;nis=4&amp;adurl&amp;ved=2ahUKEwjX9IvIkYOPAxXELbkGHeJELPwQ0Qx6BAgKEAQ\" target=\"_blank\" rel=\"noreferrer noopener\">Jeep Commander<\/a><\/strong> vende 1.312 unidades em julho, sendo o preferido para grupos maiores com sua configura\u00e7\u00e3o de sete assentos e tra\u00e7\u00e3o 4&#215;4. Seu motor turbodiesel proporciona for\u00e7a para rebocar equipamentos em trilhas.<\/p>\n\n\n\n<p>O interior luxuoso inclui telas touchscreen e conectividade, facilitando viagens off-road com entretenimento. Avalie upgrades de suspens\u00e3o para otimizar o conforto em percursos irregulares.<\/p>\n\n\n\n<ul class=\"wp-block-list\">\n<li>Capacidade de reboque de at\u00e9 2.000 kg.<\/li>\n\n\n\n<li>C\u00e2meras 360 graus para manobras precisas.<\/li>\n\n\n\n<li>Modos de condu\u00e7\u00e3o adaptados a neve, areia ou rocha.<\/li>\n\n\n\n<li>Economia de combust\u00edvel em rodovias pavimentadas.<\/li>\n<\/ul>\n\n\n\n<figure class=\"wp-block-image size-large\"><img loading=\"lazy\" decoding=\"async\" width=\"1024\" height=\"576\" src=\"https:\/\/www.em.com.br\/emfoco\/wp-content\/uploads\/2025\/08\/ad-2-11-1024x576.jpg\" alt=\"Esses s\u00e3o os 5 SUV off-road mais vendidos no Brasil em 2025\" class=\"wp-image-89661\" srcset=\"https:\/\/www.em.com.br\/emfoco\/wp-content\/uploads\/2025\/08\/ad-2-11-1024x576.jpg 1024w, https:\/\/www.em.com.br\/emfoco\/wp-content\/uploads\/2025\/08\/ad-2-11-300x169.jpg 300w, https:\/\/www.em.com.br\/emfoco\/wp-content\/uploads\/2025\/08\/ad-2-11-768x432.jpg 768w, https:\/\/www.em.com.br\/emfoco\/wp-content\/uploads\/2025\/08\/ad-2-11-750x422.jpg 750w, https:\/\/www.em.com.br\/emfoco\/wp-content\/uploads\/2025\/08\/ad-2-11-1140x641.jpg 1140w, https:\/\/www.em.com.br\/emfoco\/wp-content\/uploads\/2025\/08\/ad-2-11.jpg 1280w\" sizes=\"auto, (max-width: 1024px) 100vw, 1024px\" \/><figcaption class=\"wp-element-caption\">Jeep Commander &#8211; Cr\u00e9ditos: Jeep \/ Divulga\u00e7\u00e3o<\/figcaption><\/figure>\n\n\n\n<h2 class=\"wp-block-heading\">SUVs off-road impulsionam suas aventuras em 2025<\/h2>\n\n\n\n<ul class=\"wp-block-list\">\n<li>Modelos como Jeep Compass e Renegade lideram por equilibrar pre\u00e7o e performance todo-terreno.<\/li>\n\n\n\n<li>Op\u00e7\u00f5es acess\u00edveis como Renault Duster democratizam o acesso a ve\u00edculos 4&#215;4 robustos.<\/li>\n\n\n\n<li>Ve\u00edculos familiares como Toyota SW4 e Jeep Commander combinam espa\u00e7o com capacidade off-road real.<\/li>\n<\/ul>\n","protected":false},"excerpt":{"rendered":"<p>Em 2025, o mercado automotivo brasileiro continua impulsionado pelos SUVs off-road, ve\u00edculos vers\u00e1teis que combinam robustez para trilhas com conforto urbano. Modelos como Jeep Compass e Renegade lideram as prefer\u00eancias, oferecendo tra\u00e7\u00e3o 4&#215;4 e tecnologia avan\u00e7ada para motoristas aventureiros. As vendas at\u00e9 julho revelam uma demanda crescente por op\u00e7\u00f5es dur\u00e1veis e acess\u00edveis. Qual o SUV [&hellip;]<\/p>\n","protected":false},"author":13,"featured_media":86615,"comment_status":"open","ping_status":"open","sticky":false,"template":"","format":"standard","meta":{"jnews-multi-image_gallery":[],"jnews_single_post":{"format":"standard"},"jnews_primary_category":[],"jnews_social_meta":[],"jnews_override_counter":[],"footnotes":""},"categories":[27],"tags":[13741,1529,12758,1118],"class_list":["post-89620","post","type-post","status-publish","format-standard","has-post-thumbnail","hentry","category-carros","tag-maiores-vendas","tag-mercado-automotivo","tag-off-road","tag-suv"],"yoast_head":"<!-- This site is optimized with the Yoast SEO plugin v23.8 - https:\/\/yoast.com\/wordpress\/plugins\/seo\/ -->\n<title>Esses s\u00e3o os 5 SUV off-road mais vendidos no Brasil em 2025 - Estado de Minas - Em foco<\/title>\n<meta name=\"description\" content=\"Conhe\u00e7a os SUVs off-road mais vendidos no Brasil em 2025 e descubra quais modelos combinam robustez, conforto e pre\u00e7o competitivo.\" \/>\n<meta name=\"robots\" content=\"index, follow, max-snippet:-1, max-image-preview:large, max-video-preview:-1\" \/>\n<link rel=\"canonical\" href=\"https:\/\/www.em.com.br\/emfoco\/2025\/08\/12\/esses-sao-os-5-suv-off-road-mais-vendidos-no-brasil-em-2025\/\" \/>\n<meta property=\"og:locale\" content=\"pt_BR\" \/>\n<meta property=\"og:type\" content=\"article\" \/>\n<meta property=\"og:title\" content=\"Esses s\u00e3o os 5 SUV off-road mais vendidos no Brasil em 2025 - Estado de Minas - Em foco\" \/>\n<meta property=\"og:description\" content=\"Conhe\u00e7a os SUVs off-road mais vendidos no Brasil em 2025 e descubra quais modelos combinam robustez, conforto e pre\u00e7o competitivo.\" \/>\n<meta property=\"og:url\" content=\"https:\/\/www.em.com.br\/emfoco\/2025\/08\/12\/esses-sao-os-5-suv-off-road-mais-vendidos-no-brasil-em-2025\/\" \/>\n<meta property=\"og:site_name\" content=\"Estado de Minas - Em foco\" \/>\n<meta property=\"article:published_time\" content=\"2025-08-12T09:08:00+00:00\" \/>\n<meta property=\"article:modified_time\" content=\"2025-08-11T16:10:50+00:00\" \/>\n<meta property=\"og:image\" content=\"https:\/\/www.em.com.br\/emfoco\/wp-content\/uploads\/2025\/08\/ad-12.jpg\" \/>\n\t<meta property=\"og:image:width\" content=\"1280\" \/>\n\t<meta property=\"og:image:height\" content=\"720\" \/>\n\t<meta property=\"og:image:type\" content=\"image\/jpeg\" \/>\n<meta name=\"author\" content=\"Gabriel Martins\" \/>\n<meta name=\"twitter:card\" content=\"summary_large_image\" \/>\n<meta name=\"twitter:label1\" content=\"Escrito por\" \/>\n\t<meta name=\"twitter:data1\" content=\"Gabriel Martins\" \/>\n\t<meta name=\"twitter:label2\" content=\"Est. tempo de leitura\" \/>\n\t<meta name=\"twitter:data2\" content=\"5 minutos\" \/>\n<!-- \/ Yoast SEO plugin. -->","yoast_head_json":{"title":"Esses s\u00e3o os 5 SUV off-road mais vendidos no Brasil em 2025 - Estado de Minas - Em foco","description":"Conhe\u00e7a os SUVs off-road mais vendidos no Brasil em 2025 e descubra quais modelos combinam robustez, conforto e pre\u00e7o competitivo.","robots":{"index":"index","follow":"follow","max-snippet":"max-snippet:-1","max-image-preview":"max-image-preview:large","max-video-preview":"max-video-preview:-1"},"canonical":"https:\/\/www.em.com.br\/emfoco\/2025\/08\/12\/esses-sao-os-5-suv-off-road-mais-vendidos-no-brasil-em-2025\/","og_locale":"pt_BR","og_type":"article","og_title":"Esses s\u00e3o os 5 SUV off-road mais vendidos no Brasil em 2025 - Estado de Minas - Em foco","og_description":"Conhe\u00e7a os SUVs off-road mais vendidos no Brasil em 2025 e descubra quais modelos combinam robustez, conforto e pre\u00e7o competitivo.","og_url":"https:\/\/www.em.com.br\/emfoco\/2025\/08\/12\/esses-sao-os-5-suv-off-road-mais-vendidos-no-brasil-em-2025\/","og_site_name":"Estado de Minas - Em foco","article_published_time":"2025-08-12T09:08:00+00:00","article_modified_time":"2025-08-11T16:10:50+00:00","og_image":[{"width":1280,"height":720,"url":"https:\/\/www.em.com.br\/emfoco\/wp-content\/uploads\/2025\/08\/ad-12.jpg","type":"image\/jpeg"}],"author":"Gabriel Martins","twitter_card":"summary_large_image","twitter_misc":{"Escrito por":"Gabriel Martins","Est. tempo de leitura":"5 minutos"},"schema":{"@context":"https:\/\/schema.org","@graph":[{"@type":"WebPage","@id":"https:\/\/www.em.com.br\/emfoco\/2025\/08\/12\/esses-sao-os-5-suv-off-road-mais-vendidos-no-brasil-em-2025\/","url":"https:\/\/www.em.com.br\/emfoco\/2025\/08\/12\/esses-sao-os-5-suv-off-road-mais-vendidos-no-brasil-em-2025\/","name":"Esses s\u00e3o os 5 SUV off-road mais vendidos no Brasil em 2025 - Estado de Minas - Em foco","isPartOf":{"@id":"https:\/\/www.em.com.br\/emfoco\/#website"},"primaryImageOfPage":{"@id":"https:\/\/www.em.com.br\/emfoco\/2025\/08\/12\/esses-sao-os-5-suv-off-road-mais-vendidos-no-brasil-em-2025\/#primaryimage"},"image":{"@id":"https:\/\/www.em.com.br\/emfoco\/2025\/08\/12\/esses-sao-os-5-suv-off-road-mais-vendidos-no-brasil-em-2025\/#primaryimage"},"thumbnailUrl":"https:\/\/www.em.com.br\/emfoco\/wp-content\/uploads\/2025\/08\/ad-12.jpg","datePublished":"2025-08-12T09:08:00+00:00","dateModified":"2025-08-11T16:10:50+00:00","author":{"@id":"https:\/\/www.em.com.br\/emfoco\/#\/schema\/person\/1c9ddeab18b98abeffef834667bcf08a"},"description":"Conhe\u00e7a os SUVs off-road mais vendidos no Brasil em 2025 e descubra quais modelos combinam robustez, conforto e pre\u00e7o competitivo.","breadcrumb":{"@id":"https:\/\/www.em.com.br\/emfoco\/2025\/08\/12\/esses-sao-os-5-suv-off-road-mais-vendidos-no-brasil-em-2025\/#breadcrumb"},"inLanguage":"pt-BR","potentialAction":[{"@type":"ReadAction","target":["https:\/\/www.em.com.br\/emfoco\/2025\/08\/12\/esses-sao-os-5-suv-off-road-mais-vendidos-no-brasil-em-2025\/"]}]},{"@type":"ImageObject","inLanguage":"pt-BR","@id":"https:\/\/www.em.com.br\/emfoco\/2025\/08\/12\/esses-sao-os-5-suv-off-road-mais-vendidos-no-brasil-em-2025\/#primaryimage","url":"https:\/\/www.em.com.br\/emfoco\/wp-content\/uploads\/2025\/08\/ad-12.jpg","contentUrl":"https:\/\/www.em.com.br\/emfoco\/wp-content\/uploads\/2025\/08\/ad-12.jpg","width":1280,"height":720,"caption":"Jeep Compass 2026 - Cr\u00e9ditos: Jeep \/ Divulga\u00e7\u00e3o"},{"@type":"BreadcrumbList","@id":"https:\/\/www.em.com.br\/emfoco\/2025\/08\/12\/esses-sao-os-5-suv-off-road-mais-vendidos-no-brasil-em-2025\/#breadcrumb","itemListElement":[{"@type":"ListItem","position":1,"name":"In\u00edcio","item":"https:\/\/www.em.com.br\/emfoco\/"},{"@type":"ListItem","position":2,"name":"Esses s\u00e3o os 5 SUV off-road mais vendidos no Brasil em 2025"}]},{"@type":"WebSite","@id":"https:\/\/www.em.com.br\/emfoco\/#website","url":"https:\/\/www.em.com.br\/emfoco\/","name":"Estado de Minas - Em foco","description":"Acompanhe as \u00faltimas not\u00edcias e fique bem informado sobre tudo o que acontece em Minas Gerais, Brasil e no mundo.","potentialAction":[{"@type":"SearchAction","target":{"@type":"EntryPoint","urlTemplate":"https:\/\/www.em.com.br\/emfoco\/?s={search_term_string}"},"query-input":{"@type":"PropertyValueSpecification","valueRequired":true,"valueName":"search_term_string"}}],"inLanguage":"pt-BR"},{"@type":"Person","@id":"https:\/\/www.em.com.br\/emfoco\/#\/schema\/person\/1c9ddeab18b98abeffef834667bcf08a","name":"Gabriel Martins","image":{"@type":"ImageObject","inLanguage":"pt-BR","@id":"https:\/\/www.em.com.br\/emfoco\/#\/schema\/person\/image\/","url":"https:\/\/secure.gravatar.com\/avatar\/f0f1e2efdfd88f1ad2cb08c5c2731e50?s=96&d=mm&r=g","contentUrl":"https:\/\/secure.gravatar.com\/avatar\/f0f1e2efdfd88f1ad2cb08c5c2731e50?s=96&d=mm&r=g","caption":"Gabriel Martins"},"sameAs":["https:\/\/www.em.com.br\/emfoco\/"],"url":"https:\/\/www.em.com.br\/emfoco\/author\/gabrielmartinsmyth\/"}]}},"_links":{"self":[{"href":"https:\/\/www.em.com.br\/emfoco\/wp-json\/wp\/v2\/posts\/89620","targetHints":{"allow":["GET"]}}],"collection":[{"href":"https:\/\/www.em.com.br\/emfoco\/wp-json\/wp\/v2\/posts"}],"about":[{"href":"https:\/\/www.em.com.br\/emfoco\/wp-json\/wp\/v2\/types\/post"}],"author":[{"embeddable":true,"href":"https:\/\/www.em.com.br\/emfoco\/wp-json\/wp\/v2\/users\/13"}],"replies":[{"embeddable":true,"href":"https:\/\/www.em.com.br\/emfoco\/wp-json\/wp\/v2\/comments?post=89620"}],"version-history":[{"count":1,"href":"https:\/\/www.em.com.br\/emfoco\/wp-json\/wp\/v2\/posts\/89620\/revisions"}],"predecessor-version":[{"id":89662,"href":"https:\/\/www.em.com.br\/emfoco\/wp-json\/wp\/v2\/posts\/89620\/revisions\/89662"}],"wp:featuredmedia":[{"embeddable":true,"href":"https:\/\/www.em.com.br\/emfoco\/wp-json\/wp\/v2\/media\/86615"}],"wp:attachment":[{"href":"https:\/\/www.em.com.br\/emfoco\/wp-json\/wp\/v2\/media?parent=89620"}],"wp:term":[{"taxonomy":"category","embeddable":true,"href":"https:\/\/www.em.com.br\/emfoco\/wp-json\/wp\/v2\/categories?post=89620"},{"taxonomy":"post_tag","embeddable":true,"href":"https:\/\/www.em.com.br\/emfoco\/wp-json\/wp\/v2\/tags?post=89620"}],"curies":[{"name":"wp","href":"https:\/\/api.w.org\/{rel}","templated":true}]}}