{"id":89500,"date":"2025-08-12T22:48:27","date_gmt":"2025-08-13T01:48:27","guid":{"rendered":"https:\/\/www.em.com.br\/emfoco\/?p=89500"},"modified":"2025-08-11T09:58:53","modified_gmt":"2025-08-11T12:58:53","slug":"as-plantas-perfeitas-para-canteiros-que-resistem-ao-sol-o-ano-todo","status":"publish","type":"post","link":"https:\/\/www.em.com.br\/emfoco\/2025\/08\/12\/as-plantas-perfeitas-para-canteiros-que-resistem-ao-sol-o-ano-todo\/","title":{"rendered":"As plantas perfeitas para canteiros que resistem ao sol o ano todo"},"content":{"rendered":"\n<p>Voc\u00ea est\u00e1 \u00e0 procura de <strong>plantas<\/strong> que possuam uma alta <strong>resist\u00eancia ao sol<\/strong> durante o ano todo? Escolher as <strong>plantas certas<\/strong> para seus canteiros \u00e9 essencial para manter um jardim vibrante e saud\u00e1vel. Neste artigo, exploramos algumas op\u00e7\u00f5es perfeitas para quem enfrenta intensas jornadas ensolaradas e deseja resultados duradouros, especialmente em regi\u00f5es tipicamente quentes do Brasil, como <strong>Rio de Janeiro<\/strong> e <strong>S\u00e3o Paulo<\/strong>.<\/p>\n\n\n\n<ul class=\"wp-block-list\">\n<li>Principais plantas resistentes ao sol intenso.<\/li>\n\n\n\n<li>Cuidados b\u00e1sicos para manuten\u00e7\u00e3o ao longo do ano.<\/li>\n\n\n\n<li>Dicas de combina\u00e7\u00e3o para aumentar a beleza do seu jardim.<\/li>\n<\/ul>\n\n\n\n<h2 class=\"wp-block-heading\">Quais s\u00e3o as plantas que toleram o sol pleno?<\/h2>\n\n\n\n<p>Para garantir um <strong>canteiro florido<\/strong> mesmo nas condi\u00e7\u00f5es mais \u00e1rduas, \u00e9 crucial selecionar <a href=\"https:\/\/rehagro.com.br\/blog\/materia-organica-no-solo\/\" target=\"_blank\" rel=\"noreferrer noopener\">plantas <\/a>que suportem o calor. Algumas esp\u00e9cies se destacam por seu vigor e adaptabilidade. Inclusive, muitas delas s\u00e3o recomendadas por paisagistas famosos, como <strong>Burle Marx<\/strong>, refer\u00eancia em jardins tropicais.<\/p>\n\n\n\n<p><strong>Lavanda<\/strong> \u00e9 uma excelente escolha, conhecida por sua resist\u00eancia ao calor e pelo aroma agrad\u00e1vel das flores. Outra op\u00e7\u00e3o \u00e9 a <strong>Rosa-Mosqueta<\/strong>, que al\u00e9m de resistente, enriquece o ambiente com belas flores coloridas. Se voc\u00ea vive em regi\u00f5es como Rio de Janeiro, essas esp\u00e9cies se adaptam muito bem \u00e0s condi\u00e7\u00f5es clim\u00e1ticas locais.<\/p>\n\n\n\n<h2 class=\"wp-block-heading\">Como cuidar das plantas resistentes ao sol?<\/h2>\n\n\n\n<p>Para manter as plantas saud\u00e1veis durante todo o ano, alguns cuidados s\u00e3o necess\u00e1rios. <strong>Rega adequada<\/strong> \u00e9 fundamental, pois mesmo as plantas resistentes ao sol necessitam de hidrata\u00e7\u00e3o regular. Vale lembrar que o uso de sistemas automatizados, pode facilitar a rotina de irriga\u00e7\u00e3o em dias muito quentes, especialmente em cidades grandes como S\u00e3o Paulo.<\/p>\n\n\n<div class=\"wp-block-image\">\n<figure class=\"aligncenter size-large\"><img loading=\"lazy\" decoding=\"async\" width=\"1024\" height=\"576\" src=\"https:\/\/www.em.com.br\/emfoco\/wp-content\/uploads\/2025\/08\/canteiro-casa-flores_1754916900127-1024x576.jpg\" alt=\"\" class=\"wp-image-89551\" srcset=\"https:\/\/www.em.com.br\/emfoco\/wp-content\/uploads\/2025\/08\/canteiro-casa-flores_1754916900127-1024x576.jpg 1024w, https:\/\/www.em.com.br\/emfoco\/wp-content\/uploads\/2025\/08\/canteiro-casa-flores_1754916900127-300x169.jpg 300w, https:\/\/www.em.com.br\/emfoco\/wp-content\/uploads\/2025\/08\/canteiro-casa-flores_1754916900127-768x432.jpg 768w, https:\/\/www.em.com.br\/emfoco\/wp-content\/uploads\/2025\/08\/canteiro-casa-flores_1754916900127-750x422.jpg 750w, https:\/\/www.em.com.br\/emfoco\/wp-content\/uploads\/2025\/08\/canteiro-casa-flores_1754916900127-1140x642.jpg 1140w, https:\/\/www.em.com.br\/emfoco\/wp-content\/uploads\/2025\/08\/canteiro-casa-flores_1754916900127.jpg 1279w\" sizes=\"auto, (max-width: 1024px) 100vw, 1024px\" \/><figcaption class=\"wp-element-caption\">Canteiro de flores &#8211; Cr\u00e9ditos: depositphotos.com \/ maxim1717<\/figcaption><\/figure><\/div>\n\n\n<p>Al\u00e9m disso, a <strong>aduba\u00e7\u00e3o peri\u00f3dica<\/strong> \u00e9 essencial para garantir que as plantas recebam todos os nutrientes necess\u00e1rios. Acompanhe sempre o crescimento e ajuste as pr\u00e1ticas de cuidado conforme necess\u00e1rio. Se tiver d\u00favidas, consulte informa\u00e7\u00f5es em sites confi\u00e1veis como o <strong>Jardineiro.net<\/strong>.<\/p>\n\n\n\n<h2 class=\"wp-block-heading\">Como combinar plantas para maior impacto visual?<\/h2>\n\n\n\n<p>A arte de criar um canteiro que n\u00e3o s\u00f3 resiste ao sol, mas tamb\u00e9m encanta os olhos, est\u00e1 na combina\u00e7\u00e3o certa de esp\u00e9cies. Plantar <strong>Lavandas<\/strong> ao lado de Ger\u00e2nios, por exemplo, proporciona uma explos\u00e3o de cores e formas.<\/p>\n\n\n\n<p><strong>Dica r\u00e1pida:<\/strong> Inclua esp\u00e9cies como a <strong>Gaura<\/strong> para complementar com suas delicadas flores brancas, criando um contraste harmonioso. Experimente trazer inspira\u00e7\u00f5es de exposi\u00e7\u00f5es como a <strong>Expoflora<\/strong>, refer\u00eancia em novidades para jardins ensolarados.<\/p>\n\n\n\n<p>Leia tamb\u00e9m: <a href=\"https:\/\/www.em.com.br\/emfoco\/2025\/08\/10\/como-plantar-calendula-e-fazer-pomada-cicatrizante-em-casa\/\" target=\"_blank\" rel=\"noopener\">Como plantar cal\u00eandula e fazer pomada cicatrizante em casa<\/a><\/p>\n\n\n\n<h2 class=\"wp-block-heading\">Como cultivar um jardim vibrante e resistente?<\/h2>\n\n\n\n<ul class=\"wp-block-list\">\n<li>Escolha <strong>esp\u00e9cies adapt\u00e1veis<\/strong> ao sol pleno para garantir florescimento constante, principalmente se voc\u00ea mora em cidades como Rio de Janeiro ou S\u00e3o Paulo.<\/li>\n\n\n\n<li>Invista em <strong>cuidados regulares<\/strong> e monitoramento para manuten\u00e7\u00e3o saud\u00e1vel, aproveitando tecnologias como Rain Bird para facilitar a irriga\u00e7\u00e3o.<\/li>\n\n\n\n<li>Combine diferentes <strong>esp\u00e9cies<\/strong> para um visual diversificado e encantador. Inspire-se em eventos como Expoflora para novas ideias.<\/li>\n<\/ul>\n","protected":false},"excerpt":{"rendered":"<p>Voc\u00ea est\u00e1 \u00e0 procura de plantas que possuam uma alta resist\u00eancia ao sol durante o ano todo? Escolher as plantas certas para seus canteiros \u00e9 essencial para manter um jardim vibrante e saud\u00e1vel. Neste artigo, exploramos algumas op\u00e7\u00f5es perfeitas para quem enfrenta intensas jornadas ensolaradas e deseja resultados duradouros, especialmente em regi\u00f5es tipicamente quentes do [&hellip;]<\/p>\n","protected":false},"author":9,"featured_media":28335,"comment_status":"open","ping_status":"open","sticky":false,"template":"","format":"standard","meta":{"jnews-multi-image_gallery":[],"jnews_single_post":{"format":"standard"},"jnews_primary_category":[],"jnews_social_meta":[],"jnews_override_counter":[],"footnotes":""},"categories":[8819,1],"tags":[13723,13724,3324],"class_list":["post-89500","post","type-post","status-publish","format-standard","has-post-thumbnail","hentry","category-curiosidades","category-noticias","tag-canteiro","tag-flores-para-canteiros","tag-plantas"],"yoast_head":"<!-- This site is optimized with the Yoast SEO plugin v23.8 - https:\/\/yoast.com\/wordpress\/plugins\/seo\/ -->\n<title>As plantas perfeitas para canteiros que resistem ao sol o ano todo<\/title>\n<meta name=\"description\" content=\"Escolha as plantas certas para canteiros ensolarados e crie um jardim vibrante que resiste ao calor com beleza e facilidade de manuten\u00e7\u00e3o\" \/>\n<meta name=\"robots\" content=\"index, follow, max-snippet:-1, max-image-preview:large, max-video-preview:-1\" \/>\n<link rel=\"canonical\" href=\"https:\/\/www.em.com.br\/emfoco\/2025\/08\/12\/as-plantas-perfeitas-para-canteiros-que-resistem-ao-sol-o-ano-todo\/\" \/>\n<meta property=\"og:locale\" content=\"pt_BR\" \/>\n<meta property=\"og:type\" content=\"article\" \/>\n<meta property=\"og:title\" content=\"As plantas perfeitas para canteiros que resistem ao sol o ano todo\" \/>\n<meta property=\"og:description\" content=\"Escolha as plantas certas para canteiros ensolarados e crie um jardim vibrante que resiste ao calor com beleza e facilidade de manuten\u00e7\u00e3o\" \/>\n<meta property=\"og:url\" content=\"https:\/\/www.em.com.br\/emfoco\/2025\/08\/12\/as-plantas-perfeitas-para-canteiros-que-resistem-ao-sol-o-ano-todo\/\" \/>\n<meta property=\"og:site_name\" content=\"Estado de Minas - Em foco\" \/>\n<meta property=\"article:published_time\" content=\"2025-08-13T01:48:27+00:00\" \/>\n<meta property=\"article:modified_time\" content=\"2025-08-11T12:58:53+00:00\" \/>\n<meta property=\"og:image\" content=\"https:\/\/www.em.com.br\/emfoco\/wp-content\/uploads\/2025\/03\/jardim_1741837876141.jpg\" \/>\n\t<meta property=\"og:image:width\" content=\"1279\" \/>\n\t<meta property=\"og:image:height\" content=\"720\" \/>\n\t<meta property=\"og:image:type\" content=\"image\/jpeg\" \/>\n<meta name=\"author\" content=\"Daniely Cardoso\" \/>\n<meta name=\"twitter:card\" content=\"summary_large_image\" \/>\n<meta name=\"twitter:label1\" content=\"Escrito por\" \/>\n\t<meta name=\"twitter:data1\" content=\"Daniely Cardoso\" \/>\n\t<meta name=\"twitter:label2\" content=\"Est. tempo de leitura\" \/>\n\t<meta name=\"twitter:data2\" content=\"3 minutos\" \/>\n<!-- \/ Yoast SEO plugin. -->","yoast_head_json":{"title":"As plantas perfeitas para canteiros que resistem ao sol o ano todo","description":"Escolha as plantas certas para canteiros ensolarados e crie um jardim vibrante que resiste ao calor com beleza e facilidade de manuten\u00e7\u00e3o","robots":{"index":"index","follow":"follow","max-snippet":"max-snippet:-1","max-image-preview":"max-image-preview:large","max-video-preview":"max-video-preview:-1"},"canonical":"https:\/\/www.em.com.br\/emfoco\/2025\/08\/12\/as-plantas-perfeitas-para-canteiros-que-resistem-ao-sol-o-ano-todo\/","og_locale":"pt_BR","og_type":"article","og_title":"As plantas perfeitas para canteiros que resistem ao sol o ano todo","og_description":"Escolha as plantas certas para canteiros ensolarados e crie um jardim vibrante que resiste ao calor com beleza e facilidade de manuten\u00e7\u00e3o","og_url":"https:\/\/www.em.com.br\/emfoco\/2025\/08\/12\/as-plantas-perfeitas-para-canteiros-que-resistem-ao-sol-o-ano-todo\/","og_site_name":"Estado de Minas - Em foco","article_published_time":"2025-08-13T01:48:27+00:00","article_modified_time":"2025-08-11T12:58:53+00:00","og_image":[{"width":1279,"height":720,"url":"https:\/\/www.em.com.br\/emfoco\/wp-content\/uploads\/2025\/03\/jardim_1741837876141.jpg","type":"image\/jpeg"}],"author":"Daniely Cardoso","twitter_card":"summary_large_image","twitter_misc":{"Escrito por":"Daniely Cardoso","Est. tempo de leitura":"3 minutos"},"schema":{"@context":"https:\/\/schema.org","@graph":[{"@type":"WebPage","@id":"https:\/\/www.em.com.br\/emfoco\/2025\/08\/12\/as-plantas-perfeitas-para-canteiros-que-resistem-ao-sol-o-ano-todo\/","url":"https:\/\/www.em.com.br\/emfoco\/2025\/08\/12\/as-plantas-perfeitas-para-canteiros-que-resistem-ao-sol-o-ano-todo\/","name":"As plantas perfeitas para canteiros que resistem ao sol o ano todo","isPartOf":{"@id":"https:\/\/www.em.com.br\/emfoco\/#website"},"primaryImageOfPage":{"@id":"https:\/\/www.em.com.br\/emfoco\/2025\/08\/12\/as-plantas-perfeitas-para-canteiros-que-resistem-ao-sol-o-ano-todo\/#primaryimage"},"image":{"@id":"https:\/\/www.em.com.br\/emfoco\/2025\/08\/12\/as-plantas-perfeitas-para-canteiros-que-resistem-ao-sol-o-ano-todo\/#primaryimage"},"thumbnailUrl":"https:\/\/www.em.com.br\/emfoco\/wp-content\/uploads\/2025\/03\/jardim_1741837876141.jpg","datePublished":"2025-08-13T01:48:27+00:00","dateModified":"2025-08-11T12:58:53+00:00","author":{"@id":"https:\/\/www.em.com.br\/emfoco\/#\/schema\/person\/0a8186d72f2c3a5c6276d90b41f271a0"},"description":"Escolha as plantas certas para canteiros ensolarados e crie um jardim vibrante que resiste ao calor com beleza e facilidade de manuten\u00e7\u00e3o","breadcrumb":{"@id":"https:\/\/www.em.com.br\/emfoco\/2025\/08\/12\/as-plantas-perfeitas-para-canteiros-que-resistem-ao-sol-o-ano-todo\/#breadcrumb"},"inLanguage":"pt-BR","potentialAction":[{"@type":"ReadAction","target":["https:\/\/www.em.com.br\/emfoco\/2025\/08\/12\/as-plantas-perfeitas-para-canteiros-que-resistem-ao-sol-o-ano-todo\/"]}]},{"@type":"ImageObject","inLanguage":"pt-BR","@id":"https:\/\/www.em.com.br\/emfoco\/2025\/08\/12\/as-plantas-perfeitas-para-canteiros-que-resistem-ao-sol-o-ano-todo\/#primaryimage","url":"https:\/\/www.em.com.br\/emfoco\/wp-content\/uploads\/2025\/03\/jardim_1741837876141.jpg","contentUrl":"https:\/\/www.em.com.br\/emfoco\/wp-content\/uploads\/2025\/03\/jardim_1741837876141.jpg","width":1279,"height":720,"caption":"Jardim - Cr\u00e9ditos: depositphotos.com \/ fotomine"},{"@type":"BreadcrumbList","@id":"https:\/\/www.em.com.br\/emfoco\/2025\/08\/12\/as-plantas-perfeitas-para-canteiros-que-resistem-ao-sol-o-ano-todo\/#breadcrumb","itemListElement":[{"@type":"ListItem","position":1,"name":"In\u00edcio","item":"https:\/\/www.em.com.br\/emfoco\/"},{"@type":"ListItem","position":2,"name":"As plantas perfeitas para canteiros que resistem ao sol o ano todo"}]},{"@type":"WebSite","@id":"https:\/\/www.em.com.br\/emfoco\/#website","url":"https:\/\/www.em.com.br\/emfoco\/","name":"Estado de Minas - Em foco","description":"Acompanhe as \u00faltimas not\u00edcias e fique bem informado sobre tudo o que acontece em Minas Gerais, Brasil e no mundo.","potentialAction":[{"@type":"SearchAction","target":{"@type":"EntryPoint","urlTemplate":"https:\/\/www.em.com.br\/emfoco\/?s={search_term_string}"},"query-input":{"@type":"PropertyValueSpecification","valueRequired":true,"valueName":"search_term_string"}}],"inLanguage":"pt-BR"},{"@type":"Person","@id":"https:\/\/www.em.com.br\/emfoco\/#\/schema\/person\/0a8186d72f2c3a5c6276d90b41f271a0","name":"Daniely Cardoso","image":{"@type":"ImageObject","inLanguage":"pt-BR","@id":"https:\/\/www.em.com.br\/emfoco\/#\/schema\/person\/image\/","url":"https:\/\/secure.gravatar.com\/avatar\/4b80ddbd124d1f071b626d52d62e5dff?s=96&d=mm&r=g","contentUrl":"https:\/\/secure.gravatar.com\/avatar\/4b80ddbd124d1f071b626d52d62e5dff?s=96&d=mm&r=g","caption":"Daniely Cardoso"},"url":"https:\/\/www.em.com.br\/emfoco\/author\/danielymyth\/"}]}},"_links":{"self":[{"href":"https:\/\/www.em.com.br\/emfoco\/wp-json\/wp\/v2\/posts\/89500","targetHints":{"allow":["GET"]}}],"collection":[{"href":"https:\/\/www.em.com.br\/emfoco\/wp-json\/wp\/v2\/posts"}],"about":[{"href":"https:\/\/www.em.com.br\/emfoco\/wp-json\/wp\/v2\/types\/post"}],"author":[{"embeddable":true,"href":"https:\/\/www.em.com.br\/emfoco\/wp-json\/wp\/v2\/users\/9"}],"replies":[{"embeddable":true,"href":"https:\/\/www.em.com.br\/emfoco\/wp-json\/wp\/v2\/comments?post=89500"}],"version-history":[{"count":3,"href":"https:\/\/www.em.com.br\/emfoco\/wp-json\/wp\/v2\/posts\/89500\/revisions"}],"predecessor-version":[{"id":89556,"href":"https:\/\/www.em.com.br\/emfoco\/wp-json\/wp\/v2\/posts\/89500\/revisions\/89556"}],"wp:featuredmedia":[{"embeddable":true,"href":"https:\/\/www.em.com.br\/emfoco\/wp-json\/wp\/v2\/media\/28335"}],"wp:attachment":[{"href":"https:\/\/www.em.com.br\/emfoco\/wp-json\/wp\/v2\/media?parent=89500"}],"wp:term":[{"taxonomy":"category","embeddable":true,"href":"https:\/\/www.em.com.br\/emfoco\/wp-json\/wp\/v2\/categories?post=89500"},{"taxonomy":"post_tag","embeddable":true,"href":"https:\/\/www.em.com.br\/emfoco\/wp-json\/wp\/v2\/tags?post=89500"}],"curies":[{"name":"wp","href":"https:\/\/api.w.org\/{rel}","templated":true}]}}