{"id":89381,"date":"2025-08-12T08:38:00","date_gmt":"2025-08-12T11:38:00","guid":{"rendered":"https:\/\/www.em.com.br\/emfoco\/?p=89381"},"modified":"2025-08-11T08:23:05","modified_gmt":"2025-08-11T11:23:05","slug":"especialistas-indicam-truques-para-diminuir-o-calor-em-casa","status":"publish","type":"post","link":"https:\/\/www.em.com.br\/emfoco\/2025\/08\/12\/especialistas-indicam-truques-para-diminuir-o-calor-em-casa\/","title":{"rendered":"Especialistas indicam truques para diminuir o calor em casa"},"content":{"rendered":"\n<p>Com as temperaturas subindo, manter a <strong>casa fresca<\/strong> pode se tornar um desafio, especialmente buscando alternativas que n\u00e3o impactem a conta de energia. Descubra maneiras eficientes e sustent\u00e1veis de refrescar o ambiente, proporcionando conforto para toda a fam\u00edlia, mesmo em cidades como <strong>Rio de Janeiro<\/strong> ou <strong>Fortaleza<\/strong>, conhecidas por seus ver\u00f5es intensos.<\/p>\n\n\n\n<ul class=\"wp-block-list\">\n<li>Aposte em cortinas e persianas para bloquear o sol.<\/li>\n\n\n\n<li>Use estrat\u00e9gias de ventila\u00e7\u00e3o natural para promover circula\u00e7\u00e3o de ar.<\/li>\n\n\n\n<li>Invista em plantas para melhorar o microclima interno.<\/li>\n<\/ul>\n\n\n\n<h2 class=\"wp-block-heading\">Como usar cortinas e persianas para controlar o calor?<\/h2>\n\n\n\n<p>As <strong>cortinas e persianas<\/strong> s\u00e3o aliadas poderosas na regula\u00e7\u00e3o da temperatura interna. Investir em modelos t\u00e9rmicos, facilmente encontrados em lojas como <strong>Leroy Merlin<\/strong>, ajuda a bloquear a entrada direta do sol, reduzindo significativamente o calor.<\/p>\n\n\n\n<p>Durante o dia, mantenha-as fechadas nas janelas mais expostas ao sol para garantir um ambiente mais fresco.<\/p>\n\n\n\n<h2 class=\"wp-block-heading\">Qual a melhor forma de ventilar a casa naturalmente?<\/h2>\n\n\n\n<p>Ventilar a casa de forma <strong>natural<\/strong> \u00e9 poss\u00edvel ao abrir janelas opostas para criar uma corrente de ar. Aproveitar a mudan\u00e7a de temperatura entre o dia e a noite, especialmente em cidades como <strong>Belo Horizonte<\/strong> ou <strong>Curitiba<\/strong>, tamb\u00e9m ajuda a resfriar os ambientes.<\/p>\n\n\n\n<p>Trocar o ar quente por uma brisa fresca \u00e0 noite \u00e9 uma t\u00e9cnica simples e eficaz.<\/p>\n\n\n\n<figure class=\"wp-block-image size-large\"><img loading=\"lazy\" decoding=\"async\" width=\"1024\" height=\"576\" src=\"https:\/\/www.em.com.br\/emfoco\/wp-content\/uploads\/2025\/08\/janela-aberta_1754911160028-1024x576.jpg\" alt=\"Especialistas indicam truques para diminuir o calor em casa\" class=\"wp-image-89384\" srcset=\"https:\/\/www.em.com.br\/emfoco\/wp-content\/uploads\/2025\/08\/janela-aberta_1754911160028-1024x576.jpg 1024w, https:\/\/www.em.com.br\/emfoco\/wp-content\/uploads\/2025\/08\/janela-aberta_1754911160028-300x169.jpg 300w, https:\/\/www.em.com.br\/emfoco\/wp-content\/uploads\/2025\/08\/janela-aberta_1754911160028-768x432.jpg 768w, https:\/\/www.em.com.br\/emfoco\/wp-content\/uploads\/2025\/08\/janela-aberta_1754911160028-750x422.jpg 750w, https:\/\/www.em.com.br\/emfoco\/wp-content\/uploads\/2025\/08\/janela-aberta_1754911160028-1140x641.jpg 1140w, https:\/\/www.em.com.br\/emfoco\/wp-content\/uploads\/2025\/08\/janela-aberta_1754911160028.jpg 1280w\" sizes=\"auto, (max-width: 1024px) 100vw, 1024px\" \/><figcaption class=\"wp-element-caption\">Mulher com ajanela aberta &#8211; Cr\u00e9ditos: depositphotos.com \/ HoltarenkoAnhelinaBO<\/figcaption><\/figure>\n\n\n\n<h2 class=\"wp-block-heading\">Posso usar plantas internas para reduzir o calor?<\/h2>\n\n\n\n<p>Sim, plantas podem ser grandes aliadas. Al\u00e9m de melhorar a qualidade do ar, elas ajudam a criar um microclima fresco ao redor. Esp\u00e9cies como samambaias e babosas s\u00e3o ideais para esse prop\u00f3sito. Em centros urbanos como <strong>S\u00e3o Paulo<\/strong>, onde o concreto aumenta a sensa\u00e7\u00e3o t\u00e9rmica, as plantas tornam-se ainda mais valiosas.<\/p>\n\n\n\n<p>Coloc\u00e1-las estrategicamente em \u00e1reas expostas ao sol contribui para baixar a temperatura interna.<\/p>\n\n\n\n<h2 class=\"wp-block-heading\"><strong>Leia tamb\u00e9m:<\/strong> <a href=\"https:\/\/www.em.com.br\/emfoco\/2025\/07\/14\/a-cidade-que-encontrou-a-solucao-perfeita-com-uma-simples-pintura-para-lidar-com-o-calor-extremo\/\" target=\"_blank\" rel=\"noreferrer noopener\">A cidade que encontrou a solu\u00e7\u00e3o perfeita com uma simples pintura para lidar com o calor extremo<\/a><\/h2>\n\n\n\n<h2 class=\"wp-block-heading\">\u00c9 poss\u00edvel refrescar a casa sem ar-condicionado?<\/h2>\n\n\n\n<p>Al\u00e9m das estrat\u00e9gias j\u00e1 mencionadas, investir em um bom isolamento t\u00e9rmico e pintar paredes externas com cores claras tamb\u00e9m contribui para uma casa mais fresca. Essas medidas atuam como barreiras ao calor, tornando o espa\u00e7o mais confort\u00e1vel sem depender de ar-condicionado. Pesquisadores da <strong>Universidade de S\u00e3o Paulo<\/strong> mostram que pequenas interven\u00e7\u00f5es no isolamento j\u00e1 trazem benef\u00edcios consider\u00e1veis.<\/p>\n\n\n\n<p>Pequenas mudan\u00e7as podem resultar em grandes diferen\u00e7as ao final do m\u00eas.<\/p>\n\n\n\n<h2 class=\"wp-block-heading\">Pequenos ajustes que fazem diferen\u00e7a no seu dia a dia<\/h2>\n\n\n\n<p>Manter a casa fresca no calor pode ser simples e econ\u00f4mico com as pr\u00e1ticas certas. Ao adotar algumas mudan\u00e7as, voc\u00ea garante conforto sem impacto significativo na conta de energia e ajuda o meio ambiente. Dicas como usar o <strong>Google<\/strong> ou sites de arquitetura sustent\u00e1vel para buscar inspira\u00e7\u00f5es tamb\u00e9m podem contribuir para novas ideias de prote\u00e7\u00e3o t\u00e9rmica.<\/p>\n\n\n\n<ol class=\"wp-block-list\">\n<li>Implementar cortinas e persianas t\u00e9rmicas.<\/li>\n\n\n\n<li>Utilizar ventila\u00e7\u00e3o cruzada nos hor\u00e1rios adequados.<\/li>\n\n\n\n<li>Agregar plantas internas para um ambiente agrad\u00e1vel e saud\u00e1vel.<\/li>\n<\/ol>\n","protected":false},"excerpt":{"rendered":"<p>Com as temperaturas subindo, manter a casa fresca pode se tornar um desafio, especialmente buscando alternativas que n\u00e3o impactem a conta de energia. Descubra maneiras eficientes e sustent\u00e1veis de refrescar o ambiente, proporcionando conforto para toda a fam\u00edlia, mesmo em cidades como Rio de Janeiro ou Fortaleza, conhecidas por seus ver\u00f5es intensos. Como usar cortinas [&hellip;]<\/p>\n","protected":false},"author":18,"featured_media":89383,"comment_status":"open","ping_status":"open","sticky":false,"template":"","format":"standard","meta":{"jnews-multi-image_gallery":[],"jnews_single_post":{"format":"standard"},"jnews_primary_category":[],"jnews_social_meta":[],"jnews_override_counter":[],"footnotes":""},"categories":[8819],"tags":[705,13711,13712],"class_list":["post-89381","post","type-post","status-publish","format-standard","has-post-thumbnail","hentry","category-curiosidades","tag-calor","tag-calor-em-casa","tag-reduzir-o-calor"],"yoast_head":"<!-- This site is optimized with the Yoast SEO plugin v23.8 - https:\/\/yoast.com\/wordpress\/plugins\/seo\/ -->\n<title>Especialistas indicam truques para diminuir o calor em casa - Estado de Minas - Em foco<\/title>\n<meta name=\"description\" content=\"Com ajustes simples, \u00e9 poss\u00edvel manter a casa fresca e gastar menos. Conhe\u00e7a estrat\u00e9gias pr\u00e1ticas e sustent\u00e1veis para enfrentar o calor.\" \/>\n<meta name=\"robots\" content=\"index, follow, max-snippet:-1, max-image-preview:large, max-video-preview:-1\" \/>\n<link rel=\"canonical\" href=\"https:\/\/www.em.com.br\/emfoco\/2025\/08\/12\/especialistas-indicam-truques-para-diminuir-o-calor-em-casa\/\" \/>\n<meta property=\"og:locale\" content=\"pt_BR\" \/>\n<meta property=\"og:type\" content=\"article\" \/>\n<meta property=\"og:title\" content=\"Especialistas indicam truques para diminuir o calor em casa - Estado de Minas - Em foco\" \/>\n<meta property=\"og:description\" content=\"Com ajustes simples, \u00e9 poss\u00edvel manter a casa fresca e gastar menos. Conhe\u00e7a estrat\u00e9gias pr\u00e1ticas e sustent\u00e1veis para enfrentar o calor.\" \/>\n<meta property=\"og:url\" content=\"https:\/\/www.em.com.br\/emfoco\/2025\/08\/12\/especialistas-indicam-truques-para-diminuir-o-calor-em-casa\/\" \/>\n<meta property=\"og:site_name\" content=\"Estado de Minas - Em foco\" \/>\n<meta property=\"article:published_time\" content=\"2025-08-12T11:38:00+00:00\" \/>\n<meta property=\"article:modified_time\" content=\"2025-08-11T11:23:05+00:00\" \/>\n<meta property=\"og:image\" content=\"https:\/\/www.em.com.br\/emfoco\/wp-content\/uploads\/2025\/08\/calor-em-casa_1754910939157.jpg\" \/>\n\t<meta property=\"og:image:width\" content=\"1280\" \/>\n\t<meta property=\"og:image:height\" content=\"720\" \/>\n\t<meta property=\"og:image:type\" content=\"image\/jpeg\" \/>\n<meta name=\"author\" content=\"Julio Cesar\" \/>\n<meta name=\"twitter:card\" content=\"summary_large_image\" \/>\n<meta name=\"twitter:label1\" content=\"Escrito por\" \/>\n\t<meta name=\"twitter:data1\" content=\"Julio Cesar\" \/>\n\t<meta name=\"twitter:label2\" content=\"Est. tempo de leitura\" \/>\n\t<meta name=\"twitter:data2\" content=\"3 minutos\" \/>\n<!-- \/ Yoast SEO plugin. -->","yoast_head_json":{"title":"Especialistas indicam truques para diminuir o calor em casa - Estado de Minas - Em foco","description":"Com ajustes simples, \u00e9 poss\u00edvel manter a casa fresca e gastar menos. Conhe\u00e7a estrat\u00e9gias pr\u00e1ticas e sustent\u00e1veis para enfrentar o calor.","robots":{"index":"index","follow":"follow","max-snippet":"max-snippet:-1","max-image-preview":"max-image-preview:large","max-video-preview":"max-video-preview:-1"},"canonical":"https:\/\/www.em.com.br\/emfoco\/2025\/08\/12\/especialistas-indicam-truques-para-diminuir-o-calor-em-casa\/","og_locale":"pt_BR","og_type":"article","og_title":"Especialistas indicam truques para diminuir o calor em casa - Estado de Minas - Em foco","og_description":"Com ajustes simples, \u00e9 poss\u00edvel manter a casa fresca e gastar menos. Conhe\u00e7a estrat\u00e9gias pr\u00e1ticas e sustent\u00e1veis para enfrentar o calor.","og_url":"https:\/\/www.em.com.br\/emfoco\/2025\/08\/12\/especialistas-indicam-truques-para-diminuir-o-calor-em-casa\/","og_site_name":"Estado de Minas - Em foco","article_published_time":"2025-08-12T11:38:00+00:00","article_modified_time":"2025-08-11T11:23:05+00:00","og_image":[{"width":1280,"height":720,"url":"https:\/\/www.em.com.br\/emfoco\/wp-content\/uploads\/2025\/08\/calor-em-casa_1754910939157.jpg","type":"image\/jpeg"}],"author":"Julio Cesar","twitter_card":"summary_large_image","twitter_misc":{"Escrito por":"Julio Cesar","Est. tempo de leitura":"3 minutos"},"schema":{"@context":"https:\/\/schema.org","@graph":[{"@type":"WebPage","@id":"https:\/\/www.em.com.br\/emfoco\/2025\/08\/12\/especialistas-indicam-truques-para-diminuir-o-calor-em-casa\/","url":"https:\/\/www.em.com.br\/emfoco\/2025\/08\/12\/especialistas-indicam-truques-para-diminuir-o-calor-em-casa\/","name":"Especialistas indicam truques para diminuir o calor em casa - Estado de Minas - Em foco","isPartOf":{"@id":"https:\/\/www.em.com.br\/emfoco\/#website"},"primaryImageOfPage":{"@id":"https:\/\/www.em.com.br\/emfoco\/2025\/08\/12\/especialistas-indicam-truques-para-diminuir-o-calor-em-casa\/#primaryimage"},"image":{"@id":"https:\/\/www.em.com.br\/emfoco\/2025\/08\/12\/especialistas-indicam-truques-para-diminuir-o-calor-em-casa\/#primaryimage"},"thumbnailUrl":"https:\/\/www.em.com.br\/emfoco\/wp-content\/uploads\/2025\/08\/calor-em-casa_1754910939157.jpg","datePublished":"2025-08-12T11:38:00+00:00","dateModified":"2025-08-11T11:23:05+00:00","author":{"@id":"https:\/\/www.em.com.br\/emfoco\/#\/schema\/person\/08c4a03e38018bbab9038d5f788321fc"},"description":"Com ajustes simples, \u00e9 poss\u00edvel manter a casa fresca e gastar menos. Conhe\u00e7a estrat\u00e9gias pr\u00e1ticas e sustent\u00e1veis para enfrentar o calor.","breadcrumb":{"@id":"https:\/\/www.em.com.br\/emfoco\/2025\/08\/12\/especialistas-indicam-truques-para-diminuir-o-calor-em-casa\/#breadcrumb"},"inLanguage":"pt-BR","potentialAction":[{"@type":"ReadAction","target":["https:\/\/www.em.com.br\/emfoco\/2025\/08\/12\/especialistas-indicam-truques-para-diminuir-o-calor-em-casa\/"]}]},{"@type":"ImageObject","inLanguage":"pt-BR","@id":"https:\/\/www.em.com.br\/emfoco\/2025\/08\/12\/especialistas-indicam-truques-para-diminuir-o-calor-em-casa\/#primaryimage","url":"https:\/\/www.em.com.br\/emfoco\/wp-content\/uploads\/2025\/08\/calor-em-casa_1754910939157.jpg","contentUrl":"https:\/\/www.em.com.br\/emfoco\/wp-content\/uploads\/2025\/08\/calor-em-casa_1754910939157.jpg","width":1280,"height":720,"caption":"Mulher com calor na frente do ventilador em casa - Cr\u00e9ditos: depositphotos.com \/ HayDmitriy"},{"@type":"BreadcrumbList","@id":"https:\/\/www.em.com.br\/emfoco\/2025\/08\/12\/especialistas-indicam-truques-para-diminuir-o-calor-em-casa\/#breadcrumb","itemListElement":[{"@type":"ListItem","position":1,"name":"In\u00edcio","item":"https:\/\/www.em.com.br\/emfoco\/"},{"@type":"ListItem","position":2,"name":"Especialistas indicam truques para diminuir o calor em casa"}]},{"@type":"WebSite","@id":"https:\/\/www.em.com.br\/emfoco\/#website","url":"https:\/\/www.em.com.br\/emfoco\/","name":"Estado de Minas - Em foco","description":"Acompanhe as \u00faltimas not\u00edcias e fique bem informado sobre tudo o que acontece em Minas Gerais, Brasil e no mundo.","potentialAction":[{"@type":"SearchAction","target":{"@type":"EntryPoint","urlTemplate":"https:\/\/www.em.com.br\/emfoco\/?s={search_term_string}"},"query-input":{"@type":"PropertyValueSpecification","valueRequired":true,"valueName":"search_term_string"}}],"inLanguage":"pt-BR"},{"@type":"Person","@id":"https:\/\/www.em.com.br\/emfoco\/#\/schema\/person\/08c4a03e38018bbab9038d5f788321fc","name":"Julio Cesar","image":{"@type":"ImageObject","inLanguage":"pt-BR","@id":"https:\/\/www.em.com.br\/emfoco\/#\/schema\/person\/image\/","url":"https:\/\/secure.gravatar.com\/avatar\/ab1ea64f0d4f4c1385f8ef10d5a6e758?s=96&d=mm&r=g","contentUrl":"https:\/\/secure.gravatar.com\/avatar\/ab1ea64f0d4f4c1385f8ef10d5a6e758?s=96&d=mm&r=g","caption":"Julio Cesar"},"url":"https:\/\/www.em.com.br\/emfoco\/author\/juliomyth\/"}]}},"_links":{"self":[{"href":"https:\/\/www.em.com.br\/emfoco\/wp-json\/wp\/v2\/posts\/89381","targetHints":{"allow":["GET"]}}],"collection":[{"href":"https:\/\/www.em.com.br\/emfoco\/wp-json\/wp\/v2\/posts"}],"about":[{"href":"https:\/\/www.em.com.br\/emfoco\/wp-json\/wp\/v2\/types\/post"}],"author":[{"embeddable":true,"href":"https:\/\/www.em.com.br\/emfoco\/wp-json\/wp\/v2\/users\/18"}],"replies":[{"embeddable":true,"href":"https:\/\/www.em.com.br\/emfoco\/wp-json\/wp\/v2\/comments?post=89381"}],"version-history":[{"count":1,"href":"https:\/\/www.em.com.br\/emfoco\/wp-json\/wp\/v2\/posts\/89381\/revisions"}],"predecessor-version":[{"id":89385,"href":"https:\/\/www.em.com.br\/emfoco\/wp-json\/wp\/v2\/posts\/89381\/revisions\/89385"}],"wp:featuredmedia":[{"embeddable":true,"href":"https:\/\/www.em.com.br\/emfoco\/wp-json\/wp\/v2\/media\/89383"}],"wp:attachment":[{"href":"https:\/\/www.em.com.br\/emfoco\/wp-json\/wp\/v2\/media?parent=89381"}],"wp:term":[{"taxonomy":"category","embeddable":true,"href":"https:\/\/www.em.com.br\/emfoco\/wp-json\/wp\/v2\/categories?post=89381"},{"taxonomy":"post_tag","embeddable":true,"href":"https:\/\/www.em.com.br\/emfoco\/wp-json\/wp\/v2\/tags?post=89381"}],"curies":[{"name":"wp","href":"https:\/\/api.w.org\/{rel}","templated":true}]}}