{"id":8930,"date":"2025-01-07T18:20:00","date_gmt":"2025-01-07T21:20:00","guid":{"rendered":"https:\/\/www.em.com.br\/emfoco\/?p=8930"},"modified":"2025-01-07T07:44:31","modified_gmt":"2025-01-07T10:44:31","slug":"quem-e-o-bilionario-que-doa-mais-de-99-da-sua-fortuna","status":"publish","type":"post","link":"https:\/\/www.em.com.br\/emfoco\/2025\/01\/07\/quem-e-o-bilionario-que-doa-mais-de-99-da-sua-fortuna\/","title":{"rendered":"Quem \u00e9 o bilion\u00e1rio que doa mais de 99% da sua fortuna?"},"content":{"rendered":"\n<p><a href=\"https:\/\/pt.wikipedia.org\/wiki\/Warren_Buffett\" target=\"_blank\" rel=\"noreferrer noopener\">Warren Buffett<\/a>, um dos nomes mais influentes no mundo dos neg\u00f3cios, surpreendeu muitos em 2006 ao anunciar que doaria a maior parte de sua fortuna para a caridade. Conhecido como &#8220;Or\u00e1culo de Omaha&#8221;, Buffett transformou a Berkshire Hathaway em uma das corpora\u00e7\u00f5es mais valiosas do <a href=\"https:\/\/www.em.com.br\/emfoco\/2025\/01\/05\/conheca-uma-das-cantoras-mais-ricas-do-mundo\/\" target=\"_blank\" rel=\"noreferrer noopener\">mundo<\/a>. Desde 2006, ele tem consistentemente doado bilh\u00f5es de d\u00f3lares, direcionando mais de 55 bilh\u00f5es de d\u00f3lares para causas sociais at\u00e9 2024.<\/p>\n\n\n\n<p>Se Buffett tivesse optado por manter suas a\u00e7\u00f5es, ele estaria no topo da lista dos mais ricos do mundo. Na \u00e9poca do an\u00fancio, ele possu\u00eda quase 475 mil a\u00e7\u00f5es de classe A da Berkshire Hathaway. Tais ativos, valorizados com o tempo, teriam aumentado sua fortuna para incr\u00edveis 293 bilh\u00f5es de d\u00f3lares hoje, superando os patrim\u00f4nios de figuras como Elon Musk e Jeff Bezos.<\/p>\n\n\n\n<h2 class=\"wp-block-heading\">O que teria acontecido se Buffett n\u00e3o fosse filantropo?<\/h2>\n\n\n\n<p>Em meio a sua trajet\u00f3ria de doa\u00e7\u00f5es, muitos se perguntam: como seria o cen\u00e1rio financeiro atual se Buffett n\u00e3o tivesse seguido o caminho da filantropia? Se ele mantivesse todas as a\u00e7\u00f5es originalmente sob sua posse, sua riqueza alcan\u00e7aria patamares que o colocariam bem \u00e0 frente dos atuais magnatas tecnol\u00f3gicos. Isso n\u00e3o s\u00f3 o classificaria como o homem mais rico do mundo, mas tamb\u00e9m poderia levar a quebrar recordes previamente estabelecidos.<\/p>\n\n\n\n<p>\u00c9 interessante considerar que, com tamanha fortuna, Buffett poderia adquirir grandes corpora\u00e7\u00f5es inteiras ou at\u00e9 mesmo todas as franquias de uma marca global como McDonald&#8217;s. Contudo, suas escolhas refletem um compromisso mais profundo com causas humanit\u00e1rias, provando que seu legado vai al\u00e9m de simplesmente acumular riqueza pessoal.<\/p>\n\n\n<div class=\"wp-block-image\">\n<figure class=\"aligncenter size-large\"><img loading=\"lazy\" decoding=\"async\" width=\"1024\" height=\"576\" src=\"https:\/\/www.em.com.br\/emfoco\/wp-content\/uploads\/2025\/01\/Warren-Buffett_1736224666926-1024x576.jpg\" alt=\"\" class=\"wp-image-8932\" srcset=\"https:\/\/www.em.com.br\/emfoco\/wp-content\/uploads\/2025\/01\/Warren-Buffett_1736224666926-1024x576.jpg 1024w, https:\/\/www.em.com.br\/emfoco\/wp-content\/uploads\/2025\/01\/Warren-Buffett_1736224666926-300x169.jpg 300w, https:\/\/www.em.com.br\/emfoco\/wp-content\/uploads\/2025\/01\/Warren-Buffett_1736224666926-768x432.jpg 768w, https:\/\/www.em.com.br\/emfoco\/wp-content\/uploads\/2025\/01\/Warren-Buffett_1736224666926-750x422.jpg 750w, https:\/\/www.em.com.br\/emfoco\/wp-content\/uploads\/2025\/01\/Warren-Buffett_1736224666926-1140x641.jpg 1140w, https:\/\/www.em.com.br\/emfoco\/wp-content\/uploads\/2025\/01\/Warren-Buffett_1736224666926.jpg 1280w\" sizes=\"auto, (max-width: 1024px) 100vw, 1024px\" \/><figcaption class=\"wp-element-caption\">Warren Buffett &#8211; Cr\u00e9ditos: depositphotos.com \/ grinvalds<\/figcaption><\/figure><\/div>\n\n\n<h2 class=\"wp-block-heading\">Qual o impacto das doa\u00e7\u00f5es de Buffett no mundo?<\/h2>\n\n\n\n<p>Buffett tem um atraente hist\u00f3rico de doa\u00e7\u00f5es para cinco principais funda\u00e7\u00f5es. Uma parte significativa de suas a\u00e7\u00f5es da Berkshire Hathaway foi transferida para a Funda\u00e7\u00e3o Bill &amp; Melinda Gates, fazendo uma diferen\u00e7a palpable nos setores de educa\u00e7\u00e3o e sa\u00fade global. Em 2010, ele e os Gates cofundaram o The Giving Pledge, um movimento incentivando bilion\u00e1rios a doarem pelo menos metade de suas fortunas durante ou ap\u00f3s suas vidas.<\/p>\n\n\n\n<p>Al\u00e9m disso, as doa\u00e7\u00f5es alcan\u00e7aram funda\u00e7\u00f5es estabelecidas em homenagem a membros de sua fam\u00edlia, como a Funda\u00e7\u00e3o Susan Thompson Buffett, que apoia sa\u00fade e educa\u00e7\u00e3o, e institui\u00e7\u00f5es de seus filhos. Estas contribui\u00e7\u00f5es mostram como Buffett inspirou uma onda de generosidade entre pessoas de grande poder financeiro.<\/p>\n\n\n\n<h2 class=\"wp-block-heading\">Como Buffett planeja seu legado?<\/h2>\n\n\n\n<p>Buffett segue doando sua fortuna, mas mant\u00e9m um plano estruturado para o que resta ap\u00f3s sua morte. Grande parte do que sobra de sua riqueza ser\u00e1 inclu\u00edda em um fundo de caridade gerido por seus filhos. Este gesto n\u00e3o s\u00f3 garante a continuidade do impacto positivo de seus recursos, mas tamb\u00e9m exemplifica sua vis\u00e3o de um mundo mais justo e equitativo.<\/p>\n\n\n\n<p>Mesmo aos 93 anos, Buffett permanece fiel a sua promessa de vida filantr\u00f3pica. Ao escolher viver de maneira modesta em Omaha, Nebraska, ele demonstra que, para ele, o verdadeiro valor n\u00e3o est\u00e1 na riqueza material, mas no potencial que ela possui para servir a humanidade.<\/p>\n","protected":false},"excerpt":{"rendered":"<p>Warren Buffett, um dos nomes mais influentes no mundo dos neg\u00f3cios, surpreendeu muitos em 2006 ao anunciar que doaria a maior parte de sua fortuna para a caridade. Conhecido como &#8220;Or\u00e1culo de Omaha&#8221;, Buffett transformou a Berkshire Hathaway em uma das corpora\u00e7\u00f5es mais valiosas do mundo. Desde 2006, ele tem consistentemente doado bilh\u00f5es de d\u00f3lares, [&hellip;]<\/p>\n","protected":false},"author":7,"featured_media":4009,"comment_status":"open","ping_status":"open","sticky":false,"template":"","format":"standard","meta":{"jnews-multi-image_gallery":[],"jnews_single_post":{"format":"standard"},"jnews_primary_category":[],"jnews_social_meta":[],"jnews_override_counter":[],"footnotes":""},"categories":[190],"tags":[3070,3071,3069,286,3068],"class_list":["post-8930","post","type-post","status-publish","format-standard","has-post-thumbnail","hentry","category-fortuna","tag-berkshire-hathaway","tag-bill-gates","tag-doacoes","tag-filantropia","tag-warren-buffett"],"yoast_head":"<!-- This site is optimized with the Yoast SEO plugin v23.8 - https:\/\/yoast.com\/wordpress\/plugins\/seo\/ -->\n<title>Quem \u00e9 o bilion\u00e1rio que doa mais de 99% da sua fortuna? - Estado de Minas - Em foco<\/title>\n<meta name=\"description\" content=\"Um dos maiores filantropos da hist\u00f3ria doou bilh\u00f5es \u00e0 caridade. Confira!\" \/>\n<meta name=\"robots\" content=\"index, follow, max-snippet:-1, max-image-preview:large, max-video-preview:-1\" \/>\n<link rel=\"canonical\" href=\"https:\/\/www.em.com.br\/emfoco\/2025\/01\/07\/quem-e-o-bilionario-que-doa-mais-de-99-da-sua-fortuna\/\" \/>\n<meta property=\"og:locale\" content=\"pt_BR\" \/>\n<meta property=\"og:type\" content=\"article\" \/>\n<meta property=\"og:title\" content=\"Quem \u00e9 o bilion\u00e1rio que doa mais de 99% da sua fortuna? - Estado de Minas - Em foco\" \/>\n<meta property=\"og:description\" content=\"Um dos maiores filantropos da hist\u00f3ria doou bilh\u00f5es \u00e0 caridade. Confira!\" \/>\n<meta property=\"og:url\" content=\"https:\/\/www.em.com.br\/emfoco\/2025\/01\/07\/quem-e-o-bilionario-que-doa-mais-de-99-da-sua-fortuna\/\" \/>\n<meta property=\"og:site_name\" content=\"Estado de Minas - Em foco\" \/>\n<meta property=\"article:published_time\" content=\"2025-01-07T21:20:00+00:00\" \/>\n<meta property=\"article:modified_time\" content=\"2025-01-07T10:44:31+00:00\" \/>\n<meta property=\"og:image\" content=\"https:\/\/www.em.com.br\/emfoco\/wp-content\/uploads\/2024\/12\/Riqueza_1733784603050.jpg\" \/>\n\t<meta property=\"og:image:width\" content=\"1280\" \/>\n\t<meta property=\"og:image:height\" content=\"720\" \/>\n\t<meta property=\"og:image:type\" content=\"image\/jpeg\" \/>\n<meta name=\"author\" content=\"Kelvin\" \/>\n<meta name=\"twitter:card\" content=\"summary_large_image\" \/>\n<meta name=\"twitter:label1\" content=\"Escrito por\" \/>\n\t<meta name=\"twitter:data1\" content=\"Kelvin\" \/>\n\t<meta name=\"twitter:label2\" content=\"Est. tempo de leitura\" \/>\n\t<meta name=\"twitter:data2\" content=\"4 minutos\" \/>\n<!-- \/ Yoast SEO plugin. -->","yoast_head_json":{"title":"Quem \u00e9 o bilion\u00e1rio que doa mais de 99% da sua fortuna? - Estado de Minas - Em foco","description":"Um dos maiores filantropos da hist\u00f3ria doou bilh\u00f5es \u00e0 caridade. Confira!","robots":{"index":"index","follow":"follow","max-snippet":"max-snippet:-1","max-image-preview":"max-image-preview:large","max-video-preview":"max-video-preview:-1"},"canonical":"https:\/\/www.em.com.br\/emfoco\/2025\/01\/07\/quem-e-o-bilionario-que-doa-mais-de-99-da-sua-fortuna\/","og_locale":"pt_BR","og_type":"article","og_title":"Quem \u00e9 o bilion\u00e1rio que doa mais de 99% da sua fortuna? - Estado de Minas - Em foco","og_description":"Um dos maiores filantropos da hist\u00f3ria doou bilh\u00f5es \u00e0 caridade. Confira!","og_url":"https:\/\/www.em.com.br\/emfoco\/2025\/01\/07\/quem-e-o-bilionario-que-doa-mais-de-99-da-sua-fortuna\/","og_site_name":"Estado de Minas - Em foco","article_published_time":"2025-01-07T21:20:00+00:00","article_modified_time":"2025-01-07T10:44:31+00:00","og_image":[{"width":1280,"height":720,"url":"https:\/\/www.em.com.br\/emfoco\/wp-content\/uploads\/2024\/12\/Riqueza_1733784603050.jpg","type":"image\/jpeg"}],"author":"Kelvin","twitter_card":"summary_large_image","twitter_misc":{"Escrito por":"Kelvin","Est. tempo de leitura":"4 minutos"},"schema":{"@context":"https:\/\/schema.org","@graph":[{"@type":"WebPage","@id":"https:\/\/www.em.com.br\/emfoco\/2025\/01\/07\/quem-e-o-bilionario-que-doa-mais-de-99-da-sua-fortuna\/","url":"https:\/\/www.em.com.br\/emfoco\/2025\/01\/07\/quem-e-o-bilionario-que-doa-mais-de-99-da-sua-fortuna\/","name":"Quem \u00e9 o bilion\u00e1rio que doa mais de 99% da sua fortuna? - Estado de Minas - Em foco","isPartOf":{"@id":"https:\/\/www.em.com.br\/emfoco\/#website"},"primaryImageOfPage":{"@id":"https:\/\/www.em.com.br\/emfoco\/2025\/01\/07\/quem-e-o-bilionario-que-doa-mais-de-99-da-sua-fortuna\/#primaryimage"},"image":{"@id":"https:\/\/www.em.com.br\/emfoco\/2025\/01\/07\/quem-e-o-bilionario-que-doa-mais-de-99-da-sua-fortuna\/#primaryimage"},"thumbnailUrl":"https:\/\/www.em.com.br\/emfoco\/wp-content\/uploads\/2024\/12\/Riqueza_1733784603050.jpg","datePublished":"2025-01-07T21:20:00+00:00","dateModified":"2025-01-07T10:44:31+00:00","author":{"@id":"https:\/\/www.em.com.br\/emfoco\/#\/schema\/person\/fb0a7f48c6fbb94b83f413a80f61917d"},"description":"Um dos maiores filantropos da hist\u00f3ria doou bilh\u00f5es \u00e0 caridade. Confira!","breadcrumb":{"@id":"https:\/\/www.em.com.br\/emfoco\/2025\/01\/07\/quem-e-o-bilionario-que-doa-mais-de-99-da-sua-fortuna\/#breadcrumb"},"inLanguage":"pt-BR","potentialAction":[{"@type":"ReadAction","target":["https:\/\/www.em.com.br\/emfoco\/2025\/01\/07\/quem-e-o-bilionario-que-doa-mais-de-99-da-sua-fortuna\/"]}]},{"@type":"ImageObject","inLanguage":"pt-BR","@id":"https:\/\/www.em.com.br\/emfoco\/2025\/01\/07\/quem-e-o-bilionario-que-doa-mais-de-99-da-sua-fortuna\/#primaryimage","url":"https:\/\/www.em.com.br\/emfoco\/wp-content\/uploads\/2024\/12\/Riqueza_1733784603050.jpg","contentUrl":"https:\/\/www.em.com.br\/emfoco\/wp-content\/uploads\/2024\/12\/Riqueza_1733784603050.jpg","width":1280,"height":720,"caption":"Criando uma Fortuna - Cr\u00e9ditos: depositphotos.com \/ AndreyPopov"},{"@type":"BreadcrumbList","@id":"https:\/\/www.em.com.br\/emfoco\/2025\/01\/07\/quem-e-o-bilionario-que-doa-mais-de-99-da-sua-fortuna\/#breadcrumb","itemListElement":[{"@type":"ListItem","position":1,"name":"In\u00edcio","item":"https:\/\/www.em.com.br\/emfoco\/"},{"@type":"ListItem","position":2,"name":"Quem \u00e9 o bilion\u00e1rio que doa mais de 99% da sua fortuna?"}]},{"@type":"WebSite","@id":"https:\/\/www.em.com.br\/emfoco\/#website","url":"https:\/\/www.em.com.br\/emfoco\/","name":"Estado de Minas - Em foco","description":"Acompanhe as \u00faltimas not\u00edcias e fique bem informado sobre tudo o que acontece em Minas Gerais, Brasil e no mundo.","potentialAction":[{"@type":"SearchAction","target":{"@type":"EntryPoint","urlTemplate":"https:\/\/www.em.com.br\/emfoco\/?s={search_term_string}"},"query-input":{"@type":"PropertyValueSpecification","valueRequired":true,"valueName":"search_term_string"}}],"inLanguage":"pt-BR"},{"@type":"Person","@id":"https:\/\/www.em.com.br\/emfoco\/#\/schema\/person\/fb0a7f48c6fbb94b83f413a80f61917d","name":"Kelvin","image":{"@type":"ImageObject","inLanguage":"pt-BR","@id":"https:\/\/www.em.com.br\/emfoco\/#\/schema\/person\/image\/","url":"https:\/\/secure.gravatar.com\/avatar\/e74f84337e6bf6c4c5e88fbdffa05270?s=96&d=mm&r=g","contentUrl":"https:\/\/secure.gravatar.com\/avatar\/e74f84337e6bf6c4c5e88fbdffa05270?s=96&d=mm&r=g","caption":"Kelvin"},"sameAs":["https:\/\/www.em.com.br\/emfoco"],"url":"https:\/\/www.em.com.br\/emfoco\/author\/kelvinmyth\/"}]}},"_links":{"self":[{"href":"https:\/\/www.em.com.br\/emfoco\/wp-json\/wp\/v2\/posts\/8930","targetHints":{"allow":["GET"]}}],"collection":[{"href":"https:\/\/www.em.com.br\/emfoco\/wp-json\/wp\/v2\/posts"}],"about":[{"href":"https:\/\/www.em.com.br\/emfoco\/wp-json\/wp\/v2\/types\/post"}],"author":[{"embeddable":true,"href":"https:\/\/www.em.com.br\/emfoco\/wp-json\/wp\/v2\/users\/7"}],"replies":[{"embeddable":true,"href":"https:\/\/www.em.com.br\/emfoco\/wp-json\/wp\/v2\/comments?post=8930"}],"version-history":[{"count":2,"href":"https:\/\/www.em.com.br\/emfoco\/wp-json\/wp\/v2\/posts\/8930\/revisions"}],"predecessor-version":[{"id":8934,"href":"https:\/\/www.em.com.br\/emfoco\/wp-json\/wp\/v2\/posts\/8930\/revisions\/8934"}],"wp:featuredmedia":[{"embeddable":true,"href":"https:\/\/www.em.com.br\/emfoco\/wp-json\/wp\/v2\/media\/4009"}],"wp:attachment":[{"href":"https:\/\/www.em.com.br\/emfoco\/wp-json\/wp\/v2\/media?parent=8930"}],"wp:term":[{"taxonomy":"category","embeddable":true,"href":"https:\/\/www.em.com.br\/emfoco\/wp-json\/wp\/v2\/categories?post=8930"},{"taxonomy":"post_tag","embeddable":true,"href":"https:\/\/www.em.com.br\/emfoco\/wp-json\/wp\/v2\/tags?post=8930"}],"curies":[{"name":"wp","href":"https:\/\/api.w.org\/{rel}","templated":true}]}}