{"id":8926,"date":"2025-01-07T17:00:00","date_gmt":"2025-01-07T20:00:00","guid":{"rendered":"https:\/\/www.em.com.br\/emfoco\/?p=8926"},"modified":"2025-01-07T07:44:24","modified_gmt":"2025-01-07T10:44:24","slug":"bpc-seus-direitos-estao-mudando-confira","status":"publish","type":"post","link":"https:\/\/www.em.com.br\/emfoco\/2025\/01\/07\/bpc-seus-direitos-estao-mudando-confira\/","title":{"rendered":"BPC: seus direitos est\u00e3o mudando? Confira!"},"content":{"rendered":"\n<p>Em uma movimenta\u00e7\u00e3o pol\u00edtica significativa, o presidente Lula sancionou uma nova lei que altera as regras para o acesso ao Benef\u00edcio de Presta\u00e7\u00e3o Continuada (<a href=\"https:\/\/www.gov.br\/mds\/pt-br\/acoes-e-programas\/suas\/beneficios-assistenciais\/beneficio-assistencial-ao-idoso-e-a-pessoa-com-deficiencia-bpc\" target=\"_blank\" rel=\"noreferrer noopener\">BPC<\/a>). Nesta reforma, foram introduzidas restri\u00e7\u00f5es adicionais, como a exig\u00eancia de cadastro <a href=\"https:\/\/www.em.com.br\/emfoco\/2025\/01\/06\/o-bpc-teve-um-reajuste-em-2025-confira\/\" target=\"_blank\" rel=\"noreferrer noopener\">biom\u00e9trico<\/a>, com o prop\u00f3sito de intensificar o controle sobre a concess\u00e3o do benef\u00edcio. No entanto, dois pontos cruciais propostos no texto original foram vetados.<\/p>\n\n\n\n<p>O BPC, que oferece um sal\u00e1rio m\u00ednimo a idosos em situa\u00e7\u00e3o de vulnerabilidade e pessoas com defici\u00eancia, sofreu altera\u00e7\u00f5es que prometem tornar seu acesso mais complicado para novos benefici\u00e1rios. Este ajuste \u00e9 parte de um esfor\u00e7o do Governo Federal para reduzir despesas, conforme apontado por analistas financeiros.<\/p>\n\n\n\n<h2 class=\"wp-block-heading\">Quais Foram os Pontos Vetados por Lula?<\/h2>\n\n\n\n<p>A nova legisla\u00e7\u00e3o prop\u00f5e ajustes rigorosos, mas o presidente optou por vetar duas cl\u00e1usulas consideradas pol\u00eamicas. O primeiro veto eliminou a exig\u00eancia de comprova\u00e7\u00e3o de defici\u00eancia moderada ou grave para o recebimento do benef\u00edcio, algo que gerou intensos debates no Congresso Nacional. Segundo Lula, essa medida poderia induzir a inseguran\u00e7a jur\u00eddica na concess\u00e3o dos aux\u00edlios.<\/p>\n\n\n\n<p>O segundo ponto vetado diz respeito \u00e0s mudan\u00e7as propostas nos crit\u00e9rios de reenquadramento no programa Bolsa Fam\u00edlia. O governo considerou que tal altera\u00e7\u00e3o poderia comprometer a seguran\u00e7a jur\u00eddica e, portanto, decidiu barrar essa modifica\u00e7\u00e3o.<\/p>\n\n\n\n<p>Com os vetos, os dispositivos retornam ao Congresso Nacional para nova delibera\u00e7\u00e3o, mantendo por ora as regras vigentes at\u00e9 um consenso ser alcan\u00e7ado.<\/p>\n\n\n<div class=\"wp-block-image\">\n<figure class=\"aligncenter size-large\"><img loading=\"lazy\" decoding=\"async\" width=\"1024\" height=\"576\" src=\"https:\/\/www.em.com.br\/emfoco\/wp-content\/uploads\/2024\/12\/Idosos_1734194756779-1024x576.jpg\" alt=\"\" class=\"wp-image-5003\" srcset=\"https:\/\/www.em.com.br\/emfoco\/wp-content\/uploads\/2024\/12\/Idosos_1734194756779-1024x576.jpg 1024w, https:\/\/www.em.com.br\/emfoco\/wp-content\/uploads\/2024\/12\/Idosos_1734194756779-300x169.jpg 300w, https:\/\/www.em.com.br\/emfoco\/wp-content\/uploads\/2024\/12\/Idosos_1734194756779-768x432.jpg 768w, https:\/\/www.em.com.br\/emfoco\/wp-content\/uploads\/2024\/12\/Idosos_1734194756779-750x422.jpg 750w, https:\/\/www.em.com.br\/emfoco\/wp-content\/uploads\/2024\/12\/Idosos_1734194756779-1140x641.jpg 1140w, https:\/\/www.em.com.br\/emfoco\/wp-content\/uploads\/2024\/12\/Idosos_1734194756779.jpg 1280w\" sizes=\"auto, (max-width: 1024px) 100vw, 1024px\" \/><figcaption class=\"wp-element-caption\">Aponsetado &#8211; Cr\u00e9ditos: depositphotos.com \/ AndrewLozovyi<\/figcaption><\/figure><\/div>\n\n\n<h2 class=\"wp-block-heading\">Como as Novas Regras Impactam o Acesso ao BPC?<\/h2>\n\n\n\n<p>A partir da promulga\u00e7\u00e3o da nova lei, o cadastro biom\u00e9trico passou a ser condi\u00e7\u00e3o essencial para se beneficiar do BPC. O mesmo crit\u00e9rio \u00e9 aplicado ao Bolsa Fam\u00edlia, salvo para aqueles em dificuldades de acesso, para os quais o governo oferecer\u00e1 solu\u00e7\u00f5es alternativas, como servi\u00e7os itinerantes de atendimento.<\/p>\n\n\n\n<p>Outra mudan\u00e7a significativa \u00e9 que as notifica\u00e7\u00f5es de suspens\u00e3o do benef\u00edcio devem ser informadas com anteced\u00eancia de 90 dias aos benefici\u00e1rios. No que tange \u00e0 avalia\u00e7\u00e3o de defici\u00eancia, continua sendo um requisito, mas agora a gravidade n\u00e3o precisa mais ser comprovada como moderada ou grave. Os novos crit\u00e9rios ser\u00e3o estipulados em regulamento a ser implementado em 2025.<\/p>\n\n\n\n<h2 class=\"wp-block-heading\">Quais Outras Altera\u00e7\u00f5es Foram Introduzidas?<\/h2>\n\n\n\n<p>A lei tamb\u00e9m trouxe mudan\u00e7as na composi\u00e7\u00e3o da renda familiar considerada para a elegibilidade do BPC. A renda de c\u00f4njuges que n\u00e3o habitam o mesmo domic\u00edlio foi exclu\u00edda, sendo inclu\u00eddos todos os rendimentos brutos dos familiares que vivem sob o mesmo teto.<\/p>\n\n\n\n<p>Al\u00e9m disso, o Cadastro \u00danico, essencial para a inscri\u00e7\u00e3o em programas sociais, dever\u00e1 ser atualizado a cada 24 meses. Contudo, existem exce\u00e7\u00f5es para regi\u00f5es onde a implementa\u00e7\u00e3o da biometria n\u00e3o seja vi\u00e1vel.<\/p>\n\n\n\n<p>Essas mudan\u00e7as buscam aprimorar o controle e a efici\u00eancia na concess\u00e3o de benef\u00edcios sociais, garantindo um uso mais racional dos recursos da Uni\u00e3o.<\/p>\n","protected":false},"excerpt":{"rendered":"<p>Em uma movimenta\u00e7\u00e3o pol\u00edtica significativa, o presidente Lula sancionou uma nova lei que altera as regras para o acesso ao Benef\u00edcio de Presta\u00e7\u00e3o Continuada (BPC). Nesta reforma, foram introduzidas restri\u00e7\u00f5es adicionais, como a exig\u00eancia de cadastro biom\u00e9trico, com o prop\u00f3sito de intensificar o controle sobre a concess\u00e3o do benef\u00edcio. No entanto, dois pontos cruciais propostos [&hellip;]<\/p>\n","protected":false},"author":7,"featured_media":3364,"comment_status":"open","ping_status":"open","sticky":false,"template":"","format":"standard","meta":{"jnews-multi-image_gallery":[],"jnews_single_post":{"format":"standard"},"jnews_primary_category":[],"jnews_social_meta":[],"jnews_override_counter":[],"footnotes":""},"categories":[28,1],"tags":[986,257,166,1012],"class_list":["post-8926","post","type-post","status-publish","format-standard","has-post-thumbnail","hentry","category-economia","category-noticias","tag-beneficios-sociais","tag-bpc","tag-lula","tag-reforma"],"yoast_head":"<!-- This site is optimized with the Yoast SEO plugin v23.8 - https:\/\/yoast.com\/wordpress\/plugins\/seo\/ -->\n<title>BPC: seus direitos est\u00e3o mudando? Confira! - Estado de Minas - Em foco<\/title>\n<meta name=\"description\" content=\"Lei sancionada por Lula imp\u00f5e novas restri\u00e7\u00f5es ao acesso ao Benef\u00edcio de Presta\u00e7\u00e3o Continuada, incluindo cadastro biom\u00e9trico. Entenda as mudan\u00e7as.\" \/>\n<meta name=\"robots\" content=\"index, follow, max-snippet:-1, max-image-preview:large, max-video-preview:-1\" \/>\n<link rel=\"canonical\" href=\"https:\/\/www.em.com.br\/emfoco\/2025\/01\/07\/bpc-seus-direitos-estao-mudando-confira\/\" \/>\n<meta property=\"og:locale\" content=\"pt_BR\" \/>\n<meta property=\"og:type\" content=\"article\" \/>\n<meta property=\"og:title\" content=\"BPC: seus direitos est\u00e3o mudando? Confira! - Estado de Minas - Em foco\" \/>\n<meta property=\"og:description\" content=\"Lei sancionada por Lula imp\u00f5e novas restri\u00e7\u00f5es ao acesso ao Benef\u00edcio de Presta\u00e7\u00e3o Continuada, incluindo cadastro biom\u00e9trico. Entenda as mudan\u00e7as.\" \/>\n<meta property=\"og:url\" content=\"https:\/\/www.em.com.br\/emfoco\/2025\/01\/07\/bpc-seus-direitos-estao-mudando-confira\/\" \/>\n<meta property=\"og:site_name\" content=\"Estado de Minas - Em foco\" \/>\n<meta property=\"article:published_time\" content=\"2025-01-07T20:00:00+00:00\" \/>\n<meta property=\"article:modified_time\" content=\"2025-01-07T10:44:24+00:00\" \/>\n<meta property=\"og:image\" content=\"https:\/\/www.em.com.br\/emfoco\/wp-content\/uploads\/2024\/12\/Aposentados_1733375697448.jpg\" \/>\n\t<meta property=\"og:image:width\" content=\"1280\" \/>\n\t<meta property=\"og:image:height\" content=\"720\" \/>\n\t<meta property=\"og:image:type\" content=\"image\/jpeg\" \/>\n<meta name=\"author\" content=\"Kelvin\" \/>\n<meta name=\"twitter:card\" content=\"summary_large_image\" \/>\n<meta name=\"twitter:label1\" content=\"Escrito por\" \/>\n\t<meta name=\"twitter:data1\" content=\"Kelvin\" \/>\n\t<meta name=\"twitter:label2\" content=\"Est. tempo de leitura\" \/>\n\t<meta name=\"twitter:data2\" content=\"3 minutos\" \/>\n<!-- \/ Yoast SEO plugin. -->","yoast_head_json":{"title":"BPC: seus direitos est\u00e3o mudando? Confira! - Estado de Minas - Em foco","description":"Lei sancionada por Lula imp\u00f5e novas restri\u00e7\u00f5es ao acesso ao Benef\u00edcio de Presta\u00e7\u00e3o Continuada, incluindo cadastro biom\u00e9trico. Entenda as mudan\u00e7as.","robots":{"index":"index","follow":"follow","max-snippet":"max-snippet:-1","max-image-preview":"max-image-preview:large","max-video-preview":"max-video-preview:-1"},"canonical":"https:\/\/www.em.com.br\/emfoco\/2025\/01\/07\/bpc-seus-direitos-estao-mudando-confira\/","og_locale":"pt_BR","og_type":"article","og_title":"BPC: seus direitos est\u00e3o mudando? Confira! - Estado de Minas - Em foco","og_description":"Lei sancionada por Lula imp\u00f5e novas restri\u00e7\u00f5es ao acesso ao Benef\u00edcio de Presta\u00e7\u00e3o Continuada, incluindo cadastro biom\u00e9trico. Entenda as mudan\u00e7as.","og_url":"https:\/\/www.em.com.br\/emfoco\/2025\/01\/07\/bpc-seus-direitos-estao-mudando-confira\/","og_site_name":"Estado de Minas - Em foco","article_published_time":"2025-01-07T20:00:00+00:00","article_modified_time":"2025-01-07T10:44:24+00:00","og_image":[{"width":1280,"height":720,"url":"https:\/\/www.em.com.br\/emfoco\/wp-content\/uploads\/2024\/12\/Aposentados_1733375697448.jpg","type":"image\/jpeg"}],"author":"Kelvin","twitter_card":"summary_large_image","twitter_misc":{"Escrito por":"Kelvin","Est. tempo de leitura":"3 minutos"},"schema":{"@context":"https:\/\/schema.org","@graph":[{"@type":"WebPage","@id":"https:\/\/www.em.com.br\/emfoco\/2025\/01\/07\/bpc-seus-direitos-estao-mudando-confira\/","url":"https:\/\/www.em.com.br\/emfoco\/2025\/01\/07\/bpc-seus-direitos-estao-mudando-confira\/","name":"BPC: seus direitos est\u00e3o mudando? Confira! - Estado de Minas - Em foco","isPartOf":{"@id":"https:\/\/www.em.com.br\/emfoco\/#website"},"primaryImageOfPage":{"@id":"https:\/\/www.em.com.br\/emfoco\/2025\/01\/07\/bpc-seus-direitos-estao-mudando-confira\/#primaryimage"},"image":{"@id":"https:\/\/www.em.com.br\/emfoco\/2025\/01\/07\/bpc-seus-direitos-estao-mudando-confira\/#primaryimage"},"thumbnailUrl":"https:\/\/www.em.com.br\/emfoco\/wp-content\/uploads\/2024\/12\/Aposentados_1733375697448.jpg","datePublished":"2025-01-07T20:00:00+00:00","dateModified":"2025-01-07T10:44:24+00:00","author":{"@id":"https:\/\/www.em.com.br\/emfoco\/#\/schema\/person\/fb0a7f48c6fbb94b83f413a80f61917d"},"description":"Lei sancionada por Lula imp\u00f5e novas restri\u00e7\u00f5es ao acesso ao Benef\u00edcio de Presta\u00e7\u00e3o Continuada, incluindo cadastro biom\u00e9trico. Entenda as mudan\u00e7as.","breadcrumb":{"@id":"https:\/\/www.em.com.br\/emfoco\/2025\/01\/07\/bpc-seus-direitos-estao-mudando-confira\/#breadcrumb"},"inLanguage":"pt-BR","potentialAction":[{"@type":"ReadAction","target":["https:\/\/www.em.com.br\/emfoco\/2025\/01\/07\/bpc-seus-direitos-estao-mudando-confira\/"]}]},{"@type":"ImageObject","inLanguage":"pt-BR","@id":"https:\/\/www.em.com.br\/emfoco\/2025\/01\/07\/bpc-seus-direitos-estao-mudando-confira\/#primaryimage","url":"https:\/\/www.em.com.br\/emfoco\/wp-content\/uploads\/2024\/12\/Aposentados_1733375697448.jpg","contentUrl":"https:\/\/www.em.com.br\/emfoco\/wp-content\/uploads\/2024\/12\/Aposentados_1733375697448.jpg","width":1280,"height":720,"caption":"Aponsetado - Cr\u00e9ditos: depositphotos.com \/ NatashaFedorova"},{"@type":"BreadcrumbList","@id":"https:\/\/www.em.com.br\/emfoco\/2025\/01\/07\/bpc-seus-direitos-estao-mudando-confira\/#breadcrumb","itemListElement":[{"@type":"ListItem","position":1,"name":"In\u00edcio","item":"https:\/\/www.em.com.br\/emfoco\/"},{"@type":"ListItem","position":2,"name":"BPC: seus direitos est\u00e3o mudando? Confira!"}]},{"@type":"WebSite","@id":"https:\/\/www.em.com.br\/emfoco\/#website","url":"https:\/\/www.em.com.br\/emfoco\/","name":"Estado de Minas - Em foco","description":"Acompanhe as \u00faltimas not\u00edcias e fique bem informado sobre tudo o que acontece em Minas Gerais, Brasil e no mundo.","potentialAction":[{"@type":"SearchAction","target":{"@type":"EntryPoint","urlTemplate":"https:\/\/www.em.com.br\/emfoco\/?s={search_term_string}"},"query-input":{"@type":"PropertyValueSpecification","valueRequired":true,"valueName":"search_term_string"}}],"inLanguage":"pt-BR"},{"@type":"Person","@id":"https:\/\/www.em.com.br\/emfoco\/#\/schema\/person\/fb0a7f48c6fbb94b83f413a80f61917d","name":"Kelvin","image":{"@type":"ImageObject","inLanguage":"pt-BR","@id":"https:\/\/www.em.com.br\/emfoco\/#\/schema\/person\/image\/","url":"https:\/\/secure.gravatar.com\/avatar\/e74f84337e6bf6c4c5e88fbdffa05270?s=96&d=mm&r=g","contentUrl":"https:\/\/secure.gravatar.com\/avatar\/e74f84337e6bf6c4c5e88fbdffa05270?s=96&d=mm&r=g","caption":"Kelvin"},"sameAs":["https:\/\/www.em.com.br\/emfoco"],"url":"https:\/\/www.em.com.br\/emfoco\/author\/kelvinmyth\/"}]}},"_links":{"self":[{"href":"https:\/\/www.em.com.br\/emfoco\/wp-json\/wp\/v2\/posts\/8926","targetHints":{"allow":["GET"]}}],"collection":[{"href":"https:\/\/www.em.com.br\/emfoco\/wp-json\/wp\/v2\/posts"}],"about":[{"href":"https:\/\/www.em.com.br\/emfoco\/wp-json\/wp\/v2\/types\/post"}],"author":[{"embeddable":true,"href":"https:\/\/www.em.com.br\/emfoco\/wp-json\/wp\/v2\/users\/7"}],"replies":[{"embeddable":true,"href":"https:\/\/www.em.com.br\/emfoco\/wp-json\/wp\/v2\/comments?post=8926"}],"version-history":[{"count":2,"href":"https:\/\/www.em.com.br\/emfoco\/wp-json\/wp\/v2\/posts\/8926\/revisions"}],"predecessor-version":[{"id":8929,"href":"https:\/\/www.em.com.br\/emfoco\/wp-json\/wp\/v2\/posts\/8926\/revisions\/8929"}],"wp:featuredmedia":[{"embeddable":true,"href":"https:\/\/www.em.com.br\/emfoco\/wp-json\/wp\/v2\/media\/3364"}],"wp:attachment":[{"href":"https:\/\/www.em.com.br\/emfoco\/wp-json\/wp\/v2\/media?parent=8926"}],"wp:term":[{"taxonomy":"category","embeddable":true,"href":"https:\/\/www.em.com.br\/emfoco\/wp-json\/wp\/v2\/categories?post=8926"},{"taxonomy":"post_tag","embeddable":true,"href":"https:\/\/www.em.com.br\/emfoco\/wp-json\/wp\/v2\/tags?post=8926"}],"curies":[{"name":"wp","href":"https:\/\/api.w.org\/{rel}","templated":true}]}}