{"id":89236,"date":"2025-08-10T08:20:00","date_gmt":"2025-08-10T11:20:00","guid":{"rendered":"https:\/\/www.em.com.br\/emfoco\/?p=89236"},"modified":"2025-08-10T01:09:53","modified_gmt":"2025-08-10T04:09:53","slug":"quem-tem-carros-com-mais-de-10-anos-precisa-ficar-em-alerta-com-essa-regra","status":"publish","type":"post","link":"https:\/\/www.em.com.br\/emfoco\/2025\/08\/10\/quem-tem-carros-com-mais-de-10-anos-precisa-ficar-em-alerta-com-essa-regra\/","title":{"rendered":"Quem tem carros com mais de 10 anos precisa ficar em alerta com essa regra"},"content":{"rendered":"\n<p>O&nbsp;<strong>IPVA<\/strong>&nbsp;\u00e9 um tributo anual aplicado aos propriet\u00e1rios de ve\u00edculos no Brasil, gerenciado por cada estado. Ele \u00e9 essencial para arrecada\u00e7\u00e3o de fundos destinados a melhorias p\u00fablicas, al\u00e9m de ser necess\u00e1rio para o licenciamento veicular anual, garantindo a legalidade da circula\u00e7\u00e3o dos ve\u00edculos.<\/p>\n\n\n\n<ul class=\"wp-block-list\">\n<li><strong>Isen\u00e7\u00e3o de IPVA:<\/strong>\u00a0As condi\u00e7\u00f5es de isen\u00e7\u00e3o variam bastante entre os estados.<\/li>\n\n\n\n<li><strong>Varia\u00e7\u00e3o das Al\u00edquotas:<\/strong>\u00a0As taxas diferem de estado para estado, impactando o valor final.<\/li>\n\n\n\n<li><strong>Conseq\u00fc\u00eancias da Inadimpl\u00eancia:<\/strong>\u00a0Infra\u00e7\u00f5es legais e restri\u00e7\u00f5es financeiras podem ocorrer.<\/li>\n<\/ul>\n\n\n\n<h2 class=\"wp-block-heading\">Quem tem direito \u00e0 isen\u00e7\u00e3o do IPVA em 2025?<\/h2>\n\n\n\n<p>A&nbsp;<strong>isen\u00e7\u00e3o<\/strong>&nbsp;do IPVA depende das normas de cada estado. Alguns permitem isen\u00e7\u00e3o para ve\u00edculos antigos, por exemplo, no&nbsp;<strong>Acre<\/strong>, carros fabricados at\u00e9 2005 podem ser isentos. J\u00e1 em&nbsp;<strong>Alagoas<\/strong>, a isen\u00e7\u00e3o vai at\u00e9 ve\u00edculos de 2002.<\/p>\n\n\n\n<p>Outros fatores, como tipo de uso do ve\u00edculo ou condi\u00e7\u00f5es especiais do propriet\u00e1rio, tamb\u00e9m podem garantir isen\u00e7\u00e3o. \u00c9 preciso checar a regulamenta\u00e7\u00e3o espec\u00edfica de cada estado. Pessoas com defici\u00eancia e entidades filantr\u00f3picas, por exemplo, podem solicitar isen\u00e7\u00e3o mediante comprova\u00e7\u00e3o conforme determinado pela legisla\u00e7\u00e3o local.<\/p>\n\n\n\n<h2 class=\"wp-block-heading\">Como s\u00e3o calculadas as al\u00edquotas do IPVA?<\/h2>\n\n\n\n<p>As&nbsp;<strong>al\u00edquotas<\/strong>&nbsp;do IPVA s\u00e3o definidas por cada estado e podem variar amplamente. No Acre, \u00e9 aplicada uma taxa de 2%, enquanto em&nbsp;<strong>S\u00e3o Paulo<\/strong>&nbsp;e&nbsp;<strong>Minas Gerais<\/strong>&nbsp;pode chegar a 4%. Esta varia\u00e7\u00e3o reflete as diferentes pol\u00edticas fiscais regionais.<\/p>\n\n\n\n<figure class=\"wp-block-image\"><img decoding=\"async\" src=\"https:\/\/www.em.com.br\/emfoco\/wp-content\/uploads\/2025\/05\/IPVA_1747337539481-1024x576.jpg\" alt=\"\"\/><figcaption class=\"wp-element-caption\">IPVA &#8211; Cr\u00e9ditos: depositphotos.com \/ moviafilmes<\/figcaption><\/figure>\n\n\n\n<p>Saber a al\u00edquota do seu estado ajuda no planejamento do pagamento sem surpresas. Al\u00e9m disso, o valor do IPVA \u00e9 calculado com base no valor venal do ve\u00edculo, conforme divulgado periodicamente pela&nbsp;<strong>Fipe<\/strong>&nbsp;(Funda\u00e7\u00e3o Instituto de Pesquisas Econ\u00f4micas).<\/p>\n\n\n\n<h2 class=\"wp-block-heading\">O que ocorre se o IPVA n\u00e3o for pago?<\/h2>\n\n\n\n<p>Deixar de pagar o&nbsp;<strong>IPVA<\/strong>&nbsp;pode acarretar v\u00e1rias consequ\u00eancias. O ve\u00edculo n\u00e3o poder\u00e1 ser licenciado, dificultando sua circula\u00e7\u00e3o legal. Al\u00e9m disso, o propriet\u00e1rio poder\u00e1 ser inscrito em cadastros de inadimpl\u00eancia, como&nbsp;<strong>SPC<\/strong>&nbsp;e&nbsp;<strong>Serasa<\/strong>.<\/p>\n\n\n\n<p>Manter-se em dia com o IPVA previne esses problemas e assegura a utiliza\u00e7\u00e3o legal do ve\u00edculo. Vale lembrar que circular com o ve\u00edculo com IPVA atrasado pode resultar em multas e at\u00e9 apreens\u00e3o do autom\u00f3vel pelas autoridades de tr\u00e2nsito.<\/p>\n\n\n\n<h2 class=\"wp-block-heading\">Onde acessar informa\u00e7\u00f5es sobre o IPVA no seu estado?<\/h2>\n\n\n\n<p>Consulte o site da&nbsp;<strong>Secretaria da Fazenda<\/strong>&nbsp;do seu estado para informa\u00e7\u00f5es detalhadas sobre o&nbsp;<strong>IPVA<\/strong>. Esses sites oferecem dados sobre al\u00edquotas, isen\u00e7\u00f5es e prazos de pagamento, sendo fontes confi\u00e1veis para garantir que voc\u00ea esteja em conformidade.<\/p>\n\n\n\n<p>Ter informa\u00e7\u00f5es precisas sobre o IPVA ajuda a evitar atrasos e problemas fiscais. Tamb\u00e9m \u00e9 poss\u00edvel utilizar aplicativos oficiais dos \u00f3rg\u00e3os de tr\u00e2nsito estaduais para consultar d\u00e9bitos e gerar guias de pagamento nos dispositivos m\u00f3veis.<\/p>\n\n\n\n<h2 class=\"wp-block-heading\">Quais os aspectos mais importantes do IPVA em 2025?<\/h2>\n\n\n\n<ul class=\"wp-block-list\">\n<li><strong>Confira isen\u00e7\u00f5es no seu estado<\/strong>: Regras locais podem fornecer benef\u00edcios.<\/li>\n\n\n\n<li><strong>Conhe\u00e7a as al\u00edquotas regionais<\/strong>: S\u00e3o fundamentais para evitar surpresas no pagamento.<\/li>\n\n\n\n<li><strong>Regularize sempre o pagamento<\/strong>: Essencial para evitar penalidades legais.<\/li>\n<\/ul>\n","protected":false},"excerpt":{"rendered":"<p>O&nbsp;IPVA&nbsp;\u00e9 um tributo anual aplicado aos propriet\u00e1rios de ve\u00edculos no Brasil, gerenciado por cada estado. Ele \u00e9 essencial para arrecada\u00e7\u00e3o de fundos destinados a melhorias p\u00fablicas, al\u00e9m de ser necess\u00e1rio para o licenciamento veicular anual, garantindo a legalidade da circula\u00e7\u00e3o dos ve\u00edculos. Quem tem direito \u00e0 isen\u00e7\u00e3o do IPVA em 2025? A&nbsp;isen\u00e7\u00e3o&nbsp;do IPVA depende das [&hellip;]<\/p>\n","protected":false},"author":11,"featured_media":47433,"comment_status":"open","ping_status":"open","sticky":false,"template":"","format":"standard","meta":{"jnews-multi-image_gallery":[],"jnews_single_post":{"format":"standard"},"jnews_primary_category":[],"jnews_social_meta":[],"jnews_override_counter":[],"footnotes":""},"categories":[27,1],"tags":[1116,762,2718],"class_list":["post-89236","post","type-post","status-publish","format-standard","has-post-thumbnail","hentry","category-carros","category-noticias","tag-carros","tag-ipva","tag-ipva-2025"],"yoast_head":"<!-- This site is optimized with the Yoast SEO plugin v23.8 - https:\/\/yoast.com\/wordpress\/plugins\/seo\/ -->\n<title>Quem tem carros com mais de 10 anos precisa ficar em alerta com essa regra - Estado de Minas - Em foco<\/title>\n<meta name=\"description\" content=\"O Imposto sobre a Propriedade de Ve\u00edculos Automotores (IPVA) \u00e9 uma cobran\u00e7a anual obrigat\u00f3ria para quem possui ve\u00edculos no Brasil.\" \/>\n<meta name=\"robots\" content=\"index, follow, max-snippet:-1, max-image-preview:large, max-video-preview:-1\" \/>\n<link rel=\"canonical\" href=\"https:\/\/www.em.com.br\/emfoco\/2025\/08\/10\/quem-tem-carros-com-mais-de-10-anos-precisa-ficar-em-alerta-com-essa-regra\/\" \/>\n<meta property=\"og:locale\" content=\"pt_BR\" \/>\n<meta property=\"og:type\" content=\"article\" \/>\n<meta property=\"og:title\" content=\"Quem tem carros com mais de 10 anos precisa ficar em alerta com essa regra - Estado de Minas - Em foco\" \/>\n<meta property=\"og:description\" content=\"O Imposto sobre a Propriedade de Ve\u00edculos Automotores (IPVA) \u00e9 uma cobran\u00e7a anual obrigat\u00f3ria para quem possui ve\u00edculos no Brasil.\" \/>\n<meta property=\"og:url\" content=\"https:\/\/www.em.com.br\/emfoco\/2025\/08\/10\/quem-tem-carros-com-mais-de-10-anos-precisa-ficar-em-alerta-com-essa-regra\/\" \/>\n<meta property=\"og:site_name\" content=\"Estado de Minas - Em foco\" \/>\n<meta property=\"article:published_time\" content=\"2025-08-10T11:20:00+00:00\" \/>\n<meta property=\"article:modified_time\" content=\"2025-08-10T04:09:53+00:00\" \/>\n<meta property=\"og:image\" content=\"https:\/\/www.em.com.br\/emfoco\/wp-content\/uploads\/2025\/05\/transito_1747264622043.jpg\" \/>\n\t<meta property=\"og:image:width\" content=\"1280\" \/>\n\t<meta property=\"og:image:height\" content=\"720\" \/>\n\t<meta property=\"og:image:type\" content=\"image\/jpeg\" \/>\n<meta name=\"author\" content=\"Andre\u0301 Rangel\u00a0\" \/>\n<meta name=\"twitter:card\" content=\"summary_large_image\" \/>\n<meta name=\"twitter:label1\" content=\"Escrito por\" \/>\n\t<meta name=\"twitter:data1\" content=\"Andre\u0301 Rangel\u00a0\" \/>\n\t<meta name=\"twitter:label2\" content=\"Est. tempo de leitura\" \/>\n\t<meta name=\"twitter:data2\" content=\"3 minutos\" \/>\n<!-- \/ Yoast SEO plugin. -->","yoast_head_json":{"title":"Quem tem carros com mais de 10 anos precisa ficar em alerta com essa regra - Estado de Minas - Em foco","description":"O Imposto sobre a Propriedade de Ve\u00edculos Automotores (IPVA) \u00e9 uma cobran\u00e7a anual obrigat\u00f3ria para quem possui ve\u00edculos no Brasil.","robots":{"index":"index","follow":"follow","max-snippet":"max-snippet:-1","max-image-preview":"max-image-preview:large","max-video-preview":"max-video-preview:-1"},"canonical":"https:\/\/www.em.com.br\/emfoco\/2025\/08\/10\/quem-tem-carros-com-mais-de-10-anos-precisa-ficar-em-alerta-com-essa-regra\/","og_locale":"pt_BR","og_type":"article","og_title":"Quem tem carros com mais de 10 anos precisa ficar em alerta com essa regra - Estado de Minas - Em foco","og_description":"O Imposto sobre a Propriedade de Ve\u00edculos Automotores (IPVA) \u00e9 uma cobran\u00e7a anual obrigat\u00f3ria para quem possui ve\u00edculos no Brasil.","og_url":"https:\/\/www.em.com.br\/emfoco\/2025\/08\/10\/quem-tem-carros-com-mais-de-10-anos-precisa-ficar-em-alerta-com-essa-regra\/","og_site_name":"Estado de Minas - Em foco","article_published_time":"2025-08-10T11:20:00+00:00","article_modified_time":"2025-08-10T04:09:53+00:00","og_image":[{"width":1280,"height":720,"url":"https:\/\/www.em.com.br\/emfoco\/wp-content\/uploads\/2025\/05\/transito_1747264622043.jpg","type":"image\/jpeg"}],"author":"Andre\u0301 Rangel\u00a0","twitter_card":"summary_large_image","twitter_misc":{"Escrito por":"Andre\u0301 Rangel\u00a0","Est. tempo de leitura":"3 minutos"},"schema":{"@context":"https:\/\/schema.org","@graph":[{"@type":"WebPage","@id":"https:\/\/www.em.com.br\/emfoco\/2025\/08\/10\/quem-tem-carros-com-mais-de-10-anos-precisa-ficar-em-alerta-com-essa-regra\/","url":"https:\/\/www.em.com.br\/emfoco\/2025\/08\/10\/quem-tem-carros-com-mais-de-10-anos-precisa-ficar-em-alerta-com-essa-regra\/","name":"Quem tem carros com mais de 10 anos precisa ficar em alerta com essa regra - Estado de Minas - Em foco","isPartOf":{"@id":"https:\/\/www.em.com.br\/emfoco\/#website"},"primaryImageOfPage":{"@id":"https:\/\/www.em.com.br\/emfoco\/2025\/08\/10\/quem-tem-carros-com-mais-de-10-anos-precisa-ficar-em-alerta-com-essa-regra\/#primaryimage"},"image":{"@id":"https:\/\/www.em.com.br\/emfoco\/2025\/08\/10\/quem-tem-carros-com-mais-de-10-anos-precisa-ficar-em-alerta-com-essa-regra\/#primaryimage"},"thumbnailUrl":"https:\/\/www.em.com.br\/emfoco\/wp-content\/uploads\/2025\/05\/transito_1747264622043.jpg","datePublished":"2025-08-10T11:20:00+00:00","dateModified":"2025-08-10T04:09:53+00:00","author":{"@id":"https:\/\/www.em.com.br\/emfoco\/#\/schema\/person\/60eda09c1fedf0d6891f4cef4b60b8b8"},"description":"O Imposto sobre a Propriedade de Ve\u00edculos Automotores (IPVA) \u00e9 uma cobran\u00e7a anual obrigat\u00f3ria para quem possui ve\u00edculos no Brasil.","breadcrumb":{"@id":"https:\/\/www.em.com.br\/emfoco\/2025\/08\/10\/quem-tem-carros-com-mais-de-10-anos-precisa-ficar-em-alerta-com-essa-regra\/#breadcrumb"},"inLanguage":"pt-BR","potentialAction":[{"@type":"ReadAction","target":["https:\/\/www.em.com.br\/emfoco\/2025\/08\/10\/quem-tem-carros-com-mais-de-10-anos-precisa-ficar-em-alerta-com-essa-regra\/"]}]},{"@type":"ImageObject","inLanguage":"pt-BR","@id":"https:\/\/www.em.com.br\/emfoco\/2025\/08\/10\/quem-tem-carros-com-mais-de-10-anos-precisa-ficar-em-alerta-com-essa-regra\/#primaryimage","url":"https:\/\/www.em.com.br\/emfoco\/wp-content\/uploads\/2025\/05\/transito_1747264622043.jpg","contentUrl":"https:\/\/www.em.com.br\/emfoco\/wp-content\/uploads\/2025\/05\/transito_1747264622043.jpg","width":1280,"height":720,"caption":"Mudan\u00e7a nas regras de tr\u00e2nsito - Cr\u00e9ditos: depositphotos.com \/ XXLPhoto"},{"@type":"BreadcrumbList","@id":"https:\/\/www.em.com.br\/emfoco\/2025\/08\/10\/quem-tem-carros-com-mais-de-10-anos-precisa-ficar-em-alerta-com-essa-regra\/#breadcrumb","itemListElement":[{"@type":"ListItem","position":1,"name":"In\u00edcio","item":"https:\/\/www.em.com.br\/emfoco\/"},{"@type":"ListItem","position":2,"name":"Quem tem carros com mais de 10 anos precisa ficar em alerta com essa regra"}]},{"@type":"WebSite","@id":"https:\/\/www.em.com.br\/emfoco\/#website","url":"https:\/\/www.em.com.br\/emfoco\/","name":"Estado de Minas - Em foco","description":"Acompanhe as \u00faltimas not\u00edcias e fique bem informado sobre tudo o que acontece em Minas Gerais, Brasil e no mundo.","potentialAction":[{"@type":"SearchAction","target":{"@type":"EntryPoint","urlTemplate":"https:\/\/www.em.com.br\/emfoco\/?s={search_term_string}"},"query-input":{"@type":"PropertyValueSpecification","valueRequired":true,"valueName":"search_term_string"}}],"inLanguage":"pt-BR"},{"@type":"Person","@id":"https:\/\/www.em.com.br\/emfoco\/#\/schema\/person\/60eda09c1fedf0d6891f4cef4b60b8b8","name":"Andre\u0301 Rangel\u00a0","image":{"@type":"ImageObject","inLanguage":"pt-BR","@id":"https:\/\/www.em.com.br\/emfoco\/#\/schema\/person\/image\/","url":"https:\/\/secure.gravatar.com\/avatar\/6234dc814c77c8ef6d8bba622c787efc?s=96&d=mm&r=g","contentUrl":"https:\/\/secure.gravatar.com\/avatar\/6234dc814c77c8ef6d8bba622c787efc?s=96&d=mm&r=g","caption":"Andre\u0301 Rangel\u00a0"},"url":"https:\/\/www.em.com.br\/emfoco\/author\/luizmyth\/"}]}},"_links":{"self":[{"href":"https:\/\/www.em.com.br\/emfoco\/wp-json\/wp\/v2\/posts\/89236","targetHints":{"allow":["GET"]}}],"collection":[{"href":"https:\/\/www.em.com.br\/emfoco\/wp-json\/wp\/v2\/posts"}],"about":[{"href":"https:\/\/www.em.com.br\/emfoco\/wp-json\/wp\/v2\/types\/post"}],"author":[{"embeddable":true,"href":"https:\/\/www.em.com.br\/emfoco\/wp-json\/wp\/v2\/users\/11"}],"replies":[{"embeddable":true,"href":"https:\/\/www.em.com.br\/emfoco\/wp-json\/wp\/v2\/comments?post=89236"}],"version-history":[{"count":3,"href":"https:\/\/www.em.com.br\/emfoco\/wp-json\/wp\/v2\/posts\/89236\/revisions"}],"predecessor-version":[{"id":89254,"href":"https:\/\/www.em.com.br\/emfoco\/wp-json\/wp\/v2\/posts\/89236\/revisions\/89254"}],"wp:featuredmedia":[{"embeddable":true,"href":"https:\/\/www.em.com.br\/emfoco\/wp-json\/wp\/v2\/media\/47433"}],"wp:attachment":[{"href":"https:\/\/www.em.com.br\/emfoco\/wp-json\/wp\/v2\/media?parent=89236"}],"wp:term":[{"taxonomy":"category","embeddable":true,"href":"https:\/\/www.em.com.br\/emfoco\/wp-json\/wp\/v2\/categories?post=89236"},{"taxonomy":"post_tag","embeddable":true,"href":"https:\/\/www.em.com.br\/emfoco\/wp-json\/wp\/v2\/tags?post=89236"}],"curies":[{"name":"wp","href":"https:\/\/api.w.org\/{rel}","templated":true}]}}