{"id":89071,"date":"2025-08-10T18:58:00","date_gmt":"2025-08-10T21:58:00","guid":{"rendered":"https:\/\/www.em.com.br\/emfoco\/?p=89071"},"modified":"2025-08-09T07:15:48","modified_gmt":"2025-08-09T10:15:48","slug":"senado-aprova-reajuste-do-imposto-de-renda","status":"publish","type":"post","link":"https:\/\/www.em.com.br\/emfoco\/2025\/08\/10\/senado-aprova-reajuste-do-imposto-de-renda\/","title":{"rendered":"Senado aprova reajuste do Imposto de Renda"},"content":{"rendered":"\n<p>O cen\u00e1rio pol\u00edtico brasileiro passou por momentos intensos recentemente com a aprova\u00e7\u00e3o no Senado do projeto que corrige a tabela do <strong><a href=\"https:\/\/www.em.com.br\/emfoco\/2025\/07\/01\/o-que-muda-na-restituicao-do-imposto-de-renda-este-ano\/\" target=\"_blank\" rel=\"noreferrer noopener\">Imposto de Renda<\/a><\/strong> e amplia a faixa de isen\u00e7\u00e3o para quem ganha at\u00e9 dois sal\u00e1rios m\u00ednimos. Essa medida provis\u00f3ria, editada pelo presidente <strong>Lula<\/strong>, enfrentou resist\u00eancia de aliados do ex-presidente Jair Bolsonaro, que obstru\u00edam sess\u00f5es no Senado, amea\u00e7ando sua validade que expiraria em breve. Embora esta medida n\u00e3o corresponda \u00e0 isen\u00e7\u00e3o para rendas de at\u00e9 R$ 5 mil prometida por <strong>Lula<\/strong>, \u00e9 um passo significativo na atualiza\u00e7\u00e3o dos valores de isen\u00e7\u00e3o para o contribuinte.<\/p>\n\n\n\n<p>Ap\u00f3s uma estrat\u00e9gia de ocupa\u00e7\u00e3o do plen\u00e1rio no <strong>Senado <\/strong>por parte dos bolsonaristas, que buscam pressionar por um &#8220;<strong>pacote da paz<\/strong>&#8221; composto por medidas como a anistia aos envolvidos em atos golpistas e o impeachment de <strong>Alexandre de Moraes<\/strong>, a vota\u00e7\u00e3o ocorreu depois que os senadores oposicionistas liberaram a mesa do <strong>Senado<\/strong>. <strong>Davi Alcolumbre<\/strong>, presidente da <strong>Casa<\/strong>, viabilizou a vota\u00e7\u00e3o e a aprova\u00e7\u00e3o da proposta aconteceu em uma sess\u00e3o bastante r\u00e1pida. O tema ilustra a intensa polariza\u00e7\u00e3o pol\u00edtica e o papel central do <strong><a href=\"https:\/\/www.congressonacional.leg.br\/\" target=\"_blank\" rel=\"noreferrer noopener\">Congresso <\/a><\/strong>em mediar conflitos institucionais.<\/p>\n\n\n\n<p>Esses acontecimentos recentes refor\u00e7am como as decis\u00f5es sobre a pol\u00edtica tribut\u00e1ria impactam o cotidiano dos brasileiros e evidenciam o embate entre interesses pol\u00edticos no espa\u00e7o legislativo. Mudan\u00e7as na tabela do Imposto de Renda possuem reflexos importantes na economia e abrem caminho para debates mais amplos sobre justi\u00e7a fiscal e reformas tribut\u00e1rias no pa\u00eds.<\/p>\n\n\n\n<h2 class=\"wp-block-heading\">Atualiza\u00e7\u00e3o da tabela do imposto de renda<\/h2>\n\n\n<div class=\"wp-block-image\">\n<figure class=\"aligncenter size-large\"><img loading=\"lazy\" decoding=\"async\" width=\"1024\" height=\"576\" src=\"https:\/\/www.em.com.br\/emfoco\/wp-content\/uploads\/2025\/07\/imposto_1753155502972-1024x576.jpg\" alt=\"Se voc\u00ea j\u00e1 recebeu o BPC, pode ter direito a este novo aux\u00edlio do INSS!\" class=\"wp-image-79990\" srcset=\"https:\/\/www.em.com.br\/emfoco\/wp-content\/uploads\/2025\/07\/imposto_1753155502972-1024x576.jpg 1024w, https:\/\/www.em.com.br\/emfoco\/wp-content\/uploads\/2025\/07\/imposto_1753155502972-300x169.jpg 300w, https:\/\/www.em.com.br\/emfoco\/wp-content\/uploads\/2025\/07\/imposto_1753155502972-768x432.jpg 768w, https:\/\/www.em.com.br\/emfoco\/wp-content\/uploads\/2025\/07\/imposto_1753155502972-750x422.jpg 750w, https:\/\/www.em.com.br\/emfoco\/wp-content\/uploads\/2025\/07\/imposto_1753155502972-1140x641.jpg 1140w, https:\/\/www.em.com.br\/emfoco\/wp-content\/uploads\/2025\/07\/imposto_1753155502972.jpg 1280w\" sizes=\"auto, (max-width: 1024px) 100vw, 1024px\" \/><figcaption class=\"wp-element-caption\">Casal analisando documentos &#8211; Cr\u00e9ditos: depositphotos.com \/ AndrewLozovyi<\/figcaption><\/figure><\/div>\n\n\n<p>A tabela do <strong>Imposto de Renda no Brasil<\/strong> \u00e9 ajustada periodicamente via medidas provis\u00f3rias ou projetos de lei, levando em conta a din\u00e2mica econ\u00f4mica e a necessidade de preservar o poder de compra dos brasileiros. A recente atualiza\u00e7\u00e3o elevou a faixa de isen\u00e7\u00e3o de R$ 2.259,20 para R$ 2.428,80 mensais, representando um reajuste de 7,5%. Para quem recebe at\u00e9 dois sal\u00e1rios m\u00ednimos, a isen\u00e7\u00e3o efetiva pode chegar a R$ 3.036 com o desconto simplificado, destacando o esfor\u00e7o para aliviar o peso tribut\u00e1rio sobre a popula\u00e7\u00e3o de menor renda.<\/p>\n\n\n\n<p>Essa mudan\u00e7a beneficia milh\u00f5es de trabalhadores brasileiros, proporcionando al\u00edvio nas finan\u00e7as pessoais e contribuindo diretamente para o aumento do consumo no pa\u00eds. A proposta precisou passar pelo crivo da C\u00e2mara e do Senado, al\u00e9m da san\u00e7\u00e3o presidencial, demonstrando a complexidade do processo legislativo.<\/p>\n\n\n\n<p>Ainda assim, essa corre\u00e7\u00e3o n\u00e3o atinge a promessa eleitoral de isen\u00e7\u00e3o para quem ganha at\u00e9 R$ 5 mil, gerando debates e expectativas sobre novas atualiza\u00e7\u00f5es futuras para ampliar a faixa de isen\u00e7\u00e3o e aprimorar a justi\u00e7a tribut\u00e1ria nacional.<\/p>\n\n\n\n<h2 class=\"wp-block-heading\">Impactos econ\u00f4micos e sociais do IR<\/h2>\n\n\n\n<p>As mudan\u00e7as na tabela do <strong>Imposto de Renda<\/strong> trazem impactos relevantes tanto para a economia quanto para o tecido social brasileiro. A redu\u00e7\u00e3o do n\u00famero de contribuintes obrigados a declarar o imposto aumenta a renda dispon\u00edvel das fam\u00edlias, melhorando sua capacidade de consumo.<\/p>\n\n\n\n<p>Ao garantir que trabalhadores de baixa renda paguem menos impostos, o governo busca estimular setores do com\u00e9rcio e servi\u00e7os, criando um efeito positivo em cadeia na economia nacional. Isso tamb\u00e9m pode ajudar a reduzir desigualdades e promover maior justi\u00e7a distributiva.<\/p>\n\n\n\n<p>A medida \u00e9 vista como fundamental em tempos de infla\u00e7\u00e3o elevada, pois, sem atualiza\u00e7\u00f5es peri\u00f3dicas, mais pessoas passariam a ser tributadas, mesmo sem terem ganhos reais, o que seria injusto do ponto de vista social e econ\u00f4mico.<\/p>\n\n\n\n<h2 class=\"wp-block-heading\">Oposi\u00e7\u00e3o e tens\u00f5es pol\u00edticas<\/h2>\n\n\n\n<p>A aprova\u00e7\u00e3o da medida no <strong><a href=\"https:\/\/www12.senado.leg.br\/hpsenado\" target=\"_blank\" rel=\"noreferrer noopener\">Senado <\/a><\/strong>foi marcada por grande resist\u00eancia da oposi\u00e7\u00e3o liderada por aliados de <strong>Jair Bolsonaro<\/strong>. O grupo utilizou a obstru\u00e7\u00e3o como estrat\u00e9gia para pressionar por negocia\u00e7\u00f5es pol\u00edticas, como a anistia a envolvidos em atos considerados golpistas e o impeachment de magistrados do <strong>Supremo Tribunal Federal<\/strong>.<\/p>\n\n\n\n<p>O \u201c<strong>pacote da paz<\/strong>\u201d tornou-se pauta central para os opositores, que condicionaram a vota\u00e7\u00e3o de temas importantes \u00e0 aceita\u00e7\u00e3o dessas demandas, o que revelou mais uma vez a fragmenta\u00e7\u00e3o do ambiente pol\u00edtico brasileiro.<\/p>\n\n\n\n<p>Apesar das tens\u00f5es, a lideran\u00e7a do <strong>Senado <\/strong>conseguiu garantir a tramita\u00e7\u00e3o e aprova\u00e7\u00e3o da proposta, mostrando a import\u00e2ncia da articula\u00e7\u00e3o pol\u00edtica no <strong>Congresso <\/strong>para enfrentar impasses institucionais.<\/p>\n\n\n\n<h2 class=\"wp-block-heading\">Tramita\u00e7\u00e3o legislativa e desafios<\/h2>\n\n\n\n<p>O processo de atualiza\u00e7\u00e3o da tabela do <strong>Imposto de Renda<\/strong> refor\u00e7a a complexidade das negocia\u00e7\u00f5es no <strong>Legislativo <\/strong>brasileiro. Medidas fiscais como essa enfrentam debates intensos, ajustes em comiss\u00f5es e precisam ser conciliadas com interesses de diferentes partidos e grupos pol\u00edticos.<\/p>\n\n\n\n<p>A atua\u00e7\u00e3o dos presidentes da <strong>C\u00e2mara <\/strong>e do Senado foi crucial para viabilizar o avan\u00e7o do projeto dentro do prazo. Detalhes sobre as mudan\u00e7as e os c\u00e1lculos de impacto fiscal foram discutidos para garantir responsabilidade or\u00e7ament\u00e1ria.<\/p>\n\n\n\n<p>Os constantes embates entre governo e oposi\u00e7\u00e3o mostram que a tramita\u00e7\u00e3o de medidas importantes demanda di\u00e1logo aberto e busca por consensos, visando evitar bloqueios e atrasos no processo legislativo.<\/p>\n\n\n\n<h2 class=\"wp-block-heading\">Justi\u00e7a tribut\u00e1ria na pr\u00e1tica<\/h2>\n\n\n\n<p>A corre\u00e7\u00e3o da tabela do <strong>Imposto de Renda<\/strong> \u00e9 frequentemente apontada como elemento fundamental para garantir justi\u00e7a tribut\u00e1ria. Isso porque sal\u00e1rios costumam ser reajustados pela infla\u00e7\u00e3o, enquanto faixas de tributa\u00e7\u00e3o permanecem congeladas, resultando em maior carga fiscal para trabalhadores com ganhos reais estagnados.<\/p>\n\n\n\n<p>Ao atualizar as faixas de isen\u00e7\u00e3o, o governo promove maior equidade e atenua os efeitos da chamada &#8220;<strong>defasagem da tabela<\/strong>&#8220;, tema recorrente em discuss\u00f5es fiscais desde a d\u00e9cada de 1990 no Brasil. Estima-se que, sem atualiza\u00e7\u00e3o, milh\u00f5es deixariam de ser beneficiados, afetando fam\u00edlias de baixa renda.<\/p>\n\n\n\n<p>Garantir que o imposto acompanhe a realidade econ\u00f4mica \u00e9 visto como prioridade para evitar desigualdades e reduzir os impactos sociais negativos decorrentes da tributa\u00e7\u00e3o excessiva sobre o trabalho.<\/p>\n\n\n\n<h2 class=\"wp-block-heading\">Perspectivas para o futuro<\/h2>\n\n\n\n<p>Com a aprova\u00e7\u00e3o da medida, aumentam as expectativas para futuras reformas tribut\u00e1rias mais amplas, envolvendo n\u00e3o apenas a tabela do <strong>Imposto de Renda<\/strong>, mas tamb\u00e9m outros tributos federais e estaduais. O governo sinaliza interesse em avan\u00e7ar nessa agenda, buscando alinhar o sistema fiscal brasileiro \u00e0s melhores pr\u00e1ticas internacionais.<\/p>\n\n\n\n<p>Setores sociais e empresariais pressionam por um sistema mais progressivo e simplificado, que favore\u00e7a o crescimento econ\u00f4mico e a redu\u00e7\u00e3o de desigualdades. Al\u00e9m disso, a moderniza\u00e7\u00e3o fiscal promete ampliar a base de arrecada\u00e7\u00e3o sem prejudicar os rendimentos da popula\u00e7\u00e3o mais vulner\u00e1vel.<\/p>\n\n\n\n<p>Os pr\u00f3ximos anos devem ser marcados por novos debates legislativos e buscas por consenso no Congresso, com o objetivo de construir um sistema tribut\u00e1rio mais justo, transparente e eficiente para todos os brasileiros.<\/p>\n","protected":false},"excerpt":{"rendered":"<p>O cen\u00e1rio pol\u00edtico brasileiro passou por momentos intensos recentemente com a aprova\u00e7\u00e3o no Senado do projeto que corrige a tabela do Imposto de Renda e amplia a faixa de isen\u00e7\u00e3o para quem ganha at\u00e9 dois sal\u00e1rios m\u00ednimos. Essa medida provis\u00f3ria, editada pelo presidente Lula, enfrentou resist\u00eancia de aliados do ex-presidente Jair Bolsonaro, que obstru\u00edam sess\u00f5es [&hellip;]<\/p>\n","protected":false},"author":20,"featured_media":79991,"comment_status":"open","ping_status":"open","sticky":false,"template":"","format":"standard","meta":{"jnews-multi-image_gallery":[],"jnews_single_post":{"format":"standard"},"jnews_primary_category":[],"jnews_social_meta":[],"jnews_override_counter":[],"footnotes":""},"categories":[28,1],"tags":[465,713,4364],"class_list":["post-89071","post","type-post","status-publish","format-standard","has-post-thumbnail","hentry","category-economia","category-noticias","tag-governo","tag-imposto-de-renda","tag-piso-salarial"],"yoast_head":"<!-- This site is optimized with the Yoast SEO plugin v23.8 - https:\/\/yoast.com\/wordpress\/plugins\/seo\/ -->\n<title>Senado aprova reajuste do Imposto de Renda - Estado de Minas - Em foco<\/title>\n<meta name=\"description\" content=\"Aprovada a atualiza\u00e7\u00e3o da tabela do Imposto de Renda para 2025, aumentando a faixa de isen\u00e7\u00e3o para quem ganha at\u00e9 dois sal\u00e1rios m\u00ednimos.\" \/>\n<meta name=\"robots\" content=\"index, follow, max-snippet:-1, max-image-preview:large, max-video-preview:-1\" \/>\n<link rel=\"canonical\" href=\"https:\/\/www.em.com.br\/emfoco\/2025\/08\/10\/senado-aprova-reajuste-do-imposto-de-renda\/\" \/>\n<meta property=\"og:locale\" content=\"pt_BR\" \/>\n<meta property=\"og:type\" content=\"article\" \/>\n<meta property=\"og:title\" content=\"Senado aprova reajuste do Imposto de Renda - Estado de Minas - Em foco\" \/>\n<meta property=\"og:description\" content=\"Aprovada a atualiza\u00e7\u00e3o da tabela do Imposto de Renda para 2025, aumentando a faixa de isen\u00e7\u00e3o para quem ganha at\u00e9 dois sal\u00e1rios m\u00ednimos.\" \/>\n<meta property=\"og:url\" content=\"https:\/\/www.em.com.br\/emfoco\/2025\/08\/10\/senado-aprova-reajuste-do-imposto-de-renda\/\" \/>\n<meta property=\"og:site_name\" content=\"Estado de Minas - Em foco\" \/>\n<meta property=\"article:published_time\" content=\"2025-08-10T21:58:00+00:00\" \/>\n<meta property=\"article:modified_time\" content=\"2025-08-09T10:15:48+00:00\" \/>\n<meta property=\"og:image\" content=\"https:\/\/www.em.com.br\/emfoco\/wp-content\/uploads\/2025\/07\/imposto_1753155461064.jpg\" \/>\n\t<meta property=\"og:image:width\" content=\"1280\" \/>\n\t<meta property=\"og:image:height\" content=\"720\" \/>\n\t<meta property=\"og:image:type\" content=\"image\/jpeg\" \/>\n<meta name=\"author\" content=\"Ingrid Diniz\" \/>\n<meta name=\"twitter:card\" content=\"summary_large_image\" \/>\n<meta name=\"twitter:label1\" content=\"Escrito por\" \/>\n\t<meta name=\"twitter:data1\" content=\"Ingrid Diniz\" \/>\n\t<meta name=\"twitter:label2\" content=\"Est. tempo de leitura\" \/>\n\t<meta name=\"twitter:data2\" content=\"6 minutos\" \/>\n<!-- \/ Yoast SEO plugin. -->","yoast_head_json":{"title":"Senado aprova reajuste do Imposto de Renda - Estado de Minas - Em foco","description":"Aprovada a atualiza\u00e7\u00e3o da tabela do Imposto de Renda para 2025, aumentando a faixa de isen\u00e7\u00e3o para quem ganha at\u00e9 dois sal\u00e1rios m\u00ednimos.","robots":{"index":"index","follow":"follow","max-snippet":"max-snippet:-1","max-image-preview":"max-image-preview:large","max-video-preview":"max-video-preview:-1"},"canonical":"https:\/\/www.em.com.br\/emfoco\/2025\/08\/10\/senado-aprova-reajuste-do-imposto-de-renda\/","og_locale":"pt_BR","og_type":"article","og_title":"Senado aprova reajuste do Imposto de Renda - Estado de Minas - Em foco","og_description":"Aprovada a atualiza\u00e7\u00e3o da tabela do Imposto de Renda para 2025, aumentando a faixa de isen\u00e7\u00e3o para quem ganha at\u00e9 dois sal\u00e1rios m\u00ednimos.","og_url":"https:\/\/www.em.com.br\/emfoco\/2025\/08\/10\/senado-aprova-reajuste-do-imposto-de-renda\/","og_site_name":"Estado de Minas - Em foco","article_published_time":"2025-08-10T21:58:00+00:00","article_modified_time":"2025-08-09T10:15:48+00:00","og_image":[{"width":1280,"height":720,"url":"https:\/\/www.em.com.br\/emfoco\/wp-content\/uploads\/2025\/07\/imposto_1753155461064.jpg","type":"image\/jpeg"}],"author":"Ingrid Diniz","twitter_card":"summary_large_image","twitter_misc":{"Escrito por":"Ingrid Diniz","Est. tempo de leitura":"6 minutos"},"schema":{"@context":"https:\/\/schema.org","@graph":[{"@type":"WebPage","@id":"https:\/\/www.em.com.br\/emfoco\/2025\/08\/10\/senado-aprova-reajuste-do-imposto-de-renda\/","url":"https:\/\/www.em.com.br\/emfoco\/2025\/08\/10\/senado-aprova-reajuste-do-imposto-de-renda\/","name":"Senado aprova reajuste do Imposto de Renda - Estado de Minas - Em foco","isPartOf":{"@id":"https:\/\/www.em.com.br\/emfoco\/#website"},"primaryImageOfPage":{"@id":"https:\/\/www.em.com.br\/emfoco\/2025\/08\/10\/senado-aprova-reajuste-do-imposto-de-renda\/#primaryimage"},"image":{"@id":"https:\/\/www.em.com.br\/emfoco\/2025\/08\/10\/senado-aprova-reajuste-do-imposto-de-renda\/#primaryimage"},"thumbnailUrl":"https:\/\/www.em.com.br\/emfoco\/wp-content\/uploads\/2025\/07\/imposto_1753155461064.jpg","datePublished":"2025-08-10T21:58:00+00:00","dateModified":"2025-08-09T10:15:48+00:00","author":{"@id":"https:\/\/www.em.com.br\/emfoco\/#\/schema\/person\/649e610b4eb8fff87ff394e54fe17b2b"},"description":"Aprovada a atualiza\u00e7\u00e3o da tabela do Imposto de Renda para 2025, aumentando a faixa de isen\u00e7\u00e3o para quem ganha at\u00e9 dois sal\u00e1rios m\u00ednimos.","breadcrumb":{"@id":"https:\/\/www.em.com.br\/emfoco\/2025\/08\/10\/senado-aprova-reajuste-do-imposto-de-renda\/#breadcrumb"},"inLanguage":"pt-BR","potentialAction":[{"@type":"ReadAction","target":["https:\/\/www.em.com.br\/emfoco\/2025\/08\/10\/senado-aprova-reajuste-do-imposto-de-renda\/"]}]},{"@type":"ImageObject","inLanguage":"pt-BR","@id":"https:\/\/www.em.com.br\/emfoco\/2025\/08\/10\/senado-aprova-reajuste-do-imposto-de-renda\/#primaryimage","url":"https:\/\/www.em.com.br\/emfoco\/wp-content\/uploads\/2025\/07\/imposto_1753155461064.jpg","contentUrl":"https:\/\/www.em.com.br\/emfoco\/wp-content\/uploads\/2025\/07\/imposto_1753155461064.jpg","width":1280,"height":720,"caption":"Reduza o IR com dedu\u00e7\u00f5es permitidas pela lei - Cr\u00e9ditos: depositphotos.com \/ VadimVasenin"},{"@type":"BreadcrumbList","@id":"https:\/\/www.em.com.br\/emfoco\/2025\/08\/10\/senado-aprova-reajuste-do-imposto-de-renda\/#breadcrumb","itemListElement":[{"@type":"ListItem","position":1,"name":"In\u00edcio","item":"https:\/\/www.em.com.br\/emfoco\/"},{"@type":"ListItem","position":2,"name":"Senado aprova reajuste do Imposto de Renda"}]},{"@type":"WebSite","@id":"https:\/\/www.em.com.br\/emfoco\/#website","url":"https:\/\/www.em.com.br\/emfoco\/","name":"Estado de Minas - Em foco","description":"Acompanhe as \u00faltimas not\u00edcias e fique bem informado sobre tudo o que acontece em Minas Gerais, Brasil e no mundo.","potentialAction":[{"@type":"SearchAction","target":{"@type":"EntryPoint","urlTemplate":"https:\/\/www.em.com.br\/emfoco\/?s={search_term_string}"},"query-input":{"@type":"PropertyValueSpecification","valueRequired":true,"valueName":"search_term_string"}}],"inLanguage":"pt-BR"},{"@type":"Person","@id":"https:\/\/www.em.com.br\/emfoco\/#\/schema\/person\/649e610b4eb8fff87ff394e54fe17b2b","name":"Ingrid Diniz","image":{"@type":"ImageObject","inLanguage":"pt-BR","@id":"https:\/\/www.em.com.br\/emfoco\/#\/schema\/person\/image\/","url":"https:\/\/secure.gravatar.com\/avatar\/a3baa1449ec5c39b4c42babc9d4f3951?s=96&d=mm&r=g","contentUrl":"https:\/\/secure.gravatar.com\/avatar\/a3baa1449ec5c39b4c42babc9d4f3951?s=96&d=mm&r=g","caption":"Ingrid Diniz"},"sameAs":["https:\/\/www.em.com.br\/"],"url":"https:\/\/www.em.com.br\/emfoco\/author\/ingridmyth\/"}]}},"_links":{"self":[{"href":"https:\/\/www.em.com.br\/emfoco\/wp-json\/wp\/v2\/posts\/89071","targetHints":{"allow":["GET"]}}],"collection":[{"href":"https:\/\/www.em.com.br\/emfoco\/wp-json\/wp\/v2\/posts"}],"about":[{"href":"https:\/\/www.em.com.br\/emfoco\/wp-json\/wp\/v2\/types\/post"}],"author":[{"embeddable":true,"href":"https:\/\/www.em.com.br\/emfoco\/wp-json\/wp\/v2\/users\/20"}],"replies":[{"embeddable":true,"href":"https:\/\/www.em.com.br\/emfoco\/wp-json\/wp\/v2\/comments?post=89071"}],"version-history":[{"count":1,"href":"https:\/\/www.em.com.br\/emfoco\/wp-json\/wp\/v2\/posts\/89071\/revisions"}],"predecessor-version":[{"id":89084,"href":"https:\/\/www.em.com.br\/emfoco\/wp-json\/wp\/v2\/posts\/89071\/revisions\/89084"}],"wp:featuredmedia":[{"embeddable":true,"href":"https:\/\/www.em.com.br\/emfoco\/wp-json\/wp\/v2\/media\/79991"}],"wp:attachment":[{"href":"https:\/\/www.em.com.br\/emfoco\/wp-json\/wp\/v2\/media?parent=89071"}],"wp:term":[{"taxonomy":"category","embeddable":true,"href":"https:\/\/www.em.com.br\/emfoco\/wp-json\/wp\/v2\/categories?post=89071"},{"taxonomy":"post_tag","embeddable":true,"href":"https:\/\/www.em.com.br\/emfoco\/wp-json\/wp\/v2\/tags?post=89071"}],"curies":[{"name":"wp","href":"https:\/\/api.w.org\/{rel}","templated":true}]}}