{"id":89058,"date":"2025-08-10T10:58:00","date_gmt":"2025-08-10T13:58:00","guid":{"rendered":"https:\/\/www.em.com.br\/emfoco\/?p=89058"},"modified":"2025-08-09T06:35:09","modified_gmt":"2025-08-09T09:35:09","slug":"mais-de-800-mil-nao-solicitaram-seus-valores-perdidos-do-inss","status":"publish","type":"post","link":"https:\/\/www.em.com.br\/emfoco\/2025\/08\/10\/mais-de-800-mil-nao-solicitaram-seus-valores-perdidos-do-inss\/","title":{"rendered":"Mais de 800 mil n\u00e3o solicitaram seus valores perdidos do INSS!"},"content":{"rendered":"\n<p>O <strong>Instituto Nacional do Seguro Social<\/strong> (<a href=\"https:\/\/www.gov.br\/pt-br\/temas\/meu-inss\" target=\"_blank\" rel=\"noreferrer noopener\">INSS<\/a>) recentemente anunciou um esfor\u00e7o significativo para retificar descontos irregulares em benef\u00edcios previdenci\u00e1rios, o que impactou 1,64 milh\u00e3o de benefici\u00e1rios. Essa iniciativa visa corrigir falhas em cobran\u00e7as identificadas pela <strong>Pol\u00edcia Federal<\/strong>, que culminaram em mudan\u00e7as na lideran\u00e7a do instituto. A devolu\u00e7\u00e3o abrange casos ocorridos entre mar\u00e7o de 2020 a mar\u00e7o de 2025, per\u00edodo durante o qual muitos aposentados e pensionistas foram pegos de surpresa com dedu\u00e7\u00f5es n\u00e3o autorizadas em seus benef\u00edcios.<\/p>\n\n\n\n<p>Ainda permanece um grande n\u00famero de benefici\u00e1rios que n\u00e3o buscaram o ressarcimento a que t\u00eam direito. Aproximadamente 800 mil aposentados e pensionistas n\u00e3o se manifestaram para aderir ao acordo proposto pelo <strong>INSS<\/strong>, mesmo tendo sofrido os descontos irregulares. Isso significa que apenas um segmento dessa popula\u00e7\u00e3o teve seus direitos restitu\u00eddos, apesar de a estimativa da devolu\u00e7\u00e3o j\u00e1 cobrir quase totalidade dos prejudicados.<\/p>\n\n\n\n<p>A iniciativa do <strong>INSS <\/strong>tamb\u00e9m envolveu parcerias com \u00f3rg\u00e3os de controle e associa\u00e7\u00f5es de defesa do consumidor, buscando ampliar a divulga\u00e7\u00e3o dos direitos e facilitar o acesso ao processo de ressarcimento para todos os benefici\u00e1rios que ainda n\u00e3o fizeram a solicita\u00e7\u00e3o.<\/p>\n\n\n\n<h2 class=\"wp-block-heading\">Como identificar descontos indevidos no benef\u00edcio?<\/h2>\n\n\n<div class=\"wp-block-image\">\n<figure class=\"aligncenter size-large\"><img loading=\"lazy\" decoding=\"async\" width=\"1024\" height=\"576\" src=\"https:\/\/www.em.com.br\/emfoco\/wp-content\/uploads\/2025\/06\/ansioso-notebook_1742480140879-1024x576.jpg\" alt=\"Demiss\u00e3o por justa causa exige provas e cuidado legal!\" class=\"wp-image-54987\" srcset=\"https:\/\/www.em.com.br\/emfoco\/wp-content\/uploads\/2025\/06\/ansioso-notebook_1742480140879-1024x576.jpg 1024w, https:\/\/www.em.com.br\/emfoco\/wp-content\/uploads\/2025\/06\/ansioso-notebook_1742480140879-300x169.jpg 300w, https:\/\/www.em.com.br\/emfoco\/wp-content\/uploads\/2025\/06\/ansioso-notebook_1742480140879-768x432.jpg 768w, https:\/\/www.em.com.br\/emfoco\/wp-content\/uploads\/2025\/06\/ansioso-notebook_1742480140879-750x422.jpg 750w, https:\/\/www.em.com.br\/emfoco\/wp-content\/uploads\/2025\/06\/ansioso-notebook_1742480140879-1140x641.jpg 1140w, https:\/\/www.em.com.br\/emfoco\/wp-content\/uploads\/2025\/06\/ansioso-notebook_1742480140879.jpg 1280w\" sizes=\"auto, (max-width: 1024px) 100vw, 1024px\" \/><figcaption class=\"wp-element-caption\">Mulher aflita em frente ao notebook &#8211; Cr\u00e9ditos: depositphotos.com \/ milangucci<\/figcaption><\/figure><\/div>\n\n\n<p>Verificar descontos indevidos \u00e9 fundamental para garantir a integridade do benef\u00edcio previdenci\u00e1rio. Os segurados devem acessar mensalmente o extrato do benef\u00edcio pelo aplicativo &#8220;<strong>Meu INSS<\/strong>&#8221; ou pelo site oficial, observando descontos de entidades n\u00e3o reconhecidas ou d\u00e9bitos desconhecidos.<\/p>\n\n\n\n<p>A consulta detalhada do extrato pode revelar cobran\u00e7as de associa\u00e7\u00f5es, clubes ou sindicatos que o benefici\u00e1rio nunca autorizou. \u00c9 importante analisar cada linha e identificar qualquer valor que foge do habitual.<\/p>\n\n\n\n<p>Caso encontre irregularidade, o benefici\u00e1rio deve anotar os dados do desconto, como valor, per\u00edodo e nome da entidade, para facilitar o processo de contesta\u00e7\u00e3o e posterior ressarcimento junto ao <strong>INSS<\/strong>.<\/p>\n\n\n\n<h2 class=\"wp-block-heading\">Quais os principais tipos de descontos irregulares?<\/h2>\n\n\n\n<p>Grande parte dos descontos irregulares est\u00e1 relacionada a associa\u00e7\u00f5es e entidades de classes, sem autoriza\u00e7\u00e3o pr\u00e9via, al\u00e9m de conv\u00eanios n\u00e3o reconhecidos. Essas dedu\u00e7\u00f5es podem variar de valores pequenos a montantes significativos.<\/p>\n\n\n\n<p>Em alguns casos, os descontos englobam servi\u00e7os n\u00e3o solicitados, at\u00e9 mesmo seguros e contribui\u00e7\u00f5es para entidades desconhecidas, surpreendendo aposentados e pensionistas.<\/p>\n\n\n\n<p>O cruzamento de informa\u00e7\u00f5es entre bancos e o <strong>INSS<\/strong>, juntamente com investiga\u00e7\u00f5es da Pol\u00edcia Federal, permitiu identificar o padr\u00e3o dessas cobran\u00e7as e estabelecer mecanismos de corre\u00e7\u00e3o conjunta.<\/p>\n\n\n\n<h2 class=\"wp-block-heading\">Passo a passo para solicitar o ressarcimento<\/h2>\n\n\n\n<p>Para requerer a devolu\u00e7\u00e3o dos valores, o benefici\u00e1rio deve acessar o aplicativo &#8220;<strong>Meu INSS<\/strong>&#8220;, realizar o login e buscar pela fun\u00e7\u00e3o &#8220;<strong>Consultar Descontos de Entidades Associativas<\/strong>&#8220;. A listagem mostrar\u00e1 todos os descontos realizados no per\u00edodo.<\/p>\n\n\n\n<p>Ap\u00f3s analisar a lista, basta marcar os descontos que o benefici\u00e1rio considera indevidos, fornecer os dados de contato \u2013 como telefone e e-mail \u2013, e enviar o pedido de ressarcimento.<\/p>\n\n\n\n<p>Com a solicita\u00e7\u00e3o em andamento, o acompanhamento pode ser feito pelo pr\u00f3prio aplicativo ou pela <strong>Central de Atendimento 135<\/strong>, garantindo transpar\u00eancia na tramita\u00e7\u00e3o do processo at\u00e9 a devolu\u00e7\u00e3o dos valores.<\/p>\n\n\n\n<h2 class=\"wp-block-heading\">Como acompanhar o pedido de devolu\u00e7\u00e3o<\/h2>\n\n\n\n<p>Uma vez protocolada a solicita\u00e7\u00e3o de ressarcimento, o acompanhamento \u00e9 feito diretamente pelo &#8220;<strong>Meu INSS<\/strong>&#8220;. O sistema atualiza o status do processo para informar se h\u00e1 necessidade de documentos adicionais ou se o ressarcimento foi aprovado.<\/p>\n\n\n\n<p>Al\u00e9m disso, a <strong>Central 135<\/strong> est\u00e1 dispon\u00edvel para sanar d\u00favidas, esclarecer prazos e informar sobre o andamento do procedimento, oferecendo suporte ao benefici\u00e1rio.<\/p>\n\n\n\n<p>Em casos de demora, o cidad\u00e3o pode registrar uma reclama\u00e7\u00e3o para acelerar o processo, ou at\u00e9 mesmo buscar orienta\u00e7\u00e3o com entidades de defesa do consumidor.<\/p>\n\n\n\n<h2 class=\"wp-block-heading\">Alternativas e direitos do benefici\u00e1rio<\/h2>\n\n\n\n<p>O benefici\u00e1rio tamb\u00e9m pode optar por a\u00e7\u00f5es judiciais caso o ressarcimento administrativo seja indeferido ou demore al\u00e9m do razo\u00e1vel. Entretanto, aderir ao acordo direto com o <strong>INSS <\/strong>costuma ser mais r\u00e1pido e menos burocr\u00e1tico, bastando desistir do processo judicial em andamento.<\/p>\n\n\n\n<p>A legisla\u00e7\u00e3o assegura ao aposentado e pensionista o direito \u00e0 restitui\u00e7\u00e3o integral de valores descontados sem autoriza\u00e7\u00e3o, al\u00e9m de poss\u00edvel indeniza\u00e7\u00e3o, em caso de preju\u00edzo comprovado.<\/p>\n\n\n\n<p>\u00c9 importante o benefici\u00e1rio conhecer seus direitos para evitar novos descontos abusivos e exigir a devida repara\u00e7\u00e3o caso seja novamente lesado.<\/p>\n\n\n\n<h2 class=\"wp-block-heading\">Preven\u00e7\u00e3o e orienta\u00e7\u00e3o para novos casos<\/h2>\n\n\n\n<p>Para evitar novas ocorr\u00eancias, especialistas recomendam que aposentados e pensionistas nunca forne\u00e7am dados pessoais a terceiros e evitem assinar documentos sem leitura atenta.<\/p>\n\n\n\n<p>Manter o cadastro atualizado no portal <strong>Gov.br <\/strong>e no &#8220;<strong><a href=\"https:\/\/www.em.com.br\/emfoco\/2025\/08\/08\/nova-regra-do-inss-pode-aumentar-ou-reduzir-o-valor-da-sua-aposentadoria\/\" target=\"_blank\" rel=\"noreferrer noopener\">Meu INSS<\/a><\/strong>&#8221; ajuda na identifica\u00e7\u00e3o r\u00e1pida de tentativas de fraude ou desconto n\u00e3o autorizado, tornando o monitoramento mais seguro.<\/p>\n\n\n\n<p>A orienta\u00e7\u00e3o constante de familiares, entidades do setor e campanhas de conscientiza\u00e7\u00e3o s\u00e3o fundamentais para prevenir fraudes e garantir que todos saibam como agir caso se deparem com irregularidades.<\/p>\n\n\n\n<h2 class=\"wp-block-heading\">Impacto da iniciativa e perspectivas futuras<\/h2>\n\n\n\n<p>A iniciativa do <strong>INSS <\/strong>marca um passo importante para restabelecer a confian\u00e7a entre os benefici\u00e1rios e o \u00f3rg\u00e3o, demonstrando compromisso com transpar\u00eancia e efici\u00eancia.<\/p>\n\n\n\n<p>Espera-se que, com o fortalecimento dos sistemas e atualiza\u00e7\u00e3o cont\u00ednua de protocolos, situa\u00e7\u00f5es semelhantes n\u00e3o voltem a ocorrer, protegendo aposentados e pensionistas contra irregularidades futuras.<\/p>\n\n\n\n<p>Al\u00e9m disso, o processo de ressarcimento pode servir de modelo para outros \u00f3rg\u00e3os p\u00fablicos, promovendo a defesa de direitos, agilidade nas solu\u00e7\u00f5es e respeito ao cidad\u00e3o.<\/p>\n","protected":false},"excerpt":{"rendered":"<p>O Instituto Nacional do Seguro Social (INSS) recentemente anunciou um esfor\u00e7o significativo para retificar descontos irregulares em benef\u00edcios previdenci\u00e1rios, o que impactou 1,64 milh\u00e3o de benefici\u00e1rios. Essa iniciativa visa corrigir falhas em cobran\u00e7as identificadas pela Pol\u00edcia Federal, que culminaram em mudan\u00e7as na lideran\u00e7a do instituto. A devolu\u00e7\u00e3o abrange casos ocorridos entre mar\u00e7o de 2020 a [&hellip;]<\/p>\n","protected":false},"author":20,"featured_media":58539,"comment_status":"open","ping_status":"open","sticky":false,"template":"","format":"standard","meta":{"jnews-multi-image_gallery":[],"jnews_single_post":{"format":"standard"},"jnews_primary_category":[],"jnews_social_meta":[],"jnews_override_counter":[],"footnotes":""},"categories":[28,1],"tags":[1540,174,300],"class_list":["post-89058","post","type-post","status-publish","format-standard","has-post-thumbnail","hentry","category-economia","category-noticias","tag-descontos-indevidos","tag-inss","tag-pagamento"],"yoast_head":"<!-- This site is optimized with the Yoast SEO plugin v23.8 - https:\/\/yoast.com\/wordpress\/plugins\/seo\/ -->\n<title>Mais de 800 mil n\u00e3o solicitaram seus valores perdidos do INSS! - Estado de Minas - Em foco<\/title>\n<meta name=\"description\" content=\"Mais de 800 mil aposentados n\u00e3o solicitaram a devolu\u00e7\u00e3o de descontos indevidos. Verifique seu direito ao ressarcimento de forma simples no &quot;Meu INSS&quot;.\" \/>\n<meta name=\"robots\" content=\"index, follow, max-snippet:-1, max-image-preview:large, max-video-preview:-1\" \/>\n<link rel=\"canonical\" href=\"https:\/\/www.em.com.br\/emfoco\/2025\/08\/10\/mais-de-800-mil-nao-solicitaram-seus-valores-perdidos-do-inss\/\" \/>\n<meta property=\"og:locale\" content=\"pt_BR\" \/>\n<meta property=\"og:type\" content=\"article\" \/>\n<meta property=\"og:title\" content=\"Mais de 800 mil n\u00e3o solicitaram seus valores perdidos do INSS! - Estado de Minas - Em foco\" \/>\n<meta property=\"og:description\" content=\"Mais de 800 mil aposentados n\u00e3o solicitaram a devolu\u00e7\u00e3o de descontos indevidos. Verifique seu direito ao ressarcimento de forma simples no &quot;Meu INSS&quot;.\" \/>\n<meta property=\"og:url\" content=\"https:\/\/www.em.com.br\/emfoco\/2025\/08\/10\/mais-de-800-mil-nao-solicitaram-seus-valores-perdidos-do-inss\/\" \/>\n<meta property=\"og:site_name\" content=\"Estado de Minas - Em foco\" \/>\n<meta property=\"article:published_time\" content=\"2025-08-10T13:58:00+00:00\" \/>\n<meta property=\"article:modified_time\" content=\"2025-08-09T09:35:09+00:00\" \/>\n<meta property=\"og:image\" content=\"https:\/\/www.em.com.br\/emfoco\/wp-content\/uploads\/2025\/06\/b_1749545941768.jpg\" \/>\n\t<meta property=\"og:image:width\" content=\"1280\" \/>\n\t<meta property=\"og:image:height\" content=\"720\" \/>\n\t<meta property=\"og:image:type\" content=\"image\/jpeg\" \/>\n<meta name=\"author\" content=\"Ingrid Diniz\" \/>\n<meta name=\"twitter:card\" content=\"summary_large_image\" \/>\n<meta name=\"twitter:label1\" content=\"Escrito por\" \/>\n\t<meta name=\"twitter:data1\" content=\"Ingrid Diniz\" \/>\n\t<meta name=\"twitter:label2\" content=\"Est. tempo de leitura\" \/>\n\t<meta name=\"twitter:data2\" content=\"5 minutos\" \/>\n<!-- \/ Yoast SEO plugin. -->","yoast_head_json":{"title":"Mais de 800 mil n\u00e3o solicitaram seus valores perdidos do INSS! - Estado de Minas - Em foco","description":"Mais de 800 mil aposentados n\u00e3o solicitaram a devolu\u00e7\u00e3o de descontos indevidos. Verifique seu direito ao ressarcimento de forma simples no \"Meu INSS\".","robots":{"index":"index","follow":"follow","max-snippet":"max-snippet:-1","max-image-preview":"max-image-preview:large","max-video-preview":"max-video-preview:-1"},"canonical":"https:\/\/www.em.com.br\/emfoco\/2025\/08\/10\/mais-de-800-mil-nao-solicitaram-seus-valores-perdidos-do-inss\/","og_locale":"pt_BR","og_type":"article","og_title":"Mais de 800 mil n\u00e3o solicitaram seus valores perdidos do INSS! - Estado de Minas - Em foco","og_description":"Mais de 800 mil aposentados n\u00e3o solicitaram a devolu\u00e7\u00e3o de descontos indevidos. Verifique seu direito ao ressarcimento de forma simples no \"Meu INSS\".","og_url":"https:\/\/www.em.com.br\/emfoco\/2025\/08\/10\/mais-de-800-mil-nao-solicitaram-seus-valores-perdidos-do-inss\/","og_site_name":"Estado de Minas - Em foco","article_published_time":"2025-08-10T13:58:00+00:00","article_modified_time":"2025-08-09T09:35:09+00:00","og_image":[{"width":1280,"height":720,"url":"https:\/\/www.em.com.br\/emfoco\/wp-content\/uploads\/2025\/06\/b_1749545941768.jpg","type":"image\/jpeg"}],"author":"Ingrid Diniz","twitter_card":"summary_large_image","twitter_misc":{"Escrito por":"Ingrid Diniz","Est. tempo de leitura":"5 minutos"},"schema":{"@context":"https:\/\/schema.org","@graph":[{"@type":"WebPage","@id":"https:\/\/www.em.com.br\/emfoco\/2025\/08\/10\/mais-de-800-mil-nao-solicitaram-seus-valores-perdidos-do-inss\/","url":"https:\/\/www.em.com.br\/emfoco\/2025\/08\/10\/mais-de-800-mil-nao-solicitaram-seus-valores-perdidos-do-inss\/","name":"Mais de 800 mil n\u00e3o solicitaram seus valores perdidos do INSS! - Estado de Minas - Em foco","isPartOf":{"@id":"https:\/\/www.em.com.br\/emfoco\/#website"},"primaryImageOfPage":{"@id":"https:\/\/www.em.com.br\/emfoco\/2025\/08\/10\/mais-de-800-mil-nao-solicitaram-seus-valores-perdidos-do-inss\/#primaryimage"},"image":{"@id":"https:\/\/www.em.com.br\/emfoco\/2025\/08\/10\/mais-de-800-mil-nao-solicitaram-seus-valores-perdidos-do-inss\/#primaryimage"},"thumbnailUrl":"https:\/\/www.em.com.br\/emfoco\/wp-content\/uploads\/2025\/06\/b_1749545941768.jpg","datePublished":"2025-08-10T13:58:00+00:00","dateModified":"2025-08-09T09:35:09+00:00","author":{"@id":"https:\/\/www.em.com.br\/emfoco\/#\/schema\/person\/649e610b4eb8fff87ff394e54fe17b2b"},"description":"Mais de 800 mil aposentados n\u00e3o solicitaram a devolu\u00e7\u00e3o de descontos indevidos. Verifique seu direito ao ressarcimento de forma simples no \"Meu INSS\".","breadcrumb":{"@id":"https:\/\/www.em.com.br\/emfoco\/2025\/08\/10\/mais-de-800-mil-nao-solicitaram-seus-valores-perdidos-do-inss\/#breadcrumb"},"inLanguage":"pt-BR","potentialAction":[{"@type":"ReadAction","target":["https:\/\/www.em.com.br\/emfoco\/2025\/08\/10\/mais-de-800-mil-nao-solicitaram-seus-valores-perdidos-do-inss\/"]}]},{"@type":"ImageObject","inLanguage":"pt-BR","@id":"https:\/\/www.em.com.br\/emfoco\/2025\/08\/10\/mais-de-800-mil-nao-solicitaram-seus-valores-perdidos-do-inss\/#primaryimage","url":"https:\/\/www.em.com.br\/emfoco\/wp-content\/uploads\/2025\/06\/b_1749545941768.jpg","contentUrl":"https:\/\/www.em.com.br\/emfoco\/wp-content\/uploads\/2025\/06\/b_1749545941768.jpg","width":1280,"height":720,"caption":"H\u00e1bito simples no uso dos eletr\u00f4nicos contribui para reduzir o consumo de energia - Cr\u00e9ditos: depositphotos.com \/ VitalikRadko"},{"@type":"BreadcrumbList","@id":"https:\/\/www.em.com.br\/emfoco\/2025\/08\/10\/mais-de-800-mil-nao-solicitaram-seus-valores-perdidos-do-inss\/#breadcrumb","itemListElement":[{"@type":"ListItem","position":1,"name":"In\u00edcio","item":"https:\/\/www.em.com.br\/emfoco\/"},{"@type":"ListItem","position":2,"name":"Mais de 800 mil n\u00e3o solicitaram seus valores perdidos do INSS!"}]},{"@type":"WebSite","@id":"https:\/\/www.em.com.br\/emfoco\/#website","url":"https:\/\/www.em.com.br\/emfoco\/","name":"Estado de Minas - Em foco","description":"Acompanhe as \u00faltimas not\u00edcias e fique bem informado sobre tudo o que acontece em Minas Gerais, Brasil e no mundo.","potentialAction":[{"@type":"SearchAction","target":{"@type":"EntryPoint","urlTemplate":"https:\/\/www.em.com.br\/emfoco\/?s={search_term_string}"},"query-input":{"@type":"PropertyValueSpecification","valueRequired":true,"valueName":"search_term_string"}}],"inLanguage":"pt-BR"},{"@type":"Person","@id":"https:\/\/www.em.com.br\/emfoco\/#\/schema\/person\/649e610b4eb8fff87ff394e54fe17b2b","name":"Ingrid Diniz","image":{"@type":"ImageObject","inLanguage":"pt-BR","@id":"https:\/\/www.em.com.br\/emfoco\/#\/schema\/person\/image\/","url":"https:\/\/secure.gravatar.com\/avatar\/a3baa1449ec5c39b4c42babc9d4f3951?s=96&d=mm&r=g","contentUrl":"https:\/\/secure.gravatar.com\/avatar\/a3baa1449ec5c39b4c42babc9d4f3951?s=96&d=mm&r=g","caption":"Ingrid Diniz"},"sameAs":["https:\/\/www.em.com.br\/"],"url":"https:\/\/www.em.com.br\/emfoco\/author\/ingridmyth\/"}]}},"_links":{"self":[{"href":"https:\/\/www.em.com.br\/emfoco\/wp-json\/wp\/v2\/posts\/89058","targetHints":{"allow":["GET"]}}],"collection":[{"href":"https:\/\/www.em.com.br\/emfoco\/wp-json\/wp\/v2\/posts"}],"about":[{"href":"https:\/\/www.em.com.br\/emfoco\/wp-json\/wp\/v2\/types\/post"}],"author":[{"embeddable":true,"href":"https:\/\/www.em.com.br\/emfoco\/wp-json\/wp\/v2\/users\/20"}],"replies":[{"embeddable":true,"href":"https:\/\/www.em.com.br\/emfoco\/wp-json\/wp\/v2\/comments?post=89058"}],"version-history":[{"count":1,"href":"https:\/\/www.em.com.br\/emfoco\/wp-json\/wp\/v2\/posts\/89058\/revisions"}],"predecessor-version":[{"id":89068,"href":"https:\/\/www.em.com.br\/emfoco\/wp-json\/wp\/v2\/posts\/89058\/revisions\/89068"}],"wp:featuredmedia":[{"embeddable":true,"href":"https:\/\/www.em.com.br\/emfoco\/wp-json\/wp\/v2\/media\/58539"}],"wp:attachment":[{"href":"https:\/\/www.em.com.br\/emfoco\/wp-json\/wp\/v2\/media?parent=89058"}],"wp:term":[{"taxonomy":"category","embeddable":true,"href":"https:\/\/www.em.com.br\/emfoco\/wp-json\/wp\/v2\/categories?post=89058"},{"taxonomy":"post_tag","embeddable":true,"href":"https:\/\/www.em.com.br\/emfoco\/wp-json\/wp\/v2\/tags?post=89058"}],"curies":[{"name":"wp","href":"https:\/\/api.w.org\/{rel}","templated":true}]}}