{"id":89034,"date":"2025-08-09T13:50:58","date_gmt":"2025-08-09T16:50:58","guid":{"rendered":"https:\/\/www.em.com.br\/emfoco\/?p=89034"},"modified":"2025-08-09T13:51:00","modified_gmt":"2025-08-09T16:51:00","slug":"matheus-davila-nutricionista-estas-pequenas-trocas-no-dia-a-dia-podem-cortar-centenas-de-calorias","status":"publish","type":"post","link":"https:\/\/www.em.com.br\/emfoco\/2025\/08\/09\/matheus-davila-nutricionista-estas-pequenas-trocas-no-dia-a-dia-podem-cortar-centenas-de-calorias\/","title":{"rendered":"Matheus D\u2019Avila, Nutricionista: \u201cEstas pequenas trocas no dia a dia podem cortar centenas de calorias\u201d"},"content":{"rendered":"\n<p>O nutricionista Matheus D\u2019Avila ensina que o emagrecimento n\u00e3o precisa ser sin\u00f4nimo de sofrimento ou restri\u00e7\u00f5es extremas. Segundo ele, simples substitui\u00e7\u00f5es no card\u00e1pio podem reduzir significativamente a ingest\u00e3o cal\u00f3rica, sem abrir m\u00e3o do sabor. Ao adotar essas trocas de forma constante, \u00e9 poss\u00edvel criar um d\u00e9ficit cal\u00f3rico que favorece a perda de peso de maneira mais natural e sustent\u00e1vel.<\/p>\n\n\n\n<p>Essas mudan\u00e7as n\u00e3o exigem dietas radicais, mas sim ajustes inteligentes na escolha dos alimentos. Com op\u00e7\u00f5es menos cal\u00f3ricas e mais nutritivas, voc\u00ea consegue manter o prazer de comer e, ao mesmo tempo, avan\u00e7ar rumo aos seus objetivos.<\/p>\n\n\n\n<h2 class=\"wp-block-heading\">Trocar o miolo do p\u00e3o franc\u00eas faz diferen\u00e7a?<\/h2>\n\n\n\n<p>Sim. Retirar o miolo do p\u00e3o franc\u00eas pode reduzir cerca de 60 calorias por unidade. Essa economia pode parecer pequena isoladamente, mas, ao longo da semana, representa uma diminui\u00e7\u00e3o consider\u00e1vel no consumo total de energia. Essa pr\u00e1tica \u00e9 \u00fatil para quem gosta de manter o p\u00e3o no caf\u00e9 da manh\u00e3, mas quer controlar melhor as calorias ingeridas.<\/p>\n\n\n\n<p>Outra dica \u00e9 combinar o p\u00e3o com recheios proteicos e mais leves, como ovos mexidos sem \u00f3leo ou queijos magros, potencializando a saciedade e equilibrando a refei\u00e7\u00e3o.<\/p>\n\n\n\n<h2 class=\"wp-block-heading\">Leite integral ou desnatado: qual escolher?<\/h2>\n\n\n\n<p>A substitui\u00e7\u00e3o do leite integral pelo desnatado pode cortar aproximadamente metade das calorias, mantendo sabor e versatilidade. Essa troca \u00e9 especialmente ben\u00e9fica para quem consome leite diariamente, seja puro, no caf\u00e9 ou em receitas.<\/p>\n\n\n\n<p>Al\u00e9m da redu\u00e7\u00e3o cal\u00f3rica, o leite desnatado mant\u00e9m nutrientes importantes como c\u00e1lcio e prote\u00ednas, o que ajuda a preservar a qualidade nutricional da dieta.<\/p>\n\n\n\n<h2 class=\"wp-block-heading\">Como reduzir calorias no preparo dos ovos?<\/h2>\n\n\n\n<p>Preparar ovos sem \u00f3leo \u00e9 uma forma simples de diminuir calorias sem perder sabor. Quando feitos na frigideira antiaderente ou cozidos, mant\u00eam praticamente o mesmo valor cal\u00f3rico do ovo cozido, mas com textura e sabor mais agrad\u00e1veis para muitas pessoas.<\/p>\n\n\n<div class=\"wp-block-image\">\n<figure class=\"aligncenter size-large\"><img loading=\"lazy\" decoding=\"async\" width=\"1024\" height=\"576\" src=\"https:\/\/www.em.com.br\/emfoco\/wp-content\/uploads\/2025\/08\/emagrecer_1754758028754-1024x576.jpg\" alt=\"\" class=\"wp-image-89279\" srcset=\"https:\/\/www.em.com.br\/emfoco\/wp-content\/uploads\/2025\/08\/emagrecer_1754758028754-1024x576.jpg 1024w, https:\/\/www.em.com.br\/emfoco\/wp-content\/uploads\/2025\/08\/emagrecer_1754758028754-300x169.jpg 300w, https:\/\/www.em.com.br\/emfoco\/wp-content\/uploads\/2025\/08\/emagrecer_1754758028754-768x432.jpg 768w, https:\/\/www.em.com.br\/emfoco\/wp-content\/uploads\/2025\/08\/emagrecer_1754758028754-750x422.jpg 750w, https:\/\/www.em.com.br\/emfoco\/wp-content\/uploads\/2025\/08\/emagrecer_1754758028754-1140x641.jpg 1140w, https:\/\/www.em.com.br\/emfoco\/wp-content\/uploads\/2025\/08\/emagrecer_1754758028754.jpg 1280w\" sizes=\"auto, (max-width: 1024px) 100vw, 1024px\" \/><figcaption class=\"wp-element-caption\">Homem tirando medida de sua cintura com fita m\u00e9trica &#8211; Cr\u00e9ditos: depositphotos.com \/ AndrewLozovyi<\/figcaption><\/figure><\/div>\n\n\n<p>Essa t\u00e9cnica tamb\u00e9m evita o consumo de gorduras saturadas em excesso, o que \u00e9 positivo para a sa\u00fade cardiovascular.<\/p>\n\n\n\n<h2 class=\"wp-block-heading\">Coca-Cola comum x Coca-Cola Zero: qual a diferen\u00e7a para o peso?<\/h2>\n\n\n\n<p>Trocar a vers\u00e3o tradicional pela Coca-Cola Zero elimina cerca de 37 gramas de a\u00e7\u00facar puro por lata. Essa mudan\u00e7a ajuda n\u00e3o apenas na redu\u00e7\u00e3o cal\u00f3rica, mas tamb\u00e9m no controle glic\u00eamico, especialmente para quem precisa gerenciar n\u00edveis de a\u00e7\u00facar no sangue.<\/p>\n\n\n\n<p>Apesar disso, o consumo de refrigerantes deve ser moderado, mesmo nas vers\u00f5es sem a\u00e7\u00facar, para evitar excesso de aditivos e manter uma alimenta\u00e7\u00e3o equilibrada.<\/p>\n\n\n\n<h2 class=\"wp-block-heading\">Queijo prato ou cottage: qual \u00e9 mais vantajoso?<\/h2>\n\n\n\n<p>O queijo cottage possui at\u00e9 quatro vezes menos calorias que o queijo prato e ainda oferece boa quantidade de prote\u00ednas, aumentando a sensa\u00e7\u00e3o de saciedade. Essa troca \u00e9 ideal para lanches e caf\u00e9s da manh\u00e3, ajudando a controlar a fome ao longo do dia.<\/p>\n\n\n\n<p>Por ter um sabor mais suave, o cottage combina bem com frutas, saladas e at\u00e9 prepara\u00e7\u00f5es salgadas, ampliando as op\u00e7\u00f5es no card\u00e1pio.<\/p>\n\n\n\n<p><strong>Fontes oficiais consultadas:<\/strong><\/p>\n\n\n\n<ul class=\"wp-block-list\">\n<li>TACO \u2013 Tabela Brasileira de Composi\u00e7\u00e3o de Alimentos \u2013 Unicamp: <a href=\"https:\/\/www.nepa.unicamp.br\/taco\/\" target=\"_blank\" rel=\"noreferrer noopener\">https:\/\/www.nepa.unicamp.br\/taco\/<\/a><\/li>\n\n\n\n<li>Minist\u00e9rio da Sa\u00fade \u2013 <a href=\"https:\/\/www.gov.br\/saude\" target=\"_blank\" rel=\"noreferrer noopener\">https:\/\/www.gov.br\/saude<\/a><\/li>\n\n\n\n<li>Organiza\u00e7\u00e3o Mundial da Sa\u00fade (OMS) \u2013 <a href=\"https:\/\/www.who.int\" target=\"_blank\" rel=\"noreferrer noopener\">https:\/\/www.who.int<\/a><\/li>\n<\/ul>\n\n\n\n<p><\/p>\n","protected":false},"excerpt":{"rendered":"<p>O nutricionista Matheus D\u2019Avila ensina que o emagrecimento n\u00e3o precisa ser sin\u00f4nimo de sofrimento ou restri\u00e7\u00f5es extremas. Segundo ele, simples substitui\u00e7\u00f5es no card\u00e1pio podem reduzir significativamente a ingest\u00e3o cal\u00f3rica, sem abrir m\u00e3o do sabor. Ao adotar essas trocas de forma constante, \u00e9 poss\u00edvel criar um d\u00e9ficit cal\u00f3rico que favorece a perda de peso de maneira [&hellip;]<\/p>\n","protected":false},"author":17,"featured_media":89281,"comment_status":"open","ping_status":"open","sticky":false,"template":"","format":"standard","meta":{"jnews-multi-image_gallery":[],"jnews_single_post":{"format":"standard"},"jnews_primary_category":[],"jnews_social_meta":[],"jnews_override_counter":[],"footnotes":""},"categories":[9053],"tags":[10127,3509,327,415],"class_list":["post-89034","post","type-post","status-publish","format-standard","has-post-thumbnail","hentry","category-saude","tag-emagrecer","tag-nutricao","tag-qualidade-de-vida","tag-saude"],"yoast_head":"<!-- This site is optimized with the Yoast SEO plugin v23.8 - https:\/\/yoast.com\/wordpress\/plugins\/seo\/ -->\n<title>Matheus D\u2019Avila, Nutricionista: \u201cEstas pequenas trocas no dia a dia podem cortar centenas de calorias\u201d - Estado de Minas - Em foco<\/title>\n<meta name=\"description\" content=\"O nutricionista Matheus D\u2019Avila ensina substitui\u00e7\u00f5es simples que reduzem calorias sem perder sabor, ajudando no emagrecimento.\" \/>\n<meta name=\"robots\" content=\"index, follow, max-snippet:-1, max-image-preview:large, max-video-preview:-1\" \/>\n<link rel=\"canonical\" href=\"https:\/\/www.em.com.br\/emfoco\/2025\/08\/09\/matheus-davila-nutricionista-estas-pequenas-trocas-no-dia-a-dia-podem-cortar-centenas-de-calorias\/\" \/>\n<meta property=\"og:locale\" content=\"pt_BR\" \/>\n<meta property=\"og:type\" content=\"article\" \/>\n<meta property=\"og:title\" content=\"Matheus D\u2019Avila, Nutricionista: \u201cEstas pequenas trocas no dia a dia podem cortar centenas de calorias\u201d - Estado de Minas - Em foco\" \/>\n<meta property=\"og:description\" content=\"O nutricionista Matheus D\u2019Avila ensina substitui\u00e7\u00f5es simples que reduzem calorias sem perder sabor, ajudando no emagrecimento.\" \/>\n<meta property=\"og:url\" content=\"https:\/\/www.em.com.br\/emfoco\/2025\/08\/09\/matheus-davila-nutricionista-estas-pequenas-trocas-no-dia-a-dia-podem-cortar-centenas-de-calorias\/\" \/>\n<meta property=\"og:site_name\" content=\"Estado de Minas - Em foco\" \/>\n<meta property=\"article:published_time\" content=\"2025-08-09T16:50:58+00:00\" \/>\n<meta property=\"article:modified_time\" content=\"2025-08-09T16:51:00+00:00\" \/>\n<meta property=\"og:image\" content=\"https:\/\/www.em.com.br\/emfoco\/wp-content\/uploads\/2025\/08\/mosaico_1754758147716.jpg\" \/>\n\t<meta property=\"og:image:width\" content=\"1280\" \/>\n\t<meta property=\"og:image:height\" content=\"720\" \/>\n\t<meta property=\"og:image:type\" content=\"image\/jpeg\" \/>\n<meta name=\"author\" content=\"Lucas Sampaio\" \/>\n<meta name=\"twitter:card\" content=\"summary_large_image\" \/>\n<meta name=\"twitter:label1\" content=\"Escrito por\" \/>\n\t<meta name=\"twitter:data1\" content=\"Lucas Sampaio\" \/>\n\t<meta name=\"twitter:label2\" content=\"Est. tempo de leitura\" \/>\n\t<meta name=\"twitter:data2\" content=\"4 minutos\" \/>\n<!-- \/ Yoast SEO plugin. -->","yoast_head_json":{"title":"Matheus D\u2019Avila, Nutricionista: \u201cEstas pequenas trocas no dia a dia podem cortar centenas de calorias\u201d - Estado de Minas - Em foco","description":"O nutricionista Matheus D\u2019Avila ensina substitui\u00e7\u00f5es simples que reduzem calorias sem perder sabor, ajudando no emagrecimento.","robots":{"index":"index","follow":"follow","max-snippet":"max-snippet:-1","max-image-preview":"max-image-preview:large","max-video-preview":"max-video-preview:-1"},"canonical":"https:\/\/www.em.com.br\/emfoco\/2025\/08\/09\/matheus-davila-nutricionista-estas-pequenas-trocas-no-dia-a-dia-podem-cortar-centenas-de-calorias\/","og_locale":"pt_BR","og_type":"article","og_title":"Matheus D\u2019Avila, Nutricionista: \u201cEstas pequenas trocas no dia a dia podem cortar centenas de calorias\u201d - Estado de Minas - Em foco","og_description":"O nutricionista Matheus D\u2019Avila ensina substitui\u00e7\u00f5es simples que reduzem calorias sem perder sabor, ajudando no emagrecimento.","og_url":"https:\/\/www.em.com.br\/emfoco\/2025\/08\/09\/matheus-davila-nutricionista-estas-pequenas-trocas-no-dia-a-dia-podem-cortar-centenas-de-calorias\/","og_site_name":"Estado de Minas - Em foco","article_published_time":"2025-08-09T16:50:58+00:00","article_modified_time":"2025-08-09T16:51:00+00:00","og_image":[{"width":1280,"height":720,"url":"https:\/\/www.em.com.br\/emfoco\/wp-content\/uploads\/2025\/08\/mosaico_1754758147716.jpg","type":"image\/jpeg"}],"author":"Lucas Sampaio","twitter_card":"summary_large_image","twitter_misc":{"Escrito por":"Lucas Sampaio","Est. tempo de leitura":"4 minutos"},"schema":{"@context":"https:\/\/schema.org","@graph":[{"@type":"WebPage","@id":"https:\/\/www.em.com.br\/emfoco\/2025\/08\/09\/matheus-davila-nutricionista-estas-pequenas-trocas-no-dia-a-dia-podem-cortar-centenas-de-calorias\/","url":"https:\/\/www.em.com.br\/emfoco\/2025\/08\/09\/matheus-davila-nutricionista-estas-pequenas-trocas-no-dia-a-dia-podem-cortar-centenas-de-calorias\/","name":"Matheus D\u2019Avila, Nutricionista: \u201cEstas pequenas trocas no dia a dia podem cortar centenas de calorias\u201d - Estado de Minas - Em foco","isPartOf":{"@id":"https:\/\/www.em.com.br\/emfoco\/#website"},"primaryImageOfPage":{"@id":"https:\/\/www.em.com.br\/emfoco\/2025\/08\/09\/matheus-davila-nutricionista-estas-pequenas-trocas-no-dia-a-dia-podem-cortar-centenas-de-calorias\/#primaryimage"},"image":{"@id":"https:\/\/www.em.com.br\/emfoco\/2025\/08\/09\/matheus-davila-nutricionista-estas-pequenas-trocas-no-dia-a-dia-podem-cortar-centenas-de-calorias\/#primaryimage"},"thumbnailUrl":"https:\/\/www.em.com.br\/emfoco\/wp-content\/uploads\/2025\/08\/mosaico_1754758147716.jpg","datePublished":"2025-08-09T16:50:58+00:00","dateModified":"2025-08-09T16:51:00+00:00","author":{"@id":"https:\/\/www.em.com.br\/emfoco\/#\/schema\/person\/9ad4c536bd87f5bb8006420332b99aef"},"description":"O nutricionista Matheus D\u2019Avila ensina substitui\u00e7\u00f5es simples que reduzem calorias sem perder sabor, ajudando no emagrecimento.","breadcrumb":{"@id":"https:\/\/www.em.com.br\/emfoco\/2025\/08\/09\/matheus-davila-nutricionista-estas-pequenas-trocas-no-dia-a-dia-podem-cortar-centenas-de-calorias\/#breadcrumb"},"inLanguage":"pt-BR","potentialAction":[{"@type":"ReadAction","target":["https:\/\/www.em.com.br\/emfoco\/2025\/08\/09\/matheus-davila-nutricionista-estas-pequenas-trocas-no-dia-a-dia-podem-cortar-centenas-de-calorias\/"]}]},{"@type":"ImageObject","inLanguage":"pt-BR","@id":"https:\/\/www.em.com.br\/emfoco\/2025\/08\/09\/matheus-davila-nutricionista-estas-pequenas-trocas-no-dia-a-dia-podem-cortar-centenas-de-calorias\/#primaryimage","url":"https:\/\/www.em.com.br\/emfoco\/wp-content\/uploads\/2025\/08\/mosaico_1754758147716.jpg","contentUrl":"https:\/\/www.em.com.br\/emfoco\/wp-content\/uploads\/2025\/08\/mosaico_1754758147716.jpg","width":1280,"height":720,"caption":"Reprodu\u00e7\u00e3o (TikTok: @matheusdavilanutri)"},{"@type":"BreadcrumbList","@id":"https:\/\/www.em.com.br\/emfoco\/2025\/08\/09\/matheus-davila-nutricionista-estas-pequenas-trocas-no-dia-a-dia-podem-cortar-centenas-de-calorias\/#breadcrumb","itemListElement":[{"@type":"ListItem","position":1,"name":"In\u00edcio","item":"https:\/\/www.em.com.br\/emfoco\/"},{"@type":"ListItem","position":2,"name":"Matheus D\u2019Avila, Nutricionista: \u201cEstas pequenas trocas no dia a dia podem cortar centenas de calorias\u201d"}]},{"@type":"WebSite","@id":"https:\/\/www.em.com.br\/emfoco\/#website","url":"https:\/\/www.em.com.br\/emfoco\/","name":"Estado de Minas - Em foco","description":"Acompanhe as \u00faltimas not\u00edcias e fique bem informado sobre tudo o que acontece em Minas Gerais, Brasil e no mundo.","potentialAction":[{"@type":"SearchAction","target":{"@type":"EntryPoint","urlTemplate":"https:\/\/www.em.com.br\/emfoco\/?s={search_term_string}"},"query-input":{"@type":"PropertyValueSpecification","valueRequired":true,"valueName":"search_term_string"}}],"inLanguage":"pt-BR"},{"@type":"Person","@id":"https:\/\/www.em.com.br\/emfoco\/#\/schema\/person\/9ad4c536bd87f5bb8006420332b99aef","name":"Lucas Sampaio","image":{"@type":"ImageObject","inLanguage":"pt-BR","@id":"https:\/\/www.em.com.br\/emfoco\/#\/schema\/person\/image\/","url":"https:\/\/secure.gravatar.com\/avatar\/2696b9676ad143cd7135b717faf6f79f?s=96&d=mm&r=g","contentUrl":"https:\/\/secure.gravatar.com\/avatar\/2696b9676ad143cd7135b717faf6f79f?s=96&d=mm&r=g","caption":"Lucas Sampaio"},"sameAs":["https:\/\/www.em.com.br\/emfoco\/"],"url":"https:\/\/www.em.com.br\/emfoco\/author\/lucasmyth\/"}]}},"_links":{"self":[{"href":"https:\/\/www.em.com.br\/emfoco\/wp-json\/wp\/v2\/posts\/89034","targetHints":{"allow":["GET"]}}],"collection":[{"href":"https:\/\/www.em.com.br\/emfoco\/wp-json\/wp\/v2\/posts"}],"about":[{"href":"https:\/\/www.em.com.br\/emfoco\/wp-json\/wp\/v2\/types\/post"}],"author":[{"embeddable":true,"href":"https:\/\/www.em.com.br\/emfoco\/wp-json\/wp\/v2\/users\/17"}],"replies":[{"embeddable":true,"href":"https:\/\/www.em.com.br\/emfoco\/wp-json\/wp\/v2\/comments?post=89034"}],"version-history":[{"count":1,"href":"https:\/\/www.em.com.br\/emfoco\/wp-json\/wp\/v2\/posts\/89034\/revisions"}],"predecessor-version":[{"id":89282,"href":"https:\/\/www.em.com.br\/emfoco\/wp-json\/wp\/v2\/posts\/89034\/revisions\/89282"}],"wp:featuredmedia":[{"embeddable":true,"href":"https:\/\/www.em.com.br\/emfoco\/wp-json\/wp\/v2\/media\/89281"}],"wp:attachment":[{"href":"https:\/\/www.em.com.br\/emfoco\/wp-json\/wp\/v2\/media?parent=89034"}],"wp:term":[{"taxonomy":"category","embeddable":true,"href":"https:\/\/www.em.com.br\/emfoco\/wp-json\/wp\/v2\/categories?post=89034"},{"taxonomy":"post_tag","embeddable":true,"href":"https:\/\/www.em.com.br\/emfoco\/wp-json\/wp\/v2\/tags?post=89034"}],"curies":[{"name":"wp","href":"https:\/\/api.w.org\/{rel}","templated":true}]}}