{"id":88950,"date":"2025-08-09T08:00:00","date_gmt":"2025-08-09T11:00:00","guid":{"rendered":"https:\/\/www.em.com.br\/emfoco\/?p=88950"},"modified":"2025-08-08T16:59:55","modified_gmt":"2025-08-08T19:59:55","slug":"quando-o-transplante-de-figado-e-a-unica-opcao-entenda-os-sinais-e-cuidados","status":"publish","type":"post","link":"https:\/\/www.em.com.br\/emfoco\/2025\/08\/09\/quando-o-transplante-de-figado-e-a-unica-opcao-entenda-os-sinais-e-cuidados\/","title":{"rendered":"Quando o Transplante de F\u00edgado \u00e9 a \u00fanica op\u00e7\u00e3o? Entenda os sinais e cuidados"},"content":{"rendered":"\n<p>O <strong>Transplante de F\u00edgado<\/strong> assume um papel crucial no tratamento de condi\u00e7\u00f5es graves do f\u00edgado, representando muitas vezes a \u00fanica sa\u00edda para pacientes que enfrentam doen\u00e7as terminais hep\u00e1ticas. Essas enfermidades, como a cirrose, insufici\u00eancia hep\u00e1tica e c\u00e2ncer hep\u00e1tico, comprometem severamente a fun\u00e7\u00e3o do \u00f3rg\u00e3o, tornando o transplante indispens\u00e1vel. Durante essa interven\u00e7\u00e3o m\u00e9dica, a complexidade \u00e9 evidente e exige t\u00e9cnica avan\u00e7ada e preparo meticuloso para que o procedimento seja bem-sucedido.<\/p>\n\n\n\n<p>Doen\u00e7as hep\u00e1ticas cr\u00f4nicas podem progredir rapidamente, resultando na fal\u00eancia do f\u00edgado. Quando as op\u00e7\u00f5es de tratamento se esgotam, o transplante surge como a \u00fanica alternativa eficaz. O f\u00edgado transplantado pode ser obtido de doadores falecidos, onde ainda se encontra saud\u00e1vel, ou atrav\u00e9s de doa\u00e7\u00e3o intervivo, onde um indiv\u00edduo saud\u00e1vel doa uma por\u00e7\u00e3o do f\u00edgado. Este processo requer uma rigorosa compatibilidade entre doador e receptor para evitar a rejei\u00e7\u00e3o do \u00f3rg\u00e3o.<\/p>\n\n\n\n<h2 class=\"wp-block-heading\">Quais s\u00e3o os motivos por tr\u00e1s da necessidade de um Transplante de F\u00edgado?<\/h2>\n\n\n<div class=\"wp-block-image\">\n<figure class=\"aligncenter size-large\"><img loading=\"lazy\" decoding=\"async\" width=\"1024\" height=\"576\" src=\"https:\/\/www.em.com.br\/emfoco\/wp-content\/uploads\/2025\/08\/transplante-de-figado_1754683145207-1024x576.jpg\" alt=\"\" class=\"wp-image-88952\" srcset=\"https:\/\/www.em.com.br\/emfoco\/wp-content\/uploads\/2025\/08\/transplante-de-figado_1754683145207-1024x576.jpg 1024w, https:\/\/www.em.com.br\/emfoco\/wp-content\/uploads\/2025\/08\/transplante-de-figado_1754683145207-300x169.jpg 300w, https:\/\/www.em.com.br\/emfoco\/wp-content\/uploads\/2025\/08\/transplante-de-figado_1754683145207-768x432.jpg 768w, https:\/\/www.em.com.br\/emfoco\/wp-content\/uploads\/2025\/08\/transplante-de-figado_1754683145207-750x422.jpg 750w, https:\/\/www.em.com.br\/emfoco\/wp-content\/uploads\/2025\/08\/transplante-de-figado_1754683145207-1140x641.jpg 1140w, https:\/\/www.em.com.br\/emfoco\/wp-content\/uploads\/2025\/08\/transplante-de-figado_1754683145207.jpg 1280w\" sizes=\"auto, (max-width: 1024px) 100vw, 1024px\" \/><figcaption class=\"wp-element-caption\">Transplante de F\u00edgado &#8211; Cr\u00e9ditos: depositphotos.com \/ Shidlovski<\/figcaption><\/figure><\/div>\n\n\n<p>O f\u00edgado, sendo um \u00f3rg\u00e3o vital, pode ser severamente afetado por diversas condi\u00e7\u00f5es, levando \u00e0 sua disfun\u00e7\u00e3o completa. A cirrose e a hepatite cr\u00f4nica s\u00e3o algumas das doen\u00e7as mais frequentes que podem levar \u00e0 necessidade de um transplante. Al\u00e9m disso, o c\u00e2ncer de f\u00edgado e doen\u00e7as metab\u00f3licas tamb\u00e9m podem se tornar amea\u00e7as significativas \u00e0 vida do paciente, tornando o transplante uma solu\u00e7\u00e3o vital. O procedimento n\u00e3o \u00e9 considerado em pacientes que t\u00eam outras op\u00e7\u00f5es vi\u00e1veis, mas se estabelece como crucial quando outras interven\u00e7\u00f5es falham.<\/p>\n\n\n\n<h2 class=\"wp-block-heading\">Qual \u00e9 o tempo estimado para um Transplante de F\u00edgado e sua recupera\u00e7\u00e3o?<\/h2>\n\n\n\n<p>O Transplante de F\u00edgado \u00e9 uma cirurgia de longa dura\u00e7\u00e3o, normalmente levando cerca de 10 horas. Ap\u00f3s a cirurgia, os pacientes s\u00e3o acompanhados em unidades de cuidados intensivos para garantir que o novo f\u00edgado esteja funcionando corretamente. O per\u00edodo de interna\u00e7\u00e3o na UTI pode durar entre 10 a 15 dias, dependendo de fatores individuais e da resposta do paciente ao transplante. Esse acompanhamento \u00e9 essencial para monitorar eventuais complica\u00e7\u00f5es e ajustar tratamentos conforme necess\u00e1rio.<\/p>\n\n\n\n<h2 class=\"wp-block-heading\">\u00c9 poss\u00edvel levar uma vida normal ap\u00f3s o Transplante de F\u00edgado?<\/h2>\n\n\n\n<p>Pacientes que passam por um Transplante de F\u00edgado geralmente conseguem retomar suas rotinas normais, desde que sigam as recomenda\u00e7\u00f5es m\u00e9dicas. O uso de medicamentos imunossupressores \u00e9 essencial para evitar a rejei\u00e7\u00e3o do novo \u00f3rg\u00e3o. Adicionalmente, consultas m\u00e9dicas regulares, uma dieta equilibrada e evitar subst\u00e2ncias como \u00e1lcool e tabaco s\u00e3o passos importantes na recupera\u00e7\u00e3o. Atividades f\u00edsicas s\u00e3o encorajadas para manter um estilo de vida saud\u00e1vel, por\u00e9m devem ser moderadas e seguidas de perto por profissionais de sa\u00fade.<\/p>\n\n\n\n<h2 class=\"wp-block-heading\">Quais cuidados devem ser mantidos ap\u00f3s o Transplante de F\u00edgado?<\/h2>\n\n\n\n<p>Os cuidados ap\u00f3s o Transplante de F\u00edgado s\u00e3o cont\u00ednuos e vitais para assegurar a longevidade do novo \u00f3rg\u00e3o. Preven\u00e7\u00e3o de infec\u00e7\u00f5es \u00e9 fundamental, o que inclui manter um regime de higiene rigoroso e a realiza\u00e7\u00e3o de vacinas de forma regular. O acompanhamento especializado garante n\u00e3o apenas a sa\u00fade do novo f\u00edgado, mas tamb\u00e9m a preven\u00e7\u00e3o de complica\u00e7\u00f5es metab\u00f3licas e nutricionais. Com estes cuidados e um acompanhamento constante, muitos pacientes desfrutam de uma vida plena e ativa.<\/p>\n\n\n\n<p>O Transplante de F\u00edgado continua sendo uma interven\u00e7\u00e3o transformadora para aqueles com doen\u00e7as hep\u00e1ticas graves. Embora o procedimento e os cuidados p\u00f3s-operat\u00f3rios sejam complexos, eles oferecem uma renovada esperan\u00e7a de vida e qualidade para os pacientes. O sucesso a longo prazo depende de um compromisso cont\u00ednuo com a sa\u00fade e acompanhamento m\u00e9dico rigoroso.<\/p>\n\n\n<a href=\"https:\/\/www.instagram.com\/dra.annaluisabf\/\" target=\"_blank\" style=\"text-decoration: none; color: inherit;\">\n  <span style=\"display:inline-block; border:1px solid #ccc; border-radius:10px; padding:15px; max-width:550px; font-family:sans-serif; box-shadow:0 2px 5px rgba(0,0,0,0.1);\">\n    <span style=\"margin:0 0 15px 0; font-weight:bold; color:#2c3e50; text-align: center;\">Entre em contato:<\/span>\n\n    <span style=\"display:flex; align-items:center;\">\n      <img decoding=\"async\" src=\"https:\/\/www.correiobraziliense.com.br\/cbradar\/wp-content\/uploads\/2025\/08\/dra_anna_luisa.jpeg\" alt=\"Dra Anna Lu\u00edsa\" style=\"border-radius:50%; width:80px; height:80px; margin-right:15px;\">\n      <span style=\"flex:1;\">\n        <h3 style=\"margin:0 0 5px 0;\">Dra. Anna Lu\u00edsa Barbosa Fernandes<\/h3>\n        <p style=\"margin:0 0 10px 0;\">CRM-GO 33.271<\/p>\n        <span style=\"display:flex; gap:10px;\">\n          <img decoding=\"async\" src=\"https:\/\/cdn-icons-png.flaticon.com\/24\/1384\/1384063.png\" alt=\"Instagram\">\n        <\/span>\n      <\/span>\n    <\/span>\n  <\/span>\n<\/a>","protected":false},"excerpt":{"rendered":"<p>O Transplante de F\u00edgado assume um papel crucial no tratamento de condi\u00e7\u00f5es graves do f\u00edgado, representando muitas vezes a \u00fanica sa\u00edda para pacientes que enfrentam doen\u00e7as terminais hep\u00e1ticas. Essas enfermidades, como a cirrose, insufici\u00eancia hep\u00e1tica e c\u00e2ncer hep\u00e1tico, comprometem severamente a fun\u00e7\u00e3o do \u00f3rg\u00e3o, tornando o transplante indispens\u00e1vel. Durante essa interven\u00e7\u00e3o m\u00e9dica, a complexidade \u00e9 [&hellip;]<\/p>\n","protected":false},"author":25,"featured_media":88951,"comment_status":"open","ping_status":"open","sticky":false,"template":"","format":"standard","meta":{"jnews-multi-image_gallery":[],"jnews_single_post":{"format":"standard"},"jnews_primary_category":[],"jnews_social_meta":[],"jnews_override_counter":[],"footnotes":""},"categories":[9053],"tags":[9836,415,13675],"class_list":["post-88950","post","type-post","status-publish","format-standard","has-post-thumbnail","hentry","category-saude","tag-cirurgia","tag-saude","tag-transplante"],"yoast_head":"<!-- This site is optimized with the Yoast SEO plugin v23.8 - https:\/\/yoast.com\/wordpress\/plugins\/seo\/ -->\n<title>Quando o Transplante de F\u00edgado \u00e9 a \u00fanica op\u00e7\u00e3o? Entenda os sinais e cuidados - Estado de Minas - Em foco<\/title>\n<meta name=\"description\" content=\"Entenda por que o transplante de f\u00edgado salva vidas, como ocorre a doa\u00e7\u00e3o e quais s\u00e3o os cuidados fundamentais para ter qualidade de vida.\" \/>\n<meta name=\"robots\" content=\"index, follow, max-snippet:-1, max-image-preview:large, max-video-preview:-1\" \/>\n<link rel=\"canonical\" href=\"https:\/\/www.em.com.br\/emfoco\/2025\/08\/09\/quando-o-transplante-de-figado-e-a-unica-opcao-entenda-os-sinais-e-cuidados\/\" \/>\n<meta property=\"og:locale\" content=\"pt_BR\" \/>\n<meta property=\"og:type\" content=\"article\" \/>\n<meta property=\"og:title\" content=\"Quando o Transplante de F\u00edgado \u00e9 a \u00fanica op\u00e7\u00e3o? Entenda os sinais e cuidados - Estado de Minas - Em foco\" \/>\n<meta property=\"og:description\" content=\"Entenda por que o transplante de f\u00edgado salva vidas, como ocorre a doa\u00e7\u00e3o e quais s\u00e3o os cuidados fundamentais para ter qualidade de vida.\" \/>\n<meta property=\"og:url\" content=\"https:\/\/www.em.com.br\/emfoco\/2025\/08\/09\/quando-o-transplante-de-figado-e-a-unica-opcao-entenda-os-sinais-e-cuidados\/\" \/>\n<meta property=\"og:site_name\" content=\"Estado de Minas - Em foco\" \/>\n<meta property=\"article:published_time\" content=\"2025-08-09T11:00:00+00:00\" \/>\n<meta property=\"article:modified_time\" content=\"2025-08-08T19:59:55+00:00\" \/>\n<meta property=\"og:image\" content=\"https:\/\/www.em.com.br\/emfoco\/wp-content\/uploads\/2025\/08\/transplante-de-figado_1754678024787.jpg\" \/>\n\t<meta property=\"og:image:width\" content=\"1280\" \/>\n\t<meta property=\"og:image:height\" content=\"720\" \/>\n\t<meta property=\"og:image:type\" content=\"image\/jpeg\" \/>\n<meta name=\"author\" content=\"Guilherme Lopes\" \/>\n<meta name=\"twitter:card\" content=\"summary_large_image\" \/>\n<meta name=\"twitter:label1\" content=\"Escrito por\" \/>\n\t<meta name=\"twitter:data1\" content=\"Guilherme Lopes\" \/>\n\t<meta name=\"twitter:label2\" content=\"Est. tempo de leitura\" \/>\n\t<meta name=\"twitter:data2\" content=\"4 minutos\" \/>\n<!-- \/ Yoast SEO plugin. -->","yoast_head_json":{"title":"Quando o Transplante de F\u00edgado \u00e9 a \u00fanica op\u00e7\u00e3o? Entenda os sinais e cuidados - Estado de Minas - Em foco","description":"Entenda por que o transplante de f\u00edgado salva vidas, como ocorre a doa\u00e7\u00e3o e quais s\u00e3o os cuidados fundamentais para ter qualidade de vida.","robots":{"index":"index","follow":"follow","max-snippet":"max-snippet:-1","max-image-preview":"max-image-preview:large","max-video-preview":"max-video-preview:-1"},"canonical":"https:\/\/www.em.com.br\/emfoco\/2025\/08\/09\/quando-o-transplante-de-figado-e-a-unica-opcao-entenda-os-sinais-e-cuidados\/","og_locale":"pt_BR","og_type":"article","og_title":"Quando o Transplante de F\u00edgado \u00e9 a \u00fanica op\u00e7\u00e3o? Entenda os sinais e cuidados - Estado de Minas - Em foco","og_description":"Entenda por que o transplante de f\u00edgado salva vidas, como ocorre a doa\u00e7\u00e3o e quais s\u00e3o os cuidados fundamentais para ter qualidade de vida.","og_url":"https:\/\/www.em.com.br\/emfoco\/2025\/08\/09\/quando-o-transplante-de-figado-e-a-unica-opcao-entenda-os-sinais-e-cuidados\/","og_site_name":"Estado de Minas - Em foco","article_published_time":"2025-08-09T11:00:00+00:00","article_modified_time":"2025-08-08T19:59:55+00:00","og_image":[{"width":1280,"height":720,"url":"https:\/\/www.em.com.br\/emfoco\/wp-content\/uploads\/2025\/08\/transplante-de-figado_1754678024787.jpg","type":"image\/jpeg"}],"author":"Guilherme Lopes","twitter_card":"summary_large_image","twitter_misc":{"Escrito por":"Guilherme Lopes","Est. tempo de leitura":"4 minutos"},"schema":{"@context":"https:\/\/schema.org","@graph":[{"@type":"WebPage","@id":"https:\/\/www.em.com.br\/emfoco\/2025\/08\/09\/quando-o-transplante-de-figado-e-a-unica-opcao-entenda-os-sinais-e-cuidados\/","url":"https:\/\/www.em.com.br\/emfoco\/2025\/08\/09\/quando-o-transplante-de-figado-e-a-unica-opcao-entenda-os-sinais-e-cuidados\/","name":"Quando o Transplante de F\u00edgado \u00e9 a \u00fanica op\u00e7\u00e3o? Entenda os sinais e cuidados - Estado de Minas - Em foco","isPartOf":{"@id":"https:\/\/www.em.com.br\/emfoco\/#website"},"primaryImageOfPage":{"@id":"https:\/\/www.em.com.br\/emfoco\/2025\/08\/09\/quando-o-transplante-de-figado-e-a-unica-opcao-entenda-os-sinais-e-cuidados\/#primaryimage"},"image":{"@id":"https:\/\/www.em.com.br\/emfoco\/2025\/08\/09\/quando-o-transplante-de-figado-e-a-unica-opcao-entenda-os-sinais-e-cuidados\/#primaryimage"},"thumbnailUrl":"https:\/\/www.em.com.br\/emfoco\/wp-content\/uploads\/2025\/08\/transplante-de-figado_1754678024787.jpg","datePublished":"2025-08-09T11:00:00+00:00","dateModified":"2025-08-08T19:59:55+00:00","author":{"@id":"https:\/\/www.em.com.br\/emfoco\/#\/schema\/person\/f6eade2e287023da170a1b2b329f68e5"},"description":"Entenda por que o transplante de f\u00edgado salva vidas, como ocorre a doa\u00e7\u00e3o e quais s\u00e3o os cuidados fundamentais para ter qualidade de vida.","breadcrumb":{"@id":"https:\/\/www.em.com.br\/emfoco\/2025\/08\/09\/quando-o-transplante-de-figado-e-a-unica-opcao-entenda-os-sinais-e-cuidados\/#breadcrumb"},"inLanguage":"pt-BR","potentialAction":[{"@type":"ReadAction","target":["https:\/\/www.em.com.br\/emfoco\/2025\/08\/09\/quando-o-transplante-de-figado-e-a-unica-opcao-entenda-os-sinais-e-cuidados\/"]}]},{"@type":"ImageObject","inLanguage":"pt-BR","@id":"https:\/\/www.em.com.br\/emfoco\/2025\/08\/09\/quando-o-transplante-de-figado-e-a-unica-opcao-entenda-os-sinais-e-cuidados\/#primaryimage","url":"https:\/\/www.em.com.br\/emfoco\/wp-content\/uploads\/2025\/08\/transplante-de-figado_1754678024787.jpg","contentUrl":"https:\/\/www.em.com.br\/emfoco\/wp-content\/uploads\/2025\/08\/transplante-de-figado_1754678024787.jpg","width":1280,"height":720,"caption":"Transplante de F\u00edgado - Cr\u00e9ditos: depositphotos.com \/ Shidlovski"},{"@type":"BreadcrumbList","@id":"https:\/\/www.em.com.br\/emfoco\/2025\/08\/09\/quando-o-transplante-de-figado-e-a-unica-opcao-entenda-os-sinais-e-cuidados\/#breadcrumb","itemListElement":[{"@type":"ListItem","position":1,"name":"In\u00edcio","item":"https:\/\/www.em.com.br\/emfoco\/"},{"@type":"ListItem","position":2,"name":"Quando o Transplante de F\u00edgado \u00e9 a \u00fanica op\u00e7\u00e3o? Entenda os sinais e cuidados"}]},{"@type":"WebSite","@id":"https:\/\/www.em.com.br\/emfoco\/#website","url":"https:\/\/www.em.com.br\/emfoco\/","name":"Estado de Minas - Em foco","description":"Acompanhe as \u00faltimas not\u00edcias e fique bem informado sobre tudo o que acontece em Minas Gerais, Brasil e no mundo.","potentialAction":[{"@type":"SearchAction","target":{"@type":"EntryPoint","urlTemplate":"https:\/\/www.em.com.br\/emfoco\/?s={search_term_string}"},"query-input":{"@type":"PropertyValueSpecification","valueRequired":true,"valueName":"search_term_string"}}],"inLanguage":"pt-BR"},{"@type":"Person","@id":"https:\/\/www.em.com.br\/emfoco\/#\/schema\/person\/f6eade2e287023da170a1b2b329f68e5","name":"Guilherme Lopes","image":{"@type":"ImageObject","inLanguage":"pt-BR","@id":"https:\/\/www.em.com.br\/emfoco\/#\/schema\/person\/image\/","url":"https:\/\/secure.gravatar.com\/avatar\/df9adfb835d344bc0af109d41756253f?s=96&d=mm&r=g","contentUrl":"https:\/\/secure.gravatar.com\/avatar\/df9adfb835d344bc0af109d41756253f?s=96&d=mm&r=g","caption":"Guilherme Lopes"},"url":"https:\/\/www.em.com.br\/emfoco\/author\/guilherme_saude\/"}]}},"_links":{"self":[{"href":"https:\/\/www.em.com.br\/emfoco\/wp-json\/wp\/v2\/posts\/88950","targetHints":{"allow":["GET"]}}],"collection":[{"href":"https:\/\/www.em.com.br\/emfoco\/wp-json\/wp\/v2\/posts"}],"about":[{"href":"https:\/\/www.em.com.br\/emfoco\/wp-json\/wp\/v2\/types\/post"}],"author":[{"embeddable":true,"href":"https:\/\/www.em.com.br\/emfoco\/wp-json\/wp\/v2\/users\/25"}],"replies":[{"embeddable":true,"href":"https:\/\/www.em.com.br\/emfoco\/wp-json\/wp\/v2\/comments?post=88950"}],"version-history":[{"count":1,"href":"https:\/\/www.em.com.br\/emfoco\/wp-json\/wp\/v2\/posts\/88950\/revisions"}],"predecessor-version":[{"id":88953,"href":"https:\/\/www.em.com.br\/emfoco\/wp-json\/wp\/v2\/posts\/88950\/revisions\/88953"}],"wp:featuredmedia":[{"embeddable":true,"href":"https:\/\/www.em.com.br\/emfoco\/wp-json\/wp\/v2\/media\/88951"}],"wp:attachment":[{"href":"https:\/\/www.em.com.br\/emfoco\/wp-json\/wp\/v2\/media?parent=88950"}],"wp:term":[{"taxonomy":"category","embeddable":true,"href":"https:\/\/www.em.com.br\/emfoco\/wp-json\/wp\/v2\/categories?post=88950"},{"taxonomy":"post_tag","embeddable":true,"href":"https:\/\/www.em.com.br\/emfoco\/wp-json\/wp\/v2\/tags?post=88950"}],"curies":[{"name":"wp","href":"https:\/\/api.w.org\/{rel}","templated":true}]}}