{"id":88896,"date":"2025-08-09T17:30:00","date_gmt":"2025-08-09T20:30:00","guid":{"rendered":"https:\/\/www.em.com.br\/emfoco\/?p=88896"},"modified":"2025-08-08T15:34:46","modified_gmt":"2025-08-08T18:34:46","slug":"cidade-conquista-quem-busca-ferias-animadas-e-cultura-nordestina-em-cada-esquina","status":"publish","type":"post","link":"https:\/\/www.em.com.br\/emfoco\/2025\/08\/09\/cidade-conquista-quem-busca-ferias-animadas-e-cultura-nordestina-em-cada-esquina\/","title":{"rendered":"Cidade conquista quem busca f\u00e9rias animadas e cultura nordestina em cada esquina"},"content":{"rendered":"\n<p><strong>Fortaleza<\/strong>, situada na regi\u00e3o nordeste do <strong>Brasil<\/strong>, destaca-se por sua rica cultura, praias deslumbrantes e vibrante vida urbana. Com uma popula\u00e7\u00e3o de aproximadamente 2,7 milh\u00f5es de pessoas, conforme dados do <strong>IBGE<\/strong> de 2024, a cidade \u00e9 um importante polo econ\u00f4mico e cultural do estado do <strong>Cear\u00e1<\/strong>. O clima tropical e a hospitalidade cearense fazem de Fortaleza um destino atrativo tanto para moradores quanto para turistas em busca de sol, cultura e belezas naturais, segundo o <a href=\"https:\/\/bmcnews.com.br\/2025\/05\/10\/essa-cidade-e-uma-das-melhores-para-curtir-as-ferias-no-brasil\/\" target=\"_blank\" rel=\"noreferrer noopener\">site BM&amp;C News.<\/a><\/p>\n\n\n\n<p>A hist\u00f3ria de Fortaleza remonta a 1726, e ao longo dos s\u00e9culos, a cidade se consolidou como um dos centros culturais mais significativos do Brasil. Com seu cen\u00e1rio urbano repleto de eventos como o Fortaleza Junina e locais ic\u00f4nicos como a Praia do Futuro, a cidade combina tradi\u00e7\u00f5es nordestinas e modernidade, criando uma experi\u00eancia \u00fanica para seus visitantes.<\/p>\n\n\n\n<h2 class=\"wp-block-heading\">Como a qualidade de vida e a infraestrutura impactam os moradores de Fortaleza?<\/h2>\n\n\n\n<p>A qualidade de vida em Fortaleza \u00e9 not\u00e1vel por sua combina\u00e7\u00e3o de infraestrutura urbana e paisagens <a href=\"https:\/\/www.em.com.br\/emfoco\/2025\/08\/08\/essa-cidade-combina-tradicao-e-tecnologia-com-qualidade-de-vida-para-quem-busca-viver-bem-no-interior\/\" target=\"_blank\" rel=\"noreferrer noopener\">naturais<\/a>. A cidade oferece um sistema de transporte p\u00fablico eficiente, incluindo \u00f4nibus e o Metr\u00f4 de Fortaleza, que conectam diversos bairros. O Aeroporto Internacional de Fortaleza facilita o acesso para viagens nacionais e internacionais, enquanto a BR-116 conecta a cidade a outras importantes regi\u00f5es do nordeste.<\/p>\n\n\n\n<p>Fortaleza tamb\u00e9m \u00e9 reconhecida por sua s\u00f3lida infraestrutura de sa\u00fade, promovida por unidades como o Hospital Geral de Fortaleza e cl\u00ednicas privadas renomadas. Al\u00e9m disso, \u00e1reas como Meireles disp\u00f5em de internet de alta velocidade e saneamento b\u00e1sico adequado, assegurando uma vida confort\u00e1vel para seus habitantes. Recentemente, a cidade tamb\u00e9m tem investido em projetos de mobilidade urbana acess\u00edvel, como a amplia\u00e7\u00e3o de corredores exclusivos para \u00f4nibus e o incentivo ao uso de bicicletas compartilhadas.<\/p>\n\n\n\n<h2 class=\"wp-block-heading\">Quais s\u00e3o os principais esfor\u00e7os de sustentabilidade na cidade?<\/h2>\n\n\n\n<p>No que diz respeito \u00e0 sustentabilidade, Fortaleza se destaca com projetos inovadores, como o Fortaleza Cidade Solar, que incentiva o uso de energias renov\u00e1veis. Al\u00e9m disso, a administra\u00e7\u00e3o p\u00fablica investe na implementa\u00e7\u00e3o de ciclovias, particularmente na Avenida Beira-Mar, e promove reciclagem de res\u00edduos, atingindo cerca de 15% do total gerado.<\/p>\n\n\n\n<p>Os esfor\u00e7os para preservar o litoral e locais naturais, como o Parque do Coc\u00f3, refletem o compromisso da cidade com um desenvolvimento sustent\u00e1vel. No entanto, desafios ainda s\u00e3o enfrentados, como a quest\u00e3o do lixo em praias urbanas, evidenciando a necessidade de maior conscientiza\u00e7\u00e3o ambiental. Em 2024, projetos de educa\u00e7\u00e3o ambiental tamb\u00e9m foram expandidos em escolas locais, incentivando atividades de coleta seletiva e reflorestamento de \u00e1reas urbanas degradadas.<\/p>\n\n\n<div class=\"wp-block-image\">\n<figure class=\"aligncenter size-large\"><img loading=\"lazy\" decoding=\"async\" width=\"1024\" height=\"576\" src=\"https:\/\/www.em.com.br\/emfoco\/wp-content\/uploads\/2025\/07\/fortaleza_1753635719313-1024x576.jpg\" alt=\"Cidade conquista quem busca f\u00e9rias animadas e cultura nordestina em cada esquina\" class=\"wp-image-82219\" srcset=\"https:\/\/www.em.com.br\/emfoco\/wp-content\/uploads\/2025\/07\/fortaleza_1753635719313-1024x576.jpg 1024w, https:\/\/www.em.com.br\/emfoco\/wp-content\/uploads\/2025\/07\/fortaleza_1753635719313-300x169.jpg 300w, https:\/\/www.em.com.br\/emfoco\/wp-content\/uploads\/2025\/07\/fortaleza_1753635719313-768x432.jpg 768w, https:\/\/www.em.com.br\/emfoco\/wp-content\/uploads\/2025\/07\/fortaleza_1753635719313-750x422.jpg 750w, https:\/\/www.em.com.br\/emfoco\/wp-content\/uploads\/2025\/07\/fortaleza_1753635719313-1140x641.jpg 1140w, https:\/\/www.em.com.br\/emfoco\/wp-content\/uploads\/2025\/07\/fortaleza_1753635719313.jpg 1280w\" sizes=\"auto, (max-width: 1024px) 100vw, 1024px\" \/><figcaption class=\"wp-element-caption\">Fortaleza (Cr\u00e9ditos: depositphotos.com \/ moviafilmes)<\/figcaption><\/figure><\/div>\n\n\n<h2 class=\"wp-block-heading\">Como a educa\u00e7\u00e3o em Fortaleza contribui para o desenvolvimento da cidade?<\/h2>\n\n\n\n<p>A cidade \u00e9 um centro educacional de destaque, com institui\u00e7\u00f5es renomadas como a Universidade Federal do Cear\u00e1 (UFC), oferecendo cursos de alto padr\u00e3o em diversas \u00e1reas. O ensino fundamental e m\u00e9dio em Fortaleza \u00e9 fortalecido por escolas municipais e privadas que se dedicam \u00e0 promo\u00e7\u00e3o da cultura nordestina em seu curr\u00edculo.<\/p>\n\n\n\n<p>Al\u00e9m do setor acad\u00eamico, Fortaleza \u00e9 um centro cultural pulsante, com projetos que promovem a identidade nordestina. Oficinas de xilogravura no Centro Drag\u00e3o do Mar e outras iniciativas culturais enriquecem a experi\u00eancia educacional e cultural da cidade. Em anos recentes, destaca-se ainda a cria\u00e7\u00e3o de centros de inova\u00e7\u00e3o tecnol\u00f3gica ligados a universidades, incentivando pesquisa aplicada em \u00e1reas como energias limpas e tecnologia da informa\u00e7\u00e3o.<\/p>\n\n\n\n<h2 class=\"wp-block-heading\">De que forma a economia e o turismo tornam Fortaleza uma cidade vibrante?<\/h2>\n\n\n\n<p>O turismo, o com\u00e9rcio e os servi\u00e7os formam a espinha dorsal da economia de Fortaleza. Com aproximadamente 3,5 milh\u00f5es de turistas anuais, atra\u00eddos por praias ic\u00f4nicas e eventos culturais, a cidade proporciona in\u00fameras oportunidades de trabalho e renda. Com\u00e9rcio de artesanato, tecnologia no Digital Hub Fortaleza e agricultura tamb\u00e9m s\u00e3o setores econ\u00f4micos relevantes.<\/p>\n\n\n\n<p>Fortaleza abriga eventos grandiosos como o Carnaval, que celebra a rica tradi\u00e7\u00e3o cultural e continua a ser um importante impulso econ\u00f4mico. Al\u00e9m disso, feiras gastron\u00f4micas que acontecem regularmente destacam a diversidade culin\u00e1ria local, contribuindo para a vivacidade econ\u00f4mica da cidade. Recentemente, o mercado de startups cresceu de modo expressivo, promovendo o empreendedorismo juvenil e ampliando as oportunidades em economia criativa.<\/p>\n","protected":false},"excerpt":{"rendered":"<p>Fortaleza, situada na regi\u00e3o nordeste do Brasil, destaca-se por sua rica cultura, praias deslumbrantes e vibrante vida urbana. Com uma popula\u00e7\u00e3o de aproximadamente 2,7 milh\u00f5es de pessoas, conforme dados do IBGE de 2024, a cidade \u00e9 um importante polo econ\u00f4mico e cultural do estado do Cear\u00e1. O clima tropical e a hospitalidade cearense fazem de [&hellip;]<\/p>\n","protected":false},"author":10,"featured_media":56374,"comment_status":"open","ping_status":"open","sticky":false,"template":"","format":"standard","meta":{"jnews-multi-image_gallery":[],"jnews_single_post":{"format":"standard"},"jnews_primary_category":[],"jnews_social_meta":[],"jnews_override_counter":[],"footnotes":""},"categories":[26],"tags":[3260,11179,1189,157],"class_list":["post-88896","post","type-post","status-publish","format-standard","has-post-thumbnail","hentry","category-cidades","tag-ceara","tag-cidade-2","tag-fortaleza","tag-turismo"],"yoast_head":"<!-- This site is optimized with the Yoast SEO plugin v23.8 - https:\/\/yoast.com\/wordpress\/plugins\/seo\/ -->\n<title>Cidade conquista quem busca f\u00e9rias animadas e cultura nordestina em cada esquina - Estado de Minas - Em foco<\/title>\n<meta name=\"description\" content=\"Praias incr\u00edveis, vida urbana animada, sustentabilidade e muita tradi\u00e7\u00e3o tornam a cidade destaque para quem busca f\u00e9rias diferentes no Brasil\" \/>\n<meta name=\"robots\" content=\"index, follow, max-snippet:-1, max-image-preview:large, max-video-preview:-1\" \/>\n<link rel=\"canonical\" href=\"https:\/\/www.em.com.br\/emfoco\/2025\/08\/09\/cidade-conquista-quem-busca-ferias-animadas-e-cultura-nordestina-em-cada-esquina\/\" \/>\n<meta property=\"og:locale\" content=\"pt_BR\" \/>\n<meta property=\"og:type\" content=\"article\" \/>\n<meta property=\"og:title\" content=\"Cidade conquista quem busca f\u00e9rias animadas e cultura nordestina em cada esquina - Estado de Minas - Em foco\" \/>\n<meta property=\"og:description\" content=\"Praias incr\u00edveis, vida urbana animada, sustentabilidade e muita tradi\u00e7\u00e3o tornam a cidade destaque para quem busca f\u00e9rias diferentes no Brasil\" \/>\n<meta property=\"og:url\" content=\"https:\/\/www.em.com.br\/emfoco\/2025\/08\/09\/cidade-conquista-quem-busca-ferias-animadas-e-cultura-nordestina-em-cada-esquina\/\" \/>\n<meta property=\"og:site_name\" content=\"Estado de Minas - Em foco\" \/>\n<meta property=\"article:published_time\" content=\"2025-08-09T20:30:00+00:00\" \/>\n<meta property=\"article:modified_time\" content=\"2025-08-08T18:34:46+00:00\" \/>\n<meta property=\"og:image\" content=\"https:\/\/www.em.com.br\/emfoco\/wp-content\/uploads\/2025\/06\/fortaleza_1749152437409.jpg\" \/>\n\t<meta property=\"og:image:width\" content=\"1280\" \/>\n\t<meta property=\"og:image:height\" content=\"720\" \/>\n\t<meta property=\"og:image:type\" content=\"image\/jpeg\" \/>\n<meta name=\"author\" content=\"Patryck Reinehr\" \/>\n<meta name=\"twitter:card\" content=\"summary_large_image\" \/>\n<meta name=\"twitter:label1\" content=\"Escrito por\" \/>\n\t<meta name=\"twitter:data1\" content=\"Patryck Reinehr\" \/>\n\t<meta name=\"twitter:label2\" content=\"Est. tempo de leitura\" \/>\n\t<meta name=\"twitter:data2\" content=\"5 minutos\" \/>\n<!-- \/ Yoast SEO plugin. -->","yoast_head_json":{"title":"Cidade conquista quem busca f\u00e9rias animadas e cultura nordestina em cada esquina - Estado de Minas - Em foco","description":"Praias incr\u00edveis, vida urbana animada, sustentabilidade e muita tradi\u00e7\u00e3o tornam a cidade destaque para quem busca f\u00e9rias diferentes no Brasil","robots":{"index":"index","follow":"follow","max-snippet":"max-snippet:-1","max-image-preview":"max-image-preview:large","max-video-preview":"max-video-preview:-1"},"canonical":"https:\/\/www.em.com.br\/emfoco\/2025\/08\/09\/cidade-conquista-quem-busca-ferias-animadas-e-cultura-nordestina-em-cada-esquina\/","og_locale":"pt_BR","og_type":"article","og_title":"Cidade conquista quem busca f\u00e9rias animadas e cultura nordestina em cada esquina - Estado de Minas - Em foco","og_description":"Praias incr\u00edveis, vida urbana animada, sustentabilidade e muita tradi\u00e7\u00e3o tornam a cidade destaque para quem busca f\u00e9rias diferentes no Brasil","og_url":"https:\/\/www.em.com.br\/emfoco\/2025\/08\/09\/cidade-conquista-quem-busca-ferias-animadas-e-cultura-nordestina-em-cada-esquina\/","og_site_name":"Estado de Minas - Em foco","article_published_time":"2025-08-09T20:30:00+00:00","article_modified_time":"2025-08-08T18:34:46+00:00","og_image":[{"width":1280,"height":720,"url":"https:\/\/www.em.com.br\/emfoco\/wp-content\/uploads\/2025\/06\/fortaleza_1749152437409.jpg","type":"image\/jpeg"}],"author":"Patryck Reinehr","twitter_card":"summary_large_image","twitter_misc":{"Escrito por":"Patryck Reinehr","Est. tempo de leitura":"5 minutos"},"schema":{"@context":"https:\/\/schema.org","@graph":[{"@type":"WebPage","@id":"https:\/\/www.em.com.br\/emfoco\/2025\/08\/09\/cidade-conquista-quem-busca-ferias-animadas-e-cultura-nordestina-em-cada-esquina\/","url":"https:\/\/www.em.com.br\/emfoco\/2025\/08\/09\/cidade-conquista-quem-busca-ferias-animadas-e-cultura-nordestina-em-cada-esquina\/","name":"Cidade conquista quem busca f\u00e9rias animadas e cultura nordestina em cada esquina - Estado de Minas - Em foco","isPartOf":{"@id":"https:\/\/www.em.com.br\/emfoco\/#website"},"primaryImageOfPage":{"@id":"https:\/\/www.em.com.br\/emfoco\/2025\/08\/09\/cidade-conquista-quem-busca-ferias-animadas-e-cultura-nordestina-em-cada-esquina\/#primaryimage"},"image":{"@id":"https:\/\/www.em.com.br\/emfoco\/2025\/08\/09\/cidade-conquista-quem-busca-ferias-animadas-e-cultura-nordestina-em-cada-esquina\/#primaryimage"},"thumbnailUrl":"https:\/\/www.em.com.br\/emfoco\/wp-content\/uploads\/2025\/06\/fortaleza_1749152437409.jpg","datePublished":"2025-08-09T20:30:00+00:00","dateModified":"2025-08-08T18:34:46+00:00","author":{"@id":"https:\/\/www.em.com.br\/emfoco\/#\/schema\/person\/43407752bebcbbb4d0ec79deedc0d7ce"},"description":"Praias incr\u00edveis, vida urbana animada, sustentabilidade e muita tradi\u00e7\u00e3o tornam a cidade destaque para quem busca f\u00e9rias diferentes no Brasil","breadcrumb":{"@id":"https:\/\/www.em.com.br\/emfoco\/2025\/08\/09\/cidade-conquista-quem-busca-ferias-animadas-e-cultura-nordestina-em-cada-esquina\/#breadcrumb"},"inLanguage":"pt-BR","potentialAction":[{"@type":"ReadAction","target":["https:\/\/www.em.com.br\/emfoco\/2025\/08\/09\/cidade-conquista-quem-busca-ferias-animadas-e-cultura-nordestina-em-cada-esquina\/"]}]},{"@type":"ImageObject","inLanguage":"pt-BR","@id":"https:\/\/www.em.com.br\/emfoco\/2025\/08\/09\/cidade-conquista-quem-busca-ferias-animadas-e-cultura-nordestina-em-cada-esquina\/#primaryimage","url":"https:\/\/www.em.com.br\/emfoco\/wp-content\/uploads\/2025\/06\/fortaleza_1749152437409.jpg","contentUrl":"https:\/\/www.em.com.br\/emfoco\/wp-content\/uploads\/2025\/06\/fortaleza_1749152437409.jpg","width":1280,"height":720,"caption":"Fortaleza (Cr\u00e9ditos: depositphotos.com \/ gustavofrazao)"},{"@type":"BreadcrumbList","@id":"https:\/\/www.em.com.br\/emfoco\/2025\/08\/09\/cidade-conquista-quem-busca-ferias-animadas-e-cultura-nordestina-em-cada-esquina\/#breadcrumb","itemListElement":[{"@type":"ListItem","position":1,"name":"In\u00edcio","item":"https:\/\/www.em.com.br\/emfoco\/"},{"@type":"ListItem","position":2,"name":"Cidade conquista quem busca f\u00e9rias animadas e cultura nordestina em cada esquina"}]},{"@type":"WebSite","@id":"https:\/\/www.em.com.br\/emfoco\/#website","url":"https:\/\/www.em.com.br\/emfoco\/","name":"Estado de Minas - Em foco","description":"Acompanhe as \u00faltimas not\u00edcias e fique bem informado sobre tudo o que acontece em Minas Gerais, Brasil e no mundo.","potentialAction":[{"@type":"SearchAction","target":{"@type":"EntryPoint","urlTemplate":"https:\/\/www.em.com.br\/emfoco\/?s={search_term_string}"},"query-input":{"@type":"PropertyValueSpecification","valueRequired":true,"valueName":"search_term_string"}}],"inLanguage":"pt-BR"},{"@type":"Person","@id":"https:\/\/www.em.com.br\/emfoco\/#\/schema\/person\/43407752bebcbbb4d0ec79deedc0d7ce","name":"Patryck Reinehr","image":{"@type":"ImageObject","inLanguage":"pt-BR","@id":"https:\/\/www.em.com.br\/emfoco\/#\/schema\/person\/image\/","url":"https:\/\/secure.gravatar.com\/avatar\/570c7fb2898c0e2df0823196891bea88?s=96&d=mm&r=g","contentUrl":"https:\/\/secure.gravatar.com\/avatar\/570c7fb2898c0e2df0823196891bea88?s=96&d=mm&r=g","caption":"Patryck Reinehr"},"url":"https:\/\/www.em.com.br\/emfoco\/author\/patryckmyth\/"}]}},"_links":{"self":[{"href":"https:\/\/www.em.com.br\/emfoco\/wp-json\/wp\/v2\/posts\/88896","targetHints":{"allow":["GET"]}}],"collection":[{"href":"https:\/\/www.em.com.br\/emfoco\/wp-json\/wp\/v2\/posts"}],"about":[{"href":"https:\/\/www.em.com.br\/emfoco\/wp-json\/wp\/v2\/types\/post"}],"author":[{"embeddable":true,"href":"https:\/\/www.em.com.br\/emfoco\/wp-json\/wp\/v2\/users\/10"}],"replies":[{"embeddable":true,"href":"https:\/\/www.em.com.br\/emfoco\/wp-json\/wp\/v2\/comments?post=88896"}],"version-history":[{"count":1,"href":"https:\/\/www.em.com.br\/emfoco\/wp-json\/wp\/v2\/posts\/88896\/revisions"}],"predecessor-version":[{"id":88917,"href":"https:\/\/www.em.com.br\/emfoco\/wp-json\/wp\/v2\/posts\/88896\/revisions\/88917"}],"wp:featuredmedia":[{"embeddable":true,"href":"https:\/\/www.em.com.br\/emfoco\/wp-json\/wp\/v2\/media\/56374"}],"wp:attachment":[{"href":"https:\/\/www.em.com.br\/emfoco\/wp-json\/wp\/v2\/media?parent=88896"}],"wp:term":[{"taxonomy":"category","embeddable":true,"href":"https:\/\/www.em.com.br\/emfoco\/wp-json\/wp\/v2\/categories?post=88896"},{"taxonomy":"post_tag","embeddable":true,"href":"https:\/\/www.em.com.br\/emfoco\/wp-json\/wp\/v2\/tags?post=88896"}],"curies":[{"name":"wp","href":"https:\/\/api.w.org\/{rel}","templated":true}]}}