{"id":88867,"date":"2025-08-09T17:28:57","date_gmt":"2025-08-09T20:28:57","guid":{"rendered":"https:\/\/www.em.com.br\/emfoco\/?p=88867"},"modified":"2025-08-08T14:42:40","modified_gmt":"2025-08-08T17:42:40","slug":"o-tratamento-caseiro-mais-indicado-para-espinhas-e-pele-oleosa","status":"publish","type":"post","link":"https:\/\/www.em.com.br\/emfoco\/2025\/08\/09\/o-tratamento-caseiro-mais-indicado-para-espinhas-e-pele-oleosa\/","title":{"rendered":"O tratamento caseiro mais indicado para espinhas e pele oleosa"},"content":{"rendered":"\n<p>A acne \u00e9 uma das experi\u00eancias mais comuns durante a adolesc\u00eancia, tamb\u00e9m conhecida como puberdade. Essa condi\u00e7\u00e3o da pele geralmente se manifesta quando os fol\u00edculos ficam cheios de gordura ou c\u00e9lulas mortas, causando desconforto e at\u00e9 dor. Embora seja recomend\u00e1vel que cada caso seja avaliado por um <a href=\"https:\/\/www.em.com.br\/emfoco\/2025\/08\/07\/excesso-de-agua-faz-mal-o-que-os-medicos-estao-alertando\/\" target=\"_blank\" rel=\"noopener\">m\u00e9dico,<\/a> existem diversas plantas medicinais que podem ser \u00fateis gra\u00e7as \u00e0s suas propriedades ben\u00e9ficas para a pele.<\/p>\n\n\n\n<h2 class=\"wp-block-heading\">Quais plantas medicinais podem ajudar a combater a acne?<\/h2>\n\n\n\n<p>As ervas naturais t\u00eam sido utilizadas ao longo da hist\u00f3ria por seus efeitos positivos na sa\u00fade da pele. O <strong>\u00f3leo de argan<\/strong> \u00e9 conhecido por suas m\u00faltiplas aplica\u00e7\u00f5es tanto na gastronomia quanto na beleza, devido \u00e0s suas propriedades regeneradoras, anti-inflamat\u00f3rias e hidratantes. Aplicar esse \u00f3leo diretamente sobre a pele afetada, deixar agir por alguns minutos e enxaguar pode ajudar a reduzir os desconfortos da acne.<\/p>\n\n\n\n<p>Outra planta not\u00e1vel \u00e9 o <strong>cravo-da-\u00edndia<\/strong>. Seus benef\u00edcios medicinais incluem ser um potente antioxidante, analg\u00e9sico e antiss\u00e9ptico natural. Essas caracter\u00edsticas s\u00e3o essenciais para controlar o excesso de gordura acumulada em \u00e1reas espec\u00edficas do rosto e prevenir marcas. Para usar o cravo-da-\u00edndia, recomenda-se ferv\u00ea-lo, coar e, ap\u00f3s esfriar, aplicar sobre as \u00e1reas com espinhas.<\/p>\n\n\n<div class=\"wp-block-image\">\n<figure class=\"aligncenter size-large\"><img loading=\"lazy\" decoding=\"async\" width=\"1024\" height=\"576\" src=\"https:\/\/www.em.com.br\/emfoco\/wp-content\/uploads\/2025\/04\/cravo-da-india-_1744815675528-1024x576.jpg\" alt=\"\" class=\"wp-image-38937\" srcset=\"https:\/\/www.em.com.br\/emfoco\/wp-content\/uploads\/2025\/04\/cravo-da-india-_1744815675528-1024x576.jpg 1024w, https:\/\/www.em.com.br\/emfoco\/wp-content\/uploads\/2025\/04\/cravo-da-india-_1744815675528-300x169.jpg 300w, https:\/\/www.em.com.br\/emfoco\/wp-content\/uploads\/2025\/04\/cravo-da-india-_1744815675528-768x432.jpg 768w, https:\/\/www.em.com.br\/emfoco\/wp-content\/uploads\/2025\/04\/cravo-da-india-_1744815675528-750x422.jpg 750w, https:\/\/www.em.com.br\/emfoco\/wp-content\/uploads\/2025\/04\/cravo-da-india-_1744815675528-1140x641.jpg 1140w, https:\/\/www.em.com.br\/emfoco\/wp-content\/uploads\/2025\/04\/cravo-da-india-_1744815675528.jpg 1280w\" sizes=\"auto, (max-width: 1024px) 100vw, 1024px\" \/><figcaption class=\"wp-element-caption\">Cravo da \u00cdndia &#8211; Cr\u00e9ditos: depositphotos.com \/ lenyvavsha<\/figcaption><\/figure><\/div>\n\n\n<h2 class=\"wp-block-heading\">Como a camomila pode beneficiar o tratamento da acne?<\/h2>\n\n\n\n<p>A <strong>camomila<\/strong> se destaca por suas propriedades antiss\u00e9pticas e anti-inflamat\u00f3rias, tornando-se uma op\u00e7\u00e3o ideal para tratar irrita\u00e7\u00f5es cut\u00e2neas. Frequentemente, \u00e9 utilizada para aliviar queimaduras solares e picadas de insetos. No contexto da <a href=\"https:\/\/bvsms.saude.gov.br\/acne\/\" target=\"_blank\" rel=\"noopener\">acne<\/a>, pode-se preparar uma infus\u00e3o de camomila, misturando uma x\u00edcara de \u00e1gua quente com alguns sach\u00eas de ch\u00e1, deixar esfriar e aplicar sobre as \u00e1reas afetadas com algod\u00e3o.<\/p>\n\n\n\n<h2 class=\"wp-block-heading\">Quais outras considera\u00e7\u00f5es s\u00e3o importantes sobre o uso de plantas para acne?<\/h2>\n\n\n\n<p>\u00c9 importante destacar que cada pele \u00e9 diferente e pode reagir de maneira distinta a essas plantas. Por isso, \u00e9 fundamental realizar um teste em uma pequena \u00e1rea antes de aplicar qualquer tratamento de forma extensiva. Al\u00e9m disso, embora essas ervas ofere\u00e7am al\u00edvio, n\u00e3o devem substituir o tratamento prescrito por um dermatologista, especialmente em casos graves de acne. Complementar os tratamentos naturais com uma boa rotina de limpeza e hidrata\u00e7\u00e3o di\u00e1ria pode maximizar os resultados.<\/p>\n\n\n\n<p>O uso de plantas medicinais para acne \u00e9 uma alternativa que n\u00e3o apenas proporciona benef\u00edcios para a pele, mas tamb\u00e9m promove uma aproxima\u00e7\u00e3o com a medicina natural. Aproveitar suas propriedades de forma consciente e combin\u00e1-las com outros h\u00e1bitos saud\u00e1veis pode levar a uma pele mais equilibrada e saud\u00e1vel.<\/p>\n","protected":false},"excerpt":{"rendered":"<p>A acne \u00e9 uma das experi\u00eancias mais comuns durante a adolesc\u00eancia, tamb\u00e9m conhecida como puberdade. Essa condi\u00e7\u00e3o da pele geralmente se manifesta quando os fol\u00edculos ficam cheios de gordura ou c\u00e9lulas mortas, causando desconforto e at\u00e9 dor. Embora seja recomend\u00e1vel que cada caso seja avaliado por um m\u00e9dico, existem diversas plantas medicinais que podem ser [&hellip;]<\/p>\n","protected":false},"author":9,"featured_media":24029,"comment_status":"open","ping_status":"open","sticky":false,"template":"","format":"standard","meta":{"jnews-multi-image_gallery":[],"jnews_single_post":{"format":"standard"},"jnews_primary_category":[],"jnews_social_meta":[],"jnews_override_counter":[],"footnotes":""},"categories":[29,1],"tags":[2125,13661],"class_list":["post-88867","post","type-post","status-publish","format-standard","has-post-thumbnail","hentry","category-entretenimento","category-noticias","tag-ervas","tag-planta-para-acne"],"yoast_head":"<!-- This site is optimized with the Yoast SEO plugin v23.8 - https:\/\/yoast.com\/wordpress\/plugins\/seo\/ -->\n<title>O tratamento caseiro mais indicado para espinhas e pele oleosa<\/title>\n<meta name=\"description\" content=\"Quer aliviar espinhas e cuidar da pele sem produtos agressivos? Veja como plantas naturais podem ser grandes aliadas no combate \u00e0 acne.\" \/>\n<meta name=\"robots\" content=\"index, follow, max-snippet:-1, max-image-preview:large, max-video-preview:-1\" \/>\n<link rel=\"canonical\" href=\"https:\/\/www.em.com.br\/emfoco\/2025\/08\/09\/o-tratamento-caseiro-mais-indicado-para-espinhas-e-pele-oleosa\/\" \/>\n<meta property=\"og:locale\" content=\"pt_BR\" \/>\n<meta property=\"og:type\" content=\"article\" \/>\n<meta property=\"og:title\" content=\"O tratamento caseiro mais indicado para espinhas e pele oleosa\" \/>\n<meta property=\"og:description\" content=\"Quer aliviar espinhas e cuidar da pele sem produtos agressivos? Veja como plantas naturais podem ser grandes aliadas no combate \u00e0 acne.\" \/>\n<meta property=\"og:url\" content=\"https:\/\/www.em.com.br\/emfoco\/2025\/08\/09\/o-tratamento-caseiro-mais-indicado-para-espinhas-e-pele-oleosa\/\" \/>\n<meta property=\"og:site_name\" content=\"Estado de Minas - Em foco\" \/>\n<meta property=\"article:published_time\" content=\"2025-08-09T20:28:57+00:00\" \/>\n<meta property=\"article:modified_time\" content=\"2025-08-08T17:42:40+00:00\" \/>\n<meta property=\"og:image\" content=\"https:\/\/www.em.com.br\/emfoco\/wp-content\/uploads\/2025\/03\/espinhas_1740770929323.jpg\" \/>\n\t<meta property=\"og:image:width\" content=\"1280\" \/>\n\t<meta property=\"og:image:height\" content=\"720\" \/>\n\t<meta property=\"og:image:type\" content=\"image\/jpeg\" \/>\n<meta name=\"author\" content=\"Daniely Cardoso\" \/>\n<meta name=\"twitter:card\" content=\"summary_large_image\" \/>\n<meta name=\"twitter:label1\" content=\"Escrito por\" \/>\n\t<meta name=\"twitter:data1\" content=\"Daniely Cardoso\" \/>\n\t<meta name=\"twitter:label2\" content=\"Est. tempo de leitura\" \/>\n\t<meta name=\"twitter:data2\" content=\"3 minutos\" \/>\n<!-- \/ Yoast SEO plugin. -->","yoast_head_json":{"title":"O tratamento caseiro mais indicado para espinhas e pele oleosa","description":"Quer aliviar espinhas e cuidar da pele sem produtos agressivos? Veja como plantas naturais podem ser grandes aliadas no combate \u00e0 acne.","robots":{"index":"index","follow":"follow","max-snippet":"max-snippet:-1","max-image-preview":"max-image-preview:large","max-video-preview":"max-video-preview:-1"},"canonical":"https:\/\/www.em.com.br\/emfoco\/2025\/08\/09\/o-tratamento-caseiro-mais-indicado-para-espinhas-e-pele-oleosa\/","og_locale":"pt_BR","og_type":"article","og_title":"O tratamento caseiro mais indicado para espinhas e pele oleosa","og_description":"Quer aliviar espinhas e cuidar da pele sem produtos agressivos? Veja como plantas naturais podem ser grandes aliadas no combate \u00e0 acne.","og_url":"https:\/\/www.em.com.br\/emfoco\/2025\/08\/09\/o-tratamento-caseiro-mais-indicado-para-espinhas-e-pele-oleosa\/","og_site_name":"Estado de Minas - Em foco","article_published_time":"2025-08-09T20:28:57+00:00","article_modified_time":"2025-08-08T17:42:40+00:00","og_image":[{"width":1280,"height":720,"url":"https:\/\/www.em.com.br\/emfoco\/wp-content\/uploads\/2025\/03\/espinhas_1740770929323.jpg","type":"image\/jpeg"}],"author":"Daniely Cardoso","twitter_card":"summary_large_image","twitter_misc":{"Escrito por":"Daniely Cardoso","Est. tempo de leitura":"3 minutos"},"schema":{"@context":"https:\/\/schema.org","@graph":[{"@type":"WebPage","@id":"https:\/\/www.em.com.br\/emfoco\/2025\/08\/09\/o-tratamento-caseiro-mais-indicado-para-espinhas-e-pele-oleosa\/","url":"https:\/\/www.em.com.br\/emfoco\/2025\/08\/09\/o-tratamento-caseiro-mais-indicado-para-espinhas-e-pele-oleosa\/","name":"O tratamento caseiro mais indicado para espinhas e pele oleosa","isPartOf":{"@id":"https:\/\/www.em.com.br\/emfoco\/#website"},"primaryImageOfPage":{"@id":"https:\/\/www.em.com.br\/emfoco\/2025\/08\/09\/o-tratamento-caseiro-mais-indicado-para-espinhas-e-pele-oleosa\/#primaryimage"},"image":{"@id":"https:\/\/www.em.com.br\/emfoco\/2025\/08\/09\/o-tratamento-caseiro-mais-indicado-para-espinhas-e-pele-oleosa\/#primaryimage"},"thumbnailUrl":"https:\/\/www.em.com.br\/emfoco\/wp-content\/uploads\/2025\/03\/espinhas_1740770929323.jpg","datePublished":"2025-08-09T20:28:57+00:00","dateModified":"2025-08-08T17:42:40+00:00","author":{"@id":"https:\/\/www.em.com.br\/emfoco\/#\/schema\/person\/0a8186d72f2c3a5c6276d90b41f271a0"},"description":"Quer aliviar espinhas e cuidar da pele sem produtos agressivos? Veja como plantas naturais podem ser grandes aliadas no combate \u00e0 acne.","breadcrumb":{"@id":"https:\/\/www.em.com.br\/emfoco\/2025\/08\/09\/o-tratamento-caseiro-mais-indicado-para-espinhas-e-pele-oleosa\/#breadcrumb"},"inLanguage":"pt-BR","potentialAction":[{"@type":"ReadAction","target":["https:\/\/www.em.com.br\/emfoco\/2025\/08\/09\/o-tratamento-caseiro-mais-indicado-para-espinhas-e-pele-oleosa\/"]}]},{"@type":"ImageObject","inLanguage":"pt-BR","@id":"https:\/\/www.em.com.br\/emfoco\/2025\/08\/09\/o-tratamento-caseiro-mais-indicado-para-espinhas-e-pele-oleosa\/#primaryimage","url":"https:\/\/www.em.com.br\/emfoco\/wp-content\/uploads\/2025\/03\/espinhas_1740770929323.jpg","contentUrl":"https:\/\/www.em.com.br\/emfoco\/wp-content\/uploads\/2025\/03\/espinhas_1740770929323.jpg","width":1280,"height":720,"caption":"Espinhas - Cr\u00e9ditos: depositphotos.com \/ IgorVetushko"},{"@type":"BreadcrumbList","@id":"https:\/\/www.em.com.br\/emfoco\/2025\/08\/09\/o-tratamento-caseiro-mais-indicado-para-espinhas-e-pele-oleosa\/#breadcrumb","itemListElement":[{"@type":"ListItem","position":1,"name":"In\u00edcio","item":"https:\/\/www.em.com.br\/emfoco\/"},{"@type":"ListItem","position":2,"name":"O tratamento caseiro mais indicado para espinhas e pele oleosa"}]},{"@type":"WebSite","@id":"https:\/\/www.em.com.br\/emfoco\/#website","url":"https:\/\/www.em.com.br\/emfoco\/","name":"Estado de Minas - Em foco","description":"Acompanhe as \u00faltimas not\u00edcias e fique bem informado sobre tudo o que acontece em Minas Gerais, Brasil e no mundo.","potentialAction":[{"@type":"SearchAction","target":{"@type":"EntryPoint","urlTemplate":"https:\/\/www.em.com.br\/emfoco\/?s={search_term_string}"},"query-input":{"@type":"PropertyValueSpecification","valueRequired":true,"valueName":"search_term_string"}}],"inLanguage":"pt-BR"},{"@type":"Person","@id":"https:\/\/www.em.com.br\/emfoco\/#\/schema\/person\/0a8186d72f2c3a5c6276d90b41f271a0","name":"Daniely Cardoso","image":{"@type":"ImageObject","inLanguage":"pt-BR","@id":"https:\/\/www.em.com.br\/emfoco\/#\/schema\/person\/image\/","url":"https:\/\/secure.gravatar.com\/avatar\/4b80ddbd124d1f071b626d52d62e5dff?s=96&d=mm&r=g","contentUrl":"https:\/\/secure.gravatar.com\/avatar\/4b80ddbd124d1f071b626d52d62e5dff?s=96&d=mm&r=g","caption":"Daniely Cardoso"},"url":"https:\/\/www.em.com.br\/emfoco\/author\/danielymyth\/"}]}},"_links":{"self":[{"href":"https:\/\/www.em.com.br\/emfoco\/wp-json\/wp\/v2\/posts\/88867","targetHints":{"allow":["GET"]}}],"collection":[{"href":"https:\/\/www.em.com.br\/emfoco\/wp-json\/wp\/v2\/posts"}],"about":[{"href":"https:\/\/www.em.com.br\/emfoco\/wp-json\/wp\/v2\/types\/post"}],"author":[{"embeddable":true,"href":"https:\/\/www.em.com.br\/emfoco\/wp-json\/wp\/v2\/users\/9"}],"replies":[{"embeddable":true,"href":"https:\/\/www.em.com.br\/emfoco\/wp-json\/wp\/v2\/comments?post=88867"}],"version-history":[{"count":2,"href":"https:\/\/www.em.com.br\/emfoco\/wp-json\/wp\/v2\/posts\/88867\/revisions"}],"predecessor-version":[{"id":88874,"href":"https:\/\/www.em.com.br\/emfoco\/wp-json\/wp\/v2\/posts\/88867\/revisions\/88874"}],"wp:featuredmedia":[{"embeddable":true,"href":"https:\/\/www.em.com.br\/emfoco\/wp-json\/wp\/v2\/media\/24029"}],"wp:attachment":[{"href":"https:\/\/www.em.com.br\/emfoco\/wp-json\/wp\/v2\/media?parent=88867"}],"wp:term":[{"taxonomy":"category","embeddable":true,"href":"https:\/\/www.em.com.br\/emfoco\/wp-json\/wp\/v2\/categories?post=88867"},{"taxonomy":"post_tag","embeddable":true,"href":"https:\/\/www.em.com.br\/emfoco\/wp-json\/wp\/v2\/tags?post=88867"}],"curies":[{"name":"wp","href":"https:\/\/api.w.org\/{rel}","templated":true}]}}