{"id":88794,"date":"2025-08-10T20:08:00","date_gmt":"2025-08-10T23:08:00","guid":{"rendered":"https:\/\/www.em.com.br\/emfoco\/?p=88794"},"modified":"2025-08-09T12:33:42","modified_gmt":"2025-08-09T15:33:42","slug":"casamento-voce-deve-dizer-sim-ao-seu-ex-na-lista-de-convidados","status":"publish","type":"post","link":"https:\/\/www.em.com.br\/emfoco\/2025\/08\/10\/casamento-voce-deve-dizer-sim-ao-seu-ex-na-lista-de-convidados\/","title":{"rendered":"Casamento: voc\u00ea deve dizer sim ao seu ex na lista de convidados?"},"content":{"rendered":"\n<p><a href=\"https:\/\/www.ma-grande-taille.com\/sexo\/mariage\"><\/a>A data j\u00e1 est\u00e1 marcada, o buffet foi reservado e a playlist est\u00e1 quase pronta. Mas ainda resta uma quest\u00e3o delicada para resolver:\u00a0<strong>devo convidar meu ex para o meu <a href=\"https:\/\/www.icasei.com.br\/\" target=\"_blank\" rel=\"noreferrer noopener\">casamento<\/a><\/strong>? Essa d\u00favida tem um significado diferente para cada um de n\u00f3s. Segundo uma pesquisa realizada por\u00a0<strong>Mariages.net<\/strong>\u00a0no\u00a0<strong>Instagram<\/strong>, veja o que motiva alguns casais a incluir ou excluir um ex da lista de convidados:<\/p>\n\n\n\n<ul class=\"wp-block-list\">\n<li><strong>Amizade que vai al\u00e9m do passado<\/strong>: Para alguns, essa \u00e9 uma oportunidade de celebrar a amizade que sobreviveu ao romance.<\/li>\n\n\n\n<li><strong>Colocar um ponto final<\/strong>: Para outros, \u00e9 um gesto simb\u00f3lico para encerrar de vez esse cap\u00edtulo da vida.<\/li>\n\n\n\n<li><strong>Evitar tens\u00f5es<\/strong>: Muitos preferem evitar qualquer risco de constrangimento ou ci\u00fames durante a festa.<\/li>\n<\/ul>\n\n\n\n<h2 class=\"wp-block-heading\">Por que alguns casais convidam o ex?<\/h2>\n\n\n\n<p>Surpreendente ou n\u00e3o, quase um em cada dez casais consideraria chamar&nbsp;<strong>um ex para o casamento<\/strong>. Alguns relacionamentos terminam de maneira harmoniosa, permitindo uma amizade verdadeira. De acordo com a pesquisa, 36% dos participantes acreditam que a amizade foi al\u00e9m e transformou um cap\u00edtulo passado em uma hist\u00f3ria acolhedora.<\/p>\n\n\n\n<p>Para 19% dos casais, convidar um ex significa&nbsp;<strong>encerrar um ciclo com eleg\u00e2ncia<\/strong>, mostrando a todos \u2014 inclusive para si mesmos \u2014 que o passado ficou para tr\u00e1s. Os motivos s\u00e3o variados: um conv\u00edvio pac\u00edfico, quest\u00f5es familiares resolvidas ou maturidade emocional tamb\u00e9m s\u00e3o raz\u00f5es comuns.<\/p>\n\n\n\n<figure class=\"wp-block-image size-large\"><img loading=\"lazy\" decoding=\"async\" width=\"1024\" height=\"576\" src=\"https:\/\/www.em.com.br\/emfoco\/wp-content\/uploads\/2025\/08\/Casamento_1754756702900-1024x576.jpg\" alt=\"\" class=\"wp-image-89190\" srcset=\"https:\/\/www.em.com.br\/emfoco\/wp-content\/uploads\/2025\/08\/Casamento_1754756702900-1024x576.jpg 1024w, https:\/\/www.em.com.br\/emfoco\/wp-content\/uploads\/2025\/08\/Casamento_1754756702900-300x169.jpg 300w, https:\/\/www.em.com.br\/emfoco\/wp-content\/uploads\/2025\/08\/Casamento_1754756702900-768x432.jpg 768w, https:\/\/www.em.com.br\/emfoco\/wp-content\/uploads\/2025\/08\/Casamento_1754756702900-750x422.jpg 750w, https:\/\/www.em.com.br\/emfoco\/wp-content\/uploads\/2025\/08\/Casamento_1754756702900-1140x641.jpg 1140w, https:\/\/www.em.com.br\/emfoco\/wp-content\/uploads\/2025\/08\/Casamento_1754756702900.jpg 1280w\" sizes=\"auto, (max-width: 1024px) 100vw, 1024px\" \/><figcaption class=\"wp-element-caption\">Casamento &#8211; Cr\u00e9ditos: depositphotos.com \/ MNStudio<\/figcaption><\/figure>\n\n\n\n<h2 class=\"wp-block-heading\">Quando deixar o passado no passado?<\/h2>\n\n\n\n<p>Para outros, s\u00f3 de pensar em ver um ex no casamento j\u00e1 pode provocar inc\u00f4modo. O receio de um&nbsp;<strong>poss\u00edvel constrangimento<\/strong>, antigos ressentimentos ou ci\u00fames podem dificultar essa decis\u00e3o.<\/p>\n\n\n\n<p>Essa escolha muitas vezes favorece o distanciamento do passado, como mostram os 30% dos entrevistados que preferem deixar tudo para tr\u00e1s. Para esses casais, o importante \u00e9 manter o equil\u00edbrio emocional sem turbul\u00eancias.<\/p>\n\n\n\n<h2 class=\"wp-block-heading\">E se voc\u00ea receber um convite?<\/h2>\n\n\n\n<p>Ser convidado para o casamento de um antigo amor pode ser uma mistura de orgulho e nostalgia. Tr\u00eas op\u00e7\u00f5es se apresentam:<\/p>\n\n\n\n<ul class=\"wp-block-list\">\n<li><strong>Celebrar e se divertir<\/strong>: Comparecer com uma atitude positiva, aproveitando o momento sem reservas.<\/li>\n\n\n\n<li><strong>Encarar e seguir em frente<\/strong>: Ver isso como uma oportunidade de dar adeus definitivo ao que passou.<\/li>\n\n\n\n<li><strong>Recusar educadamente<\/strong>: Se houver d\u00favida, \u00e9 melhor recusar, j\u00e1 que um casamento \u00e9 celebra\u00e7\u00e3o, n\u00e3o um campo de experi\u00eancias emocionais.<\/li>\n<\/ul>\n\n\n\n<p>Leia tamb\u00e9m: <a href=\"https:\/\/www.em.com.br\/emfoco\/2025\/07\/10\/os-erros-de-maquiagem-que-toda-noiva-deve-evitar-no-casamento\/\" target=\"_blank\" rel=\"noreferrer noopener\">Os erros de maquiagem que toda noiva deve evitar no casamento<\/a><\/p>\n\n\n\n<h2 class=\"wp-block-heading\">Como tomar uma decis\u00e3o consciente?<\/h2>\n\n\n\n<p>O segredo de decidir convidar um ex para o casamento est\u00e1 em buscar harmonia. Essa escolha deve confirmar uma&nbsp;<strong>rela\u00e7\u00e3o passada resolvida<\/strong>, fortalecendo, ao mesmo tempo, a confian\u00e7a no relacionamento atual. Cada casal estabelece suas pr\u00f3prias regras de acordo com sua hist\u00f3ria e com o equil\u00edbrio que deseja manter.<\/p>\n\n\n\n<ul class=\"wp-block-list\">\n<li>Um casamento \u00e9 um momento para&nbsp;<strong>celebrar o presente<\/strong>&nbsp;e o futuro ao lado de quem realmente impulsiona voc\u00ea para frente.<\/li>\n\n\n\n<li>Decidir convidar ou n\u00e3o um ex \u00e9, acima de tudo, uma quest\u00e3o de conforto e tranquilidade.<\/li>\n\n\n\n<li>Viva seu grande dia plenamente, com ou sem os sorrisos de fantasmas do passado.<\/li>\n<\/ul>\n","protected":false},"excerpt":{"rendered":"<p>A data j\u00e1 est\u00e1 marcada, o buffet foi reservado e a playlist est\u00e1 quase pronta. Mas ainda resta uma quest\u00e3o delicada para resolver:\u00a0devo convidar meu ex para o meu casamento? Essa d\u00favida tem um significado diferente para cada um de n\u00f3s. Segundo uma pesquisa realizada por\u00a0Mariages.net\u00a0no\u00a0Instagram, veja o que motiva alguns casais a incluir ou [&hellip;]<\/p>\n","protected":false},"author":11,"featured_media":89191,"comment_status":"open","ping_status":"open","sticky":false,"template":"","format":"standard","meta":{"jnews-multi-image_gallery":[],"jnews_single_post":{"format":"standard"},"jnews_primary_category":[],"jnews_social_meta":[],"jnews_override_counter":[],"footnotes":""},"categories":[29,1],"tags":[6291,13692,6293],"class_list":["post-88794","post","type-post","status-publish","format-standard","has-post-thumbnail","hentry","category-entretenimento","category-noticias","tag-casamento","tag-convite-de-casamento","tag-tendencias-de-casamento"],"yoast_head":"<!-- This site is optimized with the Yoast SEO plugin v23.8 - https:\/\/yoast.com\/wordpress\/plugins\/seo\/ -->\n<title>Casamento: voc\u00ea deve dizer sim ao seu ex na lista de convidados? - Estado de Minas - Em foco<\/title>\n<meta name=\"description\" content=\"Convidar o ex para o casamento pode ser um gesto de maturidade ou um erro. Veja os pontos a considerar.\" \/>\n<meta name=\"robots\" content=\"index, follow, max-snippet:-1, max-image-preview:large, max-video-preview:-1\" \/>\n<link rel=\"canonical\" href=\"https:\/\/www.em.com.br\/emfoco\/2025\/08\/10\/casamento-voce-deve-dizer-sim-ao-seu-ex-na-lista-de-convidados\/\" \/>\n<meta property=\"og:locale\" content=\"pt_BR\" \/>\n<meta property=\"og:type\" content=\"article\" \/>\n<meta property=\"og:title\" content=\"Casamento: voc\u00ea deve dizer sim ao seu ex na lista de convidados? - Estado de Minas - Em foco\" \/>\n<meta property=\"og:description\" content=\"Convidar o ex para o casamento pode ser um gesto de maturidade ou um erro. Veja os pontos a considerar.\" \/>\n<meta property=\"og:url\" content=\"https:\/\/www.em.com.br\/emfoco\/2025\/08\/10\/casamento-voce-deve-dizer-sim-ao-seu-ex-na-lista-de-convidados\/\" \/>\n<meta property=\"og:site_name\" content=\"Estado de Minas - Em foco\" \/>\n<meta property=\"article:published_time\" content=\"2025-08-10T23:08:00+00:00\" \/>\n<meta property=\"article:modified_time\" content=\"2025-08-09T15:33:42+00:00\" \/>\n<meta property=\"og:image\" content=\"https:\/\/www.em.com.br\/emfoco\/wp-content\/uploads\/2025\/08\/Casamento_1754756747374.jpg\" \/>\n\t<meta property=\"og:image:width\" content=\"1280\" \/>\n\t<meta property=\"og:image:height\" content=\"720\" \/>\n\t<meta property=\"og:image:type\" content=\"image\/jpeg\" \/>\n<meta name=\"author\" content=\"Andre\u0301 Rangel\u00a0\" \/>\n<meta name=\"twitter:card\" content=\"summary_large_image\" \/>\n<meta name=\"twitter:label1\" content=\"Escrito por\" \/>\n\t<meta name=\"twitter:data1\" content=\"Andre\u0301 Rangel\u00a0\" \/>\n\t<meta name=\"twitter:label2\" content=\"Est. tempo de leitura\" \/>\n\t<meta name=\"twitter:data2\" content=\"4 minutos\" \/>\n<!-- \/ Yoast SEO plugin. -->","yoast_head_json":{"title":"Casamento: voc\u00ea deve dizer sim ao seu ex na lista de convidados? - Estado de Minas - Em foco","description":"Convidar o ex para o casamento pode ser um gesto de maturidade ou um erro. Veja os pontos a considerar.","robots":{"index":"index","follow":"follow","max-snippet":"max-snippet:-1","max-image-preview":"max-image-preview:large","max-video-preview":"max-video-preview:-1"},"canonical":"https:\/\/www.em.com.br\/emfoco\/2025\/08\/10\/casamento-voce-deve-dizer-sim-ao-seu-ex-na-lista-de-convidados\/","og_locale":"pt_BR","og_type":"article","og_title":"Casamento: voc\u00ea deve dizer sim ao seu ex na lista de convidados? - Estado de Minas - Em foco","og_description":"Convidar o ex para o casamento pode ser um gesto de maturidade ou um erro. Veja os pontos a considerar.","og_url":"https:\/\/www.em.com.br\/emfoco\/2025\/08\/10\/casamento-voce-deve-dizer-sim-ao-seu-ex-na-lista-de-convidados\/","og_site_name":"Estado de Minas - Em foco","article_published_time":"2025-08-10T23:08:00+00:00","article_modified_time":"2025-08-09T15:33:42+00:00","og_image":[{"width":1280,"height":720,"url":"https:\/\/www.em.com.br\/emfoco\/wp-content\/uploads\/2025\/08\/Casamento_1754756747374.jpg","type":"image\/jpeg"}],"author":"Andre\u0301 Rangel\u00a0","twitter_card":"summary_large_image","twitter_misc":{"Escrito por":"Andre\u0301 Rangel\u00a0","Est. tempo de leitura":"4 minutos"},"schema":{"@context":"https:\/\/schema.org","@graph":[{"@type":"WebPage","@id":"https:\/\/www.em.com.br\/emfoco\/2025\/08\/10\/casamento-voce-deve-dizer-sim-ao-seu-ex-na-lista-de-convidados\/","url":"https:\/\/www.em.com.br\/emfoco\/2025\/08\/10\/casamento-voce-deve-dizer-sim-ao-seu-ex-na-lista-de-convidados\/","name":"Casamento: voc\u00ea deve dizer sim ao seu ex na lista de convidados? - Estado de Minas - Em foco","isPartOf":{"@id":"https:\/\/www.em.com.br\/emfoco\/#website"},"primaryImageOfPage":{"@id":"https:\/\/www.em.com.br\/emfoco\/2025\/08\/10\/casamento-voce-deve-dizer-sim-ao-seu-ex-na-lista-de-convidados\/#primaryimage"},"image":{"@id":"https:\/\/www.em.com.br\/emfoco\/2025\/08\/10\/casamento-voce-deve-dizer-sim-ao-seu-ex-na-lista-de-convidados\/#primaryimage"},"thumbnailUrl":"https:\/\/www.em.com.br\/emfoco\/wp-content\/uploads\/2025\/08\/Casamento_1754756747374.jpg","datePublished":"2025-08-10T23:08:00+00:00","dateModified":"2025-08-09T15:33:42+00:00","author":{"@id":"https:\/\/www.em.com.br\/emfoco\/#\/schema\/person\/60eda09c1fedf0d6891f4cef4b60b8b8"},"description":"Convidar o ex para o casamento pode ser um gesto de maturidade ou um erro. Veja os pontos a considerar.","breadcrumb":{"@id":"https:\/\/www.em.com.br\/emfoco\/2025\/08\/10\/casamento-voce-deve-dizer-sim-ao-seu-ex-na-lista-de-convidados\/#breadcrumb"},"inLanguage":"pt-BR","potentialAction":[{"@type":"ReadAction","target":["https:\/\/www.em.com.br\/emfoco\/2025\/08\/10\/casamento-voce-deve-dizer-sim-ao-seu-ex-na-lista-de-convidados\/"]}]},{"@type":"ImageObject","inLanguage":"pt-BR","@id":"https:\/\/www.em.com.br\/emfoco\/2025\/08\/10\/casamento-voce-deve-dizer-sim-ao-seu-ex-na-lista-de-convidados\/#primaryimage","url":"https:\/\/www.em.com.br\/emfoco\/wp-content\/uploads\/2025\/08\/Casamento_1754756747374.jpg","contentUrl":"https:\/\/www.em.com.br\/emfoco\/wp-content\/uploads\/2025\/08\/Casamento_1754756747374.jpg","width":1280,"height":720,"caption":"Casamento - Cr\u00e9ditos: depositphotos.com \/ halfpoint"},{"@type":"BreadcrumbList","@id":"https:\/\/www.em.com.br\/emfoco\/2025\/08\/10\/casamento-voce-deve-dizer-sim-ao-seu-ex-na-lista-de-convidados\/#breadcrumb","itemListElement":[{"@type":"ListItem","position":1,"name":"In\u00edcio","item":"https:\/\/www.em.com.br\/emfoco\/"},{"@type":"ListItem","position":2,"name":"Casamento: voc\u00ea deve dizer sim ao seu ex na lista de convidados?"}]},{"@type":"WebSite","@id":"https:\/\/www.em.com.br\/emfoco\/#website","url":"https:\/\/www.em.com.br\/emfoco\/","name":"Estado de Minas - Em foco","description":"Acompanhe as \u00faltimas not\u00edcias e fique bem informado sobre tudo o que acontece em Minas Gerais, Brasil e no mundo.","potentialAction":[{"@type":"SearchAction","target":{"@type":"EntryPoint","urlTemplate":"https:\/\/www.em.com.br\/emfoco\/?s={search_term_string}"},"query-input":{"@type":"PropertyValueSpecification","valueRequired":true,"valueName":"search_term_string"}}],"inLanguage":"pt-BR"},{"@type":"Person","@id":"https:\/\/www.em.com.br\/emfoco\/#\/schema\/person\/60eda09c1fedf0d6891f4cef4b60b8b8","name":"Andre\u0301 Rangel\u00a0","image":{"@type":"ImageObject","inLanguage":"pt-BR","@id":"https:\/\/www.em.com.br\/emfoco\/#\/schema\/person\/image\/","url":"https:\/\/secure.gravatar.com\/avatar\/6234dc814c77c8ef6d8bba622c787efc?s=96&d=mm&r=g","contentUrl":"https:\/\/secure.gravatar.com\/avatar\/6234dc814c77c8ef6d8bba622c787efc?s=96&d=mm&r=g","caption":"Andre\u0301 Rangel\u00a0"},"url":"https:\/\/www.em.com.br\/emfoco\/author\/luizmyth\/"}]}},"_links":{"self":[{"href":"https:\/\/www.em.com.br\/emfoco\/wp-json\/wp\/v2\/posts\/88794","targetHints":{"allow":["GET"]}}],"collection":[{"href":"https:\/\/www.em.com.br\/emfoco\/wp-json\/wp\/v2\/posts"}],"about":[{"href":"https:\/\/www.em.com.br\/emfoco\/wp-json\/wp\/v2\/types\/post"}],"author":[{"embeddable":true,"href":"https:\/\/www.em.com.br\/emfoco\/wp-json\/wp\/v2\/users\/11"}],"replies":[{"embeddable":true,"href":"https:\/\/www.em.com.br\/emfoco\/wp-json\/wp\/v2\/comments?post=88794"}],"version-history":[{"count":5,"href":"https:\/\/www.em.com.br\/emfoco\/wp-json\/wp\/v2\/posts\/88794\/revisions"}],"predecessor-version":[{"id":89196,"href":"https:\/\/www.em.com.br\/emfoco\/wp-json\/wp\/v2\/posts\/88794\/revisions\/89196"}],"wp:featuredmedia":[{"embeddable":true,"href":"https:\/\/www.em.com.br\/emfoco\/wp-json\/wp\/v2\/media\/89191"}],"wp:attachment":[{"href":"https:\/\/www.em.com.br\/emfoco\/wp-json\/wp\/v2\/media?parent=88794"}],"wp:term":[{"taxonomy":"category","embeddable":true,"href":"https:\/\/www.em.com.br\/emfoco\/wp-json\/wp\/v2\/categories?post=88794"},{"taxonomy":"post_tag","embeddable":true,"href":"https:\/\/www.em.com.br\/emfoco\/wp-json\/wp\/v2\/tags?post=88794"}],"curies":[{"name":"wp","href":"https:\/\/api.w.org\/{rel}","templated":true}]}}