{"id":8878,"date":"2025-01-07T06:20:00","date_gmt":"2025-01-07T09:20:00","guid":{"rendered":"https:\/\/www.em.com.br\/emfoco\/?p=8878"},"modified":"2025-01-07T00:33:28","modified_gmt":"2025-01-07T03:33:28","slug":"belo-horizonte-sol-chuva-ou-quem-sabe-um-arco-iris","status":"publish","type":"post","link":"https:\/\/www.em.com.br\/emfoco\/2025\/01\/07\/belo-horizonte-sol-chuva-ou-quem-sabe-um-arco-iris\/","title":{"rendered":"Belo Horizonte: sol, chuva ou quem sabe um arco-\u00edris?"},"content":{"rendered":"\n<p>No dia 7 de janeiro de 2025, a capital mineira, <a href=\"https:\/\/pt.wikipedia.org\/wiki\/Belo_Horizonte\" target=\"_blank\" rel=\"noreferrer noopener\">Belo Horizonte<\/a>, dever\u00e1 enfrentar condi\u00e7\u00f5es clim\u00e1ticas variadas. A <a href=\"https:\/\/www.em.com.br\/emfoco\/2025\/01\/06\/a-surpreendente-cidade-paulista-que-desponta-no-indice-de-progresso-social\/\" target=\"_blank\" rel=\"noreferrer noopener\">cidade <\/a>\u00e9 conhecida por suas mudan\u00e7as clim\u00e1ticas s\u00fabitas, o que torna importante se manter atualizado sobre a previs\u00e3o do tempo para evitar surpresas.<\/p>\n\n\n\n<p>Al\u00e9m das condi\u00e7\u00f5es regulares de temperatura, precipita\u00e7\u00e3o e vento, a meteorologia atualizou algumas expectativas para esse dia espec\u00edfico. Confira a seguir os detalhes da previs\u00e3o, importantes para quem planeja atividades ao ar livre ou se desloca pela cidade.<\/p>\n\n\n\n<h2 class=\"wp-block-heading\">Como ser\u00e1 a temperatura em Belo Horizonte?<\/h2>\n\n\n\n<p>Em Belo Horizonte, a temperatura dever\u00e1 apresentar uma varia\u00e7\u00e3o moderada ao longo do dia 7 de janeiro. A m\u00ednima, prevista para o per\u00edodo da manh\u00e3, tende a estar na casa dos 18\u00b0C, proporcionando um clima ameno e confort\u00e1vel para o in\u00edcio das atividades di\u00e1rias. J\u00e1 a m\u00e1xima pode atingir cerca de 30\u00b0C durante a tarde, indicando a necessidade do uso de roupas leves e adequa\u00e7\u00e3o \u00e0 poss\u00edvel sensa\u00e7\u00e3o de calor.<\/p>\n\n\n\n<h2 class=\"wp-block-heading\">Vai chover em Belo Horizonte neste dia?<\/h2>\n\n\n\n<p>Quanto \u00e0 possibilidade de chuva, as previs\u00f5es indicam que Belo Horizonte poder\u00e1 vivenciar alguns per\u00edodos de precipita\u00e7\u00e3o ao longo da tarde e noite. H\u00e1 uma expectativa de chuvas intermitentes, com poss\u00edveis pancadas mais fortes devido ao aumento da umidade e do calor. Recomenda-se que os moradores e visitantes estejam preparados com guarda-chuvas ou capas imperme\u00e1veis para lidar com mudan\u00e7as repentinas no clima.<\/p>\n\n\n<div class=\"wp-block-image\">\n<figure class=\"aligncenter size-large\"><img loading=\"lazy\" decoding=\"async\" width=\"1024\" height=\"576\" src=\"https:\/\/www.em.com.br\/emfoco\/wp-content\/uploads\/2024\/12\/Belo-Horizonte_1733787186117-1024x576.jpg\" alt=\"\" class=\"wp-image-4029\" srcset=\"https:\/\/www.em.com.br\/emfoco\/wp-content\/uploads\/2024\/12\/Belo-Horizonte_1733787186117-1024x576.jpg 1024w, https:\/\/www.em.com.br\/emfoco\/wp-content\/uploads\/2024\/12\/Belo-Horizonte_1733787186117-300x169.jpg 300w, https:\/\/www.em.com.br\/emfoco\/wp-content\/uploads\/2024\/12\/Belo-Horizonte_1733787186117-768x432.jpg 768w, https:\/\/www.em.com.br\/emfoco\/wp-content\/uploads\/2024\/12\/Belo-Horizonte_1733787186117-750x422.jpg 750w, https:\/\/www.em.com.br\/emfoco\/wp-content\/uploads\/2024\/12\/Belo-Horizonte_1733787186117-1140x641.jpg 1140w, https:\/\/www.em.com.br\/emfoco\/wp-content\/uploads\/2024\/12\/Belo-Horizonte_1733787186117.jpg 1280w\" sizes=\"auto, (max-width: 1024px) 100vw, 1024px\" \/><figcaption class=\"wp-element-caption\">Clima BH &#8211; Cr\u00e9ditos: depositphotos.com \/ gustavobhz<\/figcaption><\/figure><\/div>\n\n\n<h2 class=\"wp-block-heading\">O vento influenciar\u00e1 as condi\u00e7\u00f5es clim\u00e1ticas na cidade?<\/h2>\n\n\n\n<p>Outro fator relevante para o dia 7 de janeiro em Belo Horizonte \u00e9 a previs\u00e3o de ventos. Estes dever\u00e3o ser leves a moderados, com velocidades m\u00e9dias de cerca de 15 km\/h, n\u00e3o representando grande impacto nas atividades di\u00e1rias. Contudo, essa movimenta\u00e7\u00e3o de ar pode ajudar a suavizar a sensa\u00e7\u00e3o t\u00e9rmica durante as horas mais quentes do dia.<\/p>\n\n\n\n<h2 class=\"wp-block-heading\">Quais s\u00e3o as dicas para aproveitar o dia?<\/h2>\n\n\n\n<ul class=\"wp-block-list\">\n<li><strong>Hidrata\u00e7\u00e3o:<\/strong> Com temperaturas mais altas durante a tarde, \u00e9 importante manter-se hidratado ao longo do dia.<\/li>\n\n\n\n<li><strong>Vestimenta:<\/strong> Roupas leves e claras s\u00e3o recomendadas, bem como o uso de protetor solar para quem estiver exposto ao sol.<\/li>\n\n\n\n<li><strong>Prepara\u00e7\u00e3o para chuvas:<\/strong> Tenha sempre \u00e0 m\u00e3o um guarda-chuva ou capa de chuva, especialmente ao sair de casa no per\u00edodo da tarde.<\/li>\n\n\n\n<li><strong>Atividades ao ar livre:<\/strong> Caso planeje atividades externas, o per\u00edodo da manh\u00e3 \u00e9 o mais indicado por conta das temperaturas amenas e menor probabilidade de chuva.<\/li>\n<\/ul>\n\n\n\n<p>Resumindo, o dia 7 de janeiro de 2025 em Belo Horizonte promete ser marcado por temperaturas confort\u00e1veis pela manh\u00e3 e calor \u00e0 tarde, com algumas chances de precipita\u00e7\u00e3o e ventos moderados. Estar preparado pode proporcionar um dia agrad\u00e1vel e produtivo, independente das condi\u00e7\u00f5es clim\u00e1ticas. Manter-se atualizado com relat\u00f3rios meteorol\u00f3gicos locais ao longo do dia \u00e9 sempre uma boa pr\u00e1tica para evitar imprevistos.<\/p>\n","protected":false},"excerpt":{"rendered":"<p>No dia 7 de janeiro de 2025, a capital mineira, Belo Horizonte, dever\u00e1 enfrentar condi\u00e7\u00f5es clim\u00e1ticas variadas. A cidade \u00e9 conhecida por suas mudan\u00e7as clim\u00e1ticas s\u00fabitas, o que torna importante se manter atualizado sobre a previs\u00e3o do tempo para evitar surpresas. Al\u00e9m das condi\u00e7\u00f5es regulares de temperatura, precipita\u00e7\u00e3o e vento, a meteorologia atualizou algumas expectativas [&hellip;]<\/p>\n","protected":false},"author":7,"featured_media":8880,"comment_status":"open","ping_status":"open","sticky":false,"template":"","format":"standard","meta":{"jnews-multi-image_gallery":[],"jnews_single_post":{"format":"standard"},"jnews_primary_category":[],"jnews_social_meta":[],"jnews_override_counter":[],"footnotes":""},"categories":[30],"tags":[154,156,152,251,249],"class_list":["post-8878","post","type-post","status-publish","format-standard","has-post-thumbnail","hentry","category-clima","tag-belo-horizonte","tag-chuva","tag-clima","tag-previsao-do-tempo","tag-temperatura"],"yoast_head":"<!-- This site is optimized with the Yoast SEO plugin v23.8 - https:\/\/yoast.com\/wordpress\/plugins\/seo\/ -->\n<title>Belo Horizonte: sol, chuva ou quem sabe um arco-\u00edris? - Estado de Minas - Em foco<\/title>\n<meta name=\"description\" content=\"Previs\u00f5es do tempo para Belo Horizonte em 7 de janeiro de 2025: temperaturas amenas de manh\u00e3 e calor \u00e0 tarde, com chances de chuva.\" \/>\n<meta name=\"robots\" content=\"index, follow, max-snippet:-1, max-image-preview:large, max-video-preview:-1\" \/>\n<link rel=\"canonical\" href=\"https:\/\/www.em.com.br\/emfoco\/2025\/01\/07\/belo-horizonte-sol-chuva-ou-quem-sabe-um-arco-iris\/\" \/>\n<meta property=\"og:locale\" content=\"pt_BR\" \/>\n<meta property=\"og:type\" content=\"article\" \/>\n<meta property=\"og:title\" content=\"Belo Horizonte: sol, chuva ou quem sabe um arco-\u00edris? - Estado de Minas - Em foco\" \/>\n<meta property=\"og:description\" content=\"Previs\u00f5es do tempo para Belo Horizonte em 7 de janeiro de 2025: temperaturas amenas de manh\u00e3 e calor \u00e0 tarde, com chances de chuva.\" \/>\n<meta property=\"og:url\" content=\"https:\/\/www.em.com.br\/emfoco\/2025\/01\/07\/belo-horizonte-sol-chuva-ou-quem-sabe-um-arco-iris\/\" \/>\n<meta property=\"og:site_name\" content=\"Estado de Minas - Em foco\" \/>\n<meta property=\"article:published_time\" content=\"2025-01-07T09:20:00+00:00\" \/>\n<meta property=\"article:modified_time\" content=\"2025-01-07T03:33:28+00:00\" \/>\n<meta property=\"og:image\" content=\"https:\/\/www.em.com.br\/emfoco\/wp-content\/uploads\/2025\/01\/Chuva_1736220662509.jpg\" \/>\n\t<meta property=\"og:image:width\" content=\"1280\" \/>\n\t<meta property=\"og:image:height\" content=\"720\" \/>\n\t<meta property=\"og:image:type\" content=\"image\/jpeg\" \/>\n<meta name=\"author\" content=\"Kelvin\" \/>\n<meta name=\"twitter:card\" content=\"summary_large_image\" \/>\n<meta name=\"twitter:label1\" content=\"Escrito por\" \/>\n\t<meta name=\"twitter:data1\" content=\"Kelvin\" \/>\n\t<meta name=\"twitter:label2\" content=\"Est. tempo de leitura\" \/>\n\t<meta name=\"twitter:data2\" content=\"3 minutos\" \/>\n<!-- \/ Yoast SEO plugin. -->","yoast_head_json":{"title":"Belo Horizonte: sol, chuva ou quem sabe um arco-\u00edris? - Estado de Minas - Em foco","description":"Previs\u00f5es do tempo para Belo Horizonte em 7 de janeiro de 2025: temperaturas amenas de manh\u00e3 e calor \u00e0 tarde, com chances de chuva.","robots":{"index":"index","follow":"follow","max-snippet":"max-snippet:-1","max-image-preview":"max-image-preview:large","max-video-preview":"max-video-preview:-1"},"canonical":"https:\/\/www.em.com.br\/emfoco\/2025\/01\/07\/belo-horizonte-sol-chuva-ou-quem-sabe-um-arco-iris\/","og_locale":"pt_BR","og_type":"article","og_title":"Belo Horizonte: sol, chuva ou quem sabe um arco-\u00edris? - Estado de Minas - Em foco","og_description":"Previs\u00f5es do tempo para Belo Horizonte em 7 de janeiro de 2025: temperaturas amenas de manh\u00e3 e calor \u00e0 tarde, com chances de chuva.","og_url":"https:\/\/www.em.com.br\/emfoco\/2025\/01\/07\/belo-horizonte-sol-chuva-ou-quem-sabe-um-arco-iris\/","og_site_name":"Estado de Minas - Em foco","article_published_time":"2025-01-07T09:20:00+00:00","article_modified_time":"2025-01-07T03:33:28+00:00","og_image":[{"width":1280,"height":720,"url":"https:\/\/www.em.com.br\/emfoco\/wp-content\/uploads\/2025\/01\/Chuva_1736220662509.jpg","type":"image\/jpeg"}],"author":"Kelvin","twitter_card":"summary_large_image","twitter_misc":{"Escrito por":"Kelvin","Est. tempo de leitura":"3 minutos"},"schema":{"@context":"https:\/\/schema.org","@graph":[{"@type":"WebPage","@id":"https:\/\/www.em.com.br\/emfoco\/2025\/01\/07\/belo-horizonte-sol-chuva-ou-quem-sabe-um-arco-iris\/","url":"https:\/\/www.em.com.br\/emfoco\/2025\/01\/07\/belo-horizonte-sol-chuva-ou-quem-sabe-um-arco-iris\/","name":"Belo Horizonte: sol, chuva ou quem sabe um arco-\u00edris? - Estado de Minas - Em foco","isPartOf":{"@id":"https:\/\/www.em.com.br\/emfoco\/#website"},"primaryImageOfPage":{"@id":"https:\/\/www.em.com.br\/emfoco\/2025\/01\/07\/belo-horizonte-sol-chuva-ou-quem-sabe-um-arco-iris\/#primaryimage"},"image":{"@id":"https:\/\/www.em.com.br\/emfoco\/2025\/01\/07\/belo-horizonte-sol-chuva-ou-quem-sabe-um-arco-iris\/#primaryimage"},"thumbnailUrl":"https:\/\/www.em.com.br\/emfoco\/wp-content\/uploads\/2025\/01\/Chuva_1736220662509.jpg","datePublished":"2025-01-07T09:20:00+00:00","dateModified":"2025-01-07T03:33:28+00:00","author":{"@id":"https:\/\/www.em.com.br\/emfoco\/#\/schema\/person\/fb0a7f48c6fbb94b83f413a80f61917d"},"description":"Previs\u00f5es do tempo para Belo Horizonte em 7 de janeiro de 2025: temperaturas amenas de manh\u00e3 e calor \u00e0 tarde, com chances de chuva.","breadcrumb":{"@id":"https:\/\/www.em.com.br\/emfoco\/2025\/01\/07\/belo-horizonte-sol-chuva-ou-quem-sabe-um-arco-iris\/#breadcrumb"},"inLanguage":"pt-BR","potentialAction":[{"@type":"ReadAction","target":["https:\/\/www.em.com.br\/emfoco\/2025\/01\/07\/belo-horizonte-sol-chuva-ou-quem-sabe-um-arco-iris\/"]}]},{"@type":"ImageObject","inLanguage":"pt-BR","@id":"https:\/\/www.em.com.br\/emfoco\/2025\/01\/07\/belo-horizonte-sol-chuva-ou-quem-sabe-um-arco-iris\/#primaryimage","url":"https:\/\/www.em.com.br\/emfoco\/wp-content\/uploads\/2025\/01\/Chuva_1736220662509.jpg","contentUrl":"https:\/\/www.em.com.br\/emfoco\/wp-content\/uploads\/2025\/01\/Chuva_1736220662509.jpg","width":1280,"height":720,"caption":"Chuva - Cr\u00e9ditos: depositphotos.com \/ VitalikRadko"},{"@type":"BreadcrumbList","@id":"https:\/\/www.em.com.br\/emfoco\/2025\/01\/07\/belo-horizonte-sol-chuva-ou-quem-sabe-um-arco-iris\/#breadcrumb","itemListElement":[{"@type":"ListItem","position":1,"name":"In\u00edcio","item":"https:\/\/www.em.com.br\/emfoco\/"},{"@type":"ListItem","position":2,"name":"Belo Horizonte: sol, chuva ou quem sabe um arco-\u00edris?"}]},{"@type":"WebSite","@id":"https:\/\/www.em.com.br\/emfoco\/#website","url":"https:\/\/www.em.com.br\/emfoco\/","name":"Estado de Minas - Em foco","description":"Acompanhe as \u00faltimas not\u00edcias e fique bem informado sobre tudo o que acontece em Minas Gerais, Brasil e no mundo.","potentialAction":[{"@type":"SearchAction","target":{"@type":"EntryPoint","urlTemplate":"https:\/\/www.em.com.br\/emfoco\/?s={search_term_string}"},"query-input":{"@type":"PropertyValueSpecification","valueRequired":true,"valueName":"search_term_string"}}],"inLanguage":"pt-BR"},{"@type":"Person","@id":"https:\/\/www.em.com.br\/emfoco\/#\/schema\/person\/fb0a7f48c6fbb94b83f413a80f61917d","name":"Kelvin","image":{"@type":"ImageObject","inLanguage":"pt-BR","@id":"https:\/\/www.em.com.br\/emfoco\/#\/schema\/person\/image\/","url":"https:\/\/secure.gravatar.com\/avatar\/e74f84337e6bf6c4c5e88fbdffa05270?s=96&d=mm&r=g","contentUrl":"https:\/\/secure.gravatar.com\/avatar\/e74f84337e6bf6c4c5e88fbdffa05270?s=96&d=mm&r=g","caption":"Kelvin"},"sameAs":["https:\/\/www.em.com.br\/emfoco"],"url":"https:\/\/www.em.com.br\/emfoco\/author\/kelvinmyth\/"}]}},"_links":{"self":[{"href":"https:\/\/www.em.com.br\/emfoco\/wp-json\/wp\/v2\/posts\/8878","targetHints":{"allow":["GET"]}}],"collection":[{"href":"https:\/\/www.em.com.br\/emfoco\/wp-json\/wp\/v2\/posts"}],"about":[{"href":"https:\/\/www.em.com.br\/emfoco\/wp-json\/wp\/v2\/types\/post"}],"author":[{"embeddable":true,"href":"https:\/\/www.em.com.br\/emfoco\/wp-json\/wp\/v2\/users\/7"}],"replies":[{"embeddable":true,"href":"https:\/\/www.em.com.br\/emfoco\/wp-json\/wp\/v2\/comments?post=8878"}],"version-history":[{"count":2,"href":"https:\/\/www.em.com.br\/emfoco\/wp-json\/wp\/v2\/posts\/8878\/revisions"}],"predecessor-version":[{"id":8882,"href":"https:\/\/www.em.com.br\/emfoco\/wp-json\/wp\/v2\/posts\/8878\/revisions\/8882"}],"wp:featuredmedia":[{"embeddable":true,"href":"https:\/\/www.em.com.br\/emfoco\/wp-json\/wp\/v2\/media\/8880"}],"wp:attachment":[{"href":"https:\/\/www.em.com.br\/emfoco\/wp-json\/wp\/v2\/media?parent=8878"}],"wp:term":[{"taxonomy":"category","embeddable":true,"href":"https:\/\/www.em.com.br\/emfoco\/wp-json\/wp\/v2\/categories?post=8878"},{"taxonomy":"post_tag","embeddable":true,"href":"https:\/\/www.em.com.br\/emfoco\/wp-json\/wp\/v2\/tags?post=8878"}],"curies":[{"name":"wp","href":"https:\/\/api.w.org\/{rel}","templated":true}]}}