{"id":88772,"date":"2025-08-11T15:08:00","date_gmt":"2025-08-11T18:08:00","guid":{"rendered":"https:\/\/www.em.com.br\/emfoco\/?p=88772"},"modified":"2025-08-08T12:03:59","modified_gmt":"2025-08-08T15:03:59","slug":"aprenda-a-manter-seus-pes-sempre-hidratados-com-esses-produtos-caseiros","status":"publish","type":"post","link":"https:\/\/www.em.com.br\/emfoco\/2025\/08\/11\/aprenda-a-manter-seus-pes-sempre-hidratados-com-esses-produtos-caseiros\/","title":{"rendered":"Aprenda a manter seus p\u00e9s sempre hidratados com esses produtos caseiros"},"content":{"rendered":"\n<p>Manter os <strong>p\u00e9s hidratados<\/strong> n\u00e3o \u00e9 apenas quest\u00e3o de est\u00e9tica, mas tamb\u00e9m de sa\u00fade. Com alguns cuidados simples em casa, \u00e9 poss\u00edvel evitar rachaduras, ressecamento e desconfortos di\u00e1rios.<\/p>\n\n\n\n<ul class=\"wp-block-list\">\n<li>Ingredientes naturais que realmente funcionam para hidratar os p\u00e9s<\/li>\n\n\n\n<li>H\u00e1bitos simples que transformam a sa\u00fade da sua pele<\/li>\n\n\n\n<li>Erros comuns que podem estar sabotando seus cuidados<\/li>\n<\/ul>\n\n\n\n<h2 class=\"wp-block-heading\">O que causa o ressecamento excessivo dos p\u00e9s?<\/h2>\n\n\n\n<p>O <strong>ressecamento dos p\u00e9s<\/strong> geralmente \u00e9 provocado por fatores como clima seco, <strong><a href=\"https:\/\/www.em.com.br\/emfoco\/2025\/02\/27\/banhos-quentes-no-inverno-como-aproveitar-sem-prejudicar-a-pele-e-o-cabelo\/\" target=\"_blank\" rel=\"noreferrer noopener\">banhos quentes<\/a><\/strong> e falta de hidrata\u00e7\u00e3o adequada. Esses h\u00e1bitos comprometem a barreira natural da pele.<\/p>\n\n\n\n<p>Al\u00e9m disso, o uso constante de cal\u00e7ados fechados e a aus\u00eancia de esfolia\u00e7\u00e3o contribuem para o ac\u00famulo de c\u00e9lulas mortas, agravando a aspereza e as rachaduras.<\/p>\n\n\n\n<figure class=\"wp-block-image size-large\"><img loading=\"lazy\" decoding=\"async\" width=\"1024\" height=\"576\" src=\"https:\/\/www.em.com.br\/emfoco\/wp-content\/uploads\/2025\/07\/pes_1753275296982-1024x576.jpg\" alt=\"Nova teoria diz que a largura dos seus p\u00e9s pode contar muito sobre seu passado\" class=\"wp-image-80231\" srcset=\"https:\/\/www.em.com.br\/emfoco\/wp-content\/uploads\/2025\/07\/pes_1753275296982-1024x576.jpg 1024w, https:\/\/www.em.com.br\/emfoco\/wp-content\/uploads\/2025\/07\/pes_1753275296982-300x169.jpg 300w, https:\/\/www.em.com.br\/emfoco\/wp-content\/uploads\/2025\/07\/pes_1753275296982-768x432.jpg 768w, https:\/\/www.em.com.br\/emfoco\/wp-content\/uploads\/2025\/07\/pes_1753275296982-750x422.jpg 750w, https:\/\/www.em.com.br\/emfoco\/wp-content\/uploads\/2025\/07\/pes_1753275296982-1140x641.jpg 1140w, https:\/\/www.em.com.br\/emfoco\/wp-content\/uploads\/2025\/07\/pes_1753275296982.jpg 1280w\" sizes=\"auto, (max-width: 1024px) 100vw, 1024px\" \/><figcaption class=\"wp-element-caption\">P\u00e9s &#8211; Cr\u00e9ditos: depositphotos.com \/ AndrewLozovyi<\/figcaption><\/figure>\n\n\n\n<h2 class=\"wp-block-heading\">Hidratar os p\u00e9s todos os dias realmente faz diferen\u00e7a?<\/h2>\n\n\n\n<p><strong>Hidratar os p\u00e9s diariamente<\/strong> \u00e9 uma pr\u00e1tica essencial para manter a pele macia, el\u00e1stica e livre de fissuras. O efeito acumulativo da hidrata\u00e7\u00e3o fortalece a barreira cut\u00e2nea.<\/p>\n\n\n\n<p>Com o tempo, os resultados se tornam vis\u00edveis: a textura melhora, o toque fica suave e a apar\u00eancia mais saud\u00e1vel, principalmente quando se cria uma rotina noturna de cuidados.<\/p>\n\n\n\n<h2 class=\"wp-block-heading\">Quais receitas caseiras hidratam profundamente?<\/h2>\n\n\n\n<p>Receitas com <strong><a href=\"https:\/\/redeglobo.globo.com\/rpc\/estudio-c\/extras-estudio-c\/noticia\/hidratacao-para-pes-feita-em-casa-com-ingredientes-caseiros.ghtml\" target=\"_blank\" rel=\"noreferrer noopener\">ingredientes naturais<\/a><\/strong> oferecem excelente hidrata\u00e7\u00e3o, especialmente quando usadas com regularidade. Elas s\u00e3o acess\u00edveis e f\u00e1ceis de preparar em casa.<\/p>\n\n\n\n<p>Combinar \u00f3leos, frutas e subst\u00e2ncias emolientes potencializa os efeitos, deixando os p\u00e9s nutridos por muito mais tempo.<\/p>\n\n\n\n<ul class=\"wp-block-list\">\n<li><strong>M\u00e1scara de abacate com mel:<\/strong> nutre e amacia profundamente<\/li>\n\n\n\n<li><strong>Banho de aveia:<\/strong> alivia a aspereza e suaviza a pele<\/li>\n\n\n\n<li><strong>Compressa de azeite morno:<\/strong> repara rachaduras e previne descama\u00e7\u00f5es<\/li>\n\n\n\n<li><strong>Esfolia\u00e7\u00e3o com a\u00e7\u00facar e \u00f3leo de coco:<\/strong> remove c\u00e9lulas mortas e facilita a absor\u00e7\u00e3o de hidratantes<\/li>\n<\/ul>\n\n\n\n<figure class=\"wp-block-image size-large\"><img loading=\"lazy\" decoding=\"async\" width=\"1024\" height=\"576\" src=\"https:\/\/www.em.com.br\/emfoco\/wp-content\/uploads\/2025\/08\/lavar-os-pes_1754323525048-1024x576.jpg\" alt=\"Por que e para que serve lavar os p\u00e9s com sal e bicarbonato, segundo especialistas\" class=\"wp-image-86291\" srcset=\"https:\/\/www.em.com.br\/emfoco\/wp-content\/uploads\/2025\/08\/lavar-os-pes_1754323525048-1024x576.jpg 1024w, https:\/\/www.em.com.br\/emfoco\/wp-content\/uploads\/2025\/08\/lavar-os-pes_1754323525048-300x169.jpg 300w, https:\/\/www.em.com.br\/emfoco\/wp-content\/uploads\/2025\/08\/lavar-os-pes_1754323525048-768x432.jpg 768w, https:\/\/www.em.com.br\/emfoco\/wp-content\/uploads\/2025\/08\/lavar-os-pes_1754323525048-750x422.jpg 750w, https:\/\/www.em.com.br\/emfoco\/wp-content\/uploads\/2025\/08\/lavar-os-pes_1754323525048-1140x641.jpg 1140w, https:\/\/www.em.com.br\/emfoco\/wp-content\/uploads\/2025\/08\/lavar-os-pes_1754323525048.jpg 1280w\" sizes=\"auto, (max-width: 1024px) 100vw, 1024px\" \/><figcaption class=\"wp-element-caption\">Lavando os p\u00e9s com bicarbonato &#8211; Cr\u00e9ditos: depositphotos.com \/ dariakulkova.gmail.com<\/figcaption><\/figure>\n\n\n\n<h2 class=\"wp-block-heading\">Como criar uma rotina de cuidados eficaz?<\/h2>\n\n\n\n<p>Uma <strong>rotina eficiente de cuidados com os p\u00e9s<\/strong> deve incluir limpeza, esfolia\u00e7\u00e3o e hidrata\u00e7\u00e3o. A regularidade \u00e9 o segredo para resultados duradouros.<\/p>\n\n\n\n<p>Evite pular etapas e adapte os produtos ao seu tipo de pele, priorizando f\u00f3rmulas naturais e nutritivas no per\u00edodo noturno.<\/p>\n\n\n\n<ul class=\"wp-block-list\">\n<li><strong>Hidrate ap\u00f3s o banho:<\/strong> a pele absorve melhor quando ainda est\u00e1 \u00famida<\/li>\n\n\n\n<li><strong>Use meias de algod\u00e3o:<\/strong> ajudam a potencializar o efeito dos cremes durante a noite<\/li>\n\n\n\n<li><strong>Evite lixas excessivas:<\/strong> elas podem estimular o efeito rebote do ressecamento<\/li>\n\n\n\n<li><strong>Hidrate duas vezes ao dia:<\/strong> pela manh\u00e3 e antes de dormir<\/li>\n<\/ul>\n\n\n\n<h2 class=\"wp-block-heading\">Quais erros est\u00e3o sabotando sua hidrata\u00e7\u00e3o?<\/h2>\n\n\n\n<p>Mesmo com boas inten\u00e7\u00f5es, alguns <strong>h\u00e1bitos sabotam a hidrata\u00e7\u00e3o dos p\u00e9s<\/strong> e impedem que os cuidados deem certo. Corrigir esses erros \u00e9 fundamental.<\/p>\n\n\n\n<p>Ignorar a secagem adequada, usar produtos inadequados ou exagerar na esfolia\u00e7\u00e3o pode comprometer a sa\u00fade da pele.<\/p>\n\n\n\n<ul class=\"wp-block-list\">\n<li><strong>Usar \u00e1lcool ou sabonetes agressivos:<\/strong> eles ressecam ainda mais<\/li>\n\n\n\n<li><strong>Esquecer de secar entre os dedos:<\/strong> favorece fungos e impede a absor\u00e7\u00e3o<\/li>\n\n\n\n<li><strong>Hidratar sem esfoliar:<\/strong> impede a penetra\u00e7\u00e3o dos ativos<\/li>\n\n\n\n<li><strong>Exagerar na lixa:<\/strong> causa microles\u00f5es e piora o ressecamento<\/li>\n<\/ul>\n\n\n\n<h2 class=\"wp-block-heading\">Rotina simples, p\u00e9s renovados e sem ressecamento<\/h2>\n\n\n\n<ul class=\"wp-block-list\">\n<li>Hidrata\u00e7\u00e3o di\u00e1ria transforma a textura e apar\u00eancia dos p\u00e9s<\/li>\n\n\n\n<li>Receitas caseiras s\u00e3o eficazes e acess\u00edveis para manter a pele macia<\/li>\n\n\n\n<li>Evitar erros comuns \u00e9 essencial para manter os cuidados eficazes<\/li>\n<\/ul>\n","protected":false},"excerpt":{"rendered":"<p>Manter os p\u00e9s hidratados n\u00e3o \u00e9 apenas quest\u00e3o de est\u00e9tica, mas tamb\u00e9m de sa\u00fade. Com alguns cuidados simples em casa, \u00e9 poss\u00edvel evitar rachaduras, ressecamento e desconfortos di\u00e1rios. O que causa o ressecamento excessivo dos p\u00e9s? O ressecamento dos p\u00e9s geralmente \u00e9 provocado por fatores como clima seco, banhos quentes e falta de hidrata\u00e7\u00e3o adequada. [&hellip;]<\/p>\n","protected":false},"author":13,"featured_media":86290,"comment_status":"open","ping_status":"open","sticky":false,"template":"","format":"standard","meta":{"jnews-multi-image_gallery":[],"jnews_single_post":{"format":"standard"},"jnews_primary_category":[],"jnews_social_meta":[],"jnews_override_counter":[],"footnotes":""},"categories":[8819],"tags":[13639,13638,7619],"class_list":["post-88772","post","type-post","status-publish","format-standard","has-post-thumbnail","hentry","category-curiosidades","tag-cuidado-com-o-pe","tag-hidratacao-dos-pes","tag-pes"],"yoast_head":"<!-- This site is optimized with the Yoast SEO plugin v23.8 - https:\/\/yoast.com\/wordpress\/plugins\/seo\/ -->\n<title>Aprenda a manter seus p\u00e9s sempre hidratados com esses produtos caseiros - Estado de Minas - Em foco<\/title>\n<meta name=\"description\" content=\"Transforme seus p\u00e9s com cuidados naturais e eficazes. Veja como hidratar, prevenir rachaduras e manter a pele bonita.\" \/>\n<meta name=\"robots\" content=\"index, follow, max-snippet:-1, max-image-preview:large, max-video-preview:-1\" \/>\n<link rel=\"canonical\" href=\"https:\/\/www.em.com.br\/emfoco\/2025\/08\/11\/aprenda-a-manter-seus-pes-sempre-hidratados-com-esses-produtos-caseiros\/\" \/>\n<meta property=\"og:locale\" content=\"pt_BR\" \/>\n<meta property=\"og:type\" content=\"article\" \/>\n<meta property=\"og:title\" content=\"Aprenda a manter seus p\u00e9s sempre hidratados com esses produtos caseiros - Estado de Minas - Em foco\" \/>\n<meta property=\"og:description\" content=\"Transforme seus p\u00e9s com cuidados naturais e eficazes. Veja como hidratar, prevenir rachaduras e manter a pele bonita.\" \/>\n<meta property=\"og:url\" content=\"https:\/\/www.em.com.br\/emfoco\/2025\/08\/11\/aprenda-a-manter-seus-pes-sempre-hidratados-com-esses-produtos-caseiros\/\" \/>\n<meta property=\"og:site_name\" content=\"Estado de Minas - Em foco\" \/>\n<meta property=\"article:published_time\" content=\"2025-08-11T18:08:00+00:00\" \/>\n<meta property=\"article:modified_time\" content=\"2025-08-08T15:03:59+00:00\" \/>\n<meta property=\"og:image\" content=\"https:\/\/www.em.com.br\/emfoco\/wp-content\/uploads\/2025\/08\/lavar-os-pes_1754323490003.jpg\" \/>\n\t<meta property=\"og:image:width\" content=\"1280\" \/>\n\t<meta property=\"og:image:height\" content=\"720\" \/>\n\t<meta property=\"og:image:type\" content=\"image\/jpeg\" \/>\n<meta name=\"author\" content=\"Gabriel Martins\" \/>\n<meta name=\"twitter:card\" content=\"summary_large_image\" \/>\n<meta name=\"twitter:label1\" content=\"Escrito por\" \/>\n\t<meta name=\"twitter:data1\" content=\"Gabriel Martins\" \/>\n\t<meta name=\"twitter:label2\" content=\"Est. tempo de leitura\" \/>\n\t<meta name=\"twitter:data2\" content=\"4 minutos\" \/>\n<!-- \/ Yoast SEO plugin. -->","yoast_head_json":{"title":"Aprenda a manter seus p\u00e9s sempre hidratados com esses produtos caseiros - Estado de Minas - Em foco","description":"Transforme seus p\u00e9s com cuidados naturais e eficazes. Veja como hidratar, prevenir rachaduras e manter a pele bonita.","robots":{"index":"index","follow":"follow","max-snippet":"max-snippet:-1","max-image-preview":"max-image-preview:large","max-video-preview":"max-video-preview:-1"},"canonical":"https:\/\/www.em.com.br\/emfoco\/2025\/08\/11\/aprenda-a-manter-seus-pes-sempre-hidratados-com-esses-produtos-caseiros\/","og_locale":"pt_BR","og_type":"article","og_title":"Aprenda a manter seus p\u00e9s sempre hidratados com esses produtos caseiros - Estado de Minas - Em foco","og_description":"Transforme seus p\u00e9s com cuidados naturais e eficazes. Veja como hidratar, prevenir rachaduras e manter a pele bonita.","og_url":"https:\/\/www.em.com.br\/emfoco\/2025\/08\/11\/aprenda-a-manter-seus-pes-sempre-hidratados-com-esses-produtos-caseiros\/","og_site_name":"Estado de Minas - Em foco","article_published_time":"2025-08-11T18:08:00+00:00","article_modified_time":"2025-08-08T15:03:59+00:00","og_image":[{"width":1280,"height":720,"url":"https:\/\/www.em.com.br\/emfoco\/wp-content\/uploads\/2025\/08\/lavar-os-pes_1754323490003.jpg","type":"image\/jpeg"}],"author":"Gabriel Martins","twitter_card":"summary_large_image","twitter_misc":{"Escrito por":"Gabriel Martins","Est. tempo de leitura":"4 minutos"},"schema":{"@context":"https:\/\/schema.org","@graph":[{"@type":"WebPage","@id":"https:\/\/www.em.com.br\/emfoco\/2025\/08\/11\/aprenda-a-manter-seus-pes-sempre-hidratados-com-esses-produtos-caseiros\/","url":"https:\/\/www.em.com.br\/emfoco\/2025\/08\/11\/aprenda-a-manter-seus-pes-sempre-hidratados-com-esses-produtos-caseiros\/","name":"Aprenda a manter seus p\u00e9s sempre hidratados com esses produtos caseiros - Estado de Minas - Em foco","isPartOf":{"@id":"https:\/\/www.em.com.br\/emfoco\/#website"},"primaryImageOfPage":{"@id":"https:\/\/www.em.com.br\/emfoco\/2025\/08\/11\/aprenda-a-manter-seus-pes-sempre-hidratados-com-esses-produtos-caseiros\/#primaryimage"},"image":{"@id":"https:\/\/www.em.com.br\/emfoco\/2025\/08\/11\/aprenda-a-manter-seus-pes-sempre-hidratados-com-esses-produtos-caseiros\/#primaryimage"},"thumbnailUrl":"https:\/\/www.em.com.br\/emfoco\/wp-content\/uploads\/2025\/08\/lavar-os-pes_1754323490003.jpg","datePublished":"2025-08-11T18:08:00+00:00","dateModified":"2025-08-08T15:03:59+00:00","author":{"@id":"https:\/\/www.em.com.br\/emfoco\/#\/schema\/person\/1c9ddeab18b98abeffef834667bcf08a"},"description":"Transforme seus p\u00e9s com cuidados naturais e eficazes. Veja como hidratar, prevenir rachaduras e manter a pele bonita.","breadcrumb":{"@id":"https:\/\/www.em.com.br\/emfoco\/2025\/08\/11\/aprenda-a-manter-seus-pes-sempre-hidratados-com-esses-produtos-caseiros\/#breadcrumb"},"inLanguage":"pt-BR","potentialAction":[{"@type":"ReadAction","target":["https:\/\/www.em.com.br\/emfoco\/2025\/08\/11\/aprenda-a-manter-seus-pes-sempre-hidratados-com-esses-produtos-caseiros\/"]}]},{"@type":"ImageObject","inLanguage":"pt-BR","@id":"https:\/\/www.em.com.br\/emfoco\/2025\/08\/11\/aprenda-a-manter-seus-pes-sempre-hidratados-com-esses-produtos-caseiros\/#primaryimage","url":"https:\/\/www.em.com.br\/emfoco\/wp-content\/uploads\/2025\/08\/lavar-os-pes_1754323490003.jpg","contentUrl":"https:\/\/www.em.com.br\/emfoco\/wp-content\/uploads\/2025\/08\/lavar-os-pes_1754323490003.jpg","width":1280,"height":720,"caption":"Lavando os p\u00e9s - Cr\u00e9ditos: depositphotos.com \/ kotin"},{"@type":"BreadcrumbList","@id":"https:\/\/www.em.com.br\/emfoco\/2025\/08\/11\/aprenda-a-manter-seus-pes-sempre-hidratados-com-esses-produtos-caseiros\/#breadcrumb","itemListElement":[{"@type":"ListItem","position":1,"name":"In\u00edcio","item":"https:\/\/www.em.com.br\/emfoco\/"},{"@type":"ListItem","position":2,"name":"Aprenda a manter seus p\u00e9s sempre hidratados com esses produtos caseiros"}]},{"@type":"WebSite","@id":"https:\/\/www.em.com.br\/emfoco\/#website","url":"https:\/\/www.em.com.br\/emfoco\/","name":"Estado de Minas - Em foco","description":"Acompanhe as \u00faltimas not\u00edcias e fique bem informado sobre tudo o que acontece em Minas Gerais, Brasil e no mundo.","potentialAction":[{"@type":"SearchAction","target":{"@type":"EntryPoint","urlTemplate":"https:\/\/www.em.com.br\/emfoco\/?s={search_term_string}"},"query-input":{"@type":"PropertyValueSpecification","valueRequired":true,"valueName":"search_term_string"}}],"inLanguage":"pt-BR"},{"@type":"Person","@id":"https:\/\/www.em.com.br\/emfoco\/#\/schema\/person\/1c9ddeab18b98abeffef834667bcf08a","name":"Gabriel Martins","image":{"@type":"ImageObject","inLanguage":"pt-BR","@id":"https:\/\/www.em.com.br\/emfoco\/#\/schema\/person\/image\/","url":"https:\/\/secure.gravatar.com\/avatar\/f0f1e2efdfd88f1ad2cb08c5c2731e50?s=96&d=mm&r=g","contentUrl":"https:\/\/secure.gravatar.com\/avatar\/f0f1e2efdfd88f1ad2cb08c5c2731e50?s=96&d=mm&r=g","caption":"Gabriel Martins"},"sameAs":["https:\/\/www.em.com.br\/emfoco\/"],"url":"https:\/\/www.em.com.br\/emfoco\/author\/gabrielmartinsmyth\/"}]}},"_links":{"self":[{"href":"https:\/\/www.em.com.br\/emfoco\/wp-json\/wp\/v2\/posts\/88772","targetHints":{"allow":["GET"]}}],"collection":[{"href":"https:\/\/www.em.com.br\/emfoco\/wp-json\/wp\/v2\/posts"}],"about":[{"href":"https:\/\/www.em.com.br\/emfoco\/wp-json\/wp\/v2\/types\/post"}],"author":[{"embeddable":true,"href":"https:\/\/www.em.com.br\/emfoco\/wp-json\/wp\/v2\/users\/13"}],"replies":[{"embeddable":true,"href":"https:\/\/www.em.com.br\/emfoco\/wp-json\/wp\/v2\/comments?post=88772"}],"version-history":[{"count":1,"href":"https:\/\/www.em.com.br\/emfoco\/wp-json\/wp\/v2\/posts\/88772\/revisions"}],"predecessor-version":[{"id":88792,"href":"https:\/\/www.em.com.br\/emfoco\/wp-json\/wp\/v2\/posts\/88772\/revisions\/88792"}],"wp:featuredmedia":[{"embeddable":true,"href":"https:\/\/www.em.com.br\/emfoco\/wp-json\/wp\/v2\/media\/86290"}],"wp:attachment":[{"href":"https:\/\/www.em.com.br\/emfoco\/wp-json\/wp\/v2\/media?parent=88772"}],"wp:term":[{"taxonomy":"category","embeddable":true,"href":"https:\/\/www.em.com.br\/emfoco\/wp-json\/wp\/v2\/categories?post=88772"},{"taxonomy":"post_tag","embeddable":true,"href":"https:\/\/www.em.com.br\/emfoco\/wp-json\/wp\/v2\/tags?post=88772"}],"curies":[{"name":"wp","href":"https:\/\/api.w.org\/{rel}","templated":true}]}}