{"id":88746,"date":"2025-08-11T22:18:00","date_gmt":"2025-08-12T01:18:00","guid":{"rendered":"https:\/\/www.em.com.br\/emfoco\/?p=88746"},"modified":"2025-08-08T11:16:48","modified_gmt":"2025-08-08T14:16:48","slug":"o-que-a-psicologia-revela-sobre-quem-some-das-redes-sociais-do-nada","status":"publish","type":"post","link":"https:\/\/www.em.com.br\/emfoco\/2025\/08\/11\/o-que-a-psicologia-revela-sobre-quem-some-das-redes-sociais-do-nada\/","title":{"rendered":"O que a psicologia revela sobre quem some das redes sociais do nada"},"content":{"rendered":"\n<p>N\u00e3o postar nada nas redes sociais pode parecer apenas um h\u00e1bito discreto, mas a <strong>psicologia<\/strong> sugere que esse comportamento pode refletir aspectos profundos da personalidade e do bem-estar emocional. Entender o que est\u00e1 por tr\u00e1s desse sil\u00eancio digital \u00e9 essencial para interpretar atitudes contempor\u00e2neas.<\/p>\n\n\n\n<ul class=\"wp-block-list\">\n<li><strong>Evitar redes sociais<\/strong> pode indicar tra\u00e7os de autossufici\u00eancia emocional.<\/li>\n\n\n\n<li>O sil\u00eancio online pode esconder ansiedade, autocontrole ou busca por privacidade.<\/li>\n\n\n\n<li>A aus\u00eancia de postagens nem sempre \u00e9 sinal de isolamento ou problema psicol\u00f3gico.<\/li>\n<\/ul>\n\n\n\n<h2 class=\"wp-block-heading\">O que leva algu\u00e9m a n\u00e3o postar nada nas redes sociais?<\/h2>\n\n\n\n<p>A decis\u00e3o de n\u00e3o compartilhar conte\u00fado pode estar ligada a um <strong>desejo de preservar a privacidade<\/strong>. Muitas pessoas simplesmente n\u00e3o sentem necessidade de expor a vida pessoal ou opini\u00f5es em espa\u00e7os digitais.<\/p>\n\n\n\n<p>Tamb\u00e9m h\u00e1 indiv\u00edduos que se sentem desconfort\u00e1veis com a exposi\u00e7\u00e3o e preferem se manter <strong>observadores silenciosos<\/strong>, acompanhando os outros sem interagir diretamente ou participar ativamente.<\/p>\n\n\n\n<figure class=\"wp-block-image size-large\"><img loading=\"lazy\" decoding=\"async\" width=\"1024\" height=\"576\" src=\"https:\/\/www.em.com.br\/emfoco\/wp-content\/uploads\/2025\/08\/Rede-social_1754662405857-1024x576.jpg\" alt=\"O que a psicologia revela sobre quem some das redes sociais do nada\" class=\"wp-image-88755\" srcset=\"https:\/\/www.em.com.br\/emfoco\/wp-content\/uploads\/2025\/08\/Rede-social_1754662405857-1024x576.jpg 1024w, https:\/\/www.em.com.br\/emfoco\/wp-content\/uploads\/2025\/08\/Rede-social_1754662405857-300x169.jpg 300w, https:\/\/www.em.com.br\/emfoco\/wp-content\/uploads\/2025\/08\/Rede-social_1754662405857-768x432.jpg 768w, https:\/\/www.em.com.br\/emfoco\/wp-content\/uploads\/2025\/08\/Rede-social_1754662405857-750x422.jpg 750w, https:\/\/www.em.com.br\/emfoco\/wp-content\/uploads\/2025\/08\/Rede-social_1754662405857-1140x641.jpg 1140w, https:\/\/www.em.com.br\/emfoco\/wp-content\/uploads\/2025\/08\/Rede-social_1754662405857.jpg 1280w\" sizes=\"auto, (max-width: 1024px) 100vw, 1024px\" \/><figcaption class=\"wp-element-caption\">Celular com rede social &#8211; Cr\u00e9ditos: depositphotos.com \/ Mactrunk<\/figcaption><\/figure>\n\n\n\n<h2 class=\"wp-block-heading\">Sil\u00eancio digital significa aus\u00eancia emocional?<\/h2>\n\n\n\n<p>N\u00e3o necessariamente. O fato de algu\u00e9m n\u00e3o publicar n\u00e3o indica que esteja emocionalmente ausente ou desconectado. Pelo contr\u00e1rio, esse comportamento pode representar um <strong>alto n\u00edvel de<\/strong><a href=\"https:\/\/colegioplanck.com.br\/autocontrole\/\" target=\"_blank\" rel=\"noreferrer noopener\"><strong> autocontrole emocional<\/strong> <\/a>e seletividade nas rela\u00e7\u00f5es sociais.<\/p>\n\n\n\n<p>Segundo estudos da psicologia comportamental, pessoas que se mant\u00eam em sil\u00eancio digital podem estar mais focadas em intera\u00e7\u00f5es reais, mostrando uma prefer\u00eancia por <strong>conex\u00f5es profundas e aut\u00eanticas<\/strong>.<\/p>\n\n\n\n<h2 class=\"wp-block-heading\">Existe rela\u00e7\u00e3o entre n\u00e3o postar e a sa\u00fade mental?<\/h2>\n\n\n\n<p>A escolha de n\u00e3o postar pode sim ter liga\u00e7\u00e3o com o estado emocional, mas n\u00e3o de forma negativa. Em muitos casos, o afastamento das redes \u00e9 uma estrat\u00e9gia consciente de <strong>autoprote\u00e7\u00e3o ps\u00edquica<\/strong>.<\/p>\n\n\n\n<p>Essa postura permite manter a mente longe de compara\u00e7\u00f5es sociais, gatilhos emocionais ou <strong><a href=\"https:\/\/www.em.com.br\/emfoco\/2025\/08\/07\/excesso-de-agua-faz-mal-o-que-os-medicos-estao-alertando\/\" target=\"_blank\" rel=\"noreferrer noopener\">excesso<\/a><\/strong> de est\u00edmulos, promovendo maior equil\u00edbrio.<\/p>\n\n\n\n<ul class=\"wp-block-list\">\n<li>Evita gatilhos de ansiedade e estresse digital.<\/li>\n\n\n\n<li>Reduz compara\u00e7\u00f5es com padr\u00f5es irreais de vida.<\/li>\n\n\n\n<li>Contribui para maior foco em atividades offline.<\/li>\n\n\n\n<li>Fortalece a autonomia sobre o pr\u00f3prio tempo e aten\u00e7\u00e3o.<\/li>\n<\/ul>\n\n\n\n<figure class=\"wp-block-image size-large\"><img loading=\"lazy\" decoding=\"async\" width=\"1024\" height=\"576\" src=\"https:\/\/www.em.com.br\/emfoco\/wp-content\/uploads\/2025\/04\/Celular_1743876651083-1024x576.jpg\" alt=\"Celular Seguro! Aplicativo do governo bloqueia seu celular roubado em minutos\" class=\"wp-image-35666\" srcset=\"https:\/\/www.em.com.br\/emfoco\/wp-content\/uploads\/2025\/04\/Celular_1743876651083-1024x576.jpg 1024w, https:\/\/www.em.com.br\/emfoco\/wp-content\/uploads\/2025\/04\/Celular_1743876651083-300x169.jpg 300w, https:\/\/www.em.com.br\/emfoco\/wp-content\/uploads\/2025\/04\/Celular_1743876651083-768x432.jpg 768w, https:\/\/www.em.com.br\/emfoco\/wp-content\/uploads\/2025\/04\/Celular_1743876651083-750x422.jpg 750w, https:\/\/www.em.com.br\/emfoco\/wp-content\/uploads\/2025\/04\/Celular_1743876651083-1140x641.jpg 1140w, https:\/\/www.em.com.br\/emfoco\/wp-content\/uploads\/2025\/04\/Celular_1743876651083.jpg 1280w\" sizes=\"auto, (max-width: 1024px) 100vw, 1024px\" \/><figcaption class=\"wp-element-caption\">Celular &#8211; Cr\u00e9ditos: depositphotos.com \/ tatsianama<\/figcaption><\/figure>\n\n\n\n<h2 class=\"wp-block-heading\">Quais tra\u00e7os de personalidade est\u00e3o por tr\u00e1s desse comportamento?<\/h2>\n\n\n\n<p>Segundo estudos, pessoas mais introspectivas ou com tra\u00e7os de <strong>autossufici\u00eancia emocional<\/strong> tendem a postar menos. Elas n\u00e3o sentem a necessidade de valida\u00e7\u00e3o constante por curtidas ou coment\u00e1rios.<\/p>\n\n\n\n<p>Al\u00e9m disso, indiv\u00edduos com alto grau de autoconhecimento costumam priorizar experi\u00eancias internas, preferindo compartilhar momentos de forma mais seletiva e consciente.<\/p>\n\n\n\n<ul class=\"wp-block-list\">\n<li>Introspec\u00e7\u00e3o e reflex\u00e3o s\u00e3o caracter\u00edsticas comuns.<\/li>\n\n\n\n<li>Baixa depend\u00eancia de aprova\u00e7\u00e3o externa.<\/li>\n\n\n\n<li>Maior capacidade de lidar com a solitude.<\/li>\n\n\n\n<li>Prefer\u00eancia por conex\u00f5es reais e profundas.<\/li>\n<\/ul>\n\n\n\n<h2 class=\"wp-block-heading\">O que o sil\u00eancio nas redes pode comunicar sem palavras?<\/h2>\n\n\n\n<p>Mesmo sem publicar nada, a aus\u00eancia pode carregar mensagens sutis. O <strong>sil\u00eancio digital<\/strong> pode ser um grito de liberdade, um gesto de autocuidado ou at\u00e9 mesmo uma forma de protesto silencioso contra o ritmo acelerado da exposi\u00e7\u00e3o constante.<\/p>\n\n\n\n<p>Ele tamb\u00e9m pode funcionar como um filtro: quem realmente se importa vai al\u00e9m das apar\u00eancias e procura contato fora das redes, valorizando a presen\u00e7a genu\u00edna.<\/p>\n\n\n\n<ul class=\"wp-block-list\">\n<li>Comunica independ\u00eancia e autenticidade.<\/li>\n\n\n\n<li>Pode sinalizar mudan\u00e7a de fase ou de prioridades.<\/li>\n\n\n\n<li>Serve como prote\u00e7\u00e3o contra julgamentos.<\/li>\n\n\n\n<li>Estimula conex\u00f5es mais pessoais e diretas.<\/li>\n<\/ul>\n\n\n\n<h2 class=\"wp-block-heading\">Silenciar-se online tamb\u00e9m \u00e9 uma forma de express\u00e3o<\/h2>\n\n\n\n<ul class=\"wp-block-list\">\n<li>O sil\u00eancio nas redes pode refletir equil\u00edbrio emocional.<\/li>\n\n\n\n<li>N\u00e3o postar nada n\u00e3o significa aus\u00eancia de vida social.<\/li>\n\n\n\n<li>Esse comportamento pode revelar autenticidade e foco interno.<\/li>\n<\/ul>\n","protected":false},"excerpt":{"rendered":"<p>N\u00e3o postar nada nas redes sociais pode parecer apenas um h\u00e1bito discreto, mas a psicologia sugere que esse comportamento pode refletir aspectos profundos da personalidade e do bem-estar emocional. Entender o que est\u00e1 por tr\u00e1s desse sil\u00eancio digital \u00e9 essencial para interpretar atitudes contempor\u00e2neas. O que leva algu\u00e9m a n\u00e3o postar nada nas redes sociais? [&hellip;]<\/p>\n","protected":false},"author":13,"featured_media":88753,"comment_status":"open","ping_status":"open","sticky":false,"template":"","format":"standard","meta":{"jnews-multi-image_gallery":[],"jnews_single_post":{"format":"standard"},"jnews_primary_category":[],"jnews_social_meta":[],"jnews_override_counter":[],"footnotes":""},"categories":[1],"tags":[],"class_list":["post-88746","post","type-post","status-publish","format-standard","has-post-thumbnail","hentry","category-noticias"],"yoast_head":"<!-- This site is optimized with the Yoast SEO plugin v23.8 - https:\/\/yoast.com\/wordpress\/plugins\/seo\/ -->\n<title>O que a psicologia revela sobre quem some das redes sociais do nada - Estado de Minas - Em foco<\/title>\n<meta name=\"description\" content=\"N\u00e3o postar nas redes sociais pode refletir equil\u00edbrio, privacidade ou autossufici\u00eancia. Veja o que a psicologia diz sobre esse h\u00e1bito.\" \/>\n<meta name=\"robots\" content=\"index, follow, max-snippet:-1, max-image-preview:large, max-video-preview:-1\" \/>\n<link rel=\"canonical\" href=\"https:\/\/www.em.com.br\/emfoco\/2025\/08\/11\/o-que-a-psicologia-revela-sobre-quem-some-das-redes-sociais-do-nada\/\" \/>\n<meta property=\"og:locale\" content=\"pt_BR\" \/>\n<meta property=\"og:type\" content=\"article\" \/>\n<meta property=\"og:title\" content=\"O que a psicologia revela sobre quem some das redes sociais do nada - Estado de Minas - Em foco\" \/>\n<meta property=\"og:description\" content=\"N\u00e3o postar nas redes sociais pode refletir equil\u00edbrio, privacidade ou autossufici\u00eancia. Veja o que a psicologia diz sobre esse h\u00e1bito.\" \/>\n<meta property=\"og:url\" content=\"https:\/\/www.em.com.br\/emfoco\/2025\/08\/11\/o-que-a-psicologia-revela-sobre-quem-some-das-redes-sociais-do-nada\/\" \/>\n<meta property=\"og:site_name\" content=\"Estado de Minas - Em foco\" \/>\n<meta property=\"article:published_time\" content=\"2025-08-12T01:18:00+00:00\" \/>\n<meta property=\"article:modified_time\" content=\"2025-08-08T14:16:48+00:00\" \/>\n<meta property=\"og:image\" content=\"https:\/\/www.em.com.br\/emfoco\/wp-content\/uploads\/2025\/08\/Rede-social_1754662355248.jpg\" \/>\n\t<meta property=\"og:image:width\" content=\"1280\" \/>\n\t<meta property=\"og:image:height\" content=\"720\" \/>\n\t<meta property=\"og:image:type\" content=\"image\/jpeg\" \/>\n<meta name=\"author\" content=\"Gabriel Martins\" \/>\n<meta name=\"twitter:card\" content=\"summary_large_image\" \/>\n<meta name=\"twitter:label1\" content=\"Escrito por\" \/>\n\t<meta name=\"twitter:data1\" content=\"Gabriel Martins\" \/>\n\t<meta name=\"twitter:label2\" content=\"Est. tempo de leitura\" \/>\n\t<meta name=\"twitter:data2\" content=\"4 minutos\" \/>\n<!-- \/ Yoast SEO plugin. -->","yoast_head_json":{"title":"O que a psicologia revela sobre quem some das redes sociais do nada - Estado de Minas - Em foco","description":"N\u00e3o postar nas redes sociais pode refletir equil\u00edbrio, privacidade ou autossufici\u00eancia. Veja o que a psicologia diz sobre esse h\u00e1bito.","robots":{"index":"index","follow":"follow","max-snippet":"max-snippet:-1","max-image-preview":"max-image-preview:large","max-video-preview":"max-video-preview:-1"},"canonical":"https:\/\/www.em.com.br\/emfoco\/2025\/08\/11\/o-que-a-psicologia-revela-sobre-quem-some-das-redes-sociais-do-nada\/","og_locale":"pt_BR","og_type":"article","og_title":"O que a psicologia revela sobre quem some das redes sociais do nada - Estado de Minas - Em foco","og_description":"N\u00e3o postar nas redes sociais pode refletir equil\u00edbrio, privacidade ou autossufici\u00eancia. Veja o que a psicologia diz sobre esse h\u00e1bito.","og_url":"https:\/\/www.em.com.br\/emfoco\/2025\/08\/11\/o-que-a-psicologia-revela-sobre-quem-some-das-redes-sociais-do-nada\/","og_site_name":"Estado de Minas - Em foco","article_published_time":"2025-08-12T01:18:00+00:00","article_modified_time":"2025-08-08T14:16:48+00:00","og_image":[{"width":1280,"height":720,"url":"https:\/\/www.em.com.br\/emfoco\/wp-content\/uploads\/2025\/08\/Rede-social_1754662355248.jpg","type":"image\/jpeg"}],"author":"Gabriel Martins","twitter_card":"summary_large_image","twitter_misc":{"Escrito por":"Gabriel Martins","Est. tempo de leitura":"4 minutos"},"schema":{"@context":"https:\/\/schema.org","@graph":[{"@type":"WebPage","@id":"https:\/\/www.em.com.br\/emfoco\/2025\/08\/11\/o-que-a-psicologia-revela-sobre-quem-some-das-redes-sociais-do-nada\/","url":"https:\/\/www.em.com.br\/emfoco\/2025\/08\/11\/o-que-a-psicologia-revela-sobre-quem-some-das-redes-sociais-do-nada\/","name":"O que a psicologia revela sobre quem some das redes sociais do nada - Estado de Minas - Em foco","isPartOf":{"@id":"https:\/\/www.em.com.br\/emfoco\/#website"},"primaryImageOfPage":{"@id":"https:\/\/www.em.com.br\/emfoco\/2025\/08\/11\/o-que-a-psicologia-revela-sobre-quem-some-das-redes-sociais-do-nada\/#primaryimage"},"image":{"@id":"https:\/\/www.em.com.br\/emfoco\/2025\/08\/11\/o-que-a-psicologia-revela-sobre-quem-some-das-redes-sociais-do-nada\/#primaryimage"},"thumbnailUrl":"https:\/\/www.em.com.br\/emfoco\/wp-content\/uploads\/2025\/08\/Rede-social_1754662355248.jpg","datePublished":"2025-08-12T01:18:00+00:00","dateModified":"2025-08-08T14:16:48+00:00","author":{"@id":"https:\/\/www.em.com.br\/emfoco\/#\/schema\/person\/1c9ddeab18b98abeffef834667bcf08a"},"description":"N\u00e3o postar nas redes sociais pode refletir equil\u00edbrio, privacidade ou autossufici\u00eancia. Veja o que a psicologia diz sobre esse h\u00e1bito.","breadcrumb":{"@id":"https:\/\/www.em.com.br\/emfoco\/2025\/08\/11\/o-que-a-psicologia-revela-sobre-quem-some-das-redes-sociais-do-nada\/#breadcrumb"},"inLanguage":"pt-BR","potentialAction":[{"@type":"ReadAction","target":["https:\/\/www.em.com.br\/emfoco\/2025\/08\/11\/o-que-a-psicologia-revela-sobre-quem-some-das-redes-sociais-do-nada\/"]}]},{"@type":"ImageObject","inLanguage":"pt-BR","@id":"https:\/\/www.em.com.br\/emfoco\/2025\/08\/11\/o-que-a-psicologia-revela-sobre-quem-some-das-redes-sociais-do-nada\/#primaryimage","url":"https:\/\/www.em.com.br\/emfoco\/wp-content\/uploads\/2025\/08\/Rede-social_1754662355248.jpg","contentUrl":"https:\/\/www.em.com.br\/emfoco\/wp-content\/uploads\/2025\/08\/Rede-social_1754662355248.jpg","width":1280,"height":720,"caption":"Autopercep\u00e7\u00e3o abalada por padr\u00f5es inalcan\u00e7\u00e1veis exibidos online - Cr\u00e9ditos: depositphotos.com \/ NastyaBerezen"},{"@type":"BreadcrumbList","@id":"https:\/\/www.em.com.br\/emfoco\/2025\/08\/11\/o-que-a-psicologia-revela-sobre-quem-some-das-redes-sociais-do-nada\/#breadcrumb","itemListElement":[{"@type":"ListItem","position":1,"name":"In\u00edcio","item":"https:\/\/www.em.com.br\/emfoco\/"},{"@type":"ListItem","position":2,"name":"O que a psicologia revela sobre quem some das redes sociais do nada"}]},{"@type":"WebSite","@id":"https:\/\/www.em.com.br\/emfoco\/#website","url":"https:\/\/www.em.com.br\/emfoco\/","name":"Estado de Minas - Em foco","description":"Acompanhe as \u00faltimas not\u00edcias e fique bem informado sobre tudo o que acontece em Minas Gerais, Brasil e no mundo.","potentialAction":[{"@type":"SearchAction","target":{"@type":"EntryPoint","urlTemplate":"https:\/\/www.em.com.br\/emfoco\/?s={search_term_string}"},"query-input":{"@type":"PropertyValueSpecification","valueRequired":true,"valueName":"search_term_string"}}],"inLanguage":"pt-BR"},{"@type":"Person","@id":"https:\/\/www.em.com.br\/emfoco\/#\/schema\/person\/1c9ddeab18b98abeffef834667bcf08a","name":"Gabriel Martins","image":{"@type":"ImageObject","inLanguage":"pt-BR","@id":"https:\/\/www.em.com.br\/emfoco\/#\/schema\/person\/image\/","url":"https:\/\/secure.gravatar.com\/avatar\/f0f1e2efdfd88f1ad2cb08c5c2731e50?s=96&d=mm&r=g","contentUrl":"https:\/\/secure.gravatar.com\/avatar\/f0f1e2efdfd88f1ad2cb08c5c2731e50?s=96&d=mm&r=g","caption":"Gabriel Martins"},"sameAs":["https:\/\/www.em.com.br\/emfoco\/"],"url":"https:\/\/www.em.com.br\/emfoco\/author\/gabrielmartinsmyth\/"}]}},"_links":{"self":[{"href":"https:\/\/www.em.com.br\/emfoco\/wp-json\/wp\/v2\/posts\/88746","targetHints":{"allow":["GET"]}}],"collection":[{"href":"https:\/\/www.em.com.br\/emfoco\/wp-json\/wp\/v2\/posts"}],"about":[{"href":"https:\/\/www.em.com.br\/emfoco\/wp-json\/wp\/v2\/types\/post"}],"author":[{"embeddable":true,"href":"https:\/\/www.em.com.br\/emfoco\/wp-json\/wp\/v2\/users\/13"}],"replies":[{"embeddable":true,"href":"https:\/\/www.em.com.br\/emfoco\/wp-json\/wp\/v2\/comments?post=88746"}],"version-history":[{"count":1,"href":"https:\/\/www.em.com.br\/emfoco\/wp-json\/wp\/v2\/posts\/88746\/revisions"}],"predecessor-version":[{"id":88759,"href":"https:\/\/www.em.com.br\/emfoco\/wp-json\/wp\/v2\/posts\/88746\/revisions\/88759"}],"wp:featuredmedia":[{"embeddable":true,"href":"https:\/\/www.em.com.br\/emfoco\/wp-json\/wp\/v2\/media\/88753"}],"wp:attachment":[{"href":"https:\/\/www.em.com.br\/emfoco\/wp-json\/wp\/v2\/media?parent=88746"}],"wp:term":[{"taxonomy":"category","embeddable":true,"href":"https:\/\/www.em.com.br\/emfoco\/wp-json\/wp\/v2\/categories?post=88746"},{"taxonomy":"post_tag","embeddable":true,"href":"https:\/\/www.em.com.br\/emfoco\/wp-json\/wp\/v2\/tags?post=88746"}],"curies":[{"name":"wp","href":"https:\/\/api.w.org\/{rel}","templated":true}]}}