{"id":88641,"date":"2025-08-07T21:50:00","date_gmt":"2025-08-08T00:50:00","guid":{"rendered":"https:\/\/www.em.com.br\/emfoco\/?p=88641"},"modified":"2025-08-07T20:59:59","modified_gmt":"2025-08-07T23:59:59","slug":"isabella-lacerda-nutricionista-estes-sao-os-suplementos-que-eu-uso-e-os-motivos-de-cada-um","status":"publish","type":"post","link":"https:\/\/www.em.com.br\/emfoco\/2025\/08\/07\/isabella-lacerda-nutricionista-estes-sao-os-suplementos-que-eu-uso-e-os-motivos-de-cada-um\/","title":{"rendered":"Isabella Lacerda, nutricionista: \u201cEstes s\u00e3o os suplementos que eu uso e os motivos de cada um\u201d"},"content":{"rendered":"\n<p>A nutricionista Isabella Lacerda compartilha uma vis\u00e3o pr\u00e1tica sobre como e por que utiliza alguns suplementos no dia a dia. Longe de defender o uso indiscriminado, ela mostra que cada produto tem um motivo espec\u00edfico dentro da sua rotina e objetivos, especialmente agora que \u00e9 atleta de pole dance. Para ela, o segredo est\u00e1 em adaptar o consumo \u00e0 necessidade real, e n\u00e3o simplesmente seguir modismos.<\/p>\n\n\n\n<p>Segundo Isabella, entender a fun\u00e7\u00e3o de cada suplemento e avaliar se ele realmente se encaixa na sua alimenta\u00e7\u00e3o \u00e9 essencial para evitar desperd\u00edcios e riscos \u00e0 sa\u00fade. A escolha deve considerar o contexto individual, a frequ\u00eancia de treinos e at\u00e9 a praticidade na hora de manter uma boa nutri\u00e7\u00e3o.<\/p>\n\n\n\n<h2 class=\"wp-block-heading\">Por que usar whey protein s\u00f3 em alguns dias?<\/h2>\n\n\n\n<p>Isabella explica que o whey protein n\u00e3o faz parte da sua rotina di\u00e1ria. Ela opta pelo suplemento nos dias mais corridos, quando sabe que n\u00e3o conseguir\u00e1 preparar uma refei\u00e7\u00e3o completa. O objetivo \u00e9 atingir a meta proteica di\u00e1ria necess\u00e1ria para sustentar a performance e a recupera\u00e7\u00e3o muscular.<\/p>\n\n\n\n<p>Essa estrat\u00e9gia garante que, mesmo com a agenda apertada, o corpo receba os nutrientes necess\u00e1rios. O whey entra como uma solu\u00e7\u00e3o r\u00e1pida, pr\u00e1tica e saborosa, funcionando como complemento e n\u00e3o como substituto de uma dieta equilibrada.<\/p>\n\n\n\n<h2 class=\"wp-block-heading\">Qual o papel da creatina no desempenho?<\/h2>\n\n\n\n<p>A creatina entrou na rotina da nutricionista quando percebeu que, ao final dos treinos, seu desempenho ca\u00eda drasticamente. Ela relata fadiga intensa, especialmente nas sess\u00f5es duplas de pole dance. Com o uso do suplemento, sentiu melhora na energia e na recupera\u00e7\u00e3o muscular entre os treinos.<\/p>\n\n\n<div class=\"wp-block-image\">\n<figure class=\"aligncenter size-large\"><img loading=\"lazy\" decoding=\"async\" width=\"1024\" height=\"576\" src=\"https:\/\/www.em.com.br\/emfoco\/wp-content\/uploads\/2025\/06\/creatina_1750310265145-1024x576.jpg\" alt=\"\" class=\"wp-image-63814\" srcset=\"https:\/\/www.em.com.br\/emfoco\/wp-content\/uploads\/2025\/06\/creatina_1750310265145-1024x576.jpg 1024w, https:\/\/www.em.com.br\/emfoco\/wp-content\/uploads\/2025\/06\/creatina_1750310265145-300x169.jpg 300w, https:\/\/www.em.com.br\/emfoco\/wp-content\/uploads\/2025\/06\/creatina_1750310265145-768x432.jpg 768w, https:\/\/www.em.com.br\/emfoco\/wp-content\/uploads\/2025\/06\/creatina_1750310265145-750x422.jpg 750w, https:\/\/www.em.com.br\/emfoco\/wp-content\/uploads\/2025\/06\/creatina_1750310265145-1140x641.jpg 1140w, https:\/\/www.em.com.br\/emfoco\/wp-content\/uploads\/2025\/06\/creatina_1750310265145.jpg 1280w\" sizes=\"auto, (max-width: 1024px) 100vw, 1024px\" \/><figcaption class=\"wp-element-caption\">Atleta servindo por\u00e7ao de cratina &#8211; Cr\u00e9ditos: depositphotos.com \/ EdgarBJ<\/figcaption><\/figure><\/div>\n\n\n<p>Al\u00e9m desses benef\u00edcios, estudos mostram que a creatina pode auxiliar na for\u00e7a, pot\u00eancia e at\u00e9 na sa\u00fade cognitiva. No entanto, Isabella refor\u00e7a que, no seu caso, a decis\u00e3o foi baseada na necessidade de melhorar a resist\u00eancia e manter a qualidade dos treinos.<\/p>\n\n\n\n<h2 class=\"wp-block-heading\">Por que evitar caf\u00e9 antes de treinar?<\/h2>\n\n\n\n<p>Como treina muito cedo, por volta das 5h30 da manh\u00e3, Isabella percebeu que o caf\u00e9 lhe causava azia antes dos treinos. Essa rea\u00e7\u00e3o levou \u00e0 busca por alternativas de pr\u00e9-treino que n\u00e3o causassem desconforto gastrointestinal. A adapta\u00e7\u00e3o demonstra que, mais do que seguir padr\u00f5es, \u00e9 importante ouvir o pr\u00f3prio corpo e ajustar a rotina conforme a resposta individual.<\/p>\n\n\n\n<p>O ponto principal \u00e9 que cada organismo reage de forma diferente, e escolher o melhor est\u00edmulo para come\u00e7ar o dia de treino pode fazer toda a diferen\u00e7a na performance.<\/p>\n\n\n\n<h2 class=\"wp-block-heading\">Suplementos precisam ser para todos?<\/h2>\n\n\n\n<p>A fala de Isabella refor\u00e7a que a suplementa\u00e7\u00e3o n\u00e3o \u00e9 obrigat\u00f3ria para todo mundo. Ela \u00e9 uma ferramenta para completar a alimenta\u00e7\u00e3o quando existe uma demanda que n\u00e3o pode ser suprida facilmente pela dieta. Antes de iniciar o uso, \u00e9 fundamental buscar orienta\u00e7\u00e3o profissional para adequar tipo, dosagem e frequ\u00eancia de acordo com os objetivos e condi\u00e7\u00f5es de sa\u00fade.<\/p>\n\n\n\n<h2 class=\"wp-block-heading\">Como saber se devo incluir suplementos na minha rotina?<\/h2>\n\n\n\n<p>O primeiro passo \u00e9 avaliar se sua alimenta\u00e7\u00e3o j\u00e1 supre as necessidades nutricionais. Em seguida, um nutricionista ou m\u00e9dico pode indicar exames e fazer um planejamento individualizado. O uso consciente garante que os suplementos atuem como aliados e n\u00e3o como gastos desnecess\u00e1rios ou potenciais riscos.<\/p>\n\n\n\n<p><strong>Fontes oficiais consultadas:<\/strong><\/p>\n\n\n\n<ul class=\"wp-block-list\">\n<li>Organiza\u00e7\u00e3o Mundial da Sa\u00fade (OMS): <a href=\"https:\/\/www.who.int\" target=\"_blank\" rel=\"noreferrer noopener\">www.who.int<\/a><\/li>\n\n\n\n<li>Minist\u00e9rio da Sa\u00fade (Brasil): <a href=\"https:\/\/www.gov.br\/saude\" target=\"_blank\" rel=\"noreferrer noopener\">www.gov.br\/saude<\/a><\/li>\n\n\n\n<li>Associa\u00e7\u00e3o Brasileira de Nutri\u00e7\u00e3o (Asbran): <a href=\"http:\/\/www.asbran.org.br\" target=\"_blank\" rel=\"noreferrer noopener\"><a>www.asbran.org.br<\/a><\/a><\/li>\n<\/ul>\n","protected":false},"excerpt":{"rendered":"<p>A nutricionista Isabella Lacerda compartilha uma vis\u00e3o pr\u00e1tica sobre como e por que utiliza alguns suplementos no dia a dia. Longe de defender o uso indiscriminado, ela mostra que cada produto tem um motivo espec\u00edfico dentro da sua rotina e objetivos, especialmente agora que \u00e9 atleta de pole dance. Para ela, o segredo est\u00e1 em [&hellip;]<\/p>\n","protected":false},"author":17,"featured_media":88645,"comment_status":"open","ping_status":"open","sticky":false,"template":"","format":"standard","meta":{"jnews-multi-image_gallery":[],"jnews_single_post":{"format":"standard"},"jnews_primary_category":[],"jnews_social_meta":[],"jnews_override_counter":[],"footnotes":""},"categories":[9053],"tags":[3509,327,415,6981],"class_list":["post-88641","post","type-post","status-publish","format-standard","has-post-thumbnail","hentry","category-saude","tag-nutricao","tag-qualidade-de-vida","tag-saude","tag-suplementos"],"yoast_head":"<!-- This site is optimized with the Yoast SEO plugin v23.8 - https:\/\/yoast.com\/wordpress\/plugins\/seo\/ -->\n<title>Isabella Lacerda, nutricionista: \u201cEstes s\u00e3o os suplementos que eu uso e os motivos de cada um\u201d - Estado de Minas - Em foco<\/title>\n<meta name=\"description\" content=\"Nutricionista Isabella explica por que usa whey, creatina e alternativas ao caf\u00e9, destacando que suplementar deve ser decis\u00e3o consciente.\" \/>\n<meta name=\"robots\" content=\"index, follow, max-snippet:-1, max-image-preview:large, max-video-preview:-1\" \/>\n<link rel=\"canonical\" href=\"https:\/\/www.em.com.br\/emfoco\/2025\/08\/07\/isabella-lacerda-nutricionista-estes-sao-os-suplementos-que-eu-uso-e-os-motivos-de-cada-um\/\" \/>\n<meta property=\"og:locale\" content=\"pt_BR\" \/>\n<meta property=\"og:type\" content=\"article\" \/>\n<meta property=\"og:title\" content=\"Isabella Lacerda, nutricionista: \u201cEstes s\u00e3o os suplementos que eu uso e os motivos de cada um\u201d - Estado de Minas - Em foco\" \/>\n<meta property=\"og:description\" content=\"Nutricionista Isabella explica por que usa whey, creatina e alternativas ao caf\u00e9, destacando que suplementar deve ser decis\u00e3o consciente.\" \/>\n<meta property=\"og:url\" content=\"https:\/\/www.em.com.br\/emfoco\/2025\/08\/07\/isabella-lacerda-nutricionista-estes-sao-os-suplementos-que-eu-uso-e-os-motivos-de-cada-um\/\" \/>\n<meta property=\"og:site_name\" content=\"Estado de Minas - Em foco\" \/>\n<meta property=\"article:published_time\" content=\"2025-08-08T00:50:00+00:00\" \/>\n<meta property=\"article:modified_time\" content=\"2025-08-07T23:59:59+00:00\" \/>\n<meta property=\"og:image\" content=\"https:\/\/www.em.com.br\/emfoco\/wp-content\/uploads\/2025\/08\/mosaico_1754611159976.jpg\" \/>\n\t<meta property=\"og:image:width\" content=\"1280\" \/>\n\t<meta property=\"og:image:height\" content=\"720\" \/>\n\t<meta property=\"og:image:type\" content=\"image\/jpeg\" \/>\n<meta name=\"author\" content=\"Lucas Sampaio\" \/>\n<meta name=\"twitter:card\" content=\"summary_large_image\" \/>\n<meta name=\"twitter:label1\" content=\"Escrito por\" \/>\n\t<meta name=\"twitter:data1\" content=\"Lucas Sampaio\" \/>\n\t<meta name=\"twitter:label2\" content=\"Est. tempo de leitura\" \/>\n\t<meta name=\"twitter:data2\" content=\"4 minutos\" \/>\n<!-- \/ Yoast SEO plugin. -->","yoast_head_json":{"title":"Isabella Lacerda, nutricionista: \u201cEstes s\u00e3o os suplementos que eu uso e os motivos de cada um\u201d - Estado de Minas - Em foco","description":"Nutricionista Isabella explica por que usa whey, creatina e alternativas ao caf\u00e9, destacando que suplementar deve ser decis\u00e3o consciente.","robots":{"index":"index","follow":"follow","max-snippet":"max-snippet:-1","max-image-preview":"max-image-preview:large","max-video-preview":"max-video-preview:-1"},"canonical":"https:\/\/www.em.com.br\/emfoco\/2025\/08\/07\/isabella-lacerda-nutricionista-estes-sao-os-suplementos-que-eu-uso-e-os-motivos-de-cada-um\/","og_locale":"pt_BR","og_type":"article","og_title":"Isabella Lacerda, nutricionista: \u201cEstes s\u00e3o os suplementos que eu uso e os motivos de cada um\u201d - Estado de Minas - Em foco","og_description":"Nutricionista Isabella explica por que usa whey, creatina e alternativas ao caf\u00e9, destacando que suplementar deve ser decis\u00e3o consciente.","og_url":"https:\/\/www.em.com.br\/emfoco\/2025\/08\/07\/isabella-lacerda-nutricionista-estes-sao-os-suplementos-que-eu-uso-e-os-motivos-de-cada-um\/","og_site_name":"Estado de Minas - Em foco","article_published_time":"2025-08-08T00:50:00+00:00","article_modified_time":"2025-08-07T23:59:59+00:00","og_image":[{"width":1280,"height":720,"url":"https:\/\/www.em.com.br\/emfoco\/wp-content\/uploads\/2025\/08\/mosaico_1754611159976.jpg","type":"image\/jpeg"}],"author":"Lucas Sampaio","twitter_card":"summary_large_image","twitter_misc":{"Escrito por":"Lucas Sampaio","Est. tempo de leitura":"4 minutos"},"schema":{"@context":"https:\/\/schema.org","@graph":[{"@type":"WebPage","@id":"https:\/\/www.em.com.br\/emfoco\/2025\/08\/07\/isabella-lacerda-nutricionista-estes-sao-os-suplementos-que-eu-uso-e-os-motivos-de-cada-um\/","url":"https:\/\/www.em.com.br\/emfoco\/2025\/08\/07\/isabella-lacerda-nutricionista-estes-sao-os-suplementos-que-eu-uso-e-os-motivos-de-cada-um\/","name":"Isabella Lacerda, nutricionista: \u201cEstes s\u00e3o os suplementos que eu uso e os motivos de cada um\u201d - Estado de Minas - Em foco","isPartOf":{"@id":"https:\/\/www.em.com.br\/emfoco\/#website"},"primaryImageOfPage":{"@id":"https:\/\/www.em.com.br\/emfoco\/2025\/08\/07\/isabella-lacerda-nutricionista-estes-sao-os-suplementos-que-eu-uso-e-os-motivos-de-cada-um\/#primaryimage"},"image":{"@id":"https:\/\/www.em.com.br\/emfoco\/2025\/08\/07\/isabella-lacerda-nutricionista-estes-sao-os-suplementos-que-eu-uso-e-os-motivos-de-cada-um\/#primaryimage"},"thumbnailUrl":"https:\/\/www.em.com.br\/emfoco\/wp-content\/uploads\/2025\/08\/mosaico_1754611159976.jpg","datePublished":"2025-08-08T00:50:00+00:00","dateModified":"2025-08-07T23:59:59+00:00","author":{"@id":"https:\/\/www.em.com.br\/emfoco\/#\/schema\/person\/9ad4c536bd87f5bb8006420332b99aef"},"description":"Nutricionista Isabella explica por que usa whey, creatina e alternativas ao caf\u00e9, destacando que suplementar deve ser decis\u00e3o consciente.","breadcrumb":{"@id":"https:\/\/www.em.com.br\/emfoco\/2025\/08\/07\/isabella-lacerda-nutricionista-estes-sao-os-suplementos-que-eu-uso-e-os-motivos-de-cada-um\/#breadcrumb"},"inLanguage":"pt-BR","potentialAction":[{"@type":"ReadAction","target":["https:\/\/www.em.com.br\/emfoco\/2025\/08\/07\/isabella-lacerda-nutricionista-estes-sao-os-suplementos-que-eu-uso-e-os-motivos-de-cada-um\/"]}]},{"@type":"ImageObject","inLanguage":"pt-BR","@id":"https:\/\/www.em.com.br\/emfoco\/2025\/08\/07\/isabella-lacerda-nutricionista-estes-sao-os-suplementos-que-eu-uso-e-os-motivos-de-cada-um\/#primaryimage","url":"https:\/\/www.em.com.br\/emfoco\/wp-content\/uploads\/2025\/08\/mosaico_1754611159976.jpg","contentUrl":"https:\/\/www.em.com.br\/emfoco\/wp-content\/uploads\/2025\/08\/mosaico_1754611159976.jpg","width":1280,"height":720,"caption":"Reprodu\u00e7\u00e3o (TikTok: @isabellalacerda_nutri)"},{"@type":"BreadcrumbList","@id":"https:\/\/www.em.com.br\/emfoco\/2025\/08\/07\/isabella-lacerda-nutricionista-estes-sao-os-suplementos-que-eu-uso-e-os-motivos-de-cada-um\/#breadcrumb","itemListElement":[{"@type":"ListItem","position":1,"name":"In\u00edcio","item":"https:\/\/www.em.com.br\/emfoco\/"},{"@type":"ListItem","position":2,"name":"Isabella Lacerda, nutricionista: \u201cEstes s\u00e3o os suplementos que eu uso e os motivos de cada um\u201d"}]},{"@type":"WebSite","@id":"https:\/\/www.em.com.br\/emfoco\/#website","url":"https:\/\/www.em.com.br\/emfoco\/","name":"Estado de Minas - Em foco","description":"Acompanhe as \u00faltimas not\u00edcias e fique bem informado sobre tudo o que acontece em Minas Gerais, Brasil e no mundo.","potentialAction":[{"@type":"SearchAction","target":{"@type":"EntryPoint","urlTemplate":"https:\/\/www.em.com.br\/emfoco\/?s={search_term_string}"},"query-input":{"@type":"PropertyValueSpecification","valueRequired":true,"valueName":"search_term_string"}}],"inLanguage":"pt-BR"},{"@type":"Person","@id":"https:\/\/www.em.com.br\/emfoco\/#\/schema\/person\/9ad4c536bd87f5bb8006420332b99aef","name":"Lucas Sampaio","image":{"@type":"ImageObject","inLanguage":"pt-BR","@id":"https:\/\/www.em.com.br\/emfoco\/#\/schema\/person\/image\/","url":"https:\/\/secure.gravatar.com\/avatar\/2696b9676ad143cd7135b717faf6f79f?s=96&d=mm&r=g","contentUrl":"https:\/\/secure.gravatar.com\/avatar\/2696b9676ad143cd7135b717faf6f79f?s=96&d=mm&r=g","caption":"Lucas Sampaio"},"sameAs":["https:\/\/www.em.com.br\/emfoco\/"],"url":"https:\/\/www.em.com.br\/emfoco\/author\/lucasmyth\/"}]}},"_links":{"self":[{"href":"https:\/\/www.em.com.br\/emfoco\/wp-json\/wp\/v2\/posts\/88641","targetHints":{"allow":["GET"]}}],"collection":[{"href":"https:\/\/www.em.com.br\/emfoco\/wp-json\/wp\/v2\/posts"}],"about":[{"href":"https:\/\/www.em.com.br\/emfoco\/wp-json\/wp\/v2\/types\/post"}],"author":[{"embeddable":true,"href":"https:\/\/www.em.com.br\/emfoco\/wp-json\/wp\/v2\/users\/17"}],"replies":[{"embeddable":true,"href":"https:\/\/www.em.com.br\/emfoco\/wp-json\/wp\/v2\/comments?post=88641"}],"version-history":[{"count":1,"href":"https:\/\/www.em.com.br\/emfoco\/wp-json\/wp\/v2\/posts\/88641\/revisions"}],"predecessor-version":[{"id":88646,"href":"https:\/\/www.em.com.br\/emfoco\/wp-json\/wp\/v2\/posts\/88641\/revisions\/88646"}],"wp:featuredmedia":[{"embeddable":true,"href":"https:\/\/www.em.com.br\/emfoco\/wp-json\/wp\/v2\/media\/88645"}],"wp:attachment":[{"href":"https:\/\/www.em.com.br\/emfoco\/wp-json\/wp\/v2\/media?parent=88641"}],"wp:term":[{"taxonomy":"category","embeddable":true,"href":"https:\/\/www.em.com.br\/emfoco\/wp-json\/wp\/v2\/categories?post=88641"},{"taxonomy":"post_tag","embeddable":true,"href":"https:\/\/www.em.com.br\/emfoco\/wp-json\/wp\/v2\/tags?post=88641"}],"curies":[{"name":"wp","href":"https:\/\/api.w.org\/{rel}","templated":true}]}}