{"id":88628,"date":"2025-08-09T08:20:00","date_gmt":"2025-08-09T11:20:00","guid":{"rendered":"https:\/\/www.em.com.br\/emfoco\/?p=88628"},"modified":"2025-08-08T20:58:42","modified_gmt":"2025-08-08T23:58:42","slug":"comunicado-alerta-todos-os-motoristas-e-pode-afetar-o-bolso-de-quem-dirige","status":"publish","type":"post","link":"https:\/\/www.em.com.br\/emfoco\/2025\/08\/09\/comunicado-alerta-todos-os-motoristas-e-pode-afetar-o-bolso-de-quem-dirige\/","title":{"rendered":"Comunicado alerta todos os motoristas e pode afetar o bolso de quem dirige"},"content":{"rendered":"\n<p>Receber uma&nbsp;<strong>multa por excesso de velocidade<\/strong>&nbsp;\u00e9 uma situa\u00e7\u00e3o comum para muitos motoristas brasileiros. No entanto, o que muitos n\u00e3o sabem \u00e9 que contestar essa autua\u00e7\u00e3o pode ser um caminho vi\u00e1vel. Conhecer seus direitos e o processo legal pode determinar se a multa ser\u00e1 efetivamente aplicada ou cancelada.<\/p>\n\n\n\n<ul class=\"wp-block-list\">\n<li>Quais s\u00e3o as penalidades previstas pelo C\u00f3digo de Tr\u00e2nsito Brasileiro?<\/li>\n\n\n\n<li>Como os radares s\u00e3o regulamentados?<\/li>\n\n\n\n<li>Passo a passo para contestar uma multa indevida.<\/li>\n<\/ul>\n\n\n\n<h2 class=\"wp-block-heading\">Como funcionam as penalidades de velocidade?<\/h2>\n\n\n\n<p>De acordo com o\u00a0<strong><a href=\"https:\/\/www.ctbdigital.com.br\/\" target=\"_blank\" rel=\"noreferrer noopener\">C\u00f3digo de Tr\u00e2nsito Brasileiro<\/a><\/strong>, as\u00a0<strong>multas de velocidade<\/strong>\u00a0s\u00e3o classificadas conforme a porcentagem do limite excedido:<\/p>\n\n\n\n<ul class=\"wp-block-list\">\n<li>At\u00e9 20% acima: considera-se infra\u00e7\u00e3o m\u00e9dia, resultando em penalidade financeira e pontua\u00e7\u00e3o na\u00a0<strong><a href=\"https:\/\/www.em.com.br\/emfoco\/2025\/08\/01\/cnh-pode-ficar-ate-80-mais-barata-com-novo-projeto-de-lei\/\" target=\"_blank\" rel=\"noreferrer noopener\">CNH<\/a><\/strong>.<\/li>\n\n\n\n<li>De 20% a 50%: trata-se de infra\u00e7\u00e3o grave, com consequ\u00eancias mais severas.<\/li>\n\n\n\n<li>Acima de 50%: \u00e9 uma infra\u00e7\u00e3o grav\u00edssima, podendo suspender o direito de dirigir.<\/li>\n<\/ul>\n\n\n\n<p>Calcular a faixa de infra\u00e7\u00e3o correta \u00e9 essencial. Por exemplo, em uma via de 80 km\/h, 20% a mais representa 16 km\/h a mais, totalizando 96 km\/h. Exceder esse c\u00e1lculo implica em penalidades mais r\u00edgidas.<\/p>\n\n\n\n<h2 class=\"wp-block-heading\">Como os radares s\u00e3o validados e regulamentados?<\/h2>\n\n\n\n<p>Para assegurar a justi\u00e7a nas autua\u00e7\u00f5es, os radares de velocidade, tamb\u00e9m conhecidos como &#8220;<strong>pardais<\/strong>&#8220;, necessitam de&nbsp;<strong>valida\u00e7\u00e3o anual pelo Inmetro<\/strong>. Qualquer radar fora dos padr\u00f5es estabelecidos pode invalidar a multa gerada.<\/p>\n\n\n\n<p>Al\u00e9m disso, a aus\u00eancia de sinaliza\u00e7\u00e3o vis\u00edvel na via \u00e9 um ponto forte para contesta\u00e7\u00e3o. As&nbsp;<strong>placas indicativas<\/strong>&nbsp;devem estar claras e em locais adequados para que o motorista se ajuste ao limite.<\/p>\n\n\n\n<figure class=\"wp-block-image\"><img decoding=\"async\" src=\"https:\/\/www.em.com.br\/emfoco\/wp-content\/uploads\/2025\/03\/multa_1741284903511-1024x576.jpg\" alt=\"\"\/><figcaption class=\"wp-element-caption\">Recebendo multa &#8211; Cr\u00e9ditos: depositphotos.com \/ Kzenon<\/figcaption><\/figure>\n\n\n\n<p>Vale lembrar que, em cidades como&nbsp;<strong>S\u00e3o Paulo<\/strong>&nbsp;e&nbsp;<strong>Rio de Janeiro<\/strong>, o n\u00famero de radares e a fiscaliza\u00e7\u00e3o s\u00e3o mais rigorosos, exigindo ainda mais aten\u00e7\u00e3o ao cumprimento das normas de valida\u00e7\u00e3o. Em caso de d\u00favida, consulte plataformas oficiais, como o site do&nbsp;<strong>Denatran<\/strong>, para verificar a regularidade do equipamento.<\/p>\n\n\n\n<h2 class=\"wp-block-heading\">Como contestar a multa de velocidade?<\/h2>\n\n\n\n<p>O primeiro esfor\u00e7o em contestar a multa deve ser atrav\u00e9s da apresenta\u00e7\u00e3o de uma&nbsp;<strong>defesa pr\u00e9via<\/strong>. Nela, \u00e9 poss\u00edvel abordar inconsist\u00eancias na notifica\u00e7\u00e3o ou problemas com o radar. Se a defesa n\u00e3o for aceita, o recurso pode ser direcionado \u00e0&nbsp;<strong>Junta Administrativa de Recursos de Infra\u00e7\u00f5es<\/strong>&nbsp;(JARI).<\/p>\n\n\n\n<p>Re\u00fana documenta\u00e7\u00e3o que corrobore sua defesa, como fotografias do local, laudos ou documentos comprobat\u00f3rios. Por exemplo, se transitar em rodovias federais, acesse o&nbsp;<strong>site da PRF<\/strong>&nbsp;para informa\u00e7\u00f5es complementares. N\u00e3o havendo decis\u00e3o em 30 dias, poder\u00e1 haver cancelamento autom\u00e1tico da multa.<\/p>\n\n\n\n<h2 class=\"wp-block-heading\">Como funcionam os prazos e regras do recurso?<\/h2>\n\n\n\n<p>Disp\u00f5e-se de 30 dias a partir do recebimento da notifica\u00e7\u00e3o para submeter a defesa pr\u00e9via. Posteriormente, caso necess\u00e1rio, h\u00e1 mais 30 dias para encaminhar o recurso \u00e0 JARI, e novas inst\u00e2ncias podem ser acionadas se necess\u00e1rio.<\/p>\n\n\n\n<p>Monitorar essas datas \u00e9 crucial para assegurar o direito de defesa, evitando a confirma\u00e7\u00e3o autom\u00e1tica da penalidade. Os sistemas digitais, como o&nbsp;<strong>portal do Detran<\/strong>&nbsp;de cada estado, podem ser utilizados para acompanhar o andamento do processo, inclusive em locais como&nbsp;<strong>Minas Gerais<\/strong>&nbsp;ou&nbsp;<strong>Bahia<\/strong>, por exemplo.<\/p>\n\n\n\n<h2 class=\"wp-block-heading\">Como defender seus direitos no tr\u00e2nsito?<\/h2>\n\n\n\n<p>N\u00e3o aceite a&nbsp;<strong>multa de velocidade<\/strong>&nbsp;sem antes analisar as circunst\u00e2ncias. Problemas como radares n\u00e3o calibrados ou falta de sinaliza\u00e7\u00e3o adequada s\u00e3o quest\u00f5es v\u00e1lidas para recurso e poss\u00edvel anula\u00e7\u00e3o da autua\u00e7\u00e3o.<\/p>\n\n\n\n<p>Informar-se e agir de maneira proativa proteger\u00e1 n\u00e3o s\u00f3 sua carteira de habilita\u00e7\u00e3o, mas tamb\u00e9m seu direito de dirigir com seguran\u00e7a, especialmente em grandes centros urbanos como&nbsp;<strong>Bras\u00edlia<\/strong>&nbsp;ou em vias movimentadas do interior.<\/p>\n\n\n\n<ul class=\"wp-block-list\">\n<li>Multas variam segundo o limite excedido.<\/li>\n\n\n\n<li>Radares devem seguir padr\u00f5es&nbsp;<strong>Inmetro<\/strong>&nbsp;para validade.<\/li>\n\n\n\n<li>Documenta\u00e7\u00e3o \u00e9 chave para anular multas injustas.<\/li>\n<\/ul>\n","protected":false},"excerpt":{"rendered":"<p>Receber uma&nbsp;multa por excesso de velocidade&nbsp;\u00e9 uma situa\u00e7\u00e3o comum para muitos motoristas brasileiros. No entanto, o que muitos n\u00e3o sabem \u00e9 que contestar essa autua\u00e7\u00e3o pode ser um caminho vi\u00e1vel. Conhecer seus direitos e o processo legal pode determinar se a multa ser\u00e1 efetivamente aplicada ou cancelada. Como funcionam as penalidades de velocidade? De acordo [&hellip;]<\/p>\n","protected":false},"author":11,"featured_media":44985,"comment_status":"open","ping_status":"open","sticky":false,"template":"","format":"standard","meta":{"jnews-multi-image_gallery":[],"jnews_single_post":{"format":"standard"},"jnews_primary_category":[],"jnews_social_meta":[],"jnews_override_counter":[],"footnotes":""},"categories":[27,1],"tags":[818,830,9442,8610],"class_list":["post-88628","post","type-post","status-publish","format-standard","has-post-thumbnail","hentry","category-carros","category-noticias","tag-carro","tag-cnh","tag-multa","tag-recorrer-multa"],"yoast_head":"<!-- This site is optimized with the Yoast SEO plugin v23.8 - https:\/\/yoast.com\/wordpress\/plugins\/seo\/ -->\n<title>Comunicado alerta todos os motoristas e pode afetar o bolso de quem dirige - Estado de Minas - Em foco<\/title>\n<meta name=\"description\" content=\"Sua multa por radar pode ser ilegal e voc\u00ea tem como recorrer. Saiba os segredos que salvam a CNH de milhares de brasileiros.\" \/>\n<meta name=\"robots\" content=\"index, follow, max-snippet:-1, max-image-preview:large, max-video-preview:-1\" \/>\n<link rel=\"canonical\" href=\"https:\/\/www.em.com.br\/emfoco\/2025\/08\/09\/comunicado-alerta-todos-os-motoristas-e-pode-afetar-o-bolso-de-quem-dirige\/\" \/>\n<meta property=\"og:locale\" content=\"pt_BR\" \/>\n<meta property=\"og:type\" content=\"article\" \/>\n<meta property=\"og:title\" content=\"Comunicado alerta todos os motoristas e pode afetar o bolso de quem dirige - Estado de Minas - Em foco\" \/>\n<meta property=\"og:description\" content=\"Sua multa por radar pode ser ilegal e voc\u00ea tem como recorrer. Saiba os segredos que salvam a CNH de milhares de brasileiros.\" \/>\n<meta property=\"og:url\" content=\"https:\/\/www.em.com.br\/emfoco\/2025\/08\/09\/comunicado-alerta-todos-os-motoristas-e-pode-afetar-o-bolso-de-quem-dirige\/\" \/>\n<meta property=\"og:site_name\" content=\"Estado de Minas - Em foco\" \/>\n<meta property=\"article:published_time\" content=\"2025-08-09T11:20:00+00:00\" \/>\n<meta property=\"article:modified_time\" content=\"2025-08-08T23:58:42+00:00\" \/>\n<meta property=\"og:image\" content=\"https:\/\/www.em.com.br\/emfoco\/wp-content\/uploads\/2025\/05\/transito_1746554312274.jpg\" \/>\n\t<meta property=\"og:image:width\" content=\"1280\" \/>\n\t<meta property=\"og:image:height\" content=\"720\" \/>\n\t<meta property=\"og:image:type\" content=\"image\/jpeg\" \/>\n<meta name=\"author\" content=\"Andre\u0301 Rangel\u00a0\" \/>\n<meta name=\"twitter:card\" content=\"summary_large_image\" \/>\n<meta name=\"twitter:label1\" content=\"Escrito por\" \/>\n\t<meta name=\"twitter:data1\" content=\"Andre\u0301 Rangel\u00a0\" \/>\n\t<meta name=\"twitter:label2\" content=\"Est. tempo de leitura\" \/>\n\t<meta name=\"twitter:data2\" content=\"4 minutos\" \/>\n<!-- \/ Yoast SEO plugin. -->","yoast_head_json":{"title":"Comunicado alerta todos os motoristas e pode afetar o bolso de quem dirige - Estado de Minas - Em foco","description":"Sua multa por radar pode ser ilegal e voc\u00ea tem como recorrer. Saiba os segredos que salvam a CNH de milhares de brasileiros.","robots":{"index":"index","follow":"follow","max-snippet":"max-snippet:-1","max-image-preview":"max-image-preview:large","max-video-preview":"max-video-preview:-1"},"canonical":"https:\/\/www.em.com.br\/emfoco\/2025\/08\/09\/comunicado-alerta-todos-os-motoristas-e-pode-afetar-o-bolso-de-quem-dirige\/","og_locale":"pt_BR","og_type":"article","og_title":"Comunicado alerta todos os motoristas e pode afetar o bolso de quem dirige - Estado de Minas - Em foco","og_description":"Sua multa por radar pode ser ilegal e voc\u00ea tem como recorrer. Saiba os segredos que salvam a CNH de milhares de brasileiros.","og_url":"https:\/\/www.em.com.br\/emfoco\/2025\/08\/09\/comunicado-alerta-todos-os-motoristas-e-pode-afetar-o-bolso-de-quem-dirige\/","og_site_name":"Estado de Minas - Em foco","article_published_time":"2025-08-09T11:20:00+00:00","article_modified_time":"2025-08-08T23:58:42+00:00","og_image":[{"width":1280,"height":720,"url":"https:\/\/www.em.com.br\/emfoco\/wp-content\/uploads\/2025\/05\/transito_1746554312274.jpg","type":"image\/jpeg"}],"author":"Andre\u0301 Rangel\u00a0","twitter_card":"summary_large_image","twitter_misc":{"Escrito por":"Andre\u0301 Rangel\u00a0","Est. tempo de leitura":"4 minutos"},"schema":{"@context":"https:\/\/schema.org","@graph":[{"@type":"WebPage","@id":"https:\/\/www.em.com.br\/emfoco\/2025\/08\/09\/comunicado-alerta-todos-os-motoristas-e-pode-afetar-o-bolso-de-quem-dirige\/","url":"https:\/\/www.em.com.br\/emfoco\/2025\/08\/09\/comunicado-alerta-todos-os-motoristas-e-pode-afetar-o-bolso-de-quem-dirige\/","name":"Comunicado alerta todos os motoristas e pode afetar o bolso de quem dirige - Estado de Minas - Em foco","isPartOf":{"@id":"https:\/\/www.em.com.br\/emfoco\/#website"},"primaryImageOfPage":{"@id":"https:\/\/www.em.com.br\/emfoco\/2025\/08\/09\/comunicado-alerta-todos-os-motoristas-e-pode-afetar-o-bolso-de-quem-dirige\/#primaryimage"},"image":{"@id":"https:\/\/www.em.com.br\/emfoco\/2025\/08\/09\/comunicado-alerta-todos-os-motoristas-e-pode-afetar-o-bolso-de-quem-dirige\/#primaryimage"},"thumbnailUrl":"https:\/\/www.em.com.br\/emfoco\/wp-content\/uploads\/2025\/05\/transito_1746554312274.jpg","datePublished":"2025-08-09T11:20:00+00:00","dateModified":"2025-08-08T23:58:42+00:00","author":{"@id":"https:\/\/www.em.com.br\/emfoco\/#\/schema\/person\/60eda09c1fedf0d6891f4cef4b60b8b8"},"description":"Sua multa por radar pode ser ilegal e voc\u00ea tem como recorrer. Saiba os segredos que salvam a CNH de milhares de brasileiros.","breadcrumb":{"@id":"https:\/\/www.em.com.br\/emfoco\/2025\/08\/09\/comunicado-alerta-todos-os-motoristas-e-pode-afetar-o-bolso-de-quem-dirige\/#breadcrumb"},"inLanguage":"pt-BR","potentialAction":[{"@type":"ReadAction","target":["https:\/\/www.em.com.br\/emfoco\/2025\/08\/09\/comunicado-alerta-todos-os-motoristas-e-pode-afetar-o-bolso-de-quem-dirige\/"]}]},{"@type":"ImageObject","inLanguage":"pt-BR","@id":"https:\/\/www.em.com.br\/emfoco\/2025\/08\/09\/comunicado-alerta-todos-os-motoristas-e-pode-afetar-o-bolso-de-quem-dirige\/#primaryimage","url":"https:\/\/www.em.com.br\/emfoco\/wp-content\/uploads\/2025\/05\/transito_1746554312274.jpg","contentUrl":"https:\/\/www.em.com.br\/emfoco\/wp-content\/uploads\/2025\/05\/transito_1746554312274.jpg","width":1280,"height":720,"caption":"Multas de tr\u00e2nsito podem causar perda de pontos e suspens\u00e3o da CNH - Cr\u00e9ditos: depositphotos.com \/ thong.nakim.gmail.com"},{"@type":"BreadcrumbList","@id":"https:\/\/www.em.com.br\/emfoco\/2025\/08\/09\/comunicado-alerta-todos-os-motoristas-e-pode-afetar-o-bolso-de-quem-dirige\/#breadcrumb","itemListElement":[{"@type":"ListItem","position":1,"name":"In\u00edcio","item":"https:\/\/www.em.com.br\/emfoco\/"},{"@type":"ListItem","position":2,"name":"Comunicado alerta todos os motoristas e pode afetar o bolso de quem dirige"}]},{"@type":"WebSite","@id":"https:\/\/www.em.com.br\/emfoco\/#website","url":"https:\/\/www.em.com.br\/emfoco\/","name":"Estado de Minas - Em foco","description":"Acompanhe as \u00faltimas not\u00edcias e fique bem informado sobre tudo o que acontece em Minas Gerais, Brasil e no mundo.","potentialAction":[{"@type":"SearchAction","target":{"@type":"EntryPoint","urlTemplate":"https:\/\/www.em.com.br\/emfoco\/?s={search_term_string}"},"query-input":{"@type":"PropertyValueSpecification","valueRequired":true,"valueName":"search_term_string"}}],"inLanguage":"pt-BR"},{"@type":"Person","@id":"https:\/\/www.em.com.br\/emfoco\/#\/schema\/person\/60eda09c1fedf0d6891f4cef4b60b8b8","name":"Andre\u0301 Rangel\u00a0","image":{"@type":"ImageObject","inLanguage":"pt-BR","@id":"https:\/\/www.em.com.br\/emfoco\/#\/schema\/person\/image\/","url":"https:\/\/secure.gravatar.com\/avatar\/6234dc814c77c8ef6d8bba622c787efc?s=96&d=mm&r=g","contentUrl":"https:\/\/secure.gravatar.com\/avatar\/6234dc814c77c8ef6d8bba622c787efc?s=96&d=mm&r=g","caption":"Andre\u0301 Rangel\u00a0"},"url":"https:\/\/www.em.com.br\/emfoco\/author\/luizmyth\/"}]}},"_links":{"self":[{"href":"https:\/\/www.em.com.br\/emfoco\/wp-json\/wp\/v2\/posts\/88628","targetHints":{"allow":["GET"]}}],"collection":[{"href":"https:\/\/www.em.com.br\/emfoco\/wp-json\/wp\/v2\/posts"}],"about":[{"href":"https:\/\/www.em.com.br\/emfoco\/wp-json\/wp\/v2\/types\/post"}],"author":[{"embeddable":true,"href":"https:\/\/www.em.com.br\/emfoco\/wp-json\/wp\/v2\/users\/11"}],"replies":[{"embeddable":true,"href":"https:\/\/www.em.com.br\/emfoco\/wp-json\/wp\/v2\/comments?post=88628"}],"version-history":[{"count":3,"href":"https:\/\/www.em.com.br\/emfoco\/wp-json\/wp\/v2\/posts\/88628\/revisions"}],"predecessor-version":[{"id":88981,"href":"https:\/\/www.em.com.br\/emfoco\/wp-json\/wp\/v2\/posts\/88628\/revisions\/88981"}],"wp:featuredmedia":[{"embeddable":true,"href":"https:\/\/www.em.com.br\/emfoco\/wp-json\/wp\/v2\/media\/44985"}],"wp:attachment":[{"href":"https:\/\/www.em.com.br\/emfoco\/wp-json\/wp\/v2\/media?parent=88628"}],"wp:term":[{"taxonomy":"category","embeddable":true,"href":"https:\/\/www.em.com.br\/emfoco\/wp-json\/wp\/v2\/categories?post=88628"},{"taxonomy":"post_tag","embeddable":true,"href":"https:\/\/www.em.com.br\/emfoco\/wp-json\/wp\/v2\/tags?post=88628"}],"curies":[{"name":"wp","href":"https:\/\/api.w.org\/{rel}","templated":true}]}}