{"id":88469,"date":"2025-08-10T12:38:08","date_gmt":"2025-08-10T15:38:08","guid":{"rendered":"https:\/\/www.em.com.br\/emfoco\/?p=88469"},"modified":"2025-08-07T16:33:43","modified_gmt":"2025-08-07T19:33:43","slug":"comer-e-vicio-habito-ou-necessidade-emocional","status":"publish","type":"post","link":"https:\/\/www.em.com.br\/emfoco\/2025\/08\/10\/comer-e-vicio-habito-ou-necessidade-emocional\/","title":{"rendered":"Comer \u00e9 v\u00edcio h\u00e1bito ou necessidade emocional"},"content":{"rendered":"\n<p><strong>O ritual de comer<\/strong>&nbsp;vai muito al\u00e9m do simples ato fisiol\u00f3gico de se alimentar. Entre escolhas, rotinas e emo\u00e7\u00f5es, a rela\u00e7\u00e3o com a comida levanta d\u00favidas: trata-se de h\u00e1bito, v\u00edcio ou um reflexo de necessidades emocionais? Compreender essas diferentes motiva\u00e7\u00f5es \u00e9 fundamental para adotar uma postura mais equilibrada diante dos alimentos.<\/p>\n\n\n\n<p>Tr\u00eas pontos essenciais discutidos neste artigo:<\/p>\n\n\n\n<ul class=\"wp-block-list\">\n<li>O que diferencia o h\u00e1bito alimentar do comportamento compulsivo<\/li>\n\n\n\n<li>Como fatores emocionais influenciam na alimenta\u00e7\u00e3o di\u00e1ria<\/li>\n\n\n\n<li>Maneiras pr\u00e1ticas para identificar e transformar padr\u00f5es prejudiciais<\/li>\n<\/ul>\n\n\n\n<h2 class=\"wp-block-heading\">H\u00e1bito alimentar ou automatismo? Desvendando os sinais no dia a dia<\/h2>\n\n\n\n<p>Muitas a\u00e7\u00f5es ligadas ao&nbsp;<strong>ritual de comer<\/strong>&nbsp;acontecem quase no modo autom\u00e1tico. Preparar o caf\u00e9 da manh\u00e3, fazer uma pausa para o almo\u00e7o ou buscar um lanche no final da tarde podem ser exemplos de h\u00e1bitos estabelecidos ao longo do tempo. Essa recorr\u00eancia n\u00e3o necessariamente indica um problema, mas questionar o que motiva cada escolha \u00e9 primordial.<\/p>\n\n\n\n<p>Alguns comportamentos podem se instalar de forma autom\u00e1tica, sem saborear ou perceber o que realmente est\u00e1 sendo consumido. Esse padr\u00e3o, muitas vezes, interfere na conex\u00e3o com os sinais de fome e saciedade, dificultando o reconhecimento das verdadeiras necessidades do corpo. Quando o ritual se repete sem consci\u00eancia, a possibilidade de desenvolver rela\u00e7\u00f5es menos saud\u00e1veis com a comida aumenta consideravelmente.<\/p>\n\n\n<div class=\"wp-block-image\">\n<figure class=\"aligncenter size-large\"><img loading=\"lazy\" decoding=\"async\" width=\"1024\" height=\"576\" src=\"https:\/\/www.em.com.br\/emfoco\/wp-content\/uploads\/2025\/08\/necessidade-emocional-1024x576.jpg\" alt=\"Necessidade emocional\" class=\"wp-image-88479\" srcset=\"https:\/\/www.em.com.br\/emfoco\/wp-content\/uploads\/2025\/08\/necessidade-emocional-1024x576.jpg 1024w, https:\/\/www.em.com.br\/emfoco\/wp-content\/uploads\/2025\/08\/necessidade-emocional-300x169.jpg 300w, https:\/\/www.em.com.br\/emfoco\/wp-content\/uploads\/2025\/08\/necessidade-emocional-768x432.jpg 768w, https:\/\/www.em.com.br\/emfoco\/wp-content\/uploads\/2025\/08\/necessidade-emocional-750x422.jpg 750w, https:\/\/www.em.com.br\/emfoco\/wp-content\/uploads\/2025\/08\/necessidade-emocional-1140x641.jpg 1140w, https:\/\/www.em.com.br\/emfoco\/wp-content\/uploads\/2025\/08\/necessidade-emocional.jpg 1280w\" sizes=\"auto, (max-width: 1024px) 100vw, 1024px\" \/><figcaption class=\"wp-element-caption\">Necessidade emocional &#8211; Cr\u00e9ditos: depositphotos.com \/ romrodinka &#8211; Cr\u00e9ditos: depositphotos.com \/ AndrewLozovyi<\/figcaption><\/figure><\/div>\n\n\n<h2 class=\"wp-block-heading\">Como distinguir v\u00edcio alimentar de uma necessidade emocional?<\/h2>\n\n\n\n<p>O termo&nbsp;<strong>v\u00edcio alimentar<\/strong>&nbsp;\u00e9 frequentemente mencionado quando h\u00e1 repeti\u00e7\u00e3o de consumos espec\u00edficos, geralmente ligados a uma sensa\u00e7\u00e3o de prazer imediato. Entretanto, esse impulso pode ser resultado de uma necessidade emocional n\u00e3o reconhecida, como estresse, ansiedade ou car\u00eancia afetiva. Nessas situa\u00e7\u00f5es, a comida surge como uma v\u00e1lvula de escape para emo\u00e7\u00f5es desconfort\u00e1veis.<\/p>\n\n\n\n<p>Alguns sinais ajudam a diferenciar esses comportamentos:<\/p>\n\n\n\n<ul class=\"wp-block-list\">\n<li>Buscar alimentos espec\u00edficos quando se sente triste ou ansioso<\/li>\n\n\n\n<li>Dificuldade de interromper o ato de comer, mesmo sem fome f\u00edsica<\/li>\n\n\n\n<li>Sentimento de culpa ap\u00f3s epis\u00f3dios de alimenta\u00e7\u00e3o excessiva<\/li>\n<\/ul>\n\n\n\n<p>Leia tamb\u00e9m: <a href=\"https:\/\/www.em.com.br\/emfoco\/2025\/08\/07\/comer-com-as-maos-muda-a-forma-como-sentimos-o-sabor\/\" target=\"_blank\" rel=\"noreferrer noopener\">Comer com as m\u00e3os muda a forma como sentimos o sabor<\/a><\/p>\n\n\n\n<p>Aten\u00e7\u00e3o: identificar se o ato de comer est\u00e1 ligado a emo\u00e7\u00f5es \u00e9 o primeiro passo para repensar escolhas e buscar alternativas que promovam bem-estar sem depender exclusivamente da alimenta\u00e7\u00e3o.<\/p>\n\n\n\n<h2 class=\"wp-block-heading\">Estrat\u00e9gias pr\u00e1ticas para transformar o ritual de comer: pequenas mudan\u00e7as, grandes resultados<\/h2>\n\n\n\n<p>Integrar consci\u00eancia e presen\u00e7a no momento das refei\u00e7\u00f5es ajuda a resgatar uma rela\u00e7\u00e3o mais equilibrada com o&nbsp;<strong>ritual alimentar<\/strong>. Pequenos ajustes no cotidiano podem favorecer esse processo. Entre as possibilidades est\u00e3o:<\/p>\n\n\n\n<ol class=\"wp-block-list\">\n<li>Praticar a aten\u00e7\u00e3o plena, prestando aten\u00e7\u00e3o no aroma, sabor e textura dos alimentos<\/li>\n\n\n\n<li>Estabelecer hor\u00e1rios regulares para as refei\u00e7\u00f5es, evitando beliscar continuamente<\/li>\n\n\n\n<li>Reconhecer e nomear emo\u00e7\u00f5es antes de buscar comida como consolo<\/li>\n<\/ol>\n\n\n\n<p>Exemplo pr\u00e1tico: ao perceber vontade de comer fora de hora, fa\u00e7a uma pausa curta para identificar o que motivou esse desejo. Muitas vezes, o impulso se dissolve ao dar espa\u00e7o para outras <a href=\"https:\/\/www.gov.br\/saude\/pt-br\/assuntos\/saude-de-a-a-z\/s\/saude-mental\" target=\"_blank\" rel=\"noreferrer noopener\">estrat\u00e9gias<\/a>, como uma caminhada breve ou conversar com algu\u00e9m de confian\u00e7a.<\/p>\n\n\n\n<h2 class=\"wp-block-heading\">Compreens\u00e3o sobre o ritual de comer \u00e9 fundamental para mudan\u00e7as duradouras<\/h2>\n\n\n\n<ul class=\"wp-block-list\">\n<li>O&nbsp;<strong>ritual de comer<\/strong>&nbsp;envolve aspectos culturais, comportamentais e emocionais, nem sempre ligados \u00e0 fome fisiol\u00f3gica.<\/li>\n\n\n\n<li>Entender os gatilhos para h\u00e1bitos autom\u00e1ticos ou desejos compulsivos ajude no reajuste de padr\u00f5es.<\/li>\n\n\n\n<li>Adotar pequenas pr\u00e1ticas cotidianas favorece escolhas mais conscientes e sustent\u00e1veis ao longo do tempo.<\/li>\n<\/ul>\n","protected":false},"excerpt":{"rendered":"<p>O ritual de comer&nbsp;vai muito al\u00e9m do simples ato fisiol\u00f3gico de se alimentar. Entre escolhas, rotinas e emo\u00e7\u00f5es, a rela\u00e7\u00e3o com a comida levanta d\u00favidas: trata-se de h\u00e1bito, v\u00edcio ou um reflexo de necessidades emocionais? Compreender essas diferentes motiva\u00e7\u00f5es \u00e9 fundamental para adotar uma postura mais equilibrada diante dos alimentos. Tr\u00eas pontos essenciais discutidos neste [&hellip;]<\/p>\n","protected":false},"author":15,"featured_media":88477,"comment_status":"open","ping_status":"open","sticky":false,"template":"","format":"standard","meta":{"jnews-multi-image_gallery":[],"jnews_single_post":{"format":"standard"},"jnews_primary_category":[],"jnews_social_meta":[],"jnews_override_counter":[],"footnotes":""},"categories":[8819],"tags":[884,9319,5155],"class_list":["post-88469","post","type-post","status-publish","format-standard","has-post-thumbnail","hentry","category-curiosidades","tag-ciencia","tag-controle-emocional","tag-psicologia"],"yoast_head":"<!-- This site is optimized with the Yoast SEO plugin v23.8 - https:\/\/yoast.com\/wordpress\/plugins\/seo\/ -->\n<title>Comer \u00e9 v\u00edcio h\u00e1bito ou necessidade emocional - Estado de Minas - Em foco<\/title>\n<meta name=\"description\" content=\"Comer n\u00e3o \u00e9 s\u00f3 fome f\u00edsica. Pode ser ref\u00fagio emocional h\u00e1bito repetido ou um v\u00edcio disfar\u00e7ado. Veja o que isso revela sobre voc\u00ea.\" \/>\n<meta name=\"robots\" content=\"index, follow, max-snippet:-1, max-image-preview:large, max-video-preview:-1\" \/>\n<link rel=\"canonical\" href=\"https:\/\/www.em.com.br\/emfoco\/2025\/08\/10\/comer-e-vicio-habito-ou-necessidade-emocional\/\" \/>\n<meta property=\"og:locale\" content=\"pt_BR\" \/>\n<meta property=\"og:type\" content=\"article\" \/>\n<meta property=\"og:title\" content=\"Comer \u00e9 v\u00edcio h\u00e1bito ou necessidade emocional - Estado de Minas - Em foco\" \/>\n<meta property=\"og:description\" content=\"Comer n\u00e3o \u00e9 s\u00f3 fome f\u00edsica. Pode ser ref\u00fagio emocional h\u00e1bito repetido ou um v\u00edcio disfar\u00e7ado. Veja o que isso revela sobre voc\u00ea.\" \/>\n<meta property=\"og:url\" content=\"https:\/\/www.em.com.br\/emfoco\/2025\/08\/10\/comer-e-vicio-habito-ou-necessidade-emocional\/\" \/>\n<meta property=\"og:site_name\" content=\"Estado de Minas - Em foco\" \/>\n<meta property=\"article:published_time\" content=\"2025-08-10T15:38:08+00:00\" \/>\n<meta property=\"article:modified_time\" content=\"2025-08-07T19:33:43+00:00\" \/>\n<meta property=\"og:image\" content=\"https:\/\/www.em.com.br\/emfoco\/wp-content\/uploads\/2025\/08\/emocional_1754595074015.jpg\" \/>\n\t<meta property=\"og:image:width\" content=\"1280\" \/>\n\t<meta property=\"og:image:height\" content=\"720\" \/>\n\t<meta property=\"og:image:type\" content=\"image\/jpeg\" \/>\n<meta name=\"author\" content=\"Douglas Myth\" \/>\n<meta name=\"twitter:card\" content=\"summary_large_image\" \/>\n<meta name=\"twitter:label1\" content=\"Escrito por\" \/>\n\t<meta name=\"twitter:data1\" content=\"Douglas Myth\" \/>\n\t<meta name=\"twitter:label2\" content=\"Est. tempo de leitura\" \/>\n\t<meta name=\"twitter:data2\" content=\"4 minutos\" \/>\n<!-- \/ Yoast SEO plugin. -->","yoast_head_json":{"title":"Comer \u00e9 v\u00edcio h\u00e1bito ou necessidade emocional - Estado de Minas - Em foco","description":"Comer n\u00e3o \u00e9 s\u00f3 fome f\u00edsica. Pode ser ref\u00fagio emocional h\u00e1bito repetido ou um v\u00edcio disfar\u00e7ado. Veja o que isso revela sobre voc\u00ea.","robots":{"index":"index","follow":"follow","max-snippet":"max-snippet:-1","max-image-preview":"max-image-preview:large","max-video-preview":"max-video-preview:-1"},"canonical":"https:\/\/www.em.com.br\/emfoco\/2025\/08\/10\/comer-e-vicio-habito-ou-necessidade-emocional\/","og_locale":"pt_BR","og_type":"article","og_title":"Comer \u00e9 v\u00edcio h\u00e1bito ou necessidade emocional - Estado de Minas - Em foco","og_description":"Comer n\u00e3o \u00e9 s\u00f3 fome f\u00edsica. Pode ser ref\u00fagio emocional h\u00e1bito repetido ou um v\u00edcio disfar\u00e7ado. Veja o que isso revela sobre voc\u00ea.","og_url":"https:\/\/www.em.com.br\/emfoco\/2025\/08\/10\/comer-e-vicio-habito-ou-necessidade-emocional\/","og_site_name":"Estado de Minas - Em foco","article_published_time":"2025-08-10T15:38:08+00:00","article_modified_time":"2025-08-07T19:33:43+00:00","og_image":[{"width":1280,"height":720,"url":"https:\/\/www.em.com.br\/emfoco\/wp-content\/uploads\/2025\/08\/emocional_1754595074015.jpg","type":"image\/jpeg"}],"author":"Douglas Myth","twitter_card":"summary_large_image","twitter_misc":{"Escrito por":"Douglas Myth","Est. tempo de leitura":"4 minutos"},"schema":{"@context":"https:\/\/schema.org","@graph":[{"@type":"WebPage","@id":"https:\/\/www.em.com.br\/emfoco\/2025\/08\/10\/comer-e-vicio-habito-ou-necessidade-emocional\/","url":"https:\/\/www.em.com.br\/emfoco\/2025\/08\/10\/comer-e-vicio-habito-ou-necessidade-emocional\/","name":"Comer \u00e9 v\u00edcio h\u00e1bito ou necessidade emocional - Estado de Minas - Em foco","isPartOf":{"@id":"https:\/\/www.em.com.br\/emfoco\/#website"},"primaryImageOfPage":{"@id":"https:\/\/www.em.com.br\/emfoco\/2025\/08\/10\/comer-e-vicio-habito-ou-necessidade-emocional\/#primaryimage"},"image":{"@id":"https:\/\/www.em.com.br\/emfoco\/2025\/08\/10\/comer-e-vicio-habito-ou-necessidade-emocional\/#primaryimage"},"thumbnailUrl":"https:\/\/www.em.com.br\/emfoco\/wp-content\/uploads\/2025\/08\/emocional_1754595074015.jpg","datePublished":"2025-08-10T15:38:08+00:00","dateModified":"2025-08-07T19:33:43+00:00","author":{"@id":"https:\/\/www.em.com.br\/emfoco\/#\/schema\/person\/bba594b7eebe9b9885fec3a5c7837089"},"description":"Comer n\u00e3o \u00e9 s\u00f3 fome f\u00edsica. Pode ser ref\u00fagio emocional h\u00e1bito repetido ou um v\u00edcio disfar\u00e7ado. Veja o que isso revela sobre voc\u00ea.","breadcrumb":{"@id":"https:\/\/www.em.com.br\/emfoco\/2025\/08\/10\/comer-e-vicio-habito-ou-necessidade-emocional\/#breadcrumb"},"inLanguage":"pt-BR","potentialAction":[{"@type":"ReadAction","target":["https:\/\/www.em.com.br\/emfoco\/2025\/08\/10\/comer-e-vicio-habito-ou-necessidade-emocional\/"]}]},{"@type":"ImageObject","inLanguage":"pt-BR","@id":"https:\/\/www.em.com.br\/emfoco\/2025\/08\/10\/comer-e-vicio-habito-ou-necessidade-emocional\/#primaryimage","url":"https:\/\/www.em.com.br\/emfoco\/wp-content\/uploads\/2025\/08\/emocional_1754595074015.jpg","contentUrl":"https:\/\/www.em.com.br\/emfoco\/wp-content\/uploads\/2025\/08\/emocional_1754595074015.jpg","width":1280,"height":720,"caption":"Necessidade emocional - Cr\u00e9ditos: depositphotos.com \/ IgorVetushko"},{"@type":"BreadcrumbList","@id":"https:\/\/www.em.com.br\/emfoco\/2025\/08\/10\/comer-e-vicio-habito-ou-necessidade-emocional\/#breadcrumb","itemListElement":[{"@type":"ListItem","position":1,"name":"In\u00edcio","item":"https:\/\/www.em.com.br\/emfoco\/"},{"@type":"ListItem","position":2,"name":"Comer \u00e9 v\u00edcio h\u00e1bito ou necessidade emocional"}]},{"@type":"WebSite","@id":"https:\/\/www.em.com.br\/emfoco\/#website","url":"https:\/\/www.em.com.br\/emfoco\/","name":"Estado de Minas - Em foco","description":"Acompanhe as \u00faltimas not\u00edcias e fique bem informado sobre tudo o que acontece em Minas Gerais, Brasil e no mundo.","potentialAction":[{"@type":"SearchAction","target":{"@type":"EntryPoint","urlTemplate":"https:\/\/www.em.com.br\/emfoco\/?s={search_term_string}"},"query-input":{"@type":"PropertyValueSpecification","valueRequired":true,"valueName":"search_term_string"}}],"inLanguage":"pt-BR"},{"@type":"Person","@id":"https:\/\/www.em.com.br\/emfoco\/#\/schema\/person\/bba594b7eebe9b9885fec3a5c7837089","name":"Douglas Myth","image":{"@type":"ImageObject","inLanguage":"pt-BR","@id":"https:\/\/www.em.com.br\/emfoco\/#\/schema\/person\/image\/","url":"https:\/\/secure.gravatar.com\/avatar\/1ac3cf50d0e68642c697dc0c960c802f?s=96&d=mm&r=g","contentUrl":"https:\/\/secure.gravatar.com\/avatar\/1ac3cf50d0e68642c697dc0c960c802f?s=96&d=mm&r=g","caption":"Douglas Myth"},"url":"https:\/\/www.em.com.br\/emfoco\/author\/douglasmyth\/"}]}},"_links":{"self":[{"href":"https:\/\/www.em.com.br\/emfoco\/wp-json\/wp\/v2\/posts\/88469","targetHints":{"allow":["GET"]}}],"collection":[{"href":"https:\/\/www.em.com.br\/emfoco\/wp-json\/wp\/v2\/posts"}],"about":[{"href":"https:\/\/www.em.com.br\/emfoco\/wp-json\/wp\/v2\/types\/post"}],"author":[{"embeddable":true,"href":"https:\/\/www.em.com.br\/emfoco\/wp-json\/wp\/v2\/users\/15"}],"replies":[{"embeddable":true,"href":"https:\/\/www.em.com.br\/emfoco\/wp-json\/wp\/v2\/comments?post=88469"}],"version-history":[{"count":3,"href":"https:\/\/www.em.com.br\/emfoco\/wp-json\/wp\/v2\/posts\/88469\/revisions"}],"predecessor-version":[{"id":88480,"href":"https:\/\/www.em.com.br\/emfoco\/wp-json\/wp\/v2\/posts\/88469\/revisions\/88480"}],"wp:featuredmedia":[{"embeddable":true,"href":"https:\/\/www.em.com.br\/emfoco\/wp-json\/wp\/v2\/media\/88477"}],"wp:attachment":[{"href":"https:\/\/www.em.com.br\/emfoco\/wp-json\/wp\/v2\/media?parent=88469"}],"wp:term":[{"taxonomy":"category","embeddable":true,"href":"https:\/\/www.em.com.br\/emfoco\/wp-json\/wp\/v2\/categories?post=88469"},{"taxonomy":"post_tag","embeddable":true,"href":"https:\/\/www.em.com.br\/emfoco\/wp-json\/wp\/v2\/tags?post=88469"}],"curies":[{"name":"wp","href":"https:\/\/api.w.org\/{rel}","templated":true}]}}