{"id":88446,"date":"2025-08-10T10:38:44","date_gmt":"2025-08-10T13:38:44","guid":{"rendered":"https:\/\/www.em.com.br\/emfoco\/?p=88446"},"modified":"2025-08-07T16:20:20","modified_gmt":"2025-08-07T19:20:20","slug":"seis-feridas-da-infancia-que-causam-sensacao-de-insuficiencia","status":"publish","type":"post","link":"https:\/\/www.em.com.br\/emfoco\/2025\/08\/10\/seis-feridas-da-infancia-que-causam-sensacao-de-insuficiencia\/","title":{"rendered":"Seis feridas da inf\u00e2ncia que causam sensa\u00e7\u00e3o de insufici\u00eancia"},"content":{"rendered":"\n<p><strong>Pessoas que se sentem insuficientes<\/strong>&nbsp;mesmo ap\u00f3s conquistas relevantes costumam carregar marcas profundas que influenciam suas percep\u00e7\u00f5es e relacionamentos. Mesmo diante de elogios ou resultados positivos, o sentimento de ser menor do que os outros pode ser persistente e limitante. Conhecer as feridas emocionais de inf\u00e2ncia mais recorrentes ajuda a compreender os motivos que alimentam essa sensa\u00e7\u00e3o de inadequa\u00e7\u00e3o.<\/p>\n\n\n\n<ul class=\"wp-block-list\">\n<li><strong>Sensa\u00e7\u00e3o de rejei\u00e7\u00e3o<\/strong>&nbsp;e sua liga\u00e7\u00e3o direta com a autoestima<\/li>\n\n\n\n<li><strong>Medo do abandono<\/strong>&nbsp;e como reflete nos v\u00ednculos adultos<\/li>\n\n\n\n<li><strong>Feridas de humilha\u00e7\u00e3o, injusti\u00e7a, trai\u00e7\u00e3o e neglig\u00eancia<\/strong>&nbsp;impactando decis\u00f5es e rea\u00e7\u00f5es<\/li>\n<\/ul>\n\n\n\n<h2 class=\"wp-block-heading\">Quais s\u00e3o as principais feridas de inf\u00e2ncia que afetam o senso de valor pessoal?<\/h2>\n\n\n\n<p>A&nbsp;<strong>palavra-chave \u201cferidas de inf\u00e2ncia\u201d<\/strong>&nbsp;\u00e9 central para entender padr\u00f5es de autopercep\u00e7\u00e3o limitantes que atravessam a vida adulta. Os estudos sobre desenvolvimento emocional indicam que seis marcas s\u00e3o especialmente recorrentes entre aqueles que sentem que nunca s\u00e3o bons o suficiente, ainda que colecionem vit\u00f3rias ou reconhecimentos.<\/p>\n\n\n\n<p>A&nbsp;<strong>rejei\u00e7\u00e3o<\/strong>&nbsp;frequentemente \u00e9 a ferida mais vis\u00edvel. Crian\u00e7as que passaram por bullying, desprezo ou n\u00e3o tiveram espa\u00e7o para expressar seus sentimentos facilmente internalizam que n\u00e3o s\u00e3o dignas de aceita\u00e7\u00e3o. J\u00e1 o&nbsp;<strong>abandono<\/strong>&nbsp;faz surgir o medo constante de ser deixado para tr\u00e1s ou esquecido, gerando adultos que buscam valida\u00e7\u00e3o em excesso ou evitam v\u00ednculos profundos, com receio da dor pela perda.<\/p>\n\n\n<div class=\"wp-block-image\">\n<figure class=\"aligncenter size-large\"><img loading=\"lazy\" decoding=\"async\" width=\"1024\" height=\"576\" src=\"https:\/\/www.em.com.br\/emfoco\/wp-content\/uploads\/2025\/08\/Sentimento-de-insuficiencia-1024x576.jpg\" alt=\"Traumas e sentimento de insufici\u00eancia\" class=\"wp-image-88454\" srcset=\"https:\/\/www.em.com.br\/emfoco\/wp-content\/uploads\/2025\/08\/Sentimento-de-insuficiencia-1024x576.jpg 1024w, https:\/\/www.em.com.br\/emfoco\/wp-content\/uploads\/2025\/08\/Sentimento-de-insuficiencia-300x169.jpg 300w, https:\/\/www.em.com.br\/emfoco\/wp-content\/uploads\/2025\/08\/Sentimento-de-insuficiencia-768x432.jpg 768w, https:\/\/www.em.com.br\/emfoco\/wp-content\/uploads\/2025\/08\/Sentimento-de-insuficiencia-750x422.jpg 750w, https:\/\/www.em.com.br\/emfoco\/wp-content\/uploads\/2025\/08\/Sentimento-de-insuficiencia-1140x641.jpg 1140w, https:\/\/www.em.com.br\/emfoco\/wp-content\/uploads\/2025\/08\/Sentimento-de-insuficiencia.jpg 1280w\" sizes=\"auto, (max-width: 1024px) 100vw, 1024px\" \/><figcaption class=\"wp-element-caption\">Traumas e sentimento de insufici\u00eancia &#8211; Cr\u00e9ditos: depositphotos.com \/ Zdyma4 &#8211; Cr\u00e9ditos: depositphotos.com \/ konevaelvira.gmail.com<\/figcaption><\/figure><\/div>\n\n\n<h2 class=\"wp-block-heading\">Como a humilha\u00e7\u00e3o e a injusti\u00e7a influenciam o autoconhecimento?<\/h2>\n\n\n\n<p>Sentimentos como&nbsp;<strong>humilha\u00e7\u00e3o<\/strong>&nbsp;crescem quando a crian\u00e7a \u00e9 exposta repetidamente ao rid\u00edculo, seja por familiares, colegas ou professores. Esse tipo de lembran\u00e7a tende a bloquear a autoconfian\u00e7a e pode desencadear vergonha em situa\u00e7\u00f5es cotidianas, mesmo que n\u00e3o haja motivo concreto para isso. J\u00e1 a&nbsp;<strong>injusti\u00e7a<\/strong>&nbsp;ocorre quando regras severas ou ambientes controladores predominam demais, levando o adulto a desenvolver compuls\u00f5es, perfeccionismo ou dificuldade em reconhecer m\u00e9ritos pr\u00f3prios e alheios.<\/p>\n\n\n\n<p>Leia tamb\u00e9m: <a href=\"https:\/\/www.em.com.br\/emfoco\/2025\/08\/07\/aprenda-a-plantar-limao-siciliano-e-taiti-em-vaso-e-colher-o-ano-inteiro\/\" target=\"_blank\" rel=\"noreferrer noopener\">Aprenda a plantar lim\u00e3o-siciliano e Taiti em vaso e colher o ano inteiro<\/a><\/p>\n\n\n\n<h2 class=\"wp-block-heading\">Quais as marcas da trai\u00e7\u00e3o e da neglig\u00eancia nos relacionamentos atuais?<\/h2>\n\n\n\n<p><strong>Trai\u00e7\u00e3o<\/strong>, nesse contexto, n\u00e3o se refere apenas a infidelidade, mas tamb\u00e9m \u00e0 quebra de promessas, \u00e0 instabilidade emocional dos respons\u00e1veis e \u00e0 aus\u00eancia de prote\u00e7\u00e3o. O indiv\u00edduo pode alimentar altos n\u00edveis de desconfian\u00e7a, exacerbando o controle e a necessidade de garantir sua pr\u00f3pria seguran\u00e7a. J\u00e1 a&nbsp;<strong>neglig\u00eancia<\/strong>&nbsp;resulta de viv\u00eancias em que as necessidades b\u00e1sicas, f\u00edsicas ou emocionais, n\u00e3o foram levadas a s\u00e9rio, fazendo surgir car\u00eancias profundas e, muitas vezes, comportamentos autossabotadores ou dificuldade de expressar sentimentos.<\/p>\n\n\n\n<p>No dia a dia, essas feridas podem estar por tr\u00e1s de rea\u00e7\u00f5es inesperadas, como o medo de se destacar, o receio de receber elogios ou a tend\u00eancia de se culpar por qualquer ru\u00eddo nos relacionamentos afetivos ou <a href=\"https:\/\/www.gov.br\/pt-br\/noticias\/saude-e-vigilancia-sanitaria\/2022\/11\/ministerio-alerta-para-prevencao-de-acidentes-domesticos-envolvendo-criancas\" target=\"_blank\" rel=\"noreferrer noopener\">profissionais<\/a>. Pequenos gestos, como invalidar conquistas pessoais, muitas vezes s\u00e3o reflexos inconscientes desses aprendizados precoces.<\/p>\n\n\n\n<h2 class=\"wp-block-heading\">Caminhos para diminuir a sensa\u00e7\u00e3o de insufici\u00eancia e cuidar das feridas de inf\u00e2ncia<\/h2>\n\n\n\n<p>O primeiro passo para lidar com a&nbsp;<strong>sensa\u00e7\u00e3o de insufici\u00eancia<\/strong>&nbsp;\u00e9 reconhecer que ela n\u00e3o nasceu na vida adulta, mas carrega ra\u00edzes profundas e antigas. Buscar apoio terap\u00eautico, investir em autoconhecimento e construir v\u00ednculos de confian\u00e7a podem ser estrat\u00e9gias eficazes para ressignificar essas dores e, pouco a pouco, fortalecer a autoestima.<\/p>\n\n\n\n<ol class=\"wp-block-list\">\n<li>Praticar o&nbsp;<strong>autocuidado emocional<\/strong>, respeitando limites e progressos pessoais<\/li>\n\n\n\n<li>Falar sobre sentimentos com pessoas de confian\u00e7a, nomeando vulnerabilidades e conquistas<\/li>\n\n\n\n<li>Evitar compara\u00e7\u00f5es e reconhecer que cada hist\u00f3ria possui desafios singulares<\/li>\n<\/ol>\n\n\n\n<h2 class=\"wp-block-heading\">Aprendizados essenciais ao reconhecer as 6 feridas de inf\u00e2ncia<\/h2>\n\n\n\n<ul class=\"wp-block-list\">\n<li>Percep\u00e7\u00e3o de insufici\u00eancia frequentemente deriva de&nbsp;<strong>marcas emocionais antigas<\/strong><\/li>\n\n\n\n<li>Nominar e compreender essas&nbsp;<strong>feridas de inf\u00e2ncia<\/strong>&nbsp;\u00e9 fundamental para construir autoestima saud\u00e1vel<\/li>\n\n\n\n<li>Buscar mecanismos de apoio favorece novas maneiras de lidar com expectativas e relacionamentos<\/li>\n<\/ul>\n","protected":false},"excerpt":{"rendered":"<p>Pessoas que se sentem insuficientes&nbsp;mesmo ap\u00f3s conquistas relevantes costumam carregar marcas profundas que influenciam suas percep\u00e7\u00f5es e relacionamentos. Mesmo diante de elogios ou resultados positivos, o sentimento de ser menor do que os outros pode ser persistente e limitante. Conhecer as feridas emocionais de inf\u00e2ncia mais recorrentes ajuda a compreender os motivos que alimentam essa [&hellip;]<\/p>\n","protected":false},"author":15,"featured_media":88453,"comment_status":"open","ping_status":"open","sticky":false,"template":"","format":"standard","meta":{"jnews-multi-image_gallery":[],"jnews_single_post":{"format":"standard"},"jnews_primary_category":[],"jnews_social_meta":[],"jnews_override_counter":[],"footnotes":""},"categories":[8819],"tags":[1043,5155,3277],"class_list":["post-88446","post","type-post","status-publish","format-standard","has-post-thumbnail","hentry","category-curiosidades","tag-infancia","tag-psicologia","tag-trauma"],"yoast_head":"<!-- This site is optimized with the Yoast SEO plugin v23.8 - https:\/\/yoast.com\/wordpress\/plugins\/seo\/ -->\n<title>Seis feridas da inf\u00e2ncia que causam sensa\u00e7\u00e3o de insufici\u00eancia - Estado de Minas - Em foco<\/title>\n<meta name=\"description\" content=\"Quem sente que nunca \u00e9 o bastante mesmo com conquistas pode estar lidando com feridas da inf\u00e2ncia que afetam a autoestima na vida adulta.\" \/>\n<meta name=\"robots\" content=\"index, follow, max-snippet:-1, max-image-preview:large, max-video-preview:-1\" \/>\n<link rel=\"canonical\" href=\"https:\/\/www.em.com.br\/emfoco\/2025\/08\/10\/seis-feridas-da-infancia-que-causam-sensacao-de-insuficiencia\/\" \/>\n<meta property=\"og:locale\" content=\"pt_BR\" \/>\n<meta property=\"og:type\" content=\"article\" \/>\n<meta property=\"og:title\" content=\"Seis feridas da inf\u00e2ncia que causam sensa\u00e7\u00e3o de insufici\u00eancia - Estado de Minas - Em foco\" \/>\n<meta property=\"og:description\" content=\"Quem sente que nunca \u00e9 o bastante mesmo com conquistas pode estar lidando com feridas da inf\u00e2ncia que afetam a autoestima na vida adulta.\" \/>\n<meta property=\"og:url\" content=\"https:\/\/www.em.com.br\/emfoco\/2025\/08\/10\/seis-feridas-da-infancia-que-causam-sensacao-de-insuficiencia\/\" \/>\n<meta property=\"og:site_name\" content=\"Estado de Minas - Em foco\" \/>\n<meta property=\"article:published_time\" content=\"2025-08-10T13:38:44+00:00\" \/>\n<meta property=\"article:modified_time\" content=\"2025-08-07T19:20:20+00:00\" \/>\n<meta property=\"og:image\" content=\"https:\/\/www.em.com.br\/emfoco\/wp-content\/uploads\/2025\/08\/trauma-infancia-_1754594283556.jpg\" \/>\n\t<meta property=\"og:image:width\" content=\"1280\" \/>\n\t<meta property=\"og:image:height\" content=\"720\" \/>\n\t<meta property=\"og:image:type\" content=\"image\/jpeg\" \/>\n<meta name=\"author\" content=\"Douglas Myth\" \/>\n<meta name=\"twitter:card\" content=\"summary_large_image\" \/>\n<meta name=\"twitter:label1\" content=\"Escrito por\" \/>\n\t<meta name=\"twitter:data1\" content=\"Douglas Myth\" \/>\n\t<meta name=\"twitter:label2\" content=\"Est. tempo de leitura\" \/>\n\t<meta name=\"twitter:data2\" content=\"4 minutos\" \/>\n<!-- \/ Yoast SEO plugin. -->","yoast_head_json":{"title":"Seis feridas da inf\u00e2ncia que causam sensa\u00e7\u00e3o de insufici\u00eancia - Estado de Minas - Em foco","description":"Quem sente que nunca \u00e9 o bastante mesmo com conquistas pode estar lidando com feridas da inf\u00e2ncia que afetam a autoestima na vida adulta.","robots":{"index":"index","follow":"follow","max-snippet":"max-snippet:-1","max-image-preview":"max-image-preview:large","max-video-preview":"max-video-preview:-1"},"canonical":"https:\/\/www.em.com.br\/emfoco\/2025\/08\/10\/seis-feridas-da-infancia-que-causam-sensacao-de-insuficiencia\/","og_locale":"pt_BR","og_type":"article","og_title":"Seis feridas da inf\u00e2ncia que causam sensa\u00e7\u00e3o de insufici\u00eancia - Estado de Minas - Em foco","og_description":"Quem sente que nunca \u00e9 o bastante mesmo com conquistas pode estar lidando com feridas da inf\u00e2ncia que afetam a autoestima na vida adulta.","og_url":"https:\/\/www.em.com.br\/emfoco\/2025\/08\/10\/seis-feridas-da-infancia-que-causam-sensacao-de-insuficiencia\/","og_site_name":"Estado de Minas - Em foco","article_published_time":"2025-08-10T13:38:44+00:00","article_modified_time":"2025-08-07T19:20:20+00:00","og_image":[{"width":1280,"height":720,"url":"https:\/\/www.em.com.br\/emfoco\/wp-content\/uploads\/2025\/08\/trauma-infancia-_1754594283556.jpg","type":"image\/jpeg"}],"author":"Douglas Myth","twitter_card":"summary_large_image","twitter_misc":{"Escrito por":"Douglas Myth","Est. tempo de leitura":"4 minutos"},"schema":{"@context":"https:\/\/schema.org","@graph":[{"@type":"WebPage","@id":"https:\/\/www.em.com.br\/emfoco\/2025\/08\/10\/seis-feridas-da-infancia-que-causam-sensacao-de-insuficiencia\/","url":"https:\/\/www.em.com.br\/emfoco\/2025\/08\/10\/seis-feridas-da-infancia-que-causam-sensacao-de-insuficiencia\/","name":"Seis feridas da inf\u00e2ncia que causam sensa\u00e7\u00e3o de insufici\u00eancia - Estado de Minas - Em foco","isPartOf":{"@id":"https:\/\/www.em.com.br\/emfoco\/#website"},"primaryImageOfPage":{"@id":"https:\/\/www.em.com.br\/emfoco\/2025\/08\/10\/seis-feridas-da-infancia-que-causam-sensacao-de-insuficiencia\/#primaryimage"},"image":{"@id":"https:\/\/www.em.com.br\/emfoco\/2025\/08\/10\/seis-feridas-da-infancia-que-causam-sensacao-de-insuficiencia\/#primaryimage"},"thumbnailUrl":"https:\/\/www.em.com.br\/emfoco\/wp-content\/uploads\/2025\/08\/trauma-infancia-_1754594283556.jpg","datePublished":"2025-08-10T13:38:44+00:00","dateModified":"2025-08-07T19:20:20+00:00","author":{"@id":"https:\/\/www.em.com.br\/emfoco\/#\/schema\/person\/bba594b7eebe9b9885fec3a5c7837089"},"description":"Quem sente que nunca \u00e9 o bastante mesmo com conquistas pode estar lidando com feridas da inf\u00e2ncia que afetam a autoestima na vida adulta.","breadcrumb":{"@id":"https:\/\/www.em.com.br\/emfoco\/2025\/08\/10\/seis-feridas-da-infancia-que-causam-sensacao-de-insuficiencia\/#breadcrumb"},"inLanguage":"pt-BR","potentialAction":[{"@type":"ReadAction","target":["https:\/\/www.em.com.br\/emfoco\/2025\/08\/10\/seis-feridas-da-infancia-que-causam-sensacao-de-insuficiencia\/"]}]},{"@type":"ImageObject","inLanguage":"pt-BR","@id":"https:\/\/www.em.com.br\/emfoco\/2025\/08\/10\/seis-feridas-da-infancia-que-causam-sensacao-de-insuficiencia\/#primaryimage","url":"https:\/\/www.em.com.br\/emfoco\/wp-content\/uploads\/2025\/08\/trauma-infancia-_1754594283556.jpg","contentUrl":"https:\/\/www.em.com.br\/emfoco\/wp-content\/uploads\/2025\/08\/trauma-infancia-_1754594283556.jpg","width":1280,"height":720,"caption":"Sentimento de insufici\u00eancia - Cr\u00e9ditos: depositphotos.com \/ Milkos"},{"@type":"BreadcrumbList","@id":"https:\/\/www.em.com.br\/emfoco\/2025\/08\/10\/seis-feridas-da-infancia-que-causam-sensacao-de-insuficiencia\/#breadcrumb","itemListElement":[{"@type":"ListItem","position":1,"name":"In\u00edcio","item":"https:\/\/www.em.com.br\/emfoco\/"},{"@type":"ListItem","position":2,"name":"Seis feridas da inf\u00e2ncia que causam sensa\u00e7\u00e3o de insufici\u00eancia"}]},{"@type":"WebSite","@id":"https:\/\/www.em.com.br\/emfoco\/#website","url":"https:\/\/www.em.com.br\/emfoco\/","name":"Estado de Minas - Em foco","description":"Acompanhe as \u00faltimas not\u00edcias e fique bem informado sobre tudo o que acontece em Minas Gerais, Brasil e no mundo.","potentialAction":[{"@type":"SearchAction","target":{"@type":"EntryPoint","urlTemplate":"https:\/\/www.em.com.br\/emfoco\/?s={search_term_string}"},"query-input":{"@type":"PropertyValueSpecification","valueRequired":true,"valueName":"search_term_string"}}],"inLanguage":"pt-BR"},{"@type":"Person","@id":"https:\/\/www.em.com.br\/emfoco\/#\/schema\/person\/bba594b7eebe9b9885fec3a5c7837089","name":"Douglas Myth","image":{"@type":"ImageObject","inLanguage":"pt-BR","@id":"https:\/\/www.em.com.br\/emfoco\/#\/schema\/person\/image\/","url":"https:\/\/secure.gravatar.com\/avatar\/1ac3cf50d0e68642c697dc0c960c802f?s=96&d=mm&r=g","contentUrl":"https:\/\/secure.gravatar.com\/avatar\/1ac3cf50d0e68642c697dc0c960c802f?s=96&d=mm&r=g","caption":"Douglas Myth"},"url":"https:\/\/www.em.com.br\/emfoco\/author\/douglasmyth\/"}]}},"_links":{"self":[{"href":"https:\/\/www.em.com.br\/emfoco\/wp-json\/wp\/v2\/posts\/88446","targetHints":{"allow":["GET"]}}],"collection":[{"href":"https:\/\/www.em.com.br\/emfoco\/wp-json\/wp\/v2\/posts"}],"about":[{"href":"https:\/\/www.em.com.br\/emfoco\/wp-json\/wp\/v2\/types\/post"}],"author":[{"embeddable":true,"href":"https:\/\/www.em.com.br\/emfoco\/wp-json\/wp\/v2\/users\/15"}],"replies":[{"embeddable":true,"href":"https:\/\/www.em.com.br\/emfoco\/wp-json\/wp\/v2\/comments?post=88446"}],"version-history":[{"count":3,"href":"https:\/\/www.em.com.br\/emfoco\/wp-json\/wp\/v2\/posts\/88446\/revisions"}],"predecessor-version":[{"id":88456,"href":"https:\/\/www.em.com.br\/emfoco\/wp-json\/wp\/v2\/posts\/88446\/revisions\/88456"}],"wp:featuredmedia":[{"embeddable":true,"href":"https:\/\/www.em.com.br\/emfoco\/wp-json\/wp\/v2\/media\/88453"}],"wp:attachment":[{"href":"https:\/\/www.em.com.br\/emfoco\/wp-json\/wp\/v2\/media?parent=88446"}],"wp:term":[{"taxonomy":"category","embeddable":true,"href":"https:\/\/www.em.com.br\/emfoco\/wp-json\/wp\/v2\/categories?post=88446"},{"taxonomy":"post_tag","embeddable":true,"href":"https:\/\/www.em.com.br\/emfoco\/wp-json\/wp\/v2\/tags?post=88446"}],"curies":[{"name":"wp","href":"https:\/\/api.w.org\/{rel}","templated":true}]}}