{"id":88276,"date":"2025-08-09T06:28:00","date_gmt":"2025-08-09T09:28:00","guid":{"rendered":"https:\/\/www.em.com.br\/emfoco\/?p=88276"},"modified":"2025-08-07T18:29:02","modified_gmt":"2025-08-07T21:29:02","slug":"previsao-inesperada-sudeste-enfrenta-clima-que-pegou-todos-de-surpresa","status":"publish","type":"post","link":"https:\/\/www.em.com.br\/emfoco\/2025\/08\/09\/previsao-inesperada-sudeste-enfrenta-clima-que-pegou-todos-de-surpresa\/","title":{"rendered":"Previs\u00e3o inesperada: Sudeste enfrenta clima que pegou todos de surpresa"},"content":{"rendered":"\n<p>Nos pr\u00f3ximos dias, o\u00a0<strong>Sudeste<\/strong>\u00a0do\u00a0<strong>Brasil<\/strong>\u00a0dever\u00e1 enfrentar uma\u00a0<strong><a href=\"https:\/\/brasil.un.org\/pt-br\/175180-o-que-s%C3%A3o-mudan%C3%A7as-clim%C3%A1ticas\" target=\"_blank\" rel=\"noreferrer noopener\">mudan\u00e7a clim\u00e1tica<\/a><\/strong>\u00a0inesperada. Especialistas indicam que condi\u00e7\u00f5es at\u00edpicas afetar\u00e3o a regi\u00e3o, e \u00e9 importante estar preparado.<\/p>\n\n\n\n<ul class=\"wp-block-list\">\n<li><strong>Chuvas intensas<\/strong>&nbsp;previstas para regi\u00f5es costeiras<\/li>\n\n\n\n<li><strong>Queda brusca<\/strong>&nbsp;de temperatura em \u00e1reas metropolitanas<\/li>\n\n\n\n<li>Poss\u00edveis&nbsp;<strong>eventos clim\u00e1ticos extremos<\/strong>&nbsp;a caminho<\/li>\n<\/ul>\n\n\n\n<h2 class=\"wp-block-heading\">Como a mudan\u00e7a clim\u00e1tica pode afetar o Sudeste?<\/h2>\n\n\n\n<p>A previs\u00e3o indica que o Sudeste experimentar\u00e1 chuvas significativas. Isso pode impactar o tr\u00e2nsito e atividades ao ar livre.<\/p>\n\n\n\n<p>Espera-se que as temperaturas caiam drasticamente. As pessoas devem se preparar para ondas de frio inesperadas.<\/p>\n\n\n\n<p><strong>Temperaturas previstas para&nbsp;10 e 11 de agosto de 2025:<\/strong><\/p>\n\n\n\n<ul class=\"wp-block-list\">\n<li><strong>Belo Horizonte (MG)<\/strong>: m\u00ednima de 9\u00b0C e m\u00e1xima de 16\u00b0C em\u00a010\/08; m\u00ednima de 8\u00b0C e m\u00e1xima de 15\u00b0C em\u00a011\/08.<\/li>\n\n\n\n<li><strong>Juiz de Fora (MG)<\/strong>: m\u00ednima de 8\u00b0C e m\u00e1xima de 14\u00b0C em 10\/08; m\u00ednima de 7\u00b0C e m\u00e1xima de 12\u00b0C em 11\/08.<\/li>\n\n\n\n<li><strong>Uberl\u00e2ndia (MG)<\/strong>: m\u00ednima de 10\u00b0C e m\u00e1xima de 18\u00b0C em 10\/08; m\u00ednima de 9\u00b0C e m\u00e1xima de 17\u00b0C em 11\/08.<\/li>\n\n\n\n<li><strong>Rio de Janeiro (RJ)<\/strong>: m\u00ednima de 11\u00b0C e m\u00e1xima de 18\u00b0C em 10\/08; m\u00ednima de 10\u00b0C e m\u00e1xima de 17\u00b0C em 11\/08.<\/li>\n\n\n\n<li><strong>S\u00e3o Paulo (SP)<\/strong>: m\u00ednima de 7\u00b0C e m\u00e1xima de 13\u00b0C em 10\/08; m\u00ednima de 6\u00b0C e m\u00e1xima de 12\u00b0C em 11\/08.<\/li>\n\n\n\n<li><strong>Vit\u00f3ria (ES)<\/strong>: m\u00ednima de 13\u00b0C e m\u00e1xima de 20\u00b0C em 10\/08; m\u00ednima de 12\u00b0C e m\u00e1xima de 19\u00b0C em 11\/08.<\/li>\n<\/ul>\n\n\n\n<figure class=\"wp-block-image\"><img decoding=\"async\" src=\"https:\/\/www.em.com.br\/emfoco\/wp-content\/uploads\/2025\/03\/previsao_1740972866822-1024x576.jpg\" alt=\"\"\/><figcaption class=\"wp-element-caption\">Previs\u00e3o do tempo &#8211; Cr\u00e9ditos: depositphotos.com \/ arvydele.gmail.com<\/figcaption><\/figure>\n\n\n\n<h2 class=\"wp-block-heading\">Por que essa mudan\u00e7a clim\u00e1tica foi t\u00e3o inesperada?<\/h2>\n\n\n\n<p>Este fen\u00f4meno n\u00e3o foi previsto em estudos anteriores. An\u00e1lises recentes indicam um comportamento at\u00edpico dos ventos.<\/p>\n\n\n\n<p>Os&nbsp;<strong>expertises meteorol\u00f3gicos<\/strong>&nbsp;acreditam que altera\u00e7\u00f5es na&nbsp;<strong>corrente de jato<\/strong>&nbsp;influenciaram este cen\u00e1rio.<\/p>\n\n\n\n<p>Adicionalmente, segundo o&nbsp;<strong>Instituto Nacional de Meteorologia<\/strong>, fatores globais, como o enfraquecimento do&nbsp;<strong>El Ni\u00f1o<\/strong>, podem ter contribu\u00eddo para o perfil inst\u00e1vel das condi\u00e7\u00f5es meteorol\u00f3gicas observadas nesta semana.<\/p>\n\n\n\n<h2 class=\"wp-block-heading\">O que a popula\u00e7\u00e3o deve fazer para se preparar?<\/h2>\n\n\n\n<p>\u00c9 aconselh\u00e1vel que os residentes permane\u00e7am atentos aos alertas meteorol\u00f3gicos. Estar preparado \u00e9 essencial em condi\u00e7\u00f5es clim\u00e1ticas extremas.<\/p>\n\n\n\n<ul class=\"wp-block-list\">\n<li>Mantenha-se atualizado com as \u00faltimas&nbsp;<strong>not\u00edcias do clima<\/strong>.<\/li>\n\n\n\n<li>Evite programar atividades externas sem verifica\u00e7\u00e3o pr\u00e9via do tempo.<\/li>\n\n\n\n<li>Considere cuidados adicionais para idosos e crian\u00e7as.<\/li>\n<\/ul>\n\n\n\n<h2 class=\"wp-block-heading\">O que muda na rotina dos moradores?<\/h2>\n\n\n\n<p>As mudan\u00e7as repentinas de temperatura podem afetar pessoas com problemas respirat\u00f3rios, e a intensidade das chuvas pode provocar pontos de alagamento. \u00d3rg\u00e3os p\u00fablicos de cidades como S\u00e3o Paulo e Rio de Janeiro j\u00e1 anunciam protocolos emergenciais para garantir a seguran\u00e7a dos moradores.<\/p>\n\n\n\n<h2 class=\"wp-block-heading\">Leia tamb\u00e9m: <a href=\"https:\/\/www.em.com.br\/emfoco\/2025\/08\/07\/o-clima-mais-imprevisivel-do-ano-atinge-o-sudeste-com-forca-total\/\" target=\"_blank\" rel=\"noreferrer noopener\">O clima mais imprevis\u00edvel do ano atinge o Sudeste com for\u00e7a total<\/a><\/h2>\n\n\n\n<h2 class=\"wp-block-heading\">Por que manter-se informado e seguro \u00e9 fundamental?<\/h2>\n\n\n\n<ul class=\"wp-block-list\">\n<li>Acompanhe previs\u00f5es locais para se preparar adequadamente.<\/li>\n\n\n\n<li>Colabore com a comunidade em situa\u00e7\u00f5es de&nbsp;<strong>emerg\u00eancia clim\u00e1tica<\/strong>.<\/li>\n\n\n\n<li>Planeje e adapte-se \u00e0s&nbsp;<strong>condi\u00e7\u00f5es adversas<\/strong>&nbsp;antecipadamente.<\/li>\n<\/ul>\n","protected":false},"excerpt":{"rendered":"<p>Nos pr\u00f3ximos dias, o\u00a0Sudeste\u00a0do\u00a0Brasil\u00a0dever\u00e1 enfrentar uma\u00a0mudan\u00e7a clim\u00e1tica\u00a0inesperada. Especialistas indicam que condi\u00e7\u00f5es at\u00edpicas afetar\u00e3o a regi\u00e3o, e \u00e9 importante estar preparado. Como a mudan\u00e7a clim\u00e1tica pode afetar o Sudeste? A previs\u00e3o indica que o Sudeste experimentar\u00e1 chuvas significativas. Isso pode impactar o tr\u00e2nsito e atividades ao ar livre. Espera-se que as temperaturas caiam drasticamente. As pessoas [&hellip;]<\/p>\n","protected":false},"author":11,"featured_media":48927,"comment_status":"open","ping_status":"open","sticky":false,"template":"","format":"standard","meta":{"jnews-multi-image_gallery":[],"jnews_single_post":{"format":"standard"},"jnews_primary_category":[],"jnews_social_meta":[],"jnews_override_counter":[],"footnotes":""},"categories":[1],"tags":[152,9169,1192],"class_list":["post-88276","post","type-post","status-publish","format-standard","has-post-thumbnail","hentry","category-noticias","tag-clima","tag-frente-fria","tag-sudeste"],"yoast_head":"<!-- This site is optimized with the Yoast SEO plugin v23.8 - https:\/\/yoast.com\/wordpress\/plugins\/seo\/ -->\n<title>Previs\u00e3o inesperada: Sudeste enfrenta clima que pegou todos de surpresa - Estado de Minas - Em foco<\/title>\n<meta name=\"description\" content=\"Sudeste ter\u00e1 frio intenso e chuvas nos pr\u00f3ximos dias. Veja quais cidades v\u00e3o enfrentar as menores temperaturas e como se preparar.\" \/>\n<meta name=\"robots\" content=\"index, follow, max-snippet:-1, max-image-preview:large, max-video-preview:-1\" \/>\n<link rel=\"canonical\" href=\"https:\/\/www.em.com.br\/emfoco\/2025\/08\/09\/previsao-inesperada-sudeste-enfrenta-clima-que-pegou-todos-de-surpresa\/\" \/>\n<meta property=\"og:locale\" content=\"pt_BR\" \/>\n<meta property=\"og:type\" content=\"article\" \/>\n<meta property=\"og:title\" content=\"Previs\u00e3o inesperada: Sudeste enfrenta clima que pegou todos de surpresa - Estado de Minas - Em foco\" \/>\n<meta property=\"og:description\" content=\"Sudeste ter\u00e1 frio intenso e chuvas nos pr\u00f3ximos dias. Veja quais cidades v\u00e3o enfrentar as menores temperaturas e como se preparar.\" \/>\n<meta property=\"og:url\" content=\"https:\/\/www.em.com.br\/emfoco\/2025\/08\/09\/previsao-inesperada-sudeste-enfrenta-clima-que-pegou-todos-de-surpresa\/\" \/>\n<meta property=\"og:site_name\" content=\"Estado de Minas - Em foco\" \/>\n<meta property=\"article:published_time\" content=\"2025-08-09T09:28:00+00:00\" \/>\n<meta property=\"article:modified_time\" content=\"2025-08-07T21:29:02+00:00\" \/>\n<meta property=\"og:image\" content=\"https:\/\/www.em.com.br\/emfoco\/wp-content\/uploads\/2025\/05\/Olhando-a-previsao-do-tempo_1747756216415.jpg\" \/>\n\t<meta property=\"og:image:width\" content=\"1280\" \/>\n\t<meta property=\"og:image:height\" content=\"720\" \/>\n\t<meta property=\"og:image:type\" content=\"image\/jpeg\" \/>\n<meta name=\"author\" content=\"Andre\u0301 Rangel\u00a0\" \/>\n<meta name=\"twitter:card\" content=\"summary_large_image\" \/>\n<meta name=\"twitter:label1\" content=\"Escrito por\" \/>\n\t<meta name=\"twitter:data1\" content=\"Andre\u0301 Rangel\u00a0\" \/>\n\t<meta name=\"twitter:label2\" content=\"Est. tempo de leitura\" \/>\n\t<meta name=\"twitter:data2\" content=\"3 minutos\" \/>\n<!-- \/ Yoast SEO plugin. -->","yoast_head_json":{"title":"Previs\u00e3o inesperada: Sudeste enfrenta clima que pegou todos de surpresa - Estado de Minas - Em foco","description":"Sudeste ter\u00e1 frio intenso e chuvas nos pr\u00f3ximos dias. Veja quais cidades v\u00e3o enfrentar as menores temperaturas e como se preparar.","robots":{"index":"index","follow":"follow","max-snippet":"max-snippet:-1","max-image-preview":"max-image-preview:large","max-video-preview":"max-video-preview:-1"},"canonical":"https:\/\/www.em.com.br\/emfoco\/2025\/08\/09\/previsao-inesperada-sudeste-enfrenta-clima-que-pegou-todos-de-surpresa\/","og_locale":"pt_BR","og_type":"article","og_title":"Previs\u00e3o inesperada: Sudeste enfrenta clima que pegou todos de surpresa - Estado de Minas - Em foco","og_description":"Sudeste ter\u00e1 frio intenso e chuvas nos pr\u00f3ximos dias. Veja quais cidades v\u00e3o enfrentar as menores temperaturas e como se preparar.","og_url":"https:\/\/www.em.com.br\/emfoco\/2025\/08\/09\/previsao-inesperada-sudeste-enfrenta-clima-que-pegou-todos-de-surpresa\/","og_site_name":"Estado de Minas - Em foco","article_published_time":"2025-08-09T09:28:00+00:00","article_modified_time":"2025-08-07T21:29:02+00:00","og_image":[{"width":1280,"height":720,"url":"https:\/\/www.em.com.br\/emfoco\/wp-content\/uploads\/2025\/05\/Olhando-a-previsao-do-tempo_1747756216415.jpg","type":"image\/jpeg"}],"author":"Andre\u0301 Rangel\u00a0","twitter_card":"summary_large_image","twitter_misc":{"Escrito por":"Andre\u0301 Rangel\u00a0","Est. tempo de leitura":"3 minutos"},"schema":{"@context":"https:\/\/schema.org","@graph":[{"@type":"WebPage","@id":"https:\/\/www.em.com.br\/emfoco\/2025\/08\/09\/previsao-inesperada-sudeste-enfrenta-clima-que-pegou-todos-de-surpresa\/","url":"https:\/\/www.em.com.br\/emfoco\/2025\/08\/09\/previsao-inesperada-sudeste-enfrenta-clima-que-pegou-todos-de-surpresa\/","name":"Previs\u00e3o inesperada: Sudeste enfrenta clima que pegou todos de surpresa - Estado de Minas - Em foco","isPartOf":{"@id":"https:\/\/www.em.com.br\/emfoco\/#website"},"primaryImageOfPage":{"@id":"https:\/\/www.em.com.br\/emfoco\/2025\/08\/09\/previsao-inesperada-sudeste-enfrenta-clima-que-pegou-todos-de-surpresa\/#primaryimage"},"image":{"@id":"https:\/\/www.em.com.br\/emfoco\/2025\/08\/09\/previsao-inesperada-sudeste-enfrenta-clima-que-pegou-todos-de-surpresa\/#primaryimage"},"thumbnailUrl":"https:\/\/www.em.com.br\/emfoco\/wp-content\/uploads\/2025\/05\/Olhando-a-previsao-do-tempo_1747756216415.jpg","datePublished":"2025-08-09T09:28:00+00:00","dateModified":"2025-08-07T21:29:02+00:00","author":{"@id":"https:\/\/www.em.com.br\/emfoco\/#\/schema\/person\/60eda09c1fedf0d6891f4cef4b60b8b8"},"description":"Sudeste ter\u00e1 frio intenso e chuvas nos pr\u00f3ximos dias. Veja quais cidades v\u00e3o enfrentar as menores temperaturas e como se preparar.","breadcrumb":{"@id":"https:\/\/www.em.com.br\/emfoco\/2025\/08\/09\/previsao-inesperada-sudeste-enfrenta-clima-que-pegou-todos-de-surpresa\/#breadcrumb"},"inLanguage":"pt-BR","potentialAction":[{"@type":"ReadAction","target":["https:\/\/www.em.com.br\/emfoco\/2025\/08\/09\/previsao-inesperada-sudeste-enfrenta-clima-que-pegou-todos-de-surpresa\/"]}]},{"@type":"ImageObject","inLanguage":"pt-BR","@id":"https:\/\/www.em.com.br\/emfoco\/2025\/08\/09\/previsao-inesperada-sudeste-enfrenta-clima-que-pegou-todos-de-surpresa\/#primaryimage","url":"https:\/\/www.em.com.br\/emfoco\/wp-content\/uploads\/2025\/05\/Olhando-a-previsao-do-tempo_1747756216415.jpg","contentUrl":"https:\/\/www.em.com.br\/emfoco\/wp-content\/uploads\/2025\/05\/Olhando-a-previsao-do-tempo_1747756216415.jpg","width":1280,"height":720,"caption":"Olhando a previs\u00e3o do tempo - Cr\u00e9ditos: depositphotos.com \/ carballo"},{"@type":"BreadcrumbList","@id":"https:\/\/www.em.com.br\/emfoco\/2025\/08\/09\/previsao-inesperada-sudeste-enfrenta-clima-que-pegou-todos-de-surpresa\/#breadcrumb","itemListElement":[{"@type":"ListItem","position":1,"name":"In\u00edcio","item":"https:\/\/www.em.com.br\/emfoco\/"},{"@type":"ListItem","position":2,"name":"Previs\u00e3o inesperada: Sudeste enfrenta clima que pegou todos de surpresa"}]},{"@type":"WebSite","@id":"https:\/\/www.em.com.br\/emfoco\/#website","url":"https:\/\/www.em.com.br\/emfoco\/","name":"Estado de Minas - Em foco","description":"Acompanhe as \u00faltimas not\u00edcias e fique bem informado sobre tudo o que acontece em Minas Gerais, Brasil e no mundo.","potentialAction":[{"@type":"SearchAction","target":{"@type":"EntryPoint","urlTemplate":"https:\/\/www.em.com.br\/emfoco\/?s={search_term_string}"},"query-input":{"@type":"PropertyValueSpecification","valueRequired":true,"valueName":"search_term_string"}}],"inLanguage":"pt-BR"},{"@type":"Person","@id":"https:\/\/www.em.com.br\/emfoco\/#\/schema\/person\/60eda09c1fedf0d6891f4cef4b60b8b8","name":"Andre\u0301 Rangel\u00a0","image":{"@type":"ImageObject","inLanguage":"pt-BR","@id":"https:\/\/www.em.com.br\/emfoco\/#\/schema\/person\/image\/","url":"https:\/\/secure.gravatar.com\/avatar\/6234dc814c77c8ef6d8bba622c787efc?s=96&d=mm&r=g","contentUrl":"https:\/\/secure.gravatar.com\/avatar\/6234dc814c77c8ef6d8bba622c787efc?s=96&d=mm&r=g","caption":"Andre\u0301 Rangel\u00a0"},"url":"https:\/\/www.em.com.br\/emfoco\/author\/luizmyth\/"}]}},"_links":{"self":[{"href":"https:\/\/www.em.com.br\/emfoco\/wp-json\/wp\/v2\/posts\/88276","targetHints":{"allow":["GET"]}}],"collection":[{"href":"https:\/\/www.em.com.br\/emfoco\/wp-json\/wp\/v2\/posts"}],"about":[{"href":"https:\/\/www.em.com.br\/emfoco\/wp-json\/wp\/v2\/types\/post"}],"author":[{"embeddable":true,"href":"https:\/\/www.em.com.br\/emfoco\/wp-json\/wp\/v2\/users\/11"}],"replies":[{"embeddable":true,"href":"https:\/\/www.em.com.br\/emfoco\/wp-json\/wp\/v2\/comments?post=88276"}],"version-history":[{"count":4,"href":"https:\/\/www.em.com.br\/emfoco\/wp-json\/wp\/v2\/posts\/88276\/revisions"}],"predecessor-version":[{"id":88585,"href":"https:\/\/www.em.com.br\/emfoco\/wp-json\/wp\/v2\/posts\/88276\/revisions\/88585"}],"wp:featuredmedia":[{"embeddable":true,"href":"https:\/\/www.em.com.br\/emfoco\/wp-json\/wp\/v2\/media\/48927"}],"wp:attachment":[{"href":"https:\/\/www.em.com.br\/emfoco\/wp-json\/wp\/v2\/media?parent=88276"}],"wp:term":[{"taxonomy":"category","embeddable":true,"href":"https:\/\/www.em.com.br\/emfoco\/wp-json\/wp\/v2\/categories?post=88276"},{"taxonomy":"post_tag","embeddable":true,"href":"https:\/\/www.em.com.br\/emfoco\/wp-json\/wp\/v2\/tags?post=88276"}],"curies":[{"name":"wp","href":"https:\/\/api.w.org\/{rel}","templated":true}]}}