{"id":88065,"date":"2025-08-10T13:48:00","date_gmt":"2025-08-10T16:48:00","guid":{"rendered":"https:\/\/www.em.com.br\/emfoco\/?p=88065"},"modified":"2025-08-07T13:00:53","modified_gmt":"2025-08-07T16:00:53","slug":"conheca-a-majestosa-serra-que-corta-o-sudeste-do-brasil-e-esconde-misterios-milenares","status":"publish","type":"post","link":"https:\/\/www.em.com.br\/emfoco\/2025\/08\/10\/conheca-a-majestosa-serra-que-corta-o-sudeste-do-brasil-e-esconde-misterios-milenares\/","title":{"rendered":"Conhe\u00e7a a majestosa Serra que corta o Sudeste do Brasil e esconde mist\u00e9rios milenares"},"content":{"rendered":"\n<p>A <strong>Serra da Mantiqueira<\/strong> \u00e9 uma das mais importantes forma\u00e7\u00f5es montanhosas do Brasil, estendendo-se por cerca de 500 quil\u00f4metros atrav\u00e9s de quatro estados. Esta imponente cordilheira abriga o terceiro pico mais alto do pa\u00eds e esconde segredos geol\u00f3gicos fascinantes.<\/p>\n\n\n\n<p>Suas montanhas centen\u00e1rias guardam hist\u00f3rias de civiliza\u00e7\u00f5es antigas, biodiversidade \u00fanica e paisagens que inspiraram gera\u00e7\u00f5es de artistas e exploradores.<\/p>\n\n\n\n<h2 class=\"wp-block-heading\">Localiza\u00e7\u00e3o e extens\u00e3o da Serra da Mantiqueira<\/h2>\n\n\n\n<p>A <strong>Serra da Mantiqueira<\/strong> atravessa os estados de <strong>Minas Gerais<\/strong>, <strong><a href=\"https:\/\/www.em.com.br\/emfoco\/2025\/08\/01\/a-cidade-mais-encantadora-e-geladinha-do-brasil-fica-em-sao-paulo\/\" target=\"_blank\" rel=\"noreferrer noopener\">S\u00e3o Paulo<\/a><\/strong>, <strong>Rio de Janeiro<\/strong> e <strong>Esp\u00edrito Santo<\/strong>, formando um verdadeiro corredor ecol\u00f3gico no cora\u00e7\u00e3o do Sudeste brasileiro. Sua extens\u00e3o impressionante conecta diferentes biomas e climas, criando um mosaico natural \u00fanico.<\/p>\n\n\n\n<p>O nome &#8220;Mantiqueira&#8221; tem origem tupi e significa &#8220;lugar onde se fazem as enxurradas&#8221; ou &#8220;serra que chora&#8221;, refer\u00eancia \u00e0s in\u00fameras nascentes e cachoeiras que brotam de suas encostas. Esta denomina\u00e7\u00e3o reflete perfeitamente o car\u00e1ter hidrogr\u00e1fico da regi\u00e3o, que alimenta importantes bacias hidrogr\u00e1ficas do pa\u00eds.<\/p>\n\n\n\n<blockquote class=\"tiktok-embed\" cite=\"https:\/\/www.tiktok.com\/@lphoto.trilhas.e4\/video\/7422329997228100869\" data-video-id=\"7422329997228100869\" style=\"max-width: 605px;min-width: 325px;\" > <section> <a target=\"_blank\" title=\"@lphoto.trilhas.e4\" href=\"https:\/\/www.tiktok.com\/@lphoto.trilhas.e4?refer=embed\">@lphoto.trilhas.e4<\/a> SERRA DA MANTIQUEIRA  <a title=\"nature\" target=\"_blank\" href=\"https:\/\/www.tiktok.com\/tag\/nature?refer=embed\">#nature<\/a> <a title=\"brasil\" target=\"_blank\" href=\"https:\/\/www.tiktok.com\/tag\/brasil?refer=embed\">#brasil<\/a> <a title=\"moutains\" target=\"_blank\" href=\"https:\/\/www.tiktok.com\/tag\/moutains?refer=embed\">#moutains<\/a> <a target=\"_blank\" title=\"\u266c Outro by m83 - \ud835\ude61\ud835\ude64\ud835\ude61\ud835\ude56\" href=\"https:\/\/www.tiktok.com\/music\/Outro-by-m83-7272442469744151329?refer=embed\">\u266c Outro by m83 &#8211; \ud835\ude61\ud835\ude64\ud835\ude61\ud835\ude56<\/a> <\/section> <\/blockquote> <script async src=\"https:\/\/www.tiktok.com\/embed.js\"><\/script>\n\n\n\n<h2 class=\"wp-block-heading\">Quais s\u00e3o os principais picos da Mantiqueira?<\/h2>\n\n\n\n<p>A <strong>cordilheira da Mantiqueira<\/strong> abriga alguns dos picos mais elevados do territ\u00f3rio nacional, sendo verdadeiros gigantes de pedra que desafiam montanhistas do mundo inteiro.<\/p>\n\n\n\n<ul class=\"wp-block-list\">\n<li><strong>Pico da Bandeira:<\/strong> com 2.891 metros de altitude, \u00e9 o terceiro ponto mais alto do Brasil<\/li>\n\n\n\n<li><strong>Pedra da Mina:<\/strong> atinge 2.798 metros e oferece vistas espetaculares da regi\u00e3o<\/li>\n\n\n\n<li><strong>Pico das Agulhas Negras:<\/strong> famoso por suas forma\u00e7\u00f5es rochosas pontiagudas<\/li>\n\n\n\n<li><strong>Pico do Cristal:<\/strong> destaca-se pela forma\u00e7\u00e3o geol\u00f3gica de quartzo<\/li>\n<\/ul>\n\n\n\n<h2 class=\"wp-block-heading\">Biodiversidade e ecossistemas \u00fanicos da regi\u00e3o<\/h2>\n\n\n\n<p>A <strong>fauna da Mantiqueira<\/strong> inclui esp\u00e9cies end\u00eamicas que n\u00e3o existem em nenhum outro lugar do planeta. Entre os campos de altitude e as matas nebulares, vivem animais adaptados \u00e0s condi\u00e7\u00f5es extremas de altitude e temperatura.<\/p>\n\n\n\n<ul class=\"wp-block-list\">\n<li>On\u00e7as-pardas que dominam os territ\u00f3rios montanhosos<\/li>\n\n\n\n<li>Tamandu\u00e1s-bandeira nas \u00e1reas de campo aberto<\/li>\n\n\n\n<li>Mais de 400 esp\u00e9cies de aves catalogadas<\/li>\n\n\n\n<li>Anf\u00edbios end\u00eamicos encontrados apenas acima de 1.500 metros<\/li>\n<\/ul>\n\n\n\n<h2 class=\"wp-block-heading\">Como se formou geologicamente a Serra da Mantiqueira?<\/h2>\n\n\n\n<p>A <strong>forma\u00e7\u00e3o geol\u00f3gica da Mantiqueira<\/strong> remonta ao <strong><a href=\"https:\/\/www.todamateria.com.br\/pre-cambriano\/\" target=\"_blank\" rel=\"noreferrer noopener\">per\u00edodo Pr\u00e9-Cambriano<\/a><\/strong>, h\u00e1 mais de 540 milh\u00f5es de anos. Os processos tect\u00f4nicos que moldaram estas montanhas envolveram intensas atividades de dobramento e falhamento da crosta terrestre.<\/p>\n\n\n\n<ul class=\"wp-block-list\">\n<li>Rochas metam\u00f3rficas predominam na estrutura da serra<\/li>\n\n\n\n<li>Presen\u00e7a significativa de gnaisses e granitos<\/li>\n\n\n\n<li>Veios de quartzo formam as famosas &#8220;pedras preciosas&#8221; da regi\u00e3o<\/li>\n\n\n\n<li>Atividade vulc\u00e2nica antiga deixou marcas vis\u00edveis nas forma\u00e7\u00f5es rochosas<\/li>\n<\/ul>\n\n\n\n<figure class=\"wp-block-image size-large\"><img loading=\"lazy\" decoding=\"async\" width=\"1024\" height=\"576\" src=\"https:\/\/www.em.com.br\/emfoco\/wp-content\/uploads\/2025\/08\/ad-1-13-1024x576.jpg\" alt=\"Conhe\u00e7a a majestosa Serra que corta o Sudeste o Brasil e esconde mist\u00e9rios milenares \" class=\"wp-image-88088\" srcset=\"https:\/\/www.em.com.br\/emfoco\/wp-content\/uploads\/2025\/08\/ad-1-13-1024x576.jpg 1024w, https:\/\/www.em.com.br\/emfoco\/wp-content\/uploads\/2025\/08\/ad-1-13-300x169.jpg 300w, https:\/\/www.em.com.br\/emfoco\/wp-content\/uploads\/2025\/08\/ad-1-13-768x432.jpg 768w, https:\/\/www.em.com.br\/emfoco\/wp-content\/uploads\/2025\/08\/ad-1-13-750x422.jpg 750w, https:\/\/www.em.com.br\/emfoco\/wp-content\/uploads\/2025\/08\/ad-1-13-1140x641.jpg 1140w, https:\/\/www.em.com.br\/emfoco\/wp-content\/uploads\/2025\/08\/ad-1-13.jpg 1280w\" sizes=\"auto, (max-width: 1024px) 100vw, 1024px\" \/><figcaption class=\"wp-element-caption\">Serra da Mantiqueira &#8211; Cr\u00e9ditos: Wikimedia Commons<\/figcaption><\/figure>\n\n\n\n<h2 class=\"wp-block-heading\">Import\u00e2ncia hidrogr\u00e1fica da Mantiqueira<\/h2>\n\n\n\n<p>As <strong>nascentes da Serra da Mantiqueira<\/strong> alimentam rios fundamentais para o abastecimento de grandes centros urbanos. Esta fun\u00e7\u00e3o de &#8220;caixa d&#8217;\u00e1gua&#8221; natural torna a preserva\u00e7\u00e3o da serra estrat\u00e9gica para milh\u00f5es de brasileiros.<\/p>\n\n\n\n<ul class=\"wp-block-list\">\n<li>Rio Grande nasce nas encostas mineiras da serra<\/li>\n\n\n\n<li>Rio Para\u00edba do Sul tem importantes afluentes mantiqueirenses<\/li>\n\n\n\n<li>Centenas de nascentes formam micro-bacias essenciais<\/li>\n\n\n\n<li>Aqu\u00edferos subterr\u00e2neos armazenam bilh\u00f5es de litros de \u00e1gua pura<\/li>\n<\/ul>\n\n\n\n<h2 class=\"wp-block-heading\">Qual o melhor per\u00edodo para visitar a Serra da Mantiqueira?<\/h2>\n\n\n\n<p>O <strong>clima da Serra da Mantiqueira<\/strong> varia significativamente com a altitude, criando microclimas \u00fanicos que influenciam diretamente a experi\u00eancia dos visitantes. As esta\u00e7\u00f5es bem definidas oferecem cen\u00e1rios completamente diferentes ao longo do ano.<\/p>\n\n\n\n<p>Durante o inverno, entre junho e setembro, as temperaturas podem chegar a v\u00e1rios graus abaixo de zero nos picos mais altos, ocasionalmente formando geada e at\u00e9 mesmo neve em eventos raros. J\u00e1 no ver\u00e3o, entre dezembro e mar\u00e7o, as chuvas abundantes transformam a paisagem em um verdadeiro para\u00edso verde, mas podem dificultar algumas trilhas.<\/p>\n\n\n\n<p>Descubra os segredos milenares da <strong>Serra da Mantiqueira<\/strong> e planeje sua pr\u00f3xima aventura em uma das cordilheiras mais fascinantes do Brasil. Entre em contato conosco para roteiros personalizados que revelam as belezas ocultas desta maravilha natural brasileira.<\/p>\n","protected":false},"excerpt":{"rendered":"<p>A Serra da Mantiqueira \u00e9 uma das mais importantes forma\u00e7\u00f5es montanhosas do Brasil, estendendo-se por cerca de 500 quil\u00f4metros atrav\u00e9s de quatro estados. Esta imponente cordilheira abriga o terceiro pico mais alto do pa\u00eds e esconde segredos geol\u00f3gicos fascinantes. Suas montanhas centen\u00e1rias guardam hist\u00f3rias de civiliza\u00e7\u00f5es antigas, biodiversidade \u00fanica e paisagens que inspiraram gera\u00e7\u00f5es de [&hellip;]<\/p>\n","protected":false},"author":13,"featured_media":88085,"comment_status":"open","ping_status":"open","sticky":false,"template":"","format":"standard","meta":{"jnews-multi-image_gallery":[],"jnews_single_post":{"format":"standard"},"jnews_primary_category":[],"jnews_social_meta":[],"jnews_override_counter":[],"footnotes":""},"categories":[26],"tags":[207,553,13553,157],"class_list":["post-88065","post","type-post","status-publish","format-standard","has-post-thumbnail","hentry","category-cidades","tag-minas-gerais","tag-sao-paulo","tag-serra-de-mantiqueira","tag-turismo"],"yoast_head":"<!-- This site is optimized with the Yoast SEO plugin v23.8 - https:\/\/yoast.com\/wordpress\/plugins\/seo\/ -->\n<title>Conhe\u00e7a a majestosa Serra que corta o Sudeste do Brasil e esconde mist\u00e9rios milenares - Estado de Minas - Em foco<\/title>\n<meta name=\"description\" content=\"Biodiversidade \u00fanica, forma\u00e7\u00f5es antigas e rios cristalinos tornam a Serra da Mantiqueira um dos destinos mais m\u00e1gicos do Brasil.\" \/>\n<meta name=\"robots\" content=\"index, follow, max-snippet:-1, max-image-preview:large, max-video-preview:-1\" \/>\n<link rel=\"canonical\" href=\"https:\/\/www.em.com.br\/emfoco\/2025\/08\/10\/conheca-a-majestosa-serra-que-corta-o-sudeste-do-brasil-e-esconde-misterios-milenares\/\" \/>\n<meta property=\"og:locale\" content=\"pt_BR\" \/>\n<meta property=\"og:type\" content=\"article\" \/>\n<meta property=\"og:title\" content=\"Conhe\u00e7a a majestosa Serra que corta o Sudeste do Brasil e esconde mist\u00e9rios milenares - Estado de Minas - Em foco\" \/>\n<meta property=\"og:description\" content=\"Biodiversidade \u00fanica, forma\u00e7\u00f5es antigas e rios cristalinos tornam a Serra da Mantiqueira um dos destinos mais m\u00e1gicos do Brasil.\" \/>\n<meta property=\"og:url\" content=\"https:\/\/www.em.com.br\/emfoco\/2025\/08\/10\/conheca-a-majestosa-serra-que-corta-o-sudeste-do-brasil-e-esconde-misterios-milenares\/\" \/>\n<meta property=\"og:site_name\" content=\"Estado de Minas - Em foco\" \/>\n<meta property=\"article:published_time\" content=\"2025-08-10T16:48:00+00:00\" \/>\n<meta property=\"article:modified_time\" content=\"2025-08-07T16:00:53+00:00\" \/>\n<meta property=\"og:image\" content=\"https:\/\/www.em.com.br\/emfoco\/wp-content\/uploads\/2025\/08\/ad-21.jpg\" \/>\n\t<meta property=\"og:image:width\" content=\"1280\" \/>\n\t<meta property=\"og:image:height\" content=\"720\" \/>\n\t<meta property=\"og:image:type\" content=\"image\/jpeg\" \/>\n<meta name=\"author\" content=\"Gabriel Martins\" \/>\n<meta name=\"twitter:card\" content=\"summary_large_image\" \/>\n<meta name=\"twitter:label1\" content=\"Escrito por\" \/>\n\t<meta name=\"twitter:data1\" content=\"Gabriel Martins\" \/>\n\t<meta name=\"twitter:label2\" content=\"Est. tempo de leitura\" \/>\n\t<meta name=\"twitter:data2\" content=\"4 minutos\" \/>\n<!-- \/ Yoast SEO plugin. -->","yoast_head_json":{"title":"Conhe\u00e7a a majestosa Serra que corta o Sudeste do Brasil e esconde mist\u00e9rios milenares - Estado de Minas - Em foco","description":"Biodiversidade \u00fanica, forma\u00e7\u00f5es antigas e rios cristalinos tornam a Serra da Mantiqueira um dos destinos mais m\u00e1gicos do Brasil.","robots":{"index":"index","follow":"follow","max-snippet":"max-snippet:-1","max-image-preview":"max-image-preview:large","max-video-preview":"max-video-preview:-1"},"canonical":"https:\/\/www.em.com.br\/emfoco\/2025\/08\/10\/conheca-a-majestosa-serra-que-corta-o-sudeste-do-brasil-e-esconde-misterios-milenares\/","og_locale":"pt_BR","og_type":"article","og_title":"Conhe\u00e7a a majestosa Serra que corta o Sudeste do Brasil e esconde mist\u00e9rios milenares - Estado de Minas - Em foco","og_description":"Biodiversidade \u00fanica, forma\u00e7\u00f5es antigas e rios cristalinos tornam a Serra da Mantiqueira um dos destinos mais m\u00e1gicos do Brasil.","og_url":"https:\/\/www.em.com.br\/emfoco\/2025\/08\/10\/conheca-a-majestosa-serra-que-corta-o-sudeste-do-brasil-e-esconde-misterios-milenares\/","og_site_name":"Estado de Minas - Em foco","article_published_time":"2025-08-10T16:48:00+00:00","article_modified_time":"2025-08-07T16:00:53+00:00","og_image":[{"width":1280,"height":720,"url":"https:\/\/www.em.com.br\/emfoco\/wp-content\/uploads\/2025\/08\/ad-21.jpg","type":"image\/jpeg"}],"author":"Gabriel Martins","twitter_card":"summary_large_image","twitter_misc":{"Escrito por":"Gabriel Martins","Est. tempo de leitura":"4 minutos"},"schema":{"@context":"https:\/\/schema.org","@graph":[{"@type":"WebPage","@id":"https:\/\/www.em.com.br\/emfoco\/2025\/08\/10\/conheca-a-majestosa-serra-que-corta-o-sudeste-do-brasil-e-esconde-misterios-milenares\/","url":"https:\/\/www.em.com.br\/emfoco\/2025\/08\/10\/conheca-a-majestosa-serra-que-corta-o-sudeste-do-brasil-e-esconde-misterios-milenares\/","name":"Conhe\u00e7a a majestosa Serra que corta o Sudeste do Brasil e esconde mist\u00e9rios milenares - Estado de Minas - Em foco","isPartOf":{"@id":"https:\/\/www.em.com.br\/emfoco\/#website"},"primaryImageOfPage":{"@id":"https:\/\/www.em.com.br\/emfoco\/2025\/08\/10\/conheca-a-majestosa-serra-que-corta-o-sudeste-do-brasil-e-esconde-misterios-milenares\/#primaryimage"},"image":{"@id":"https:\/\/www.em.com.br\/emfoco\/2025\/08\/10\/conheca-a-majestosa-serra-que-corta-o-sudeste-do-brasil-e-esconde-misterios-milenares\/#primaryimage"},"thumbnailUrl":"https:\/\/www.em.com.br\/emfoco\/wp-content\/uploads\/2025\/08\/ad-21.jpg","datePublished":"2025-08-10T16:48:00+00:00","dateModified":"2025-08-07T16:00:53+00:00","author":{"@id":"https:\/\/www.em.com.br\/emfoco\/#\/schema\/person\/1c9ddeab18b98abeffef834667bcf08a"},"description":"Biodiversidade \u00fanica, forma\u00e7\u00f5es antigas e rios cristalinos tornam a Serra da Mantiqueira um dos destinos mais m\u00e1gicos do Brasil.","breadcrumb":{"@id":"https:\/\/www.em.com.br\/emfoco\/2025\/08\/10\/conheca-a-majestosa-serra-que-corta-o-sudeste-do-brasil-e-esconde-misterios-milenares\/#breadcrumb"},"inLanguage":"pt-BR","potentialAction":[{"@type":"ReadAction","target":["https:\/\/www.em.com.br\/emfoco\/2025\/08\/10\/conheca-a-majestosa-serra-que-corta-o-sudeste-do-brasil-e-esconde-misterios-milenares\/"]}]},{"@type":"ImageObject","inLanguage":"pt-BR","@id":"https:\/\/www.em.com.br\/emfoco\/2025\/08\/10\/conheca-a-majestosa-serra-que-corta-o-sudeste-do-brasil-e-esconde-misterios-milenares\/#primaryimage","url":"https:\/\/www.em.com.br\/emfoco\/wp-content\/uploads\/2025\/08\/ad-21.jpg","contentUrl":"https:\/\/www.em.com.br\/emfoco\/wp-content\/uploads\/2025\/08\/ad-21.jpg","width":1280,"height":720,"caption":"Serra da Mantiqueira - Cr\u00e9ditos: Wikimedia Commons"},{"@type":"BreadcrumbList","@id":"https:\/\/www.em.com.br\/emfoco\/2025\/08\/10\/conheca-a-majestosa-serra-que-corta-o-sudeste-do-brasil-e-esconde-misterios-milenares\/#breadcrumb","itemListElement":[{"@type":"ListItem","position":1,"name":"In\u00edcio","item":"https:\/\/www.em.com.br\/emfoco\/"},{"@type":"ListItem","position":2,"name":"Conhe\u00e7a a majestosa Serra que corta o Sudeste do Brasil e esconde mist\u00e9rios milenares"}]},{"@type":"WebSite","@id":"https:\/\/www.em.com.br\/emfoco\/#website","url":"https:\/\/www.em.com.br\/emfoco\/","name":"Estado de Minas - Em foco","description":"Acompanhe as \u00faltimas not\u00edcias e fique bem informado sobre tudo o que acontece em Minas Gerais, Brasil e no mundo.","potentialAction":[{"@type":"SearchAction","target":{"@type":"EntryPoint","urlTemplate":"https:\/\/www.em.com.br\/emfoco\/?s={search_term_string}"},"query-input":{"@type":"PropertyValueSpecification","valueRequired":true,"valueName":"search_term_string"}}],"inLanguage":"pt-BR"},{"@type":"Person","@id":"https:\/\/www.em.com.br\/emfoco\/#\/schema\/person\/1c9ddeab18b98abeffef834667bcf08a","name":"Gabriel Martins","image":{"@type":"ImageObject","inLanguage":"pt-BR","@id":"https:\/\/www.em.com.br\/emfoco\/#\/schema\/person\/image\/","url":"https:\/\/secure.gravatar.com\/avatar\/f0f1e2efdfd88f1ad2cb08c5c2731e50?s=96&d=mm&r=g","contentUrl":"https:\/\/secure.gravatar.com\/avatar\/f0f1e2efdfd88f1ad2cb08c5c2731e50?s=96&d=mm&r=g","caption":"Gabriel Martins"},"sameAs":["https:\/\/www.em.com.br\/emfoco\/"],"url":"https:\/\/www.em.com.br\/emfoco\/author\/gabrielmartinsmyth\/"}]}},"_links":{"self":[{"href":"https:\/\/www.em.com.br\/emfoco\/wp-json\/wp\/v2\/posts\/88065","targetHints":{"allow":["GET"]}}],"collection":[{"href":"https:\/\/www.em.com.br\/emfoco\/wp-json\/wp\/v2\/posts"}],"about":[{"href":"https:\/\/www.em.com.br\/emfoco\/wp-json\/wp\/v2\/types\/post"}],"author":[{"embeddable":true,"href":"https:\/\/www.em.com.br\/emfoco\/wp-json\/wp\/v2\/users\/13"}],"replies":[{"embeddable":true,"href":"https:\/\/www.em.com.br\/emfoco\/wp-json\/wp\/v2\/comments?post=88065"}],"version-history":[{"count":2,"href":"https:\/\/www.em.com.br\/emfoco\/wp-json\/wp\/v2\/posts\/88065\/revisions"}],"predecessor-version":[{"id":88268,"href":"https:\/\/www.em.com.br\/emfoco\/wp-json\/wp\/v2\/posts\/88065\/revisions\/88268"}],"wp:featuredmedia":[{"embeddable":true,"href":"https:\/\/www.em.com.br\/emfoco\/wp-json\/wp\/v2\/media\/88085"}],"wp:attachment":[{"href":"https:\/\/www.em.com.br\/emfoco\/wp-json\/wp\/v2\/media?parent=88065"}],"wp:term":[{"taxonomy":"category","embeddable":true,"href":"https:\/\/www.em.com.br\/emfoco\/wp-json\/wp\/v2\/categories?post=88065"},{"taxonomy":"post_tag","embeddable":true,"href":"https:\/\/www.em.com.br\/emfoco\/wp-json\/wp\/v2\/tags?post=88065"}],"curies":[{"name":"wp","href":"https:\/\/api.w.org\/{rel}","templated":true}]}}