{"id":8787,"date":"2025-01-09T13:20:00","date_gmt":"2025-01-09T16:20:00","guid":{"rendered":"https:\/\/www.em.com.br\/emfoco\/?p=8787"},"modified":"2025-06-17T17:29:32","modified_gmt":"2025-06-17T20:29:32","slug":"o-novo-carro-eletrico-que-pode-mudar-o-jogo-da-hyundai-de-vez","status":"publish","type":"post","link":"https:\/\/www.em.com.br\/emfoco\/2025\/01\/09\/o-novo-carro-eletrico-que-pode-mudar-o-jogo-da-hyundai-de-vez\/","title":{"rendered":"O novo carro el\u00e9trico que pode mudar o jogo da Hyundai de vez"},"content":{"rendered":"\n<ul class=\"wp-block-list\"><\/ul>\n\n\n\n<p>A <a href=\"https:\/\/www.hyundai.com.br\/\" target=\"_blank\" rel=\"noreferrer noopener\"><strong>Hyundai<\/strong> <\/a>aposta alto no <strong><a href=\"https:\/\/www.em.com.br\/emfoco\/2025\/05\/16\/novo-audi-a6-e-tron-chega-ao-brasil-para-revolucionar-o-mercado-de-sedans-eletricos\/\" target=\"_blank\" rel=\"noreferrer noopener\">mercado <\/a><\/strong>indiano de ve\u00edculos el\u00e9tricos com o lan\u00e7amento do <strong>Creta Electric<\/strong> durante o <strong>Bharat Mobility Show<\/strong>. O modelo representa uma evolu\u00e7\u00e3o natural do <strong>SUV<\/strong> compacto mais popular da marca, agora equipado com tecnologia totalmente el\u00e9trica. Com pre\u00e7os a partir de 17,99 lakh de r\u00fapias (aproximadamente R$ 575 mil na convers\u00e3o direta), o <strong>Creta Electric<\/strong> chega para competir diretamente com rivais como <strong>Suzuki eVitara<\/strong> e <strong>Mahindra BE 6<\/strong>.<\/p>\n\n\n\n<p>O <strong>Creta Electric<\/strong> mant\u00e9m as dimens\u00f5es familiares do modelo original, medindo 4.340 mm de comprimento, 1.790 mm de largura e 1.655 mm de altura, com dist\u00e2ncia entre-eixos de 2.610 mm. Essas propor\u00e7\u00f5es garantem que o modelo el\u00e9trico preserve a praticidade e espa\u00e7o interno que tornaram o <strong>Creta<\/strong> um sucesso comercial. A <strong>Hyundai<\/strong> demonstra estrat\u00e9gia inteligente ao eletrificar seu <strong>SUV<\/strong> mais vendido, mantendo caracter\u00edsticas que j\u00e1 conquistaram os consumidores.<\/p>\n\n\n\n<h2 class=\"wp-block-heading\"><strong>Como o design se adapta \u00e0 propuls\u00e3o el\u00e9trica?<\/strong><\/h2>\n\n\n\n<p>O <strong>Creta Electric<\/strong> apresenta modifica\u00e7\u00f5es est\u00e9ticas espec\u00edficas para sua condi\u00e7\u00e3o de ve\u00edculo el\u00e9trico. A grade frontal agora \u00e9 fechada, seguindo padr\u00e3o visual estabelecido pela <strong>Hyundai<\/strong> em seus modelos eletrificados. O design pixelado da grade oferece identidade \u00fanica, enquanto elementos aerodin\u00e2micos no para-choque inferior otimizam a efici\u00eancia energ\u00e9tica.<\/p>\n\n\n\n<p>As rodas de 17 polegadas receberam insertos aerodin\u00e2micos espec\u00edficos para ve\u00edculos el\u00e9tricos, contribuindo para reduzir o arrasto e ampliar a autonomia. O emblema &#8220;Electric&#8221; na traseira identifica imediatamente a propuls\u00e3o do ve\u00edculo. A entrada de carregamento fica estrategicamente posicionada atr\u00e1s do logotipo da <strong>Hyundai<\/strong> no para-choque dianteiro, solu\u00e7\u00e3o elegante que mant\u00e9m a est\u00e9tica limpa.<\/p>\n\n\n\n<figure class=\"wp-block-image size-large\"><img loading=\"lazy\" decoding=\"async\" width=\"1024\" height=\"576\" src=\"https:\/\/www.em.com.br\/emfoco\/wp-content\/uploads\/2025\/01\/image-14-1024x576.png\" alt=\"Autonomia de at\u00e9 473 km: o SUV que une estilo e sustentabilidade.\" class=\"wp-image-8793\" srcset=\"https:\/\/www.em.com.br\/emfoco\/wp-content\/uploads\/2025\/01\/image-14-1024x576.png 1024w, https:\/\/www.em.com.br\/emfoco\/wp-content\/uploads\/2025\/01\/image-14-300x169.png 300w, https:\/\/www.em.com.br\/emfoco\/wp-content\/uploads\/2025\/01\/image-14-768x432.png 768w, https:\/\/www.em.com.br\/emfoco\/wp-content\/uploads\/2025\/01\/image-14-1536x864.png 1536w, https:\/\/www.em.com.br\/emfoco\/wp-content\/uploads\/2025\/01\/image-14-750x422.png 750w, https:\/\/www.em.com.br\/emfoco\/wp-content\/uploads\/2025\/01\/image-14-1140x641.png 1140w, https:\/\/www.em.com.br\/emfoco\/wp-content\/uploads\/2025\/01\/image-14.png 1920w\" sizes=\"auto, (max-width: 1024px) 100vw, 1024px\" \/><figcaption class=\"wp-element-caption\">Hyundai Creta Electric 2025 &#8211; Cr\u00e9ditos: Hyundai<\/figcaption><\/figure>\n\n\n\n<h2 class=\"wp-block-heading\"><strong>Quais op\u00e7\u00f5es de bateria est\u00e3o dispon\u00edveis?<\/strong><\/h2>\n\n\n\n<p>A <strong>Hyundai<\/strong> oferece duas configura\u00e7\u00f5es de bateria para atender diferentes perfis de uso. A vers\u00e3o com bateria de 42 kWh proporciona autonomia de 390 km segundo padr\u00e3o <strong>ARAI<\/strong> indiano, adequada para uso urbano intensivo. A op\u00e7\u00e3o superior de 51,4 kWh estende a autonomia para 473 km, atendendo consumidores que fazem trajetos mais longos ou buscam maior flexibilidade.<\/p>\n\n\n\n<p>A performance tamb\u00e9m impressiona. O <strong>Creta Electric<\/strong> acelera de 0 a 100 km\/h em apenas 7,9 segundos, demonstrando como a propuls\u00e3o el\u00e9trica pode entregar resposta imediata. Esse desempenho coloca o modelo em patamar competitivo frente aos rivais do segmento, comprovando que a <strong>Hyundai<\/strong> n\u00e3o comprometeu a din\u00e2mica em favor da efici\u00eancia.<\/p>\n\n\n\n<h2 class=\"wp-block-heading\"><strong>Como funciona o sistema de carregamento?<\/strong><\/h2>\n\n\n\n<p>O <strong>Creta Electric<\/strong> oferece flexibilidade total no carregamento. Utilizando carregador DC r\u00e1pido, a bateria vai de 10% a 80% em apenas 58 minutos, tempo adequado para paradas r\u00e1pidas durante viagens. Para carregamento residencial com wallbox AC de 11 kW, a carga completa de 10% a 100% demora aproximadamente 4 horas.<\/p>\n\n\n\n<p>Essa dupla op\u00e7\u00e3o de carregamento resolve uma das principais preocupa\u00e7\u00f5es dos consumidores com ve\u00edculos el\u00e9tricos. O carregamento r\u00e1pido permite viagens longas com paradas estrat\u00e9gicas, enquanto o carregamento noturno em casa garante autonomia di\u00e1ria sem complica\u00e7\u00f5es.<\/p>\n\n\n\n<h2 class=\"wp-block-heading\"><strong>Quais tecnologias definem o interior?<\/strong><\/h2>\n\n\n\n<p>O interior do <strong>Creta Electric<\/strong> recebe atualiza\u00e7\u00f5es espec\u00edficas para a propuls\u00e3o el\u00e9trica. Novo volante de tr\u00eas bra\u00e7os oferece controles diretos para os tr\u00eas modos de condu\u00e7\u00e3o: <strong>Eco<\/strong>, <strong>Normal<\/strong> e <strong>Sport<\/strong>. O painel de instrumentos digital apresenta gr\u00e1ficos exclusivos que monitoram consumo energ\u00e9tico e autonomia restante.<\/p>\n\n\n\n<p>A tecnologia <strong>V2L<\/strong> (Vehicle-to-Load) representa inova\u00e7\u00e3o pr\u00e1tica. Um plugue localizado sob o banco traseiro permite alimentar dispositivos eletr\u00f4nicos usando a bateria do ve\u00edculo. Essa funcionalidade transforma o <strong>Creta Electric<\/strong> em fonte de energia m\u00f3vel, \u00fatil para camping, trabalho externo ou emerg\u00eancias dom\u00e9sticas.<\/p>\n\n\n\n<h2 class=\"wp-block-heading\"><strong>Qual \u00e9 a estrat\u00e9gia comercial da Hyundai?<\/strong><\/h2>\n\n\n\n<p>O <strong>Creta Electric<\/strong> est\u00e1 dispon\u00edvel em quatro vers\u00f5es na <strong>\u00cdndia<\/strong>: <strong>Executive<\/strong>, <strong>Smart<\/strong>, <strong>Premium<\/strong> e <strong>Excellence<\/strong>. Essa segmenta\u00e7\u00e3o permite atender diferentes or\u00e7amentos e necessidades, estrat\u00e9gia fundamental em mercado price-sensitive como o indiano. Os pre\u00e7os variam de 17,99 a 24,38 lakh de r\u00fapias, oferecendo amplitude que cobre desde compradores econ\u00f4micos at\u00e9 consumidores premium.<\/p>\n\n\n\n<p>A estrat\u00e9gia da <strong>Hyundai<\/strong> \u00e9 clara: aproveitar o sucesso do <strong>Creta<\/strong> convencional para acelerar ado\u00e7\u00e3o de ve\u00edculos el\u00e9tricos. Com mais de 17 mil unidades vendidas mensalmente na <strong>\u00cdndia<\/strong> (somando vers\u00f5es combust\u00e3o e el\u00e9trica), o <strong>Creta<\/strong> se mant\u00e9m como <strong>SUV<\/strong> compacto mais vendido do pa\u00eds. O <strong>Creta Electric<\/strong> representa evolu\u00e7\u00e3o natural dessa lideran\u00e7a, posicionando a marca como pioneira na eletrifica\u00e7\u00e3o de modelos populares.<\/p>\n","protected":false},"excerpt":{"rendered":"<p>A Hyundai aposta alto no mercado indiano de ve\u00edculos el\u00e9tricos com o lan\u00e7amento do Creta Electric durante o Bharat Mobility Show. O modelo representa uma evolu\u00e7\u00e3o natural do SUV compacto mais popular da marca, agora equipado com tecnologia totalmente el\u00e9trica. Com pre\u00e7os a partir de 17,99 lakh de r\u00fapias (aproximadamente R$ 575 mil na convers\u00e3o [&hellip;]<\/p>\n","protected":false},"author":5,"featured_media":8790,"comment_status":"open","ping_status":"open","sticky":false,"template":"","format":"standard","meta":{"jnews-multi-image_gallery":[],"jnews_single_post":{"format":"standard"},"jnews_primary_category":[],"jnews_social_meta":[],"jnews_override_counter":[],"footnotes":""},"categories":[27,1],"tags":[1116,3030,1730,1117,1118],"class_list":["post-8787","post","type-post","status-publish","format-standard","has-post-thumbnail","hentry","category-carros","category-noticias","tag-carros","tag-creta-2025","tag-hyundai","tag-lancamentos","tag-suv"],"yoast_head":"<!-- This site is optimized with the Yoast SEO plugin v23.8 - https:\/\/yoast.com\/wordpress\/plugins\/seo\/ -->\n<title>O novo carro el\u00e9trico que pode mudar o jogo da Hyundai de vez - Estado de Minas - Em foco<\/title>\n<meta name=\"description\" content=\"O novo SUV el\u00e9trico impressiona com autonomia de 473 km, modos de dire\u00e7\u00e3o e tecnologia V2L para alimentar seus dispositivos.\" \/>\n<meta name=\"robots\" content=\"index, follow, max-snippet:-1, max-image-preview:large, max-video-preview:-1\" \/>\n<link rel=\"canonical\" href=\"https:\/\/www.em.com.br\/emfoco\/2025\/01\/09\/o-novo-carro-eletrico-que-pode-mudar-o-jogo-da-hyundai-de-vez\/\" \/>\n<meta property=\"og:locale\" content=\"pt_BR\" \/>\n<meta property=\"og:type\" content=\"article\" \/>\n<meta property=\"og:title\" content=\"O novo carro el\u00e9trico que pode mudar o jogo da Hyundai de vez - Estado de Minas - Em foco\" \/>\n<meta property=\"og:description\" content=\"O novo SUV el\u00e9trico impressiona com autonomia de 473 km, modos de dire\u00e7\u00e3o e tecnologia V2L para alimentar seus dispositivos.\" \/>\n<meta property=\"og:url\" content=\"https:\/\/www.em.com.br\/emfoco\/2025\/01\/09\/o-novo-carro-eletrico-que-pode-mudar-o-jogo-da-hyundai-de-vez\/\" \/>\n<meta property=\"og:site_name\" content=\"Estado de Minas - Em foco\" \/>\n<meta property=\"article:published_time\" content=\"2025-01-09T16:20:00+00:00\" \/>\n<meta property=\"article:modified_time\" content=\"2025-06-17T20:29:32+00:00\" \/>\n<meta property=\"og:image\" content=\"https:\/\/www.em.com.br\/emfoco\/wp-content\/uploads\/2025\/01\/image-13.png\" \/>\n\t<meta property=\"og:image:width\" content=\"1920\" \/>\n\t<meta property=\"og:image:height\" content=\"1080\" \/>\n\t<meta property=\"og:image:type\" content=\"image\/png\" \/>\n<meta name=\"author\" content=\"N\u00fabia Rangel\" \/>\n<meta name=\"twitter:card\" content=\"summary_large_image\" \/>\n<meta name=\"twitter:label1\" content=\"Escrito por\" \/>\n\t<meta name=\"twitter:data1\" content=\"N\u00fabia Rangel\" \/>\n\t<meta name=\"twitter:label2\" content=\"Est. tempo de leitura\" \/>\n\t<meta name=\"twitter:data2\" content=\"5 minutos\" \/>\n<!-- \/ Yoast SEO plugin. -->","yoast_head_json":{"title":"O novo carro el\u00e9trico que pode mudar o jogo da Hyundai de vez - Estado de Minas - Em foco","description":"O novo SUV el\u00e9trico impressiona com autonomia de 473 km, modos de dire\u00e7\u00e3o e tecnologia V2L para alimentar seus dispositivos.","robots":{"index":"index","follow":"follow","max-snippet":"max-snippet:-1","max-image-preview":"max-image-preview:large","max-video-preview":"max-video-preview:-1"},"canonical":"https:\/\/www.em.com.br\/emfoco\/2025\/01\/09\/o-novo-carro-eletrico-que-pode-mudar-o-jogo-da-hyundai-de-vez\/","og_locale":"pt_BR","og_type":"article","og_title":"O novo carro el\u00e9trico que pode mudar o jogo da Hyundai de vez - Estado de Minas - Em foco","og_description":"O novo SUV el\u00e9trico impressiona com autonomia de 473 km, modos de dire\u00e7\u00e3o e tecnologia V2L para alimentar seus dispositivos.","og_url":"https:\/\/www.em.com.br\/emfoco\/2025\/01\/09\/o-novo-carro-eletrico-que-pode-mudar-o-jogo-da-hyundai-de-vez\/","og_site_name":"Estado de Minas - Em foco","article_published_time":"2025-01-09T16:20:00+00:00","article_modified_time":"2025-06-17T20:29:32+00:00","og_image":[{"width":1920,"height":1080,"url":"https:\/\/www.em.com.br\/emfoco\/wp-content\/uploads\/2025\/01\/image-13.png","type":"image\/png"}],"author":"N\u00fabia Rangel","twitter_card":"summary_large_image","twitter_misc":{"Escrito por":"N\u00fabia Rangel","Est. tempo de leitura":"5 minutos"},"schema":{"@context":"https:\/\/schema.org","@graph":[{"@type":"WebPage","@id":"https:\/\/www.em.com.br\/emfoco\/2025\/01\/09\/o-novo-carro-eletrico-que-pode-mudar-o-jogo-da-hyundai-de-vez\/","url":"https:\/\/www.em.com.br\/emfoco\/2025\/01\/09\/o-novo-carro-eletrico-que-pode-mudar-o-jogo-da-hyundai-de-vez\/","name":"O novo carro el\u00e9trico que pode mudar o jogo da Hyundai de vez - Estado de Minas - Em foco","isPartOf":{"@id":"https:\/\/www.em.com.br\/emfoco\/#website"},"primaryImageOfPage":{"@id":"https:\/\/www.em.com.br\/emfoco\/2025\/01\/09\/o-novo-carro-eletrico-que-pode-mudar-o-jogo-da-hyundai-de-vez\/#primaryimage"},"image":{"@id":"https:\/\/www.em.com.br\/emfoco\/2025\/01\/09\/o-novo-carro-eletrico-que-pode-mudar-o-jogo-da-hyundai-de-vez\/#primaryimage"},"thumbnailUrl":"https:\/\/www.em.com.br\/emfoco\/wp-content\/uploads\/2025\/01\/image-13.png","datePublished":"2025-01-09T16:20:00+00:00","dateModified":"2025-06-17T20:29:32+00:00","author":{"@id":"https:\/\/www.em.com.br\/emfoco\/#\/schema\/person\/524437ef54f8a5d32591b143307f2e20"},"description":"O novo SUV el\u00e9trico impressiona com autonomia de 473 km, modos de dire\u00e7\u00e3o e tecnologia V2L para alimentar seus dispositivos.","breadcrumb":{"@id":"https:\/\/www.em.com.br\/emfoco\/2025\/01\/09\/o-novo-carro-eletrico-que-pode-mudar-o-jogo-da-hyundai-de-vez\/#breadcrumb"},"inLanguage":"pt-BR","potentialAction":[{"@type":"ReadAction","target":["https:\/\/www.em.com.br\/emfoco\/2025\/01\/09\/o-novo-carro-eletrico-que-pode-mudar-o-jogo-da-hyundai-de-vez\/"]}]},{"@type":"ImageObject","inLanguage":"pt-BR","@id":"https:\/\/www.em.com.br\/emfoco\/2025\/01\/09\/o-novo-carro-eletrico-que-pode-mudar-o-jogo-da-hyundai-de-vez\/#primaryimage","url":"https:\/\/www.em.com.br\/emfoco\/wp-content\/uploads\/2025\/01\/image-13.png","contentUrl":"https:\/\/www.em.com.br\/emfoco\/wp-content\/uploads\/2025\/01\/image-13.png","width":1920,"height":1080,"caption":"Hyundai Creta Electric 2025 - Cr\u00e9ditos: Hyundai"},{"@type":"BreadcrumbList","@id":"https:\/\/www.em.com.br\/emfoco\/2025\/01\/09\/o-novo-carro-eletrico-que-pode-mudar-o-jogo-da-hyundai-de-vez\/#breadcrumb","itemListElement":[{"@type":"ListItem","position":1,"name":"In\u00edcio","item":"https:\/\/www.em.com.br\/emfoco\/"},{"@type":"ListItem","position":2,"name":"O novo carro el\u00e9trico que pode mudar o jogo da Hyundai de vez"}]},{"@type":"WebSite","@id":"https:\/\/www.em.com.br\/emfoco\/#website","url":"https:\/\/www.em.com.br\/emfoco\/","name":"Estado de Minas - Em foco","description":"Acompanhe as \u00faltimas not\u00edcias e fique bem informado sobre tudo o que acontece em Minas Gerais, Brasil e no mundo.","potentialAction":[{"@type":"SearchAction","target":{"@type":"EntryPoint","urlTemplate":"https:\/\/www.em.com.br\/emfoco\/?s={search_term_string}"},"query-input":{"@type":"PropertyValueSpecification","valueRequired":true,"valueName":"search_term_string"}}],"inLanguage":"pt-BR"},{"@type":"Person","@id":"https:\/\/www.em.com.br\/emfoco\/#\/schema\/person\/524437ef54f8a5d32591b143307f2e20","name":"N\u00fabia Rangel","image":{"@type":"ImageObject","inLanguage":"pt-BR","@id":"https:\/\/www.em.com.br\/emfoco\/#\/schema\/person\/image\/","url":"https:\/\/secure.gravatar.com\/avatar\/47cff2827a5ba23c37e8068c86817ea4?s=96&d=mm&r=g","contentUrl":"https:\/\/secure.gravatar.com\/avatar\/47cff2827a5ba23c37e8068c86817ea4?s=96&d=mm&r=g","caption":"N\u00fabia Rangel"},"sameAs":["https:\/\/www.em.com.br\/emfoco\/"],"url":"https:\/\/www.em.com.br\/emfoco\/author\/nubiamyth\/"}]}},"_links":{"self":[{"href":"https:\/\/www.em.com.br\/emfoco\/wp-json\/wp\/v2\/posts\/8787","targetHints":{"allow":["GET"]}}],"collection":[{"href":"https:\/\/www.em.com.br\/emfoco\/wp-json\/wp\/v2\/posts"}],"about":[{"href":"https:\/\/www.em.com.br\/emfoco\/wp-json\/wp\/v2\/types\/post"}],"author":[{"embeddable":true,"href":"https:\/\/www.em.com.br\/emfoco\/wp-json\/wp\/v2\/users\/5"}],"replies":[{"embeddable":true,"href":"https:\/\/www.em.com.br\/emfoco\/wp-json\/wp\/v2\/comments?post=8787"}],"version-history":[{"count":3,"href":"https:\/\/www.em.com.br\/emfoco\/wp-json\/wp\/v2\/posts\/8787\/revisions"}],"predecessor-version":[{"id":62502,"href":"https:\/\/www.em.com.br\/emfoco\/wp-json\/wp\/v2\/posts\/8787\/revisions\/62502"}],"wp:featuredmedia":[{"embeddable":true,"href":"https:\/\/www.em.com.br\/emfoco\/wp-json\/wp\/v2\/media\/8790"}],"wp:attachment":[{"href":"https:\/\/www.em.com.br\/emfoco\/wp-json\/wp\/v2\/media?parent=8787"}],"wp:term":[{"taxonomy":"category","embeddable":true,"href":"https:\/\/www.em.com.br\/emfoco\/wp-json\/wp\/v2\/categories?post=8787"},{"taxonomy":"post_tag","embeddable":true,"href":"https:\/\/www.em.com.br\/emfoco\/wp-json\/wp\/v2\/tags?post=8787"}],"curies":[{"name":"wp","href":"https:\/\/api.w.org\/{rel}","templated":true}]}}