{"id":87738,"date":"2025-08-07T20:38:00","date_gmt":"2025-08-07T23:38:00","guid":{"rendered":"https:\/\/www.em.com.br\/emfoco\/?p=87738"},"modified":"2025-08-06T18:05:07","modified_gmt":"2025-08-06T21:05:07","slug":"auxilio-gas-ja-esta-disponivel-e-pode-cair-direto-na-sua-conta-da-caixa","status":"publish","type":"post","link":"https:\/\/www.em.com.br\/emfoco\/2025\/08\/07\/auxilio-gas-ja-esta-disponivel-e-pode-cair-direto-na-sua-conta-da-caixa\/","title":{"rendered":"Aux\u00edlio g\u00e1s j\u00e1 est\u00e1 dispon\u00edvel e pode cair direto na sua conta da Caixa!"},"content":{"rendered":"\n<p>O pre\u00e7o do g\u00e1s de cozinha, um recurso essencial para milh\u00f5es de brasileiros, \u00e9 uma preocupa\u00e7\u00e3o latente entre as fam\u00edlias de baixa renda. Com o custo de vida em constante eleva\u00e7\u00e3o, o governo brasileiro implementou um benef\u00edcio social importante para auxiliar essas fam\u00edlias na aquisi\u00e7\u00e3o de botij\u00f5es de g\u00e1s, crucial para o preparo dos alimentos di\u00e1rios. Este aux\u00edlio financeiro, que cobre 100% do pre\u00e7o m\u00e9dio de um botij\u00e3o de 13 kg, \u00e9 ajustado conforme os dados mais recentes da <strong>Ag\u00eancia Nacional do Petr\u00f3leo, G\u00e1s Natural e Biocombust\u00edveis<\/strong> (<a href=\"https:\/\/www.gov.br\/anp\/pt-br\" target=\"_blank\" rel=\"noreferrer noopener\">ANP<\/a>).<\/p>\n\n\n\n<p>Em abril de 2025, por exemplo, o valor do subs\u00eddio foi fixado em R$ 108 por domic\u00edlio, refletindo a m\u00e9dia nacional. O benef\u00edcio est\u00e1 dispon\u00edvel para fam\u00edlias cuja renda mensal por pessoa n\u00e3o ultrapasse meio sal\u00e1rio m\u00ednimo. Fazem parte do grupo de benefici\u00e1rios aqueles que j\u00e1 s\u00e3o assistidos por programas sociais como o <strong><a href=\"https:\/\/www.em.com.br\/emfoco\/2025\/08\/06\/auxilio-gas-volta-a-ser-pago-com-novo-valor-no-bolsa-familia-de-agosto\/\" target=\"_blank\" rel=\"noreferrer noopener\">Bolsa Fam\u00edlia<\/a><\/strong>, ampliando o alcance do aux\u00edlio econ\u00f4mico.<\/p>\n\n\n\n<h2 class=\"wp-block-heading\">Quem pode acessar este benef\u00edcio?<\/h2>\n\n\n<div class=\"wp-block-image\">\n<figure class=\"aligncenter size-large\"><img loading=\"lazy\" decoding=\"async\" width=\"1024\" height=\"576\" src=\"https:\/\/www.em.com.br\/emfoco\/wp-content\/uploads\/2025\/06\/familia_1748976621996-1024x576.jpg\" alt=\"BPC garante renda m\u00ednima e ampara milh\u00f5es de brasileiros\" class=\"wp-image-55006\" srcset=\"https:\/\/www.em.com.br\/emfoco\/wp-content\/uploads\/2025\/06\/familia_1748976621996-1024x576.jpg 1024w, https:\/\/www.em.com.br\/emfoco\/wp-content\/uploads\/2025\/06\/familia_1748976621996-300x169.jpg 300w, https:\/\/www.em.com.br\/emfoco\/wp-content\/uploads\/2025\/06\/familia_1748976621996-768x432.jpg 768w, https:\/\/www.em.com.br\/emfoco\/wp-content\/uploads\/2025\/06\/familia_1748976621996-750x422.jpg 750w, https:\/\/www.em.com.br\/emfoco\/wp-content\/uploads\/2025\/06\/familia_1748976621996-1140x641.jpg 1140w, https:\/\/www.em.com.br\/emfoco\/wp-content\/uploads\/2025\/06\/familia_1748976621996.jpg 1280w\" sizes=\"auto, (max-width: 1024px) 100vw, 1024px\" \/><figcaption class=\"wp-element-caption\">M\u00e3os de fam\u00edlia &#8211; Cr\u00e9ditos: depositphotos.com \/ asife<\/figcaption><\/figure><\/div>\n\n\n<p>O programa \u00e9 direcionado principalmente \u00e0s fam\u00edlias em situa\u00e7\u00e3o de vulnerabilidade social. Al\u00e9m do crit\u00e9rio de renda, tamb\u00e9m s\u00e3o contempladas aquelas que j\u00e1 participam de alguma assist\u00eancia governamental, como o <strong>Bolsa Fam\u00edlia<\/strong>. Este benef\u00edcio \u00e9 crucial para assegurar que fam\u00edlias de baixa renda tenham acesso ao g\u00e1s de cozinha, reduzindo a press\u00e3o financeira sobre esse grupo.<\/p>\n\n\n\n<p>Com o objetivo de promover a inclus\u00e3o social, o programa tamb\u00e9m pode contemplar fam\u00edlias ind\u00edgenas e quilombolas, conforme inscri\u00e7\u00e3o no <strong>Cadastro \u00danico para Programas Sociais do Governo Federal<\/strong> (Cad\u00danico). Dessa forma, amplia-se o alcance para comunidades frequentemente marginalizadas.<\/p>\n\n\n\n<h2 class=\"wp-block-heading\">Quais s\u00e3o os requisitos para receber o aux\u00edlio?<\/h2>\n\n\n\n<p>Para participar do programa, a fam\u00edlia precisa estar inscrita no <strong>Cad\u00danico <\/strong>e ter todos os dados atualizados. O crit\u00e9rio de renda mensal familiar per capita igual ou inferior a meio sal\u00e1rio m\u00ednimo \u00e9 obrigat\u00f3rio, al\u00e9m da exig\u00eancia de n\u00e3o possuir rendimento superior ao teto estabelecido pelo programa.<\/p>\n\n\n\n<p>Mulheres v\u00edtimas de viol\u00eancia dom\u00e9stica que estejam sob medidas protetivas de urg\u00eancia tamb\u00e9m t\u00eam prioridade de acesso ao benef\u00edcio, conforme regulamenta\u00e7\u00e3o federal. Essa medida refor\u00e7a o compromisso do programa com a prote\u00e7\u00e3o social em m\u00faltiplos contextos de vulnerabilidade.<\/p>\n\n\n\n<h2 class=\"wp-block-heading\">Como funciona o processo de repasse?<\/h2>\n\n\n\n<p>O repasse do benef\u00edcio \u00e9 feito diretamente para contas banc\u00e1rias tradicionais ou digitais. Caso o benefici\u00e1rio n\u00e3o possua uma conta ativa, a <strong><a href=\"https:\/\/www.caixa.gov.br\/\" target=\"_blank\" rel=\"noreferrer noopener\">Caixa Econ\u00f4mica Federal<\/a><\/strong> facilita o processo abrindo automaticamente uma conta poupan\u00e7a digital, onde o valor \u00e9 disponibilizado. Este sistema \u00e9 projetado para otimizar o acesso dos benefici\u00e1rios ao benef\u00edcio, reduzindo barreiras burocr\u00e1ticas e facilitando o saque do valor.<\/p>\n\n\n\n<p>Adicionalmente, a <strong>Caixa <\/strong>permite movimenta\u00e7\u00e3o dos recursos por meio de aplicativos, casas lot\u00e9ricas, ag\u00eancias e estabelecimentos conveniados, dando mais comodidade ao benefici\u00e1rio. O acompanhamento do benef\u00edcio tamb\u00e9m pode ser feito pelo app <strong>Caixa Tem<\/strong>, dispon\u00edvel para <strong>Android e iOS<\/strong>.<\/p>\n\n\n\n<h2 class=\"wp-block-heading\">Por quanto tempo o valor fica dispon\u00edvel?<\/h2>\n\n\n\n<p>Ap\u00f3s o cr\u00e9dito ser efetuado na conta designada, o valor permanece dispon\u00edvel para saque por um per\u00edodo de <strong>at\u00e9 120 dias<\/strong>. Essa flexibilidade assegura que os benefici\u00e1rios possam fazer uso do dinheiro de acordo com suas necessidades pessoais, sem urg\u00eancia imediata para saque. Este modelo de assist\u00eancia n\u00e3o s\u00f3 oferece suporte financeiro direto, mas tamb\u00e9m contribui para a seguran\u00e7a alimentar e bem-estar das fam\u00edlias brasileiras em situa\u00e7\u00e3o econ\u00f4mica fr\u00e1gil.<\/p>\n\n\n\n<p>\u00c9 importante lembrar que, ap\u00f3s o prazo de 120 dias, caso o valor n\u00e3o seja sacado, ele retorna para o governo, podendo comprometer o aux\u00edlio futuro. Portanto, a orienta\u00e7\u00e3o \u00e9 que os benefici\u00e1rios acompanhem regularmente seus saldos para n\u00e3o perder o direito ao benef\u00edcio.<\/p>\n\n\n\n<h2 class=\"wp-block-heading\">Impactos sociais do benef\u00edcio do g\u00e1s de cozinha<\/h2>\n\n\n\n<p>O benef\u00edcio do g\u00e1s de cozinha representa uma ferramenta vital para apoiar fam\u00edlias vulner\u00e1veis no <strong>Brasil<\/strong>. Ele n\u00e3o apenas alivia a carga financeira associada ao custo do g\u00e1s, mas tamb\u00e9m promove a dignidade e seguran\u00e7a alimentar dessas fam\u00edlias. Isso reduz o risco de ado\u00e7\u00e3o de m\u00e9todos alternativos e inseguros para cozinhar, comuns quando o acesso ao g\u00e1s \u00e9 limitado.<\/p>\n\n\n\n<p>Al\u00e9m disso, ao proporcionar acesso cont\u00ednuo ao g\u00e1s, o benef\u00edcio tem impacto direto na sa\u00fade das fam\u00edlias, ao evitar o uso de lenha ou outros combust\u00edveis prejudiciais. Tamb\u00e9m contribui para cumprir metas sociais de inclus\u00e3o e redu\u00e7\u00e3o da pobreza estabelecidas pelas pol\u00edticas p\u00fablicas brasileiras.<\/p>\n\n\n\n<h2 class=\"wp-block-heading\">Fiscaliza\u00e7\u00e3o e melhorias do programa<\/h2>\n\n\n\n<p>O governo realiza fiscaliza\u00e7\u00e3o peri\u00f3dica e auditorias para garantir que o aux\u00edlio chegue efetivamente aos que mais precisam, prevenindo fraudes e desvios. A parceria entre \u00f3rg\u00e3os federais, estaduais e municipais fortalece o controle social sobre o benef\u00edcio.<\/p>\n\n\n\n<p>Em constante aprimoramento, novas medidas v\u00eam sendo estudadas, como a amplia\u00e7\u00e3o do programa para regi\u00f5es espec\u00edficas e a revis\u00e3o peri\u00f3dica do valor conforme a infla\u00e7\u00e3o. Assim, busca-se manter a efetividade do aux\u00edlio para que ele continue representando um al\u00edvio real no or\u00e7amento das fam\u00edlias brasileiras em situa\u00e7\u00e3o de vulnerabilidade.<\/p>\n","protected":false},"excerpt":{"rendered":"<p>O pre\u00e7o do g\u00e1s de cozinha, um recurso essencial para milh\u00f5es de brasileiros, \u00e9 uma preocupa\u00e7\u00e3o latente entre as fam\u00edlias de baixa renda. Com o custo de vida em constante eleva\u00e7\u00e3o, o governo brasileiro implementou um benef\u00edcio social importante para auxiliar essas fam\u00edlias na aquisi\u00e7\u00e3o de botij\u00f5es de g\u00e1s, crucial para o preparo dos alimentos [&hellip;]<\/p>\n","protected":false},"author":20,"featured_media":67038,"comment_status":"open","ping_status":"open","sticky":false,"template":"","format":"standard","meta":{"jnews-multi-image_gallery":[],"jnews_single_post":{"format":"standard"},"jnews_primary_category":[],"jnews_social_meta":[],"jnews_override_counter":[],"footnotes":""},"categories":[28,1],"tags":[12582,259,209],"class_list":["post-87738","post","type-post","status-publish","format-standard","has-post-thumbnail","hentry","category-economia","category-noticias","tag-auxilio-gas-2","tag-beneficio","tag-bolsa-familia"],"yoast_head":"<!-- This site is optimized with the Yoast SEO plugin v23.8 - https:\/\/yoast.com\/wordpress\/plugins\/seo\/ -->\n<title>Aux\u00edlio g\u00e1s j\u00e1 est\u00e1 dispon\u00edvel e pode cair direto na sua conta da Caixa! - Estado de Minas - Em foco<\/title>\n<meta name=\"description\" content=\"Renda baixa, Cad\u00danico ativo e Bolsa Fam\u00edlia aumentam chances de receber o aux\u00edlio g\u00e1s de R$\u202f108. Entenda os crit\u00e9rios e evite perder o benef\u00edcio.\" \/>\n<meta name=\"robots\" content=\"index, follow, max-snippet:-1, max-image-preview:large, max-video-preview:-1\" \/>\n<link rel=\"canonical\" href=\"https:\/\/www.em.com.br\/emfoco\/2025\/08\/07\/auxilio-gas-ja-esta-disponivel-e-pode-cair-direto-na-sua-conta-da-caixa\/\" \/>\n<meta property=\"og:locale\" content=\"pt_BR\" \/>\n<meta property=\"og:type\" content=\"article\" \/>\n<meta property=\"og:title\" content=\"Aux\u00edlio g\u00e1s j\u00e1 est\u00e1 dispon\u00edvel e pode cair direto na sua conta da Caixa! - Estado de Minas - Em foco\" \/>\n<meta property=\"og:description\" content=\"Renda baixa, Cad\u00danico ativo e Bolsa Fam\u00edlia aumentam chances de receber o aux\u00edlio g\u00e1s de R$\u202f108. Entenda os crit\u00e9rios e evite perder o benef\u00edcio.\" \/>\n<meta property=\"og:url\" content=\"https:\/\/www.em.com.br\/emfoco\/2025\/08\/07\/auxilio-gas-ja-esta-disponivel-e-pode-cair-direto-na-sua-conta-da-caixa\/\" \/>\n<meta property=\"og:site_name\" content=\"Estado de Minas - Em foco\" \/>\n<meta property=\"article:published_time\" content=\"2025-08-07T23:38:00+00:00\" \/>\n<meta property=\"article:modified_time\" content=\"2025-08-06T21:05:07+00:00\" \/>\n<meta property=\"og:image\" content=\"https:\/\/www.em.com.br\/emfoco\/wp-content\/uploads\/2025\/06\/beneficio-brasil_1750889248343.jpg\" \/>\n\t<meta property=\"og:image:width\" content=\"1280\" \/>\n\t<meta property=\"og:image:height\" content=\"720\" \/>\n\t<meta property=\"og:image:type\" content=\"image\/jpeg\" \/>\n<meta name=\"author\" content=\"Ingrid Diniz\" \/>\n<meta name=\"twitter:card\" content=\"summary_large_image\" \/>\n<meta name=\"twitter:label1\" content=\"Escrito por\" \/>\n\t<meta name=\"twitter:data1\" content=\"Ingrid Diniz\" \/>\n\t<meta name=\"twitter:label2\" content=\"Est. tempo de leitura\" \/>\n\t<meta name=\"twitter:data2\" content=\"5 minutos\" \/>\n<!-- \/ Yoast SEO plugin. -->","yoast_head_json":{"title":"Aux\u00edlio g\u00e1s j\u00e1 est\u00e1 dispon\u00edvel e pode cair direto na sua conta da Caixa! - Estado de Minas - Em foco","description":"Renda baixa, Cad\u00danico ativo e Bolsa Fam\u00edlia aumentam chances de receber o aux\u00edlio g\u00e1s de R$\u202f108. Entenda os crit\u00e9rios e evite perder o benef\u00edcio.","robots":{"index":"index","follow":"follow","max-snippet":"max-snippet:-1","max-image-preview":"max-image-preview:large","max-video-preview":"max-video-preview:-1"},"canonical":"https:\/\/www.em.com.br\/emfoco\/2025\/08\/07\/auxilio-gas-ja-esta-disponivel-e-pode-cair-direto-na-sua-conta-da-caixa\/","og_locale":"pt_BR","og_type":"article","og_title":"Aux\u00edlio g\u00e1s j\u00e1 est\u00e1 dispon\u00edvel e pode cair direto na sua conta da Caixa! - Estado de Minas - Em foco","og_description":"Renda baixa, Cad\u00danico ativo e Bolsa Fam\u00edlia aumentam chances de receber o aux\u00edlio g\u00e1s de R$\u202f108. Entenda os crit\u00e9rios e evite perder o benef\u00edcio.","og_url":"https:\/\/www.em.com.br\/emfoco\/2025\/08\/07\/auxilio-gas-ja-esta-disponivel-e-pode-cair-direto-na-sua-conta-da-caixa\/","og_site_name":"Estado de Minas - Em foco","article_published_time":"2025-08-07T23:38:00+00:00","article_modified_time":"2025-08-06T21:05:07+00:00","og_image":[{"width":1280,"height":720,"url":"https:\/\/www.em.com.br\/emfoco\/wp-content\/uploads\/2025\/06\/beneficio-brasil_1750889248343.jpg","type":"image\/jpeg"}],"author":"Ingrid Diniz","twitter_card":"summary_large_image","twitter_misc":{"Escrito por":"Ingrid Diniz","Est. tempo de leitura":"5 minutos"},"schema":{"@context":"https:\/\/schema.org","@graph":[{"@type":"WebPage","@id":"https:\/\/www.em.com.br\/emfoco\/2025\/08\/07\/auxilio-gas-ja-esta-disponivel-e-pode-cair-direto-na-sua-conta-da-caixa\/","url":"https:\/\/www.em.com.br\/emfoco\/2025\/08\/07\/auxilio-gas-ja-esta-disponivel-e-pode-cair-direto-na-sua-conta-da-caixa\/","name":"Aux\u00edlio g\u00e1s j\u00e1 est\u00e1 dispon\u00edvel e pode cair direto na sua conta da Caixa! - Estado de Minas - Em foco","isPartOf":{"@id":"https:\/\/www.em.com.br\/emfoco\/#website"},"primaryImageOfPage":{"@id":"https:\/\/www.em.com.br\/emfoco\/2025\/08\/07\/auxilio-gas-ja-esta-disponivel-e-pode-cair-direto-na-sua-conta-da-caixa\/#primaryimage"},"image":{"@id":"https:\/\/www.em.com.br\/emfoco\/2025\/08\/07\/auxilio-gas-ja-esta-disponivel-e-pode-cair-direto-na-sua-conta-da-caixa\/#primaryimage"},"thumbnailUrl":"https:\/\/www.em.com.br\/emfoco\/wp-content\/uploads\/2025\/06\/beneficio-brasil_1750889248343.jpg","datePublished":"2025-08-07T23:38:00+00:00","dateModified":"2025-08-06T21:05:07+00:00","author":{"@id":"https:\/\/www.em.com.br\/emfoco\/#\/schema\/person\/649e610b4eb8fff87ff394e54fe17b2b"},"description":"Renda baixa, Cad\u00danico ativo e Bolsa Fam\u00edlia aumentam chances de receber o aux\u00edlio g\u00e1s de R$\u202f108. Entenda os crit\u00e9rios e evite perder o benef\u00edcio.","breadcrumb":{"@id":"https:\/\/www.em.com.br\/emfoco\/2025\/08\/07\/auxilio-gas-ja-esta-disponivel-e-pode-cair-direto-na-sua-conta-da-caixa\/#breadcrumb"},"inLanguage":"pt-BR","potentialAction":[{"@type":"ReadAction","target":["https:\/\/www.em.com.br\/emfoco\/2025\/08\/07\/auxilio-gas-ja-esta-disponivel-e-pode-cair-direto-na-sua-conta-da-caixa\/"]}]},{"@type":"ImageObject","inLanguage":"pt-BR","@id":"https:\/\/www.em.com.br\/emfoco\/2025\/08\/07\/auxilio-gas-ja-esta-disponivel-e-pode-cair-direto-na-sua-conta-da-caixa\/#primaryimage","url":"https:\/\/www.em.com.br\/emfoco\/wp-content\/uploads\/2025\/06\/beneficio-brasil_1750889248343.jpg","contentUrl":"https:\/\/www.em.com.br\/emfoco\/wp-content\/uploads\/2025\/06\/beneficio-brasil_1750889248343.jpg","width":1280,"height":720,"caption":"Resolva problemas no Caixa Tem rapidamente - Cr\u00e9ditos: depositphotos.com \/ rafapress"},{"@type":"BreadcrumbList","@id":"https:\/\/www.em.com.br\/emfoco\/2025\/08\/07\/auxilio-gas-ja-esta-disponivel-e-pode-cair-direto-na-sua-conta-da-caixa\/#breadcrumb","itemListElement":[{"@type":"ListItem","position":1,"name":"In\u00edcio","item":"https:\/\/www.em.com.br\/emfoco\/"},{"@type":"ListItem","position":2,"name":"Aux\u00edlio g\u00e1s j\u00e1 est\u00e1 dispon\u00edvel e pode cair direto na sua conta da Caixa!"}]},{"@type":"WebSite","@id":"https:\/\/www.em.com.br\/emfoco\/#website","url":"https:\/\/www.em.com.br\/emfoco\/","name":"Estado de Minas - Em foco","description":"Acompanhe as \u00faltimas not\u00edcias e fique bem informado sobre tudo o que acontece em Minas Gerais, Brasil e no mundo.","potentialAction":[{"@type":"SearchAction","target":{"@type":"EntryPoint","urlTemplate":"https:\/\/www.em.com.br\/emfoco\/?s={search_term_string}"},"query-input":{"@type":"PropertyValueSpecification","valueRequired":true,"valueName":"search_term_string"}}],"inLanguage":"pt-BR"},{"@type":"Person","@id":"https:\/\/www.em.com.br\/emfoco\/#\/schema\/person\/649e610b4eb8fff87ff394e54fe17b2b","name":"Ingrid Diniz","image":{"@type":"ImageObject","inLanguage":"pt-BR","@id":"https:\/\/www.em.com.br\/emfoco\/#\/schema\/person\/image\/","url":"https:\/\/secure.gravatar.com\/avatar\/a3baa1449ec5c39b4c42babc9d4f3951?s=96&d=mm&r=g","contentUrl":"https:\/\/secure.gravatar.com\/avatar\/a3baa1449ec5c39b4c42babc9d4f3951?s=96&d=mm&r=g","caption":"Ingrid Diniz"},"sameAs":["https:\/\/www.em.com.br\/"],"url":"https:\/\/www.em.com.br\/emfoco\/author\/ingridmyth\/"}]}},"_links":{"self":[{"href":"https:\/\/www.em.com.br\/emfoco\/wp-json\/wp\/v2\/posts\/87738","targetHints":{"allow":["GET"]}}],"collection":[{"href":"https:\/\/www.em.com.br\/emfoco\/wp-json\/wp\/v2\/posts"}],"about":[{"href":"https:\/\/www.em.com.br\/emfoco\/wp-json\/wp\/v2\/types\/post"}],"author":[{"embeddable":true,"href":"https:\/\/www.em.com.br\/emfoco\/wp-json\/wp\/v2\/users\/20"}],"replies":[{"embeddable":true,"href":"https:\/\/www.em.com.br\/emfoco\/wp-json\/wp\/v2\/comments?post=87738"}],"version-history":[{"count":1,"href":"https:\/\/www.em.com.br\/emfoco\/wp-json\/wp\/v2\/posts\/87738\/revisions"}],"predecessor-version":[{"id":87784,"href":"https:\/\/www.em.com.br\/emfoco\/wp-json\/wp\/v2\/posts\/87738\/revisions\/87784"}],"wp:featuredmedia":[{"embeddable":true,"href":"https:\/\/www.em.com.br\/emfoco\/wp-json\/wp\/v2\/media\/67038"}],"wp:attachment":[{"href":"https:\/\/www.em.com.br\/emfoco\/wp-json\/wp\/v2\/media?parent=87738"}],"wp:term":[{"taxonomy":"category","embeddable":true,"href":"https:\/\/www.em.com.br\/emfoco\/wp-json\/wp\/v2\/categories?post=87738"},{"taxonomy":"post_tag","embeddable":true,"href":"https:\/\/www.em.com.br\/emfoco\/wp-json\/wp\/v2\/tags?post=87738"}],"curies":[{"name":"wp","href":"https:\/\/api.w.org\/{rel}","templated":true}]}}