{"id":87564,"date":"2025-08-08T09:18:03","date_gmt":"2025-08-08T12:18:03","guid":{"rendered":"https:\/\/www.em.com.br\/emfoco\/?p=87564"},"modified":"2025-08-06T14:25:28","modified_gmt":"2025-08-06T17:25:28","slug":"por-que-algumas-pessoas-preferem-alimentos-amargos","status":"publish","type":"post","link":"https:\/\/www.em.com.br\/emfoco\/2025\/08\/08\/por-que-algumas-pessoas-preferem-alimentos-amargos\/","title":{"rendered":"Por que algumas pessoas preferem alimentos amargos?"},"content":{"rendered":"\n<p><strong>Por que algumas pessoas preferem alimentos amargos<\/strong>&nbsp;\u00e9 uma d\u00favida frequente em rodas de conversa e pesquisas sobre paladar. O tema fascina tanto pela curiosidade de quem n\u00e3o suporta caf\u00e9 puro quanto pelo interesse de quem aprecia sabores intensos e desafiadores. A afinidade pelo sabor amargo est\u00e1 ligada a fatores gen\u00e9ticos, experi\u00eancias culturais e at\u00e9 benef\u00edcios \u00e0 sa\u00fade.<\/p>\n\n\n\n<ul class=\"wp-block-list\">\n<li><strong>Gen\u00e9tica<\/strong>&nbsp;e biologia explicam diferen\u00e7as na percep\u00e7\u00e3o e prefer\u00eancia pelo amargo.<\/li>\n\n\n\n<li>H\u00e1 influ\u00eancias&nbsp;<strong>culturais<\/strong>&nbsp;e h\u00e1bitos alimentares no modo como cada pessoa lida com sabores intensos.<\/li>\n\n\n\n<li>Alguns&nbsp;<strong>alimentos amargos<\/strong>&nbsp;apresentam benef\u00edcios e contribuem para uma alimenta\u00e7\u00e3o mais variada.<\/li>\n<\/ul>\n\n\n\n<h2 class=\"wp-block-heading\">Como a gen\u00e9tica influencia a aceita\u00e7\u00e3o de sabores amargos?<\/h2>\n\n\n\n<p>Varia\u00e7\u00f5es gen\u00e9ticas nos receptores de sabor definem como cada indiv\u00edduo percebe o amargor. Algumas pessoas possuem mais papilas gustativas sens\u00edveis a compostos amargos, captando nuances que outros mal percebem. Essa sensibilidade influencia diretamente as escolhas alimentares, prefer\u00eancias e at\u00e9 rejei\u00e7\u00f5es recorrentes a certos alimentos.<\/p>\n\n\n\n<p>Cientistas identificaram genes como o TAS2R38, associado \u00e0 toler\u00e2ncia ou avers\u00e3o ao amargo presente em vegetais cruc\u00edferos, caf\u00e9 e ch\u00e1. Indiv\u00edduos com maior express\u00e3o desse gene relatam mais intensidade de gosto, o que pode resultar tanto em prefer\u00eancia acentuada quanto em rejei\u00e7\u00e3o marcante por sabores amargos.<\/p>\n\n\n<div class=\"wp-block-image\">\n<figure class=\"aligncenter size-large\"><img loading=\"lazy\" decoding=\"async\" width=\"1024\" height=\"576\" src=\"https:\/\/www.em.com.br\/emfoco\/wp-content\/uploads\/2025\/08\/alimentos-amargos-1024x576.jpg\" alt=\"Alimentos amargos\" class=\"wp-image-87584\" srcset=\"https:\/\/www.em.com.br\/emfoco\/wp-content\/uploads\/2025\/08\/alimentos-amargos-1024x576.jpg 1024w, https:\/\/www.em.com.br\/emfoco\/wp-content\/uploads\/2025\/08\/alimentos-amargos-300x169.jpg 300w, https:\/\/www.em.com.br\/emfoco\/wp-content\/uploads\/2025\/08\/alimentos-amargos-768x432.jpg 768w, https:\/\/www.em.com.br\/emfoco\/wp-content\/uploads\/2025\/08\/alimentos-amargos-750x422.jpg 750w, https:\/\/www.em.com.br\/emfoco\/wp-content\/uploads\/2025\/08\/alimentos-amargos-1140x641.jpg 1140w, https:\/\/www.em.com.br\/emfoco\/wp-content\/uploads\/2025\/08\/alimentos-amargos.jpg 1280w\" sizes=\"auto, (max-width: 1024px) 100vw, 1024px\" \/><figcaption class=\"wp-element-caption\">Alimentos amargos &#8211; Cr\u00e9ditos: depositphotos.com \/ iprachenko &#8211; Cr\u00e9ditos: depositphotos.com \/ EdZbarzhyvetsky<\/figcaption><\/figure><\/div>\n\n\n<h2 class=\"wp-block-heading\">Quais fatores culturais moldam o gosto por alimentos amargos?<\/h2>\n\n\n\n<p>O contato frequente com alimentos amargos durante a inf\u00e2ncia pode normalizar e at\u00e9 valorizar esse perfil de sabor. Cultura e tradi\u00e7\u00e3o alimentar de cada regi\u00e3o produzem padr\u00f5es de aprecia\u00e7\u00e3o, como ocorre com o consumo de chimarr\u00e3o no Sul do Brasil ou da r\u00facula e do chocolate amargo em pa\u00edses europeus. Quem cresce provando esses itens tende a identific\u00e1-los como saborosos e parte da rotina.<\/p>\n\n\n\n<p>Aten\u00e7\u00e3o: A influ\u00eancia social dos familiares e grupos tamb\u00e9m pode aumentar a toler\u00e2ncia ao amargo, estimulando novas experimenta\u00e7\u00f5es. Nesses casos, o amargor deixa de ser uma barreira e passa a ser reconhecido como fonte de prazer, experi\u00eancia ou at\u00e9 status em certos c\u00edrculos, especialmente entre apreciadores de vinhos, caf\u00e9s especiais ou cervejas artesanais.<\/p>\n\n\n\n<p>Leia tamb\u00e9m: <a href=\"https:\/\/www.em.com.br\/emfoco\/2025\/08\/06\/os-4-signos-do-zodiaco-que-se-tornam-mais-bonitos-a-medida-que-envelhecem\/\" target=\"_blank\" rel=\"noreferrer noopener\">Os 4 signos do zod\u00edaco que se tornam mais bonitos \u00e0 medida que envelhecem<\/a><\/p>\n\n\n\n<h2 class=\"wp-block-heading\">Alimentos amargos fazem bem para a sa\u00fade?<\/h2>\n\n\n\n<p>No card\u00e1pio, alimentos de sabor amargo como couve, espinafre, rabanete, cacau puro e ch\u00e1s sem a\u00e7\u00facar s\u00e3o frequentemente associados a benef\u00edcios para o organismo. Muitos desses itens possuem compostos chamados fitonutrientes, que ajudam na digest\u00e3o, fortalecem o sistema imunol\u00f3gico e auxiliam no controle do a\u00e7\u00facar no sangue.<\/p>\n\n\n\n<ul class=\"wp-block-list\">\n<li><strong>Vegetais folhosos<\/strong>&nbsp;com amargor ajudam no funcionamento do f\u00edgado.<\/li>\n\n\n\n<li>Bebidas naturais amargas, como ch\u00e1-verde, cont\u00eam antioxidantes reconhecidos por pesquisas cient\u00edficas.<\/li>\n\n\n\n<li>Ao escolher alimentos amargos, \u00e9 poss\u00edvel ampliar a variedade nutricional da dieta<\/li>\n<\/ul>\n\n\n\n<p>Dica r\u00e1pida: Incluir doses moderadas de alimentos amargos pode facilitar a adapta\u00e7\u00e3o e tornar a alimenta\u00e7\u00e3o mais equilibrada. Experimentar receitas variadas, temperos e preparos <a href=\"https:\/\/www.gov.br\/saude\/pt-br\/assuntos\/saude-brasil\/eu-quero-me-alimentar-melhor\/noticias\/2021\/doce-mas-nem-tanto-5-dicas-para-reduzir-o-consumo-do-acucar\" target=\"_blank\" rel=\"noreferrer noopener\">diferenciados <\/a>contribui para ampliar a aceita\u00e7\u00e3o do paladar.<\/p>\n\n\n\n<h2 class=\"wp-block-heading\">Prefer\u00eancia por alimentos amargos \u00e9 resultado de v\u00e1rios fatores<\/h2>\n\n\n\n<ul class=\"wp-block-list\">\n<li>Aspectos gen\u00e9ticos, culturais e ambientais influenciam fortemente como cada pessoa lida com o sabor amargo.<\/li>\n\n\n\n<li>Alimentos amargos, mesmo pol\u00eamicos, apresentam benef\u00edcios para a sa\u00fade e contribuem para uma dieta diversificada.<\/li>\n\n\n\n<li>A exposi\u00e7\u00e3o gradual e o contexto social facilitam a aceita\u00e7\u00e3o desse perfil de sabor.<\/li>\n<\/ul>\n","protected":false},"excerpt":{"rendered":"<p>Por que algumas pessoas preferem alimentos amargos&nbsp;\u00e9 uma d\u00favida frequente em rodas de conversa e pesquisas sobre paladar. O tema fascina tanto pela curiosidade de quem n\u00e3o suporta caf\u00e9 puro quanto pelo interesse de quem aprecia sabores intensos e desafiadores. A afinidade pelo sabor amargo est\u00e1 ligada a fatores gen\u00e9ticos, experi\u00eancias culturais e at\u00e9 benef\u00edcios [&hellip;]<\/p>\n","protected":false},"author":15,"featured_media":87581,"comment_status":"open","ping_status":"open","sticky":false,"template":"","format":"standard","meta":{"jnews-multi-image_gallery":[],"jnews_single_post":{"format":"standard"},"jnews_primary_category":[],"jnews_social_meta":[],"jnews_override_counter":[],"footnotes":""},"categories":[8819],"tags":[13507,3405,3509,5155],"class_list":["post-87564","post","type-post","status-publish","format-standard","has-post-thumbnail","hentry","category-curiosidades","tag-amarga","tag-comidas-saudaveis","tag-nutricao","tag-psicologia"],"yoast_head":"<!-- This site is optimized with the Yoast SEO plugin v23.8 - https:\/\/yoast.com\/wordpress\/plugins\/seo\/ -->\n<title>Por que algumas pessoas preferem alimentos amargos? - Estado de Minas - Em foco<\/title>\n<meta name=\"description\" content=\"A prefer\u00eancia por sabores amargos pode estar ligada \u00e0 gen\u00e9tica, experi\u00eancias emocionais e padr\u00f5es sensoriais \u00fanicos. Veja por que isso ocorre.\" \/>\n<meta name=\"robots\" content=\"index, follow, max-snippet:-1, max-image-preview:large, max-video-preview:-1\" \/>\n<link rel=\"canonical\" href=\"https:\/\/www.em.com.br\/emfoco\/2025\/08\/08\/por-que-algumas-pessoas-preferem-alimentos-amargos\/\" \/>\n<meta property=\"og:locale\" content=\"pt_BR\" \/>\n<meta property=\"og:type\" content=\"article\" \/>\n<meta property=\"og:title\" content=\"Por que algumas pessoas preferem alimentos amargos? - Estado de Minas - Em foco\" \/>\n<meta property=\"og:description\" content=\"A prefer\u00eancia por sabores amargos pode estar ligada \u00e0 gen\u00e9tica, experi\u00eancias emocionais e padr\u00f5es sensoriais \u00fanicos. Veja por que isso ocorre.\" \/>\n<meta property=\"og:url\" content=\"https:\/\/www.em.com.br\/emfoco\/2025\/08\/08\/por-que-algumas-pessoas-preferem-alimentos-amargos\/\" \/>\n<meta property=\"og:site_name\" content=\"Estado de Minas - Em foco\" \/>\n<meta property=\"article:published_time\" content=\"2025-08-08T12:18:03+00:00\" \/>\n<meta property=\"article:modified_time\" content=\"2025-08-06T17:25:28+00:00\" \/>\n<meta property=\"og:image\" content=\"https:\/\/www.em.com.br\/emfoco\/wp-content\/uploads\/2025\/08\/limao_1754501001499.jpg\" \/>\n\t<meta property=\"og:image:width\" content=\"1280\" \/>\n\t<meta property=\"og:image:height\" content=\"720\" \/>\n\t<meta property=\"og:image:type\" content=\"image\/jpeg\" \/>\n<meta name=\"author\" content=\"Douglas Myth\" \/>\n<meta name=\"twitter:card\" content=\"summary_large_image\" \/>\n<meta name=\"twitter:label1\" content=\"Escrito por\" \/>\n\t<meta name=\"twitter:data1\" content=\"Douglas Myth\" \/>\n\t<meta name=\"twitter:label2\" content=\"Est. tempo de leitura\" \/>\n\t<meta name=\"twitter:data2\" content=\"4 minutos\" \/>\n<!-- \/ Yoast SEO plugin. -->","yoast_head_json":{"title":"Por que algumas pessoas preferem alimentos amargos? - Estado de Minas - Em foco","description":"A prefer\u00eancia por sabores amargos pode estar ligada \u00e0 gen\u00e9tica, experi\u00eancias emocionais e padr\u00f5es sensoriais \u00fanicos. Veja por que isso ocorre.","robots":{"index":"index","follow":"follow","max-snippet":"max-snippet:-1","max-image-preview":"max-image-preview:large","max-video-preview":"max-video-preview:-1"},"canonical":"https:\/\/www.em.com.br\/emfoco\/2025\/08\/08\/por-que-algumas-pessoas-preferem-alimentos-amargos\/","og_locale":"pt_BR","og_type":"article","og_title":"Por que algumas pessoas preferem alimentos amargos? - Estado de Minas - Em foco","og_description":"A prefer\u00eancia por sabores amargos pode estar ligada \u00e0 gen\u00e9tica, experi\u00eancias emocionais e padr\u00f5es sensoriais \u00fanicos. Veja por que isso ocorre.","og_url":"https:\/\/www.em.com.br\/emfoco\/2025\/08\/08\/por-que-algumas-pessoas-preferem-alimentos-amargos\/","og_site_name":"Estado de Minas - Em foco","article_published_time":"2025-08-08T12:18:03+00:00","article_modified_time":"2025-08-06T17:25:28+00:00","og_image":[{"width":1280,"height":720,"url":"https:\/\/www.em.com.br\/emfoco\/wp-content\/uploads\/2025\/08\/limao_1754501001499.jpg","type":"image\/jpeg"}],"author":"Douglas Myth","twitter_card":"summary_large_image","twitter_misc":{"Escrito por":"Douglas Myth","Est. tempo de leitura":"4 minutos"},"schema":{"@context":"https:\/\/schema.org","@graph":[{"@type":"WebPage","@id":"https:\/\/www.em.com.br\/emfoco\/2025\/08\/08\/por-que-algumas-pessoas-preferem-alimentos-amargos\/","url":"https:\/\/www.em.com.br\/emfoco\/2025\/08\/08\/por-que-algumas-pessoas-preferem-alimentos-amargos\/","name":"Por que algumas pessoas preferem alimentos amargos? - Estado de Minas - Em foco","isPartOf":{"@id":"https:\/\/www.em.com.br\/emfoco\/#website"},"primaryImageOfPage":{"@id":"https:\/\/www.em.com.br\/emfoco\/2025\/08\/08\/por-que-algumas-pessoas-preferem-alimentos-amargos\/#primaryimage"},"image":{"@id":"https:\/\/www.em.com.br\/emfoco\/2025\/08\/08\/por-que-algumas-pessoas-preferem-alimentos-amargos\/#primaryimage"},"thumbnailUrl":"https:\/\/www.em.com.br\/emfoco\/wp-content\/uploads\/2025\/08\/limao_1754501001499.jpg","datePublished":"2025-08-08T12:18:03+00:00","dateModified":"2025-08-06T17:25:28+00:00","author":{"@id":"https:\/\/www.em.com.br\/emfoco\/#\/schema\/person\/bba594b7eebe9b9885fec3a5c7837089"},"description":"A prefer\u00eancia por sabores amargos pode estar ligada \u00e0 gen\u00e9tica, experi\u00eancias emocionais e padr\u00f5es sensoriais \u00fanicos. Veja por que isso ocorre.","breadcrumb":{"@id":"https:\/\/www.em.com.br\/emfoco\/2025\/08\/08\/por-que-algumas-pessoas-preferem-alimentos-amargos\/#breadcrumb"},"inLanguage":"pt-BR","potentialAction":[{"@type":"ReadAction","target":["https:\/\/www.em.com.br\/emfoco\/2025\/08\/08\/por-que-algumas-pessoas-preferem-alimentos-amargos\/"]}]},{"@type":"ImageObject","inLanguage":"pt-BR","@id":"https:\/\/www.em.com.br\/emfoco\/2025\/08\/08\/por-que-algumas-pessoas-preferem-alimentos-amargos\/#primaryimage","url":"https:\/\/www.em.com.br\/emfoco\/wp-content\/uploads\/2025\/08\/limao_1754501001499.jpg","contentUrl":"https:\/\/www.em.com.br\/emfoco\/wp-content\/uploads\/2025\/08\/limao_1754501001499.jpg","width":1280,"height":720,"caption":"Alimentos amargos - Cr\u00e9ditos: depositphotos.com \/ AntonMatyukha"},{"@type":"BreadcrumbList","@id":"https:\/\/www.em.com.br\/emfoco\/2025\/08\/08\/por-que-algumas-pessoas-preferem-alimentos-amargos\/#breadcrumb","itemListElement":[{"@type":"ListItem","position":1,"name":"In\u00edcio","item":"https:\/\/www.em.com.br\/emfoco\/"},{"@type":"ListItem","position":2,"name":"Por que algumas pessoas preferem alimentos amargos?"}]},{"@type":"WebSite","@id":"https:\/\/www.em.com.br\/emfoco\/#website","url":"https:\/\/www.em.com.br\/emfoco\/","name":"Estado de Minas - Em foco","description":"Acompanhe as \u00faltimas not\u00edcias e fique bem informado sobre tudo o que acontece em Minas Gerais, Brasil e no mundo.","potentialAction":[{"@type":"SearchAction","target":{"@type":"EntryPoint","urlTemplate":"https:\/\/www.em.com.br\/emfoco\/?s={search_term_string}"},"query-input":{"@type":"PropertyValueSpecification","valueRequired":true,"valueName":"search_term_string"}}],"inLanguage":"pt-BR"},{"@type":"Person","@id":"https:\/\/www.em.com.br\/emfoco\/#\/schema\/person\/bba594b7eebe9b9885fec3a5c7837089","name":"Douglas Myth","image":{"@type":"ImageObject","inLanguage":"pt-BR","@id":"https:\/\/www.em.com.br\/emfoco\/#\/schema\/person\/image\/","url":"https:\/\/secure.gravatar.com\/avatar\/1ac3cf50d0e68642c697dc0c960c802f?s=96&d=mm&r=g","contentUrl":"https:\/\/secure.gravatar.com\/avatar\/1ac3cf50d0e68642c697dc0c960c802f?s=96&d=mm&r=g","caption":"Douglas Myth"},"url":"https:\/\/www.em.com.br\/emfoco\/author\/douglasmyth\/"}]}},"_links":{"self":[{"href":"https:\/\/www.em.com.br\/emfoco\/wp-json\/wp\/v2\/posts\/87564","targetHints":{"allow":["GET"]}}],"collection":[{"href":"https:\/\/www.em.com.br\/emfoco\/wp-json\/wp\/v2\/posts"}],"about":[{"href":"https:\/\/www.em.com.br\/emfoco\/wp-json\/wp\/v2\/types\/post"}],"author":[{"embeddable":true,"href":"https:\/\/www.em.com.br\/emfoco\/wp-json\/wp\/v2\/users\/15"}],"replies":[{"embeddable":true,"href":"https:\/\/www.em.com.br\/emfoco\/wp-json\/wp\/v2\/comments?post=87564"}],"version-history":[{"count":3,"href":"https:\/\/www.em.com.br\/emfoco\/wp-json\/wp\/v2\/posts\/87564\/revisions"}],"predecessor-version":[{"id":87586,"href":"https:\/\/www.em.com.br\/emfoco\/wp-json\/wp\/v2\/posts\/87564\/revisions\/87586"}],"wp:featuredmedia":[{"embeddable":true,"href":"https:\/\/www.em.com.br\/emfoco\/wp-json\/wp\/v2\/media\/87581"}],"wp:attachment":[{"href":"https:\/\/www.em.com.br\/emfoco\/wp-json\/wp\/v2\/media?parent=87564"}],"wp:term":[{"taxonomy":"category","embeddable":true,"href":"https:\/\/www.em.com.br\/emfoco\/wp-json\/wp\/v2\/categories?post=87564"},{"taxonomy":"post_tag","embeddable":true,"href":"https:\/\/www.em.com.br\/emfoco\/wp-json\/wp\/v2\/tags?post=87564"}],"curies":[{"name":"wp","href":"https:\/\/api.w.org\/{rel}","templated":true}]}}