{"id":87419,"date":"2025-08-08T18:08:00","date_gmt":"2025-08-08T21:08:00","guid":{"rendered":"https:\/\/www.em.com.br\/emfoco\/?p=87419"},"modified":"2025-08-06T11:06:09","modified_gmt":"2025-08-06T14:06:09","slug":"e-assim-que-nosso-corpo-reage-quando-vemos-uma-pessoa-doente","status":"publish","type":"post","link":"https:\/\/www.em.com.br\/emfoco\/2025\/08\/08\/e-assim-que-nosso-corpo-reage-quando-vemos-uma-pessoa-doente\/","title":{"rendered":"\u00c9 assim que nosso corpo reage quando vemos uma pessoa doente"},"content":{"rendered":"\n<p><strong>Seu corpo entra em alerta mesmo sem contato f\u00edsico<\/strong>. Ao ver uma pessoa doente, ainda que distante, seu c\u00e9rebro e sistema imunol\u00f3gico j\u00e1 come\u00e7am a reagir. Isso foi demonstrado em estudos com realidade virtual, revelando que o simples ato de ver sinais de doen\u00e7a j\u00e1 ativa defesas do organismo.<\/p>\n\n\n\n<ul class=\"wp-block-list\">\n<li><strong>Estudo com RV mostra rea\u00e7\u00f5es cerebrais a pessoas doentes<\/strong><\/li>\n\n\n\n<li><strong>Corpo ativa o sistema imunol\u00f3gico mesmo sem risco real<\/strong><\/li>\n\n\n\n<li><strong>Mecanismo pode ser instintivo para antecipar infec\u00e7\u00f5es<\/strong><\/li>\n<\/ul>\n\n\n\n<h2 class=\"wp-block-heading\">O que acontece no c\u00e9rebro quando vemos algu\u00e9m doente?<\/h2>\n\n\n\n<p><strong>O c\u00e9rebro identifica sinais de amea\u00e7a mesmo \u00e0 dist\u00e2ncia<\/strong>, como febre, <strong><a href=\"https:\/\/my.clevelandclinic.org\/health\/diseases\/17413-rashes-red-skin\" target=\"_blank\" rel=\"noreferrer noopener\">erup\u00e7\u00f5es cut\u00e2neas<\/a><\/strong> ou express\u00e3o de mal-estar. Isso aciona \u00e1reas cerebrais ligadas \u00e0 defesa, como o hipot\u00e1lamo, que se comunicam diretamente com o sistema imunol\u00f3gico.<\/p>\n\n\n\n<p><strong>Esses sinais visuais ativam respostas autom\u00e1ticas<\/strong>, que ocorrem mesmo sem intera\u00e7\u00e3o direta. A vis\u00e3o de sintomas aciona um tipo de alarme interno, preparando o corpo para um poss\u00edvel contato com pat\u00f3genos.<\/p>\n\n\n\n<figure class=\"wp-block-image size-large\"><img loading=\"lazy\" decoding=\"async\" width=\"1024\" height=\"576\" src=\"https:\/\/www.em.com.br\/emfoco\/wp-content\/uploads\/2025\/08\/Derrame-cerebral_1754402185090-1024x576.jpg\" alt=\"Pessoas com fibrila\u00e7\u00e3o atrial s\u00e3o mais suscet\u00edveis a derrame do que outras\" class=\"wp-image-86705\" srcset=\"https:\/\/www.em.com.br\/emfoco\/wp-content\/uploads\/2025\/08\/Derrame-cerebral_1754402185090-1024x576.jpg 1024w, https:\/\/www.em.com.br\/emfoco\/wp-content\/uploads\/2025\/08\/Derrame-cerebral_1754402185090-300x169.jpg 300w, https:\/\/www.em.com.br\/emfoco\/wp-content\/uploads\/2025\/08\/Derrame-cerebral_1754402185090-768x432.jpg 768w, https:\/\/www.em.com.br\/emfoco\/wp-content\/uploads\/2025\/08\/Derrame-cerebral_1754402185090-750x422.jpg 750w, https:\/\/www.em.com.br\/emfoco\/wp-content\/uploads\/2025\/08\/Derrame-cerebral_1754402185090-1140x641.jpg 1140w, https:\/\/www.em.com.br\/emfoco\/wp-content\/uploads\/2025\/08\/Derrame-cerebral_1754402185090.jpg 1280w\" sizes=\"auto, (max-width: 1024px) 100vw, 1024px\" \/><figcaption class=\"wp-element-caption\">Imagem ilustrativa de AVC &#8211; Cr\u00e9ditos: depositphotos.com \/ vishmaya88@gmail.com<\/figcaption><\/figure>\n\n\n\n<h2 class=\"wp-block-heading\">Como os cientistas testaram essa rea\u00e7\u00e3o em laborat\u00f3rio?<\/h2>\n\n\n\n<p><strong>O experimento foi realizado com 248 pessoas usando \u00f3culos de realidade virtual<\/strong>. Os participantes apertavam um bot\u00e3o ao sentir um toque no rosto enquanto viam diferentes avatares, com ou sem sinais de doen\u00e7a.<\/p>\n\n\n\n<p><strong>Quando viam um avatar doente, respondiam mais r\u00e1pido ao toque<\/strong>, o que indica maior estado de alerta. Isso n\u00e3o ocorria quando os avatares eram neutros ou demonstravam apenas medo, segundo dados publicados no portal <em>Science Alert<\/em>.<\/p>\n\n\n\n<h2 class=\"wp-block-heading\">Quais \u00e1reas do corpo s\u00e3o ativadas nesse processo?<\/h2>\n\n\n\n<p><strong>O hipot\u00e1lamo \u00e9 um dos principais centros ativados<\/strong>, respons\u00e1vel por regular fun\u00e7\u00f5es como temperatura corporal, resposta ao estresse e produ\u00e7\u00e3o hormonal. Ele envia sinais ao sistema imunol\u00f3gico para iniciar a libera\u00e7\u00e3o de marcadores de defesa.<\/p>\n\n\n\n<p><strong>Outras regi\u00f5es do c\u00e9rebro tamb\u00e9m participam<\/strong>, como a am\u00edgdala, que reconhece express\u00f5es faciais e emo\u00e7\u00f5es negativas, e o c\u00f3rtex insular, envolvido no sentimento de nojo e empatia.<\/p>\n\n\n\n<figure class=\"wp-block-table\"><table class=\"has-fixed-layout\"><tbody><tr><th>\u00c1rea Ativada<\/th><th>Fun\u00e7\u00e3o<\/th><\/tr><tr><td>Hipot\u00e1lamo<\/td><td>Regula respostas corporais e ativa o sistema imunol\u00f3gico<\/td><\/tr><tr><td>Am\u00edgdala<\/td><td>Reconhece amea\u00e7as e express\u00f5es faciais<\/td><\/tr><tr><td>C\u00f3rtex insular<\/td><td>Relacionado ao nojo e percep\u00e7\u00e3o de risco<\/td><\/tr><\/tbody><\/table><\/figure>\n\n\n\n<h2 class=\"wp-block-heading\">O corpo reage mesmo sem perigo real de cont\u00e1gio?<\/h2>\n\n\n\n<p><strong>Sim, os marcadores imunol\u00f3gicos aumentam mesmo sem risco real<\/strong>. Exames de sangue feitos ap\u00f3s os testes mostraram um leve aumento de subst\u00e2ncias como citocinas inflamat\u00f3rias, sugerindo ativa\u00e7\u00e3o do sistema de defesa.<\/p>\n\n\n\n<p><strong>Esse mecanismo pode ser uma prote\u00e7\u00e3o evolutiva<\/strong>, permitindo que o corpo se antecipe ao perigo de contamina\u00e7\u00e3o antes mesmo que ele ocorra fisicamente.<\/p>\n\n\n\n<ul class=\"wp-block-list\">\n<li>Ativa\u00e7\u00e3o ocorre apenas com base na percep\u00e7\u00e3o visual<\/li>\n\n\n\n<li>N\u00e3o \u00e9 necess\u00e1rio contato direto com o doente<\/li>\n\n\n\n<li>Rea\u00e7\u00e3o pode ser parte de um sistema preventivo inconsciente<\/li>\n\n\n\n<li>Imunidade se prepara para poss\u00edvel exposi\u00e7\u00e3o futura<\/li>\n<\/ul>\n\n\n\n<figure class=\"wp-block-image size-large\"><img loading=\"lazy\" decoding=\"async\" width=\"1024\" height=\"576\" src=\"https:\/\/www.em.com.br\/emfoco\/wp-content\/uploads\/2025\/08\/pessoa-doente_1754488927188-1024x576.jpg\" alt=\"\u00c9 assim que nosso corpo reage quando vemos uma pessoa doente\" class=\"wp-image-87431\" srcset=\"https:\/\/www.em.com.br\/emfoco\/wp-content\/uploads\/2025\/08\/pessoa-doente_1754488927188-1024x576.jpg 1024w, https:\/\/www.em.com.br\/emfoco\/wp-content\/uploads\/2025\/08\/pessoa-doente_1754488927188-300x169.jpg 300w, https:\/\/www.em.com.br\/emfoco\/wp-content\/uploads\/2025\/08\/pessoa-doente_1754488927188-768x432.jpg 768w, https:\/\/www.em.com.br\/emfoco\/wp-content\/uploads\/2025\/08\/pessoa-doente_1754488927188-750x422.jpg 750w, https:\/\/www.em.com.br\/emfoco\/wp-content\/uploads\/2025\/08\/pessoa-doente_1754488927188-1140x641.jpg 1140w, https:\/\/www.em.com.br\/emfoco\/wp-content\/uploads\/2025\/08\/pessoa-doente_1754488927188.jpg 1280w\" sizes=\"auto, (max-width: 1024px) 100vw, 1024px\" \/><figcaption class=\"wp-element-caption\">Mulher doente &#8211; Cr\u00e9ditos: depositphotos.com \/ AndrewLozovyi<\/figcaption><\/figure>\n\n\n\n<h2 class=\"wp-block-heading\">Qual o papel do nojo nessa rea\u00e7\u00e3o autom\u00e1tica?<\/h2>\n\n\n\n<p><strong>O nojo pode funcionar como um sensor social de perigo<\/strong>. Ao sentir repulsa por sinais de doen\u00e7a, nosso corpo tende a evitar o contato, reduzindo o risco de <strong><a href=\"https:\/\/www.em.com.br\/emfoco\/2025\/07\/19\/infeccao-urinaria-recorrente-quando-e-preciso-investigar-mais-a-fundo\/\" target=\"_blank\" rel=\"noreferrer noopener\">infec\u00e7\u00e3o<\/a><\/strong>.<\/p>\n\n\n\n<p><strong>Segundo os pesquisadores, a percep\u00e7\u00e3o de amea\u00e7a e o nojo est\u00e3o ligados<\/strong>, mas ainda h\u00e1 d\u00favidas sobre como esses sistemas interagem. A resposta emocional pode ser a chave para desencadear respostas f\u00edsicas de defesa.<\/p>\n\n\n\n<ul class=\"wp-block-list\">\n<li>Nojo pode acionar o sistema nervoso aut\u00f4nomo<\/li>\n\n\n\n<li>Rea\u00e7\u00f5es incluem aumento da frequ\u00eancia card\u00edaca e tens\u00e3o muscular<\/li>\n\n\n\n<li>Corpo se afasta automaticamente de potenciais fontes de infec\u00e7\u00e3o<\/li>\n\n\n\n<li>Express\u00f5es de nojo tamb\u00e9m comunicam risco a outros<\/li>\n<\/ul>\n\n\n\n<h2 class=\"wp-block-heading\">Nosso corpo est\u00e1 sempre atento a amea\u00e7as invis\u00edveis<\/h2>\n\n\n\n<ul class=\"wp-block-list\">\n<li>Estudos mostram que o c\u00e9rebro identifica sinais de doen\u00e7a antes do cont\u00e1gio<\/li>\n\n\n\n<li>O sistema imunol\u00f3gico pode ser ativado apenas por percep\u00e7\u00e3o visual<\/li>\n\n\n\n<li>Nojo e instinto de prote\u00e7\u00e3o podem estar diretamente ligados \u00e0s rea\u00e7\u00f5es de defesa<\/li>\n<\/ul>\n","protected":false},"excerpt":{"rendered":"<p>Seu corpo entra em alerta mesmo sem contato f\u00edsico. Ao ver uma pessoa doente, ainda que distante, seu c\u00e9rebro e sistema imunol\u00f3gico j\u00e1 come\u00e7am a reagir. Isso foi demonstrado em estudos com realidade virtual, revelando que o simples ato de ver sinais de doen\u00e7a j\u00e1 ativa defesas do organismo. O que acontece no c\u00e9rebro quando [&hellip;]<\/p>\n","protected":false},"author":13,"featured_media":87430,"comment_status":"open","ping_status":"open","sticky":false,"template":"","format":"standard","meta":{"jnews-multi-image_gallery":[],"jnews_single_post":{"format":"standard"},"jnews_primary_category":[],"jnews_social_meta":[],"jnews_override_counter":[],"footnotes":""},"categories":[9053],"tags":[4312,13474,13475,13476],"class_list":["post-87419","post","type-post","status-publish","format-standard","has-post-thumbnail","hentry","category-saude","tag-cerebro","tag-doente","tag-pessoas-doentes","tag-reacao-do-corpo"],"yoast_head":"<!-- This site is optimized with the Yoast SEO plugin v23.8 - https:\/\/yoast.com\/wordpress\/plugins\/seo\/ -->\n<title>\u00c9 assim que nosso corpo reage quando vemos uma pessoa doente - Estado de Minas - Em foco<\/title>\n<meta name=\"description\" content=\"Seu corpo reage ao ver pessoas doentes mesmo sem contato. Entenda o que a ci\u00eancia descobriu sobre esse instinto.\" \/>\n<meta name=\"robots\" content=\"index, follow, max-snippet:-1, max-image-preview:large, max-video-preview:-1\" \/>\n<link rel=\"canonical\" href=\"https:\/\/www.em.com.br\/emfoco\/2025\/08\/08\/e-assim-que-nosso-corpo-reage-quando-vemos-uma-pessoa-doente\/\" \/>\n<meta property=\"og:locale\" content=\"pt_BR\" \/>\n<meta property=\"og:type\" content=\"article\" \/>\n<meta property=\"og:title\" content=\"\u00c9 assim que nosso corpo reage quando vemos uma pessoa doente - Estado de Minas - Em foco\" \/>\n<meta property=\"og:description\" content=\"Seu corpo reage ao ver pessoas doentes mesmo sem contato. Entenda o que a ci\u00eancia descobriu sobre esse instinto.\" \/>\n<meta property=\"og:url\" content=\"https:\/\/www.em.com.br\/emfoco\/2025\/08\/08\/e-assim-que-nosso-corpo-reage-quando-vemos-uma-pessoa-doente\/\" \/>\n<meta property=\"og:site_name\" content=\"Estado de Minas - Em foco\" \/>\n<meta property=\"article:published_time\" content=\"2025-08-08T21:08:00+00:00\" \/>\n<meta property=\"article:modified_time\" content=\"2025-08-06T14:06:09+00:00\" \/>\n<meta property=\"og:image\" content=\"https:\/\/www.em.com.br\/emfoco\/wp-content\/uploads\/2025\/08\/pessoa-doente_1754488881266.jpg\" \/>\n\t<meta property=\"og:image:width\" content=\"1280\" \/>\n\t<meta property=\"og:image:height\" content=\"720\" \/>\n\t<meta property=\"og:image:type\" content=\"image\/jpeg\" \/>\n<meta name=\"author\" content=\"Gabriel Martins\" \/>\n<meta name=\"twitter:card\" content=\"summary_large_image\" \/>\n<meta name=\"twitter:label1\" content=\"Escrito por\" \/>\n\t<meta name=\"twitter:data1\" content=\"Gabriel Martins\" \/>\n\t<meta name=\"twitter:label2\" content=\"Est. tempo de leitura\" \/>\n\t<meta name=\"twitter:data2\" content=\"4 minutos\" \/>\n<!-- \/ Yoast SEO plugin. -->","yoast_head_json":{"title":"\u00c9 assim que nosso corpo reage quando vemos uma pessoa doente - Estado de Minas - Em foco","description":"Seu corpo reage ao ver pessoas doentes mesmo sem contato. Entenda o que a ci\u00eancia descobriu sobre esse instinto.","robots":{"index":"index","follow":"follow","max-snippet":"max-snippet:-1","max-image-preview":"max-image-preview:large","max-video-preview":"max-video-preview:-1"},"canonical":"https:\/\/www.em.com.br\/emfoco\/2025\/08\/08\/e-assim-que-nosso-corpo-reage-quando-vemos-uma-pessoa-doente\/","og_locale":"pt_BR","og_type":"article","og_title":"\u00c9 assim que nosso corpo reage quando vemos uma pessoa doente - Estado de Minas - Em foco","og_description":"Seu corpo reage ao ver pessoas doentes mesmo sem contato. Entenda o que a ci\u00eancia descobriu sobre esse instinto.","og_url":"https:\/\/www.em.com.br\/emfoco\/2025\/08\/08\/e-assim-que-nosso-corpo-reage-quando-vemos-uma-pessoa-doente\/","og_site_name":"Estado de Minas - Em foco","article_published_time":"2025-08-08T21:08:00+00:00","article_modified_time":"2025-08-06T14:06:09+00:00","og_image":[{"width":1280,"height":720,"url":"https:\/\/www.em.com.br\/emfoco\/wp-content\/uploads\/2025\/08\/pessoa-doente_1754488881266.jpg","type":"image\/jpeg"}],"author":"Gabriel Martins","twitter_card":"summary_large_image","twitter_misc":{"Escrito por":"Gabriel Martins","Est. tempo de leitura":"4 minutos"},"schema":{"@context":"https:\/\/schema.org","@graph":[{"@type":"WebPage","@id":"https:\/\/www.em.com.br\/emfoco\/2025\/08\/08\/e-assim-que-nosso-corpo-reage-quando-vemos-uma-pessoa-doente\/","url":"https:\/\/www.em.com.br\/emfoco\/2025\/08\/08\/e-assim-que-nosso-corpo-reage-quando-vemos-uma-pessoa-doente\/","name":"\u00c9 assim que nosso corpo reage quando vemos uma pessoa doente - Estado de Minas - Em foco","isPartOf":{"@id":"https:\/\/www.em.com.br\/emfoco\/#website"},"primaryImageOfPage":{"@id":"https:\/\/www.em.com.br\/emfoco\/2025\/08\/08\/e-assim-que-nosso-corpo-reage-quando-vemos-uma-pessoa-doente\/#primaryimage"},"image":{"@id":"https:\/\/www.em.com.br\/emfoco\/2025\/08\/08\/e-assim-que-nosso-corpo-reage-quando-vemos-uma-pessoa-doente\/#primaryimage"},"thumbnailUrl":"https:\/\/www.em.com.br\/emfoco\/wp-content\/uploads\/2025\/08\/pessoa-doente_1754488881266.jpg","datePublished":"2025-08-08T21:08:00+00:00","dateModified":"2025-08-06T14:06:09+00:00","author":{"@id":"https:\/\/www.em.com.br\/emfoco\/#\/schema\/person\/1c9ddeab18b98abeffef834667bcf08a"},"description":"Seu corpo reage ao ver pessoas doentes mesmo sem contato. Entenda o que a ci\u00eancia descobriu sobre esse instinto.","breadcrumb":{"@id":"https:\/\/www.em.com.br\/emfoco\/2025\/08\/08\/e-assim-que-nosso-corpo-reage-quando-vemos-uma-pessoa-doente\/#breadcrumb"},"inLanguage":"pt-BR","potentialAction":[{"@type":"ReadAction","target":["https:\/\/www.em.com.br\/emfoco\/2025\/08\/08\/e-assim-que-nosso-corpo-reage-quando-vemos-uma-pessoa-doente\/"]}]},{"@type":"ImageObject","inLanguage":"pt-BR","@id":"https:\/\/www.em.com.br\/emfoco\/2025\/08\/08\/e-assim-que-nosso-corpo-reage-quando-vemos-uma-pessoa-doente\/#primaryimage","url":"https:\/\/www.em.com.br\/emfoco\/wp-content\/uploads\/2025\/08\/pessoa-doente_1754488881266.jpg","contentUrl":"https:\/\/www.em.com.br\/emfoco\/wp-content\/uploads\/2025\/08\/pessoa-doente_1754488881266.jpg","width":1280,"height":720,"caption":"Mulher doente - Cr\u00e9ditos: depositphotos.com \/ IgorVetushko"},{"@type":"BreadcrumbList","@id":"https:\/\/www.em.com.br\/emfoco\/2025\/08\/08\/e-assim-que-nosso-corpo-reage-quando-vemos-uma-pessoa-doente\/#breadcrumb","itemListElement":[{"@type":"ListItem","position":1,"name":"In\u00edcio","item":"https:\/\/www.em.com.br\/emfoco\/"},{"@type":"ListItem","position":2,"name":"\u00c9 assim que nosso corpo reage quando vemos uma pessoa doente"}]},{"@type":"WebSite","@id":"https:\/\/www.em.com.br\/emfoco\/#website","url":"https:\/\/www.em.com.br\/emfoco\/","name":"Estado de Minas - Em foco","description":"Acompanhe as \u00faltimas not\u00edcias e fique bem informado sobre tudo o que acontece em Minas Gerais, Brasil e no mundo.","potentialAction":[{"@type":"SearchAction","target":{"@type":"EntryPoint","urlTemplate":"https:\/\/www.em.com.br\/emfoco\/?s={search_term_string}"},"query-input":{"@type":"PropertyValueSpecification","valueRequired":true,"valueName":"search_term_string"}}],"inLanguage":"pt-BR"},{"@type":"Person","@id":"https:\/\/www.em.com.br\/emfoco\/#\/schema\/person\/1c9ddeab18b98abeffef834667bcf08a","name":"Gabriel Martins","image":{"@type":"ImageObject","inLanguage":"pt-BR","@id":"https:\/\/www.em.com.br\/emfoco\/#\/schema\/person\/image\/","url":"https:\/\/secure.gravatar.com\/avatar\/f0f1e2efdfd88f1ad2cb08c5c2731e50?s=96&d=mm&r=g","contentUrl":"https:\/\/secure.gravatar.com\/avatar\/f0f1e2efdfd88f1ad2cb08c5c2731e50?s=96&d=mm&r=g","caption":"Gabriel Martins"},"sameAs":["https:\/\/www.em.com.br\/emfoco\/"],"url":"https:\/\/www.em.com.br\/emfoco\/author\/gabrielmartinsmyth\/"}]}},"_links":{"self":[{"href":"https:\/\/www.em.com.br\/emfoco\/wp-json\/wp\/v2\/posts\/87419","targetHints":{"allow":["GET"]}}],"collection":[{"href":"https:\/\/www.em.com.br\/emfoco\/wp-json\/wp\/v2\/posts"}],"about":[{"href":"https:\/\/www.em.com.br\/emfoco\/wp-json\/wp\/v2\/types\/post"}],"author":[{"embeddable":true,"href":"https:\/\/www.em.com.br\/emfoco\/wp-json\/wp\/v2\/users\/13"}],"replies":[{"embeddable":true,"href":"https:\/\/www.em.com.br\/emfoco\/wp-json\/wp\/v2\/comments?post=87419"}],"version-history":[{"count":1,"href":"https:\/\/www.em.com.br\/emfoco\/wp-json\/wp\/v2\/posts\/87419\/revisions"}],"predecessor-version":[{"id":87432,"href":"https:\/\/www.em.com.br\/emfoco\/wp-json\/wp\/v2\/posts\/87419\/revisions\/87432"}],"wp:featuredmedia":[{"embeddable":true,"href":"https:\/\/www.em.com.br\/emfoco\/wp-json\/wp\/v2\/media\/87430"}],"wp:attachment":[{"href":"https:\/\/www.em.com.br\/emfoco\/wp-json\/wp\/v2\/media?parent=87419"}],"wp:term":[{"taxonomy":"category","embeddable":true,"href":"https:\/\/www.em.com.br\/emfoco\/wp-json\/wp\/v2\/categories?post=87419"},{"taxonomy":"post_tag","embeddable":true,"href":"https:\/\/www.em.com.br\/emfoco\/wp-json\/wp\/v2\/tags?post=87419"}],"curies":[{"name":"wp","href":"https:\/\/api.w.org\/{rel}","templated":true}]}}