{"id":87367,"date":"2025-08-07T06:28:00","date_gmt":"2025-08-07T09:28:00","guid":{"rendered":"https:\/\/www.em.com.br\/emfoco\/?p=87367"},"modified":"2025-08-06T10:38:52","modified_gmt":"2025-08-06T13:38:52","slug":"o-clima-mais-imprevisivel-do-ano-atinge-o-sudeste-com-forca-total","status":"publish","type":"post","link":"https:\/\/www.em.com.br\/emfoco\/2025\/08\/07\/o-clima-mais-imprevisivel-do-ano-atinge-o-sudeste-com-forca-total\/","title":{"rendered":"O clima mais imprevis\u00edvel do ano atinge o Sudeste com for\u00e7a total"},"content":{"rendered":"\n<p>As&nbsp;<strong><a href=\"https:\/\/brasil.un.org\/pt-br\/175180-o-que-s%C3%A3o-mudan%C3%A7as-clim%C3%A1ticas\" target=\"_blank\" rel=\"noreferrer noopener\">mudan\u00e7as clim\u00e1ticas<\/a><\/strong>&nbsp;t\u00eam alterado significativamente o&nbsp;<strong>clima no <a href=\"https:\/\/www.em.com.br\/emfoco\/2025\/08\/06\/temperaturas-caem-e-clima-vira-no-sudeste-nos-dias-07-e-08-de-agosto\/\" target=\"_blank\" rel=\"noreferrer noopener\">Sudeste <\/a>do Brasil<\/strong>, gerando incertezas sobre a previs\u00e3o do tempo. Suas&nbsp;<strong>temperaturas<\/strong>, chuvas e fen\u00f4menos clim\u00e1ticos est\u00e3o cada vez mais vari\u00e1veis.<\/p>\n\n\n\n<ul class=\"wp-block-list\">\n<li>Como as mudan\u00e7as clim\u00e1ticas afetam a regi\u00e3o Sudeste?<\/li>\n\n\n\n<li>Temperaturas previstas para os dias&nbsp;<strong>08 a 09 de agosto de 2025<\/strong><\/li>\n\n\n\n<li>Frentes frias e possibilidades de chuva<\/li>\n<\/ul>\n\n\n\n<h2 class=\"wp-block-heading\">Como as mudan\u00e7as clim\u00e1ticas afetam o clima do sudeste?<\/h2>\n\n\n\n<p>No Sudeste do Brasil, as&nbsp;<strong>mudan\u00e7as clim\u00e1ticas<\/strong>&nbsp;geram incertezas nas esta\u00e7\u00f5es do ano, transformando ver\u00f5es em per\u00edodos mais longos e intensos.<\/p>\n\n\n\n<p>Esta altera\u00e7\u00e3o nas&nbsp;<strong>condi\u00e7\u00f5es clim\u00e1ticas<\/strong>&nbsp;tem impacto direto na agricultura, abastecimento de \u00e1gua e at\u00e9 na sa\u00fade da popula\u00e7\u00e3o.<\/p>\n\n\n\n<h2 class=\"wp-block-heading\">Quais s\u00e3o as temperaturas m\u00e1ximas e m\u00ednimas previstas para 08 a 09 de agosto de 2025?<\/h2>\n\n\n\n<h2 class=\"wp-block-heading\">O que esperar no Sul de Minas Gerais e Belo Horizonte quanto \u00e0 varia\u00e7\u00e3o de temperaturas?<\/h2>\n\n\n\n<p>As temperaturas em&nbsp;<strong>Belo Horizonte<\/strong>&nbsp;e no Sul de&nbsp;<strong>Minas<\/strong>&nbsp;variam significativamente. Aqui est\u00e3o as previs\u00f5es:<\/p>\n\n\n\n<ul class=\"wp-block-list\">\n<li><strong>Belo Horizonte<\/strong>: M\u00e1xima de 28\u00b0C e m\u00ednima de 15\u00b0C<\/li>\n\n\n\n<li><strong>Po\u00e7os de Caldas<\/strong>: M\u00e1xima de 26\u00b0C e m\u00ednima de 13\u00b0C<\/li>\n<\/ul>\n\n\n\n<h2 class=\"wp-block-heading\">Como est\u00e1 a variabilidade das temperaturas nas cidades de Minas Gerais?<\/h2>\n\n\n\n<p>Em&nbsp;<strong>Minas Gerais<\/strong>, cidades possuem previs\u00f5es \u00fanicas.<\/p>\n\n\n\n<ul class=\"wp-block-list\">\n<li><strong>Uberl\u00e2ndia<\/strong>: M\u00e1xima de 30\u00b0C e m\u00ednima de 17\u00b0C<\/li>\n\n\n\n<li><strong>Ouro Preto<\/strong>: M\u00e1xima de 25\u00b0C e m\u00ednima de 12\u00b0C<\/li>\n\n\n\n<li><strong>Diamantina<\/strong>: M\u00e1xima de 24\u00b0C e m\u00ednima de 11\u00b0C<\/li>\n<\/ul>\n\n\n\n<figure class=\"wp-block-image\"><img decoding=\"async\" src=\"https:\/\/www.em.com.br\/emfoco\/wp-content\/uploads\/2025\/04\/Clima-sol-ou-chuva_1745256516839-1024x576.jpg\" alt=\"\"\/><figcaption class=\"wp-element-caption\">Clima &#8211; Cr\u00e9ditos: depositphotos.com \/ pongsuwan<\/figcaption><\/figure>\n\n\n\n<h2 class=\"wp-block-heading\">Como a frente fria afeta a previs\u00e3o de chuvas no sudeste?<\/h2>\n\n\n\n<p>A passagem de uma&nbsp;<strong>frente fria<\/strong>&nbsp;traz chuvas e queda nas temperaturas. Veja mais detalhes por estado:<\/p>\n\n\n\n<ul class=\"wp-block-list\">\n<li><strong>S\u00e3o Paulo<\/strong>: 70% de chance de chuva, temperaturas entre 20\u00b0C e 14\u00b0C<\/li>\n\n\n\n<li><strong>Esp\u00edrito Santo<\/strong>: C\u00e9u nublado, com apenas 30% de chance de precipita\u00e7\u00e3o<\/li>\n\n\n\n<li><strong>Rio de Janeiro<\/strong>: Expectativa de chuva leve, com chance de 50%<\/li>\n<\/ul>\n\n\n\n<h2 class=\"wp-block-heading\">Quais cidades ter\u00e3o as menores temperaturas nos pr\u00f3ximos dias?<\/h2>\n\n\n\n<p>Algumas cidades no Sudeste se destacam pelas baixas temperaturas previstas:<\/p>\n\n\n\n<ol class=\"wp-block-list\">\n<li><strong>Campos do Jord\u00e3o<\/strong>&nbsp;&#8211; 5\u00b0C<\/li>\n\n\n\n<li><strong>Monte Verde<\/strong>&nbsp;&#8211; 6\u00b0C<\/li>\n\n\n\n<li><strong>Petr\u00f3polis<\/strong>&nbsp;&#8211; 7\u00b0C<\/li>\n\n\n\n<li><strong>Friburgo<\/strong>&nbsp;&#8211; 8\u00b0C<\/li>\n\n\n\n<li><strong>S\u00e3o Jo\u00e3o del-Rei<\/strong>&nbsp;&#8211; 8\u00b0C<\/li>\n\n\n\n<li><strong>Itaiacoca<\/strong>&nbsp;&#8211; 9\u00b0C<\/li>\n\n\n\n<li><strong>Guararema<\/strong>&nbsp;&#8211; 10\u00b0C<\/li>\n\n\n\n<li><strong>Campos Altos<\/strong>&nbsp;&#8211; 10\u00b0C<\/li>\n<\/ol>\n\n\n\n<h2 class=\"wp-block-heading\">O que dizem os sites especializados sobre a previs\u00e3o?<\/h2>\n\n\n\n<p>Os&nbsp;<strong>sites especializados<\/strong>&nbsp;indicam que o Sudeste pode esperar chuvas intermitentes, mas variadas, devido \u00e0s correntes \u00famidas do&nbsp;<strong>Atl\u00e2ntico<\/strong>. Isso traz certa imprevisibilidade ao planejamento di\u00e1rio.<\/p>\n\n\n\n<p>Segundo a&nbsp;<strong>Climatempo<\/strong>&nbsp;e o&nbsp;<strong>Instituto Nacional de Meteorologia<\/strong>, o Sudeste pode experimentar eventos extremos com maior frequ\u00eancia nos pr\u00f3ximos anos, refor\u00e7ando a necessidade de aten\u00e7\u00e3o e adapta\u00e7\u00e3o da popula\u00e7\u00e3o.<\/p>\n\n\n\n<h2 class=\"wp-block-heading\">Como interpretar a previs\u00e3o do tempo com mais seguran\u00e7a?<\/h2>\n\n\n\n<p>Para n\u00e3o errar mais, \u00e9 importante compreender os termos usados nas previs\u00f5es. A&nbsp;<strong>probabilidade de chuva<\/strong>, por exemplo, indica a chance de precipita\u00e7\u00e3o em uma determinada \u00e1rea.<\/p>\n\n\n\n<p>Al\u00e9m disso, conhecer os padr\u00f5es dos ventos e sistemas de press\u00e3o ajuda no planejamento di\u00e1rio e adapta\u00e7\u00f5es necess\u00e1rias.<\/p>\n\n\n\n<h2 class=\"wp-block-heading\">Quais s\u00e3o os principais aprendizados das previs\u00f5es?<\/h2>\n\n\n\n<ul class=\"wp-block-list\">\n<li>As mudan\u00e7as clim\u00e1ticas est\u00e3o impactando significativamente o clima no Sudeste.<\/li>\n\n\n\n<li>Previs\u00f5es de temperatura e chuva variam bastante entre as cidades da regi\u00e3o.<\/li>\n\n\n\n<li>Informa\u00e7\u00f5es dos sites especializados indicam tempos inst\u00e1veis, exigindo aten\u00e7\u00e3o especial.<\/li>\n<\/ul>\n","protected":false},"excerpt":{"rendered":"<p>As&nbsp;mudan\u00e7as clim\u00e1ticas&nbsp;t\u00eam alterado significativamente o&nbsp;clima no Sudeste do Brasil, gerando incertezas sobre a previs\u00e3o do tempo. Suas&nbsp;temperaturas, chuvas e fen\u00f4menos clim\u00e1ticos est\u00e3o cada vez mais vari\u00e1veis. Como as mudan\u00e7as clim\u00e1ticas afetam o clima do sudeste? No Sudeste do Brasil, as&nbsp;mudan\u00e7as clim\u00e1ticas&nbsp;geram incertezas nas esta\u00e7\u00f5es do ano, transformando ver\u00f5es em per\u00edodos mais longos e intensos. Esta [&hellip;]<\/p>\n","protected":false},"author":11,"featured_media":73817,"comment_status":"open","ping_status":"open","sticky":false,"template":"","format":"standard","meta":{"jnews-multi-image_gallery":[],"jnews_single_post":{"format":"standard"},"jnews_primary_category":[],"jnews_social_meta":[],"jnews_override_counter":[],"footnotes":""},"categories":[30,1],"tags":[152,251,1192],"class_list":["post-87367","post","type-post","status-publish","format-standard","has-post-thumbnail","hentry","category-clima","category-noticias","tag-clima","tag-previsao-do-tempo","tag-sudeste"],"yoast_head":"<!-- This site is optimized with the Yoast SEO plugin v23.8 - https:\/\/yoast.com\/wordpress\/plugins\/seo\/ -->\n<title>O clima mais imprevis\u00edvel do ano atinge o Sudeste com for\u00e7a total - Estado de Minas - Em foco<\/title>\n<meta name=\"description\" content=\"As mudan\u00e7as clim\u00e1ticas est\u00e3o bagun\u00e7ando o clima no Sudeste com frio intenso e chuvas inesperadas que v\u00e3o afetar sua rotina nos pr\u00f3ximos dias.\" \/>\n<meta name=\"robots\" content=\"index, follow, max-snippet:-1, max-image-preview:large, max-video-preview:-1\" \/>\n<link rel=\"canonical\" href=\"https:\/\/www.em.com.br\/emfoco\/2025\/08\/07\/o-clima-mais-imprevisivel-do-ano-atinge-o-sudeste-com-forca-total\/\" \/>\n<meta property=\"og:locale\" content=\"pt_BR\" \/>\n<meta property=\"og:type\" content=\"article\" \/>\n<meta property=\"og:title\" content=\"O clima mais imprevis\u00edvel do ano atinge o Sudeste com for\u00e7a total - Estado de Minas - Em foco\" \/>\n<meta property=\"og:description\" content=\"As mudan\u00e7as clim\u00e1ticas est\u00e3o bagun\u00e7ando o clima no Sudeste com frio intenso e chuvas inesperadas que v\u00e3o afetar sua rotina nos pr\u00f3ximos dias.\" \/>\n<meta property=\"og:url\" content=\"https:\/\/www.em.com.br\/emfoco\/2025\/08\/07\/o-clima-mais-imprevisivel-do-ano-atinge-o-sudeste-com-forca-total\/\" \/>\n<meta property=\"og:site_name\" content=\"Estado de Minas - Em foco\" \/>\n<meta property=\"article:published_time\" content=\"2025-08-07T09:28:00+00:00\" \/>\n<meta property=\"article:modified_time\" content=\"2025-08-06T13:38:52+00:00\" \/>\n<meta property=\"og:image\" content=\"https:\/\/www.em.com.br\/emfoco\/wp-content\/uploads\/2025\/07\/olhando-o-clima_1752154385637.jpg\" \/>\n\t<meta property=\"og:image:width\" content=\"1280\" \/>\n\t<meta property=\"og:image:height\" content=\"720\" \/>\n\t<meta property=\"og:image:type\" content=\"image\/jpeg\" \/>\n<meta name=\"author\" content=\"Andre\u0301 Rangel\u00a0\" \/>\n<meta name=\"twitter:card\" content=\"summary_large_image\" \/>\n<meta name=\"twitter:label1\" content=\"Escrito por\" \/>\n\t<meta name=\"twitter:data1\" content=\"Andre\u0301 Rangel\u00a0\" \/>\n\t<meta name=\"twitter:label2\" content=\"Est. tempo de leitura\" \/>\n\t<meta name=\"twitter:data2\" content=\"4 minutos\" \/>\n<!-- \/ Yoast SEO plugin. -->","yoast_head_json":{"title":"O clima mais imprevis\u00edvel do ano atinge o Sudeste com for\u00e7a total - Estado de Minas - Em foco","description":"As mudan\u00e7as clim\u00e1ticas est\u00e3o bagun\u00e7ando o clima no Sudeste com frio intenso e chuvas inesperadas que v\u00e3o afetar sua rotina nos pr\u00f3ximos dias.","robots":{"index":"index","follow":"follow","max-snippet":"max-snippet:-1","max-image-preview":"max-image-preview:large","max-video-preview":"max-video-preview:-1"},"canonical":"https:\/\/www.em.com.br\/emfoco\/2025\/08\/07\/o-clima-mais-imprevisivel-do-ano-atinge-o-sudeste-com-forca-total\/","og_locale":"pt_BR","og_type":"article","og_title":"O clima mais imprevis\u00edvel do ano atinge o Sudeste com for\u00e7a total - Estado de Minas - Em foco","og_description":"As mudan\u00e7as clim\u00e1ticas est\u00e3o bagun\u00e7ando o clima no Sudeste com frio intenso e chuvas inesperadas que v\u00e3o afetar sua rotina nos pr\u00f3ximos dias.","og_url":"https:\/\/www.em.com.br\/emfoco\/2025\/08\/07\/o-clima-mais-imprevisivel-do-ano-atinge-o-sudeste-com-forca-total\/","og_site_name":"Estado de Minas - Em foco","article_published_time":"2025-08-07T09:28:00+00:00","article_modified_time":"2025-08-06T13:38:52+00:00","og_image":[{"width":1280,"height":720,"url":"https:\/\/www.em.com.br\/emfoco\/wp-content\/uploads\/2025\/07\/olhando-o-clima_1752154385637.jpg","type":"image\/jpeg"}],"author":"Andre\u0301 Rangel\u00a0","twitter_card":"summary_large_image","twitter_misc":{"Escrito por":"Andre\u0301 Rangel\u00a0","Est. tempo de leitura":"4 minutos"},"schema":{"@context":"https:\/\/schema.org","@graph":[{"@type":"WebPage","@id":"https:\/\/www.em.com.br\/emfoco\/2025\/08\/07\/o-clima-mais-imprevisivel-do-ano-atinge-o-sudeste-com-forca-total\/","url":"https:\/\/www.em.com.br\/emfoco\/2025\/08\/07\/o-clima-mais-imprevisivel-do-ano-atinge-o-sudeste-com-forca-total\/","name":"O clima mais imprevis\u00edvel do ano atinge o Sudeste com for\u00e7a total - Estado de Minas - Em foco","isPartOf":{"@id":"https:\/\/www.em.com.br\/emfoco\/#website"},"primaryImageOfPage":{"@id":"https:\/\/www.em.com.br\/emfoco\/2025\/08\/07\/o-clima-mais-imprevisivel-do-ano-atinge-o-sudeste-com-forca-total\/#primaryimage"},"image":{"@id":"https:\/\/www.em.com.br\/emfoco\/2025\/08\/07\/o-clima-mais-imprevisivel-do-ano-atinge-o-sudeste-com-forca-total\/#primaryimage"},"thumbnailUrl":"https:\/\/www.em.com.br\/emfoco\/wp-content\/uploads\/2025\/07\/olhando-o-clima_1752154385637.jpg","datePublished":"2025-08-07T09:28:00+00:00","dateModified":"2025-08-06T13:38:52+00:00","author":{"@id":"https:\/\/www.em.com.br\/emfoco\/#\/schema\/person\/60eda09c1fedf0d6891f4cef4b60b8b8"},"description":"As mudan\u00e7as clim\u00e1ticas est\u00e3o bagun\u00e7ando o clima no Sudeste com frio intenso e chuvas inesperadas que v\u00e3o afetar sua rotina nos pr\u00f3ximos dias.","breadcrumb":{"@id":"https:\/\/www.em.com.br\/emfoco\/2025\/08\/07\/o-clima-mais-imprevisivel-do-ano-atinge-o-sudeste-com-forca-total\/#breadcrumb"},"inLanguage":"pt-BR","potentialAction":[{"@type":"ReadAction","target":["https:\/\/www.em.com.br\/emfoco\/2025\/08\/07\/o-clima-mais-imprevisivel-do-ano-atinge-o-sudeste-com-forca-total\/"]}]},{"@type":"ImageObject","inLanguage":"pt-BR","@id":"https:\/\/www.em.com.br\/emfoco\/2025\/08\/07\/o-clima-mais-imprevisivel-do-ano-atinge-o-sudeste-com-forca-total\/#primaryimage","url":"https:\/\/www.em.com.br\/emfoco\/wp-content\/uploads\/2025\/07\/olhando-o-clima_1752154385637.jpg","contentUrl":"https:\/\/www.em.com.br\/emfoco\/wp-content\/uploads\/2025\/07\/olhando-o-clima_1752154385637.jpg","width":1280,"height":720,"caption":"Conferindo se est[a chovendo - Cr\u00e9ditos: depositphotos.com \/ romikmk"},{"@type":"BreadcrumbList","@id":"https:\/\/www.em.com.br\/emfoco\/2025\/08\/07\/o-clima-mais-imprevisivel-do-ano-atinge-o-sudeste-com-forca-total\/#breadcrumb","itemListElement":[{"@type":"ListItem","position":1,"name":"In\u00edcio","item":"https:\/\/www.em.com.br\/emfoco\/"},{"@type":"ListItem","position":2,"name":"O clima mais imprevis\u00edvel do ano atinge o Sudeste com for\u00e7a total"}]},{"@type":"WebSite","@id":"https:\/\/www.em.com.br\/emfoco\/#website","url":"https:\/\/www.em.com.br\/emfoco\/","name":"Estado de Minas - Em foco","description":"Acompanhe as \u00faltimas not\u00edcias e fique bem informado sobre tudo o que acontece em Minas Gerais, Brasil e no mundo.","potentialAction":[{"@type":"SearchAction","target":{"@type":"EntryPoint","urlTemplate":"https:\/\/www.em.com.br\/emfoco\/?s={search_term_string}"},"query-input":{"@type":"PropertyValueSpecification","valueRequired":true,"valueName":"search_term_string"}}],"inLanguage":"pt-BR"},{"@type":"Person","@id":"https:\/\/www.em.com.br\/emfoco\/#\/schema\/person\/60eda09c1fedf0d6891f4cef4b60b8b8","name":"Andre\u0301 Rangel\u00a0","image":{"@type":"ImageObject","inLanguage":"pt-BR","@id":"https:\/\/www.em.com.br\/emfoco\/#\/schema\/person\/image\/","url":"https:\/\/secure.gravatar.com\/avatar\/6234dc814c77c8ef6d8bba622c787efc?s=96&d=mm&r=g","contentUrl":"https:\/\/secure.gravatar.com\/avatar\/6234dc814c77c8ef6d8bba622c787efc?s=96&d=mm&r=g","caption":"Andre\u0301 Rangel\u00a0"},"url":"https:\/\/www.em.com.br\/emfoco\/author\/luizmyth\/"}]}},"_links":{"self":[{"href":"https:\/\/www.em.com.br\/emfoco\/wp-json\/wp\/v2\/posts\/87367","targetHints":{"allow":["GET"]}}],"collection":[{"href":"https:\/\/www.em.com.br\/emfoco\/wp-json\/wp\/v2\/posts"}],"about":[{"href":"https:\/\/www.em.com.br\/emfoco\/wp-json\/wp\/v2\/types\/post"}],"author":[{"embeddable":true,"href":"https:\/\/www.em.com.br\/emfoco\/wp-json\/wp\/v2\/users\/11"}],"replies":[{"embeddable":true,"href":"https:\/\/www.em.com.br\/emfoco\/wp-json\/wp\/v2\/comments?post=87367"}],"version-history":[{"count":5,"href":"https:\/\/www.em.com.br\/emfoco\/wp-json\/wp\/v2\/posts\/87367\/revisions"}],"predecessor-version":[{"id":87406,"href":"https:\/\/www.em.com.br\/emfoco\/wp-json\/wp\/v2\/posts\/87367\/revisions\/87406"}],"wp:featuredmedia":[{"embeddable":true,"href":"https:\/\/www.em.com.br\/emfoco\/wp-json\/wp\/v2\/media\/73817"}],"wp:attachment":[{"href":"https:\/\/www.em.com.br\/emfoco\/wp-json\/wp\/v2\/media?parent=87367"}],"wp:term":[{"taxonomy":"category","embeddable":true,"href":"https:\/\/www.em.com.br\/emfoco\/wp-json\/wp\/v2\/categories?post=87367"},{"taxonomy":"post_tag","embeddable":true,"href":"https:\/\/www.em.com.br\/emfoco\/wp-json\/wp\/v2\/tags?post=87367"}],"curies":[{"name":"wp","href":"https:\/\/api.w.org\/{rel}","templated":true}]}}