{"id":87346,"date":"2025-08-07T12:38:00","date_gmt":"2025-08-07T15:38:00","guid":{"rendered":"https:\/\/www.em.com.br\/emfoco\/?p=87346"},"modified":"2025-08-06T09:45:15","modified_gmt":"2025-08-06T12:45:15","slug":"o-impacto-do-cheiro-da-comida-no-seu-comportamento-de-compra","status":"publish","type":"post","link":"https:\/\/www.em.com.br\/emfoco\/2025\/08\/07\/o-impacto-do-cheiro-da-comida-no-seu-comportamento-de-compra\/","title":{"rendered":"O impacto do cheiro da comida no seu comportamento de compra"},"content":{"rendered":"\n<p>O&nbsp;<strong>impacto do cheiro da comida<\/strong>&nbsp;\u00e9 um elemento estrat\u00e9gico que transforma a experi\u00eancia do consumidor em mercados, padarias e restaurantes. A influ\u00eancia dos aromas sobre o&nbsp;<strong>comportamento de compra<\/strong>&nbsp;vem sendo estudada por marcas que desejam conquistar mais clientes e fidelizar consumidores.<\/p>\n\n\n\n<ul class=\"wp-block-list\">\n<li><strong>Cheiros despertam mem\u00f3rias e emo\u00e7\u00f5es<\/strong>, aumentando o interesse pelo produto aliment\u00edcio.<\/li>\n\n\n\n<li><strong>Estrat\u00e9gias olfativas podem elevar as vendas<\/strong>&nbsp;ao modificar o ambiente e estimular a fome.<\/li>\n\n\n\n<li><strong>Diferen\u00e7as culturais e prefer\u00eancias pessoais<\/strong>&nbsp;afetam como cada pessoa reage aos aromas em pontos de venda.<\/li>\n<\/ul>\n\n\n\n<h2 class=\"wp-block-heading\">Como os cheiros influenciam a decis\u00e3o de comprar alimentos?<\/h2>\n\n\n\n<p>A presen\u00e7a de&nbsp;<strong>aromas agrad\u00e1veis em estabelecimentos comerciais<\/strong>&nbsp;est\u00e1 ligada \u00e0 ativa\u00e7\u00e3o de \u00e1reas cerebrais respons\u00e1veis pela mem\u00f3ria e pelo prazer. Quando o cheiro de p\u00e3o rec\u00e9m-assado ou caf\u00e9 fresco \u00e9 liberado, o consumidor tende a prolongar o tempo na loja e se sente mais motivado a experimentar produtos al\u00e9m do previsto.<\/p>\n\n\n\n<p>No ambiente do varejo alimentar, a utiliza\u00e7\u00e3o de&nbsp;<strong>odores espec\u00edficos<\/strong>&nbsp;tem efeito comprovado sobre o desejo de consumo imediato. Esse fen\u00f4meno est\u00e1 relacionado ao est\u00edmulo do apetite, pois o olfato acelera processos cerebrais ligados \u00e0 necessidade de satisfa\u00e7\u00e3o.<\/p>\n\n\n<div class=\"wp-block-image\">\n<figure class=\"aligncenter size-large\"><img loading=\"lazy\" decoding=\"async\" width=\"1024\" height=\"576\" src=\"https:\/\/www.em.com.br\/emfoco\/wp-content\/uploads\/2025\/08\/cheiro-da-comida_1754484061957-1024x576.jpg\" alt=\"Como aromas afetam o comportamento\" class=\"wp-image-87350\" srcset=\"https:\/\/www.em.com.br\/emfoco\/wp-content\/uploads\/2025\/08\/cheiro-da-comida_1754484061957-1024x576.jpg 1024w, https:\/\/www.em.com.br\/emfoco\/wp-content\/uploads\/2025\/08\/cheiro-da-comida_1754484061957-300x169.jpg 300w, https:\/\/www.em.com.br\/emfoco\/wp-content\/uploads\/2025\/08\/cheiro-da-comida_1754484061957-768x432.jpg 768w, https:\/\/www.em.com.br\/emfoco\/wp-content\/uploads\/2025\/08\/cheiro-da-comida_1754484061957-750x422.jpg 750w, https:\/\/www.em.com.br\/emfoco\/wp-content\/uploads\/2025\/08\/cheiro-da-comida_1754484061957-1140x641.jpg 1140w, https:\/\/www.em.com.br\/emfoco\/wp-content\/uploads\/2025\/08\/cheiro-da-comida_1754484061957.jpg 1280w\" sizes=\"auto, (max-width: 1024px) 100vw, 1024px\" \/><figcaption class=\"wp-element-caption\">Como aromas afetam o comportamento &#8211; Cr\u00e9ditos: depositphotos.com \/ ArturVerkhovetskiy<\/figcaption><\/figure><\/div>\n\n\n<p>Leia tamb\u00e9m: <a href=\"https:\/\/www.em.com.br\/emfoco\/2025\/08\/06\/como-a-inteligencia-artificial-esta-mudando-a-vida-dos-50\/\" target=\"_blank\" rel=\"noreferrer noopener\">Como a intelig\u00eancia artificial est\u00e1 mudando a vida dos 50+<\/a><\/p>\n\n\n\n<h2 class=\"wp-block-heading\">Por que o marketing olfativo conquista mais clientes no ramo aliment\u00edcio?<\/h2>\n\n\n\n<p>O chamado&nbsp;<strong>marketing olfativo<\/strong>&nbsp;utiliza a reprodu\u00e7\u00e3o intencional de cheiros para criar uma atmosfera acolhedora e estimular vendas. Padarias deixam escapar o cheiro de p\u00e3es assando, supermercados direcionam os aromas para \u00e1reas estrat\u00e9gicas e cafeterias refor\u00e7am o aroma do caf\u00e9 mo\u00eddo na hora.<\/p>\n\n\n\n<p>A escolha de&nbsp;<strong>fragr\u00e2ncias associadas a mem\u00f3rias afetivas<\/strong>&nbsp;potencializa o desejo de compra. Uma pesquisa recente aponta que, em 2025, marcas do ramo aliment\u00edcio seguem apostando em aromas de inf\u00e2ncia, pois provocam sensa\u00e7\u00f5es de conforto e seguran\u00e7a, incentivando uma postura menos racional e mais emocional durante as compras.<\/p>\n\n\n\n<h2 class=\"wp-block-heading\">Quais s\u00e3o os principais exemplos de uso do cheiro da comida no varejo?<\/h2>\n\n\n\n<p>Casos conhecidos mostram o uso inteligente do&nbsp;<strong>cheiro de comida para influenciar consumidores<\/strong>. Supermercados costumam instalar fornos pr\u00f3ximos \u00e0 entrada, enquanto franquias de fast food intensificam o cheiro de batata frita e hamb\u00farguer para gerar apetite at\u00e9 em hor\u00e1rios menos convencionais.<\/p>\n\n\n\n<ul class=\"wp-block-list\">\n<li>Padarias artesanais investem no aroma de p\u00e3o quentinho para estimular compras por impulso.<\/li>\n\n\n\n<li>Lojas de doces liberam o cheiro de chocolate para aumentar o tempo do cliente dentro do estabelecimento.<\/li>\n\n\n\n<li>Restaurantes utilizam difusores para destacar pratos do card\u00e1pio em determinados hor\u00e1rios.<\/li>\n<\/ul>\n\n\n\n<p>Aten\u00e7\u00e3o: O excesso de cheiros artificiais pode causar o efeito oposto, resultando em desconforto e afastamento de clientes sens\u00edveis. O equil\u00edbrio entre autenticidade e intensidade \u00e9 fundamental para garantir boa experi\u00eancia sensorial.<\/p>\n\n\n\n<h2 class=\"wp-block-heading\">Aspectos culturais e desafios do uso de aromas na comunica\u00e7\u00e3o do varejo<\/h2>\n\n\n\n<p>Diversas culturas reagem de maneira distinta diante dos mesmos aromas. Enquanto o cheiro de caf\u00e9 fresco pode ser reconfortante no Brasil, outros pa\u00edses valorizam especiarias ou ervas arom\u00e1ticas. Por isso, conhecer o perfil do p\u00fablico-alvo e suas prefer\u00eancias \u00e9 relevante ao adotar essa estrat\u00e9gia.<\/p>\n\n\n\n<p>Empresas do ramo aliment\u00edcio precisam ponderar sobre a intensidade e a autenticidade dos odores utilizados. Cheiros artificiais em excesso podem gerar desconfian\u00e7a e sensa\u00e7\u00f5es negativas, <a href=\"https:\/\/www.gov.br\/saude\/pt-br\/assuntos\/saude-brasil\/eu-quero-me-alimentar-melhor\/noticias\/2022\/por-que-e-tao-importante-uma-alimentacao-adequada-e-saudavel-no-inicio-da-vida\" target=\"_blank\" rel=\"noreferrer noopener\">prejudicando <\/a>a reputa\u00e7\u00e3o da marca ao inv\u00e9s de melhorar as vendas.<\/p>\n\n\n\n<h2 class=\"wp-block-heading\">Cheiro da comida molda experi\u00eancias e redefine estrat\u00e9gias comerciais<\/h2>\n\n\n\n<ul class=\"wp-block-list\">\n<li><strong>O cheiro da comida<\/strong>&nbsp;age como est\u00edmulo importante para aumentar o desejo de compra e prolongar a perman\u00eancia dos clientes no ponto de venda.<\/li>\n\n\n\n<li>Pr\u00e1ticas de&nbsp;<strong>marketing olfativo<\/strong>&nbsp;elevam as vendas, despertando emo\u00e7\u00f5es e mem\u00f3rias, mas exigem cuidado na escolha de aromas e dosagens.<\/li>\n\n\n\n<li>Diferentes p\u00fablicos reagem de formas variadas, sendo fundamental alinhar estrat\u00e9gias sensoriais ao perfil cultural e sensorial dos clientes.<\/li>\n<\/ul>\n","protected":false},"excerpt":{"rendered":"<p>O&nbsp;impacto do cheiro da comida&nbsp;\u00e9 um elemento estrat\u00e9gico que transforma a experi\u00eancia do consumidor em mercados, padarias e restaurantes. A influ\u00eancia dos aromas sobre o&nbsp;comportamento de compra&nbsp;vem sendo estudada por marcas que desejam conquistar mais clientes e fidelizar consumidores. Como os cheiros influenciam a decis\u00e3o de comprar alimentos? A presen\u00e7a de&nbsp;aromas agrad\u00e1veis em estabelecimentos comerciais&nbsp;est\u00e1 [&hellip;]<\/p>\n","protected":false},"author":15,"featured_media":87349,"comment_status":"open","ping_status":"open","sticky":false,"template":"","format":"standard","meta":{"jnews-multi-image_gallery":[],"jnews_single_post":{"format":"standard"},"jnews_primary_category":[],"jnews_social_meta":[],"jnews_override_counter":[],"footnotes":""},"categories":[8819],"tags":[9314,4951,884,5155],"class_list":["post-87346","post","type-post","status-publish","format-standard","has-post-thumbnail","hentry","category-curiosidades","tag-cerebro-e-comportamento","tag-cheiro","tag-ciencia","tag-psicologia"],"yoast_head":"<!-- This site is optimized with the Yoast SEO plugin v23.8 - https:\/\/yoast.com\/wordpress\/plugins\/seo\/ -->\n<title>O impacto do cheiro da comida no seu comportamento de compra - Estado de Minas - Em foco<\/title>\n<meta name=\"description\" content=\"O cheiro da comida ativa \u00e1reas do c\u00e9rebro ligadas ao desejo e influ\u00eancia de compra. Veja como isso impacta suas escolhas sem perceber.\" \/>\n<meta name=\"robots\" content=\"index, follow, max-snippet:-1, max-image-preview:large, max-video-preview:-1\" \/>\n<link rel=\"canonical\" href=\"https:\/\/www.em.com.br\/emfoco\/2025\/08\/07\/o-impacto-do-cheiro-da-comida-no-seu-comportamento-de-compra\/\" \/>\n<meta property=\"og:locale\" content=\"pt_BR\" \/>\n<meta property=\"og:type\" content=\"article\" \/>\n<meta property=\"og:title\" content=\"O impacto do cheiro da comida no seu comportamento de compra - Estado de Minas - Em foco\" \/>\n<meta property=\"og:description\" content=\"O cheiro da comida ativa \u00e1reas do c\u00e9rebro ligadas ao desejo e influ\u00eancia de compra. Veja como isso impacta suas escolhas sem perceber.\" \/>\n<meta property=\"og:url\" content=\"https:\/\/www.em.com.br\/emfoco\/2025\/08\/07\/o-impacto-do-cheiro-da-comida-no-seu-comportamento-de-compra\/\" \/>\n<meta property=\"og:site_name\" content=\"Estado de Minas - Em foco\" \/>\n<meta property=\"article:published_time\" content=\"2025-08-07T15:38:00+00:00\" \/>\n<meta property=\"article:modified_time\" content=\"2025-08-06T12:45:15+00:00\" \/>\n<meta property=\"og:image\" content=\"https:\/\/www.em.com.br\/emfoco\/wp-content\/uploads\/2025\/08\/cheiro-da-comida_1754484063157.jpg\" \/>\n\t<meta property=\"og:image:width\" content=\"1280\" \/>\n\t<meta property=\"og:image:height\" content=\"720\" \/>\n\t<meta property=\"og:image:type\" content=\"image\/jpeg\" \/>\n<meta name=\"author\" content=\"Douglas Myth\" \/>\n<meta name=\"twitter:card\" content=\"summary_large_image\" \/>\n<meta name=\"twitter:label1\" content=\"Escrito por\" \/>\n\t<meta name=\"twitter:data1\" content=\"Douglas Myth\" \/>\n\t<meta name=\"twitter:label2\" content=\"Est. tempo de leitura\" \/>\n\t<meta name=\"twitter:data2\" content=\"4 minutos\" \/>\n<!-- \/ Yoast SEO plugin. -->","yoast_head_json":{"title":"O impacto do cheiro da comida no seu comportamento de compra - Estado de Minas - Em foco","description":"O cheiro da comida ativa \u00e1reas do c\u00e9rebro ligadas ao desejo e influ\u00eancia de compra. Veja como isso impacta suas escolhas sem perceber.","robots":{"index":"index","follow":"follow","max-snippet":"max-snippet:-1","max-image-preview":"max-image-preview:large","max-video-preview":"max-video-preview:-1"},"canonical":"https:\/\/www.em.com.br\/emfoco\/2025\/08\/07\/o-impacto-do-cheiro-da-comida-no-seu-comportamento-de-compra\/","og_locale":"pt_BR","og_type":"article","og_title":"O impacto do cheiro da comida no seu comportamento de compra - Estado de Minas - Em foco","og_description":"O cheiro da comida ativa \u00e1reas do c\u00e9rebro ligadas ao desejo e influ\u00eancia de compra. Veja como isso impacta suas escolhas sem perceber.","og_url":"https:\/\/www.em.com.br\/emfoco\/2025\/08\/07\/o-impacto-do-cheiro-da-comida-no-seu-comportamento-de-compra\/","og_site_name":"Estado de Minas - Em foco","article_published_time":"2025-08-07T15:38:00+00:00","article_modified_time":"2025-08-06T12:45:15+00:00","og_image":[{"width":1280,"height":720,"url":"https:\/\/www.em.com.br\/emfoco\/wp-content\/uploads\/2025\/08\/cheiro-da-comida_1754484063157.jpg","type":"image\/jpeg"}],"author":"Douglas Myth","twitter_card":"summary_large_image","twitter_misc":{"Escrito por":"Douglas Myth","Est. tempo de leitura":"4 minutos"},"schema":{"@context":"https:\/\/schema.org","@graph":[{"@type":"WebPage","@id":"https:\/\/www.em.com.br\/emfoco\/2025\/08\/07\/o-impacto-do-cheiro-da-comida-no-seu-comportamento-de-compra\/","url":"https:\/\/www.em.com.br\/emfoco\/2025\/08\/07\/o-impacto-do-cheiro-da-comida-no-seu-comportamento-de-compra\/","name":"O impacto do cheiro da comida no seu comportamento de compra - Estado de Minas - Em foco","isPartOf":{"@id":"https:\/\/www.em.com.br\/emfoco\/#website"},"primaryImageOfPage":{"@id":"https:\/\/www.em.com.br\/emfoco\/2025\/08\/07\/o-impacto-do-cheiro-da-comida-no-seu-comportamento-de-compra\/#primaryimage"},"image":{"@id":"https:\/\/www.em.com.br\/emfoco\/2025\/08\/07\/o-impacto-do-cheiro-da-comida-no-seu-comportamento-de-compra\/#primaryimage"},"thumbnailUrl":"https:\/\/www.em.com.br\/emfoco\/wp-content\/uploads\/2025\/08\/cheiro-da-comida_1754484063157.jpg","datePublished":"2025-08-07T15:38:00+00:00","dateModified":"2025-08-06T12:45:15+00:00","author":{"@id":"https:\/\/www.em.com.br\/emfoco\/#\/schema\/person\/bba594b7eebe9b9885fec3a5c7837089"},"description":"O cheiro da comida ativa \u00e1reas do c\u00e9rebro ligadas ao desejo e influ\u00eancia de compra. Veja como isso impacta suas escolhas sem perceber.","breadcrumb":{"@id":"https:\/\/www.em.com.br\/emfoco\/2025\/08\/07\/o-impacto-do-cheiro-da-comida-no-seu-comportamento-de-compra\/#breadcrumb"},"inLanguage":"pt-BR","potentialAction":[{"@type":"ReadAction","target":["https:\/\/www.em.com.br\/emfoco\/2025\/08\/07\/o-impacto-do-cheiro-da-comida-no-seu-comportamento-de-compra\/"]}]},{"@type":"ImageObject","inLanguage":"pt-BR","@id":"https:\/\/www.em.com.br\/emfoco\/2025\/08\/07\/o-impacto-do-cheiro-da-comida-no-seu-comportamento-de-compra\/#primaryimage","url":"https:\/\/www.em.com.br\/emfoco\/wp-content\/uploads\/2025\/08\/cheiro-da-comida_1754484063157.jpg","contentUrl":"https:\/\/www.em.com.br\/emfoco\/wp-content\/uploads\/2025\/08\/cheiro-da-comida_1754484063157.jpg","width":1280,"height":720,"caption":"Como aromas afetam o comportamento - Cr\u00e9ditos: depositphotos.com \/ AndrewLozovyi"},{"@type":"BreadcrumbList","@id":"https:\/\/www.em.com.br\/emfoco\/2025\/08\/07\/o-impacto-do-cheiro-da-comida-no-seu-comportamento-de-compra\/#breadcrumb","itemListElement":[{"@type":"ListItem","position":1,"name":"In\u00edcio","item":"https:\/\/www.em.com.br\/emfoco\/"},{"@type":"ListItem","position":2,"name":"O impacto do cheiro da comida no seu comportamento de compra"}]},{"@type":"WebSite","@id":"https:\/\/www.em.com.br\/emfoco\/#website","url":"https:\/\/www.em.com.br\/emfoco\/","name":"Estado de Minas - Em foco","description":"Acompanhe as \u00faltimas not\u00edcias e fique bem informado sobre tudo o que acontece em Minas Gerais, Brasil e no mundo.","potentialAction":[{"@type":"SearchAction","target":{"@type":"EntryPoint","urlTemplate":"https:\/\/www.em.com.br\/emfoco\/?s={search_term_string}"},"query-input":{"@type":"PropertyValueSpecification","valueRequired":true,"valueName":"search_term_string"}}],"inLanguage":"pt-BR"},{"@type":"Person","@id":"https:\/\/www.em.com.br\/emfoco\/#\/schema\/person\/bba594b7eebe9b9885fec3a5c7837089","name":"Douglas Myth","image":{"@type":"ImageObject","inLanguage":"pt-BR","@id":"https:\/\/www.em.com.br\/emfoco\/#\/schema\/person\/image\/","url":"https:\/\/secure.gravatar.com\/avatar\/1ac3cf50d0e68642c697dc0c960c802f?s=96&d=mm&r=g","contentUrl":"https:\/\/secure.gravatar.com\/avatar\/1ac3cf50d0e68642c697dc0c960c802f?s=96&d=mm&r=g","caption":"Douglas Myth"},"url":"https:\/\/www.em.com.br\/emfoco\/author\/douglasmyth\/"}]}},"_links":{"self":[{"href":"https:\/\/www.em.com.br\/emfoco\/wp-json\/wp\/v2\/posts\/87346","targetHints":{"allow":["GET"]}}],"collection":[{"href":"https:\/\/www.em.com.br\/emfoco\/wp-json\/wp\/v2\/posts"}],"about":[{"href":"https:\/\/www.em.com.br\/emfoco\/wp-json\/wp\/v2\/types\/post"}],"author":[{"embeddable":true,"href":"https:\/\/www.em.com.br\/emfoco\/wp-json\/wp\/v2\/users\/15"}],"replies":[{"embeddable":true,"href":"https:\/\/www.em.com.br\/emfoco\/wp-json\/wp\/v2\/comments?post=87346"}],"version-history":[{"count":3,"href":"https:\/\/www.em.com.br\/emfoco\/wp-json\/wp\/v2\/posts\/87346\/revisions"}],"predecessor-version":[{"id":87351,"href":"https:\/\/www.em.com.br\/emfoco\/wp-json\/wp\/v2\/posts\/87346\/revisions\/87351"}],"wp:featuredmedia":[{"embeddable":true,"href":"https:\/\/www.em.com.br\/emfoco\/wp-json\/wp\/v2\/media\/87349"}],"wp:attachment":[{"href":"https:\/\/www.em.com.br\/emfoco\/wp-json\/wp\/v2\/media?parent=87346"}],"wp:term":[{"taxonomy":"category","embeddable":true,"href":"https:\/\/www.em.com.br\/emfoco\/wp-json\/wp\/v2\/categories?post=87346"},{"taxonomy":"post_tag","embeddable":true,"href":"https:\/\/www.em.com.br\/emfoco\/wp-json\/wp\/v2\/tags?post=87346"}],"curies":[{"name":"wp","href":"https:\/\/api.w.org\/{rel}","templated":true}]}}