{"id":87340,"date":"2025-08-07T11:18:09","date_gmt":"2025-08-07T14:18:09","guid":{"rendered":"https:\/\/www.em.com.br\/emfoco\/?p=87340"},"modified":"2025-08-06T09:38:59","modified_gmt":"2025-08-06T12:38:59","slug":"como-a-inteligencia-artificial-esta-guiando-veiculos","status":"publish","type":"post","link":"https:\/\/www.em.com.br\/emfoco\/2025\/08\/07\/como-a-inteligencia-artificial-esta-guiando-veiculos\/","title":{"rendered":"Como a intelig\u00eancia artificial est\u00e1 guiando ve\u00edculos"},"content":{"rendered":"\n<p><strong>Carros aut\u00f4nomos<\/strong>&nbsp;simbolizam uma transforma\u00e7\u00e3o silenciosa, impulsionada por&nbsp;<strong>intelig\u00eancia artificial<\/strong>&nbsp;e avan\u00e7os constantes em ve\u00edculos inteligentes. Grandes ind\u00fastrias automotivas e empresas de tecnologia j\u00e1 investem em solu\u00e7\u00f5es para tornar a dire\u00e7\u00e3o automatizada uma realidade cada vez mais comum nas cidades brasileiras.<\/p>\n\n\n\n<ul class=\"wp-block-list\">\n<li>Tecnologias de IA e sensores est\u00e3o integrando fun\u00e7\u00f5es avan\u00e7adas de dire\u00e7\u00e3o sem interven\u00e7\u00e3o humana<\/li>\n\n\n\n<li>O cen\u00e1rio brasileiro para carros aut\u00f4nomos apresenta desafios regulat\u00f3rios e estruturais<\/li>\n\n\n\n<li>Novas possibilidades de seguran\u00e7a, economia e experi\u00eancia do usu\u00e1rio despontam no horizonte da mobilidade<\/li>\n<\/ul>\n\n\n\n<h2 class=\"wp-block-heading\">O que s\u00e3o carros aut\u00f4nomos e como funcionam<\/h2>\n\n\n\n<p>Os&nbsp;<strong>ve\u00edculos aut\u00f4nomos<\/strong>&nbsp;combinam uma s\u00e9rie de sensores, c\u00e2meras, radares e algoritmos de&nbsp;<strong>IA<\/strong>&nbsp;para interpretar o ambiente ao redor. A partir dessas informa\u00e7\u00f5es, o sistema toma decis\u00f5es de dire\u00e7\u00e3o, ajustando velocidade, freando e desviando de obst\u00e1culos sem o aux\u00edlio humano direto.<\/p>\n\n\n\n<p>Os principais n\u00edveis de autonomia variam desde modelos com assist\u00eancia de dire\u00e7\u00e3o parcial at\u00e9 ve\u00edculos capazes de operar totalmente sozinhos. O uso de&nbsp;<em>machine learning<\/em>&nbsp;e redes neurais permite que esses sistemas aprendam a responder a diferentes situa\u00e7\u00f5es no tr\u00e2nsito, tornando-se mais precisos com o tempo.<\/p>\n\n\n\n<p><strong>Carros aut\u00f4nomos<\/strong>&nbsp;armazenam e analisam dados em tempo real para identificar pedestres, outros autom\u00f3veis e placas de tr\u00e2nsito. Isso proporciona tomadas de decis\u00e3o r\u00e1pidas, otimizando trajetos e prevenindo acidentes.<\/p>\n\n\n<div class=\"wp-block-image\">\n<figure class=\"aligncenter size-large\"><img loading=\"lazy\" decoding=\"async\" width=\"1024\" height=\"576\" src=\"https:\/\/www.em.com.br\/emfoco\/wp-content\/uploads\/2025\/08\/Carros-autonomos-1024x576.jpg\" alt=\"Carros aut\u00f4nomos\" class=\"wp-image-87344\" srcset=\"https:\/\/www.em.com.br\/emfoco\/wp-content\/uploads\/2025\/08\/Carros-autonomos-1024x576.jpg 1024w, https:\/\/www.em.com.br\/emfoco\/wp-content\/uploads\/2025\/08\/Carros-autonomos-300x169.jpg 300w, https:\/\/www.em.com.br\/emfoco\/wp-content\/uploads\/2025\/08\/Carros-autonomos-768x432.jpg 768w, https:\/\/www.em.com.br\/emfoco\/wp-content\/uploads\/2025\/08\/Carros-autonomos-750x422.jpg 750w, https:\/\/www.em.com.br\/emfoco\/wp-content\/uploads\/2025\/08\/Carros-autonomos-1140x641.jpg 1140w, https:\/\/www.em.com.br\/emfoco\/wp-content\/uploads\/2025\/08\/Carros-autonomos.jpg 1280w\" sizes=\"auto, (max-width: 1024px) 100vw, 1024px\" \/><figcaption class=\"wp-element-caption\">Carros aut\u00f4nomos &#8211; Cr\u00e9ditos: depositphotos.com \/ edaldridge &#8211; Cr\u00e9ditos: depositphotos.com \/ chesky_w<\/figcaption><\/figure><\/div>\n\n\n<h2 class=\"wp-block-heading\">Quais os principais desafios para carros aut\u00f4nomos no Brasil?<\/h2>\n\n\n\n<p>No contexto brasileiro, os&nbsp;<strong>carros aut\u00f4nomos<\/strong>&nbsp;encontram desafios \u00fanicos, como a diversidade das vias urbanas, infraestrutura limitada e aspectos regulat\u00f3rios ainda em constru\u00e7\u00e3o. O tr\u00e2nsito intenso das grandes cidades apresenta vari\u00e1veis constantes, exigindo dos sistemas uma alta capacidade de adapta\u00e7\u00e3o.<\/p>\n\n\n\n<p>A regula\u00e7\u00e3o espec\u00edfica para ve\u00edculos inteligentes ainda est\u00e1 sendo debatida pelos \u00f3rg\u00e3os competentes em 2025, dificultando testes em larga escala e a comercializa\u00e7\u00e3o dos autom\u00f3veis aut\u00f4nomos no pa\u00eds. Adapta\u00e7\u00e3o \u00e0s condi\u00e7\u00f5es do asfalto, sinaliza\u00e7\u00e3o incompleta e o comportamento imprevis\u00edvel dos demais motoristas s\u00e3o fatores de grande impacto.<\/p>\n\n\n\n<p>Leia tamb\u00e9m: <a href=\"https:\/\/www.em.com.br\/emfoco\/2025\/08\/06\/os-signos-mais-rebeldes-do-zodiaco-segundo-a-astrologia\/\" target=\"_blank\" rel=\"noreferrer noopener\">Os signos mais rebeldes do zod\u00edaco segundo a astrologia<\/a><\/p>\n\n\n\n<h2 class=\"wp-block-heading\">Impactos dos carros aut\u00f4nomos: seguran\u00e7a, economia e experi\u00eancia do usu\u00e1rio<\/h2>\n\n\n\n<p>A chegada dos&nbsp;<strong>ve\u00edculos aut\u00f4nomos<\/strong>&nbsp;representa novas perspectivas para a seguran\u00e7a vi\u00e1ria. Dados globais indicam que mais de 90% dos acidentes t\u00eam rela\u00e7\u00e3o direta com erro humano; a substitui\u00e7\u00e3o progressiva por intelig\u00eancia artificial pode reduzir de forma consider\u00e1vel esse \u00edndice.<\/p>\n\n\n\n<p>Outro ponto relevante envolve a economia de tempo e combust\u00edvel.&nbsp;<strong>Algoritmos inteligentes<\/strong>&nbsp;otimizam rotas, reduzindo custos de deslocamento e potencializando o uso consciente de energia, principalmente em frotas el\u00e9tricas ou h\u00edbridas.<\/p>\n\n\n\n<ul class=\"wp-block-list\">\n<li>Menos congestionamento devido ao ajuste din\u00e2mico de velocidade e rotas<\/li>\n\n\n\n<li>Experi\u00eancia customiz\u00e1vel: sistemas de bordo ajustam m\u00fasica, climatiza\u00e7\u00e3o e prefer\u00eancias do passageiro automaticamente<\/li>\n\n\n\n<li>Aten\u00e7\u00e3o: a transi\u00e7\u00e3o completa para ve\u00edculos aut\u00f4nomos ainda requer conviv\u00eancia com modelos tradicionais, criando cen\u00e1rios de adapta\u00e7\u00e3o gradual<\/li>\n<\/ul>\n\n\n\n<h2 class=\"wp-block-heading\">O futuro dos carros aut\u00f4nomos: tend\u00eancias e pr\u00f3ximos passos<\/h2>\n\n\n\n<p>Analisando tend\u00eancias recentes, especialistas apontam para uma expans\u00e3o gradual dos\u00a0<strong>carros aut\u00f4nomos<\/strong>\u00a0em grandes centros urbanos e em segmentos como transporte de passageiros e log\u00edstica. <a href=\"https:\/\/www.cnnbrasil.com.br\/economia\/negocios\/carros-autonomos-estao-cada-vez-mais-proximos-de-rodar-nas-ruas-conheca-principais-modelos-em-desenvolvimento\/\" target=\"_blank\" rel=\"noreferrer noopener\">Parcerias <\/a>entre montadoras e empresas de tecnologia aceleram a disponibiliza\u00e7\u00e3o de novos modelos, com testes em cidades-controladas e corredores espec\u00edficos.<\/p>\n\n\n\n<p>Apesar dos avan\u00e7os t\u00e9cnicos, aspectos \u00e9ticos, como a responsabilidade em caso de acidentes e o uso dos dados coletados pelos sistemas, continuam em pauta. O desenvolvimento de legisla\u00e7\u00f5es mais abrangentes e a aceita\u00e7\u00e3o social do p\u00fablico s\u00e3o fatores essenciais para a consolida\u00e7\u00e3o dessa tecnologia.<\/p>\n\n\n\n<p>O ano de 2025 marca um ponto de inflex\u00e3o, com frotas-piloto de carros aut\u00f4nomos j\u00e1 presentes em algumas capitais brasileiras e regionais. O debate sobre impacto social, profissionaliza\u00e7\u00e3o em TI automotiva e adapta\u00e7\u00e3o do setor de seguros \u00e9 cada vez mais intenso.<\/p>\n\n\n\n<h2 class=\"wp-block-heading\">Caminhos que os carros aut\u00f4nomos est\u00e3o desenhando em 2025<\/h2>\n\n\n\n<ul class=\"wp-block-list\">\n<li><strong>Ve\u00edculos aut\u00f4nomos<\/strong>&nbsp;incorporam sistemas de IA cada vez mais sofisticados, ampliando a seguran\u00e7a e a efici\u00eancia no tr\u00e2nsito.<\/li>\n\n\n\n<li>A infraestrutura e a legisla\u00e7\u00e3o brasileira continuam evoluindo para acompanhar os avan\u00e7os dessa tecnologia.<\/li>\n\n\n\n<li>A conviv\u00eancia entre modelos tradicionais e carros aut\u00f4nomos desenha cen\u00e1rios de inova\u00e7\u00e3o e adapta\u00e7\u00e3o cont\u00ednua.<\/li>\n<\/ul>\n","protected":false},"excerpt":{"rendered":"<p>Carros aut\u00f4nomos&nbsp;simbolizam uma transforma\u00e7\u00e3o silenciosa, impulsionada por&nbsp;intelig\u00eancia artificial&nbsp;e avan\u00e7os constantes em ve\u00edculos inteligentes. Grandes ind\u00fastrias automotivas e empresas de tecnologia j\u00e1 investem em solu\u00e7\u00f5es para tornar a dire\u00e7\u00e3o automatizada uma realidade cada vez mais comum nas cidades brasileiras. O que s\u00e3o carros aut\u00f4nomos e como funcionam Os&nbsp;ve\u00edculos aut\u00f4nomos&nbsp;combinam uma s\u00e9rie de sensores, c\u00e2meras, radares e [&hellip;]<\/p>\n","protected":false},"author":15,"featured_media":87343,"comment_status":"open","ping_status":"open","sticky":false,"template":"","format":"standard","meta":{"jnews-multi-image_gallery":[],"jnews_single_post":{"format":"standard"},"jnews_primary_category":[],"jnews_social_meta":[],"jnews_override_counter":[],"footnotes":""},"categories":[8819],"tags":[7133,4224,11792,5753],"class_list":["post-87340","post","type-post","status-publish","format-standard","has-post-thumbnail","hentry","category-curiosidades","tag-atualizacao-automotiva","tag-automatizacao","tag-carro-eletirco","tag-inteligencia-artificia"],"yoast_head":"<!-- This site is optimized with the Yoast SEO plugin v23.8 - https:\/\/yoast.com\/wordpress\/plugins\/seo\/ -->\n<title>Como a intelig\u00eancia artificial est\u00e1 guiando ve\u00edculos - Estado de Minas - Em foco<\/title>\n<meta name=\"description\" content=\"Carros aut\u00f4nomos usam IA para tomar decis\u00f5es no tr\u00e2nsito com seguran\u00e7a e efici\u00eancia. Veja como essa tecnologia est\u00e1 evoluindo.\" \/>\n<meta name=\"robots\" content=\"index, follow, max-snippet:-1, max-image-preview:large, max-video-preview:-1\" \/>\n<link rel=\"canonical\" href=\"https:\/\/www.em.com.br\/emfoco\/2025\/08\/07\/como-a-inteligencia-artificial-esta-guiando-veiculos\/\" \/>\n<meta property=\"og:locale\" content=\"pt_BR\" \/>\n<meta property=\"og:type\" content=\"article\" \/>\n<meta property=\"og:title\" content=\"Como a intelig\u00eancia artificial est\u00e1 guiando ve\u00edculos - Estado de Minas - Em foco\" \/>\n<meta property=\"og:description\" content=\"Carros aut\u00f4nomos usam IA para tomar decis\u00f5es no tr\u00e2nsito com seguran\u00e7a e efici\u00eancia. Veja como essa tecnologia est\u00e1 evoluindo.\" \/>\n<meta property=\"og:url\" content=\"https:\/\/www.em.com.br\/emfoco\/2025\/08\/07\/como-a-inteligencia-artificial-esta-guiando-veiculos\/\" \/>\n<meta property=\"og:site_name\" content=\"Estado de Minas - Em foco\" \/>\n<meta property=\"article:published_time\" content=\"2025-08-07T14:18:09+00:00\" \/>\n<meta property=\"article:modified_time\" content=\"2025-08-06T12:38:59+00:00\" \/>\n<meta property=\"og:image\" content=\"https:\/\/www.em.com.br\/emfoco\/wp-content\/uploads\/2025\/08\/Carros-autonomos_1754483816652.jpg\" \/>\n\t<meta property=\"og:image:width\" content=\"1280\" \/>\n\t<meta property=\"og:image:height\" content=\"720\" \/>\n\t<meta property=\"og:image:type\" content=\"image\/jpeg\" \/>\n<meta name=\"author\" content=\"Douglas Myth\" \/>\n<meta name=\"twitter:card\" content=\"summary_large_image\" \/>\n<meta name=\"twitter:label1\" content=\"Escrito por\" \/>\n\t<meta name=\"twitter:data1\" content=\"Douglas Myth\" \/>\n\t<meta name=\"twitter:label2\" content=\"Est. tempo de leitura\" \/>\n\t<meta name=\"twitter:data2\" content=\"4 minutos\" \/>\n<!-- \/ Yoast SEO plugin. -->","yoast_head_json":{"title":"Como a intelig\u00eancia artificial est\u00e1 guiando ve\u00edculos - Estado de Minas - Em foco","description":"Carros aut\u00f4nomos usam IA para tomar decis\u00f5es no tr\u00e2nsito com seguran\u00e7a e efici\u00eancia. Veja como essa tecnologia est\u00e1 evoluindo.","robots":{"index":"index","follow":"follow","max-snippet":"max-snippet:-1","max-image-preview":"max-image-preview:large","max-video-preview":"max-video-preview:-1"},"canonical":"https:\/\/www.em.com.br\/emfoco\/2025\/08\/07\/como-a-inteligencia-artificial-esta-guiando-veiculos\/","og_locale":"pt_BR","og_type":"article","og_title":"Como a intelig\u00eancia artificial est\u00e1 guiando ve\u00edculos - Estado de Minas - Em foco","og_description":"Carros aut\u00f4nomos usam IA para tomar decis\u00f5es no tr\u00e2nsito com seguran\u00e7a e efici\u00eancia. Veja como essa tecnologia est\u00e1 evoluindo.","og_url":"https:\/\/www.em.com.br\/emfoco\/2025\/08\/07\/como-a-inteligencia-artificial-esta-guiando-veiculos\/","og_site_name":"Estado de Minas - Em foco","article_published_time":"2025-08-07T14:18:09+00:00","article_modified_time":"2025-08-06T12:38:59+00:00","og_image":[{"width":1280,"height":720,"url":"https:\/\/www.em.com.br\/emfoco\/wp-content\/uploads\/2025\/08\/Carros-autonomos_1754483816652.jpg","type":"image\/jpeg"}],"author":"Douglas Myth","twitter_card":"summary_large_image","twitter_misc":{"Escrito por":"Douglas Myth","Est. tempo de leitura":"4 minutos"},"schema":{"@context":"https:\/\/schema.org","@graph":[{"@type":"WebPage","@id":"https:\/\/www.em.com.br\/emfoco\/2025\/08\/07\/como-a-inteligencia-artificial-esta-guiando-veiculos\/","url":"https:\/\/www.em.com.br\/emfoco\/2025\/08\/07\/como-a-inteligencia-artificial-esta-guiando-veiculos\/","name":"Como a intelig\u00eancia artificial est\u00e1 guiando ve\u00edculos - Estado de Minas - Em foco","isPartOf":{"@id":"https:\/\/www.em.com.br\/emfoco\/#website"},"primaryImageOfPage":{"@id":"https:\/\/www.em.com.br\/emfoco\/2025\/08\/07\/como-a-inteligencia-artificial-esta-guiando-veiculos\/#primaryimage"},"image":{"@id":"https:\/\/www.em.com.br\/emfoco\/2025\/08\/07\/como-a-inteligencia-artificial-esta-guiando-veiculos\/#primaryimage"},"thumbnailUrl":"https:\/\/www.em.com.br\/emfoco\/wp-content\/uploads\/2025\/08\/Carros-autonomos_1754483816652.jpg","datePublished":"2025-08-07T14:18:09+00:00","dateModified":"2025-08-06T12:38:59+00:00","author":{"@id":"https:\/\/www.em.com.br\/emfoco\/#\/schema\/person\/bba594b7eebe9b9885fec3a5c7837089"},"description":"Carros aut\u00f4nomos usam IA para tomar decis\u00f5es no tr\u00e2nsito com seguran\u00e7a e efici\u00eancia. Veja como essa tecnologia est\u00e1 evoluindo.","breadcrumb":{"@id":"https:\/\/www.em.com.br\/emfoco\/2025\/08\/07\/como-a-inteligencia-artificial-esta-guiando-veiculos\/#breadcrumb"},"inLanguage":"pt-BR","potentialAction":[{"@type":"ReadAction","target":["https:\/\/www.em.com.br\/emfoco\/2025\/08\/07\/como-a-inteligencia-artificial-esta-guiando-veiculos\/"]}]},{"@type":"ImageObject","inLanguage":"pt-BR","@id":"https:\/\/www.em.com.br\/emfoco\/2025\/08\/07\/como-a-inteligencia-artificial-esta-guiando-veiculos\/#primaryimage","url":"https:\/\/www.em.com.br\/emfoco\/wp-content\/uploads\/2025\/08\/Carros-autonomos_1754483816652.jpg","contentUrl":"https:\/\/www.em.com.br\/emfoco\/wp-content\/uploads\/2025\/08\/Carros-autonomos_1754483816652.jpg","width":1280,"height":720,"caption":"Carros aut\u00f4nomos - Cr\u00e9ditos: depositphotos.com \/ Prostock"},{"@type":"BreadcrumbList","@id":"https:\/\/www.em.com.br\/emfoco\/2025\/08\/07\/como-a-inteligencia-artificial-esta-guiando-veiculos\/#breadcrumb","itemListElement":[{"@type":"ListItem","position":1,"name":"In\u00edcio","item":"https:\/\/www.em.com.br\/emfoco\/"},{"@type":"ListItem","position":2,"name":"Como a intelig\u00eancia artificial est\u00e1 guiando ve\u00edculos"}]},{"@type":"WebSite","@id":"https:\/\/www.em.com.br\/emfoco\/#website","url":"https:\/\/www.em.com.br\/emfoco\/","name":"Estado de Minas - Em foco","description":"Acompanhe as \u00faltimas not\u00edcias e fique bem informado sobre tudo o que acontece em Minas Gerais, Brasil e no mundo.","potentialAction":[{"@type":"SearchAction","target":{"@type":"EntryPoint","urlTemplate":"https:\/\/www.em.com.br\/emfoco\/?s={search_term_string}"},"query-input":{"@type":"PropertyValueSpecification","valueRequired":true,"valueName":"search_term_string"}}],"inLanguage":"pt-BR"},{"@type":"Person","@id":"https:\/\/www.em.com.br\/emfoco\/#\/schema\/person\/bba594b7eebe9b9885fec3a5c7837089","name":"Douglas Myth","image":{"@type":"ImageObject","inLanguage":"pt-BR","@id":"https:\/\/www.em.com.br\/emfoco\/#\/schema\/person\/image\/","url":"https:\/\/secure.gravatar.com\/avatar\/1ac3cf50d0e68642c697dc0c960c802f?s=96&d=mm&r=g","contentUrl":"https:\/\/secure.gravatar.com\/avatar\/1ac3cf50d0e68642c697dc0c960c802f?s=96&d=mm&r=g","caption":"Douglas Myth"},"url":"https:\/\/www.em.com.br\/emfoco\/author\/douglasmyth\/"}]}},"_links":{"self":[{"href":"https:\/\/www.em.com.br\/emfoco\/wp-json\/wp\/v2\/posts\/87340","targetHints":{"allow":["GET"]}}],"collection":[{"href":"https:\/\/www.em.com.br\/emfoco\/wp-json\/wp\/v2\/posts"}],"about":[{"href":"https:\/\/www.em.com.br\/emfoco\/wp-json\/wp\/v2\/types\/post"}],"author":[{"embeddable":true,"href":"https:\/\/www.em.com.br\/emfoco\/wp-json\/wp\/v2\/users\/15"}],"replies":[{"embeddable":true,"href":"https:\/\/www.em.com.br\/emfoco\/wp-json\/wp\/v2\/comments?post=87340"}],"version-history":[{"count":3,"href":"https:\/\/www.em.com.br\/emfoco\/wp-json\/wp\/v2\/posts\/87340\/revisions"}],"predecessor-version":[{"id":87345,"href":"https:\/\/www.em.com.br\/emfoco\/wp-json\/wp\/v2\/posts\/87340\/revisions\/87345"}],"wp:featuredmedia":[{"embeddable":true,"href":"https:\/\/www.em.com.br\/emfoco\/wp-json\/wp\/v2\/media\/87343"}],"wp:attachment":[{"href":"https:\/\/www.em.com.br\/emfoco\/wp-json\/wp\/v2\/media?parent=87340"}],"wp:term":[{"taxonomy":"category","embeddable":true,"href":"https:\/\/www.em.com.br\/emfoco\/wp-json\/wp\/v2\/categories?post=87340"},{"taxonomy":"post_tag","embeddable":true,"href":"https:\/\/www.em.com.br\/emfoco\/wp-json\/wp\/v2\/tags?post=87340"}],"curies":[{"name":"wp","href":"https:\/\/api.w.org\/{rel}","templated":true}]}}