{"id":87291,"date":"2025-08-07T13:18:00","date_gmt":"2025-08-07T16:18:00","guid":{"rendered":"https:\/\/www.em.com.br\/emfoco\/?p=87291"},"modified":"2025-08-06T08:42:27","modified_gmt":"2025-08-06T11:42:27","slug":"a-verdade-genetica-por-tras-do-seu-cheiro-corporal","status":"publish","type":"post","link":"https:\/\/www.em.com.br\/emfoco\/2025\/08\/07\/a-verdade-genetica-por-tras-do-seu-cheiro-corporal\/","title":{"rendered":"A verdade gen\u00e9tica por tr\u00e1s do seu cheiro corporal"},"content":{"rendered":"\n<p>O <strong><a href=\"https:\/\/www.em.com.br\/emfoco\/2025\/06\/05\/voce-sabe-o-que-realmente-causa-o-mau-odor-corporal-aprenda-formas-de-se-livrar-do-mau-cheiro\/\" target=\"_blank\" rel=\"noreferrer noopener\">cheiro do corpo<\/a><\/strong> pode revelar muito mais do que imaginamos, indo al\u00e9m da simples higiene pessoal. Esse <a href=\"https:\/\/www.uol.com.br\/vivabem\/noticias\/redacao\/2021\/03\/16\/saiba-o-que-os-cheiros-do-seu-corpo-podem-indicar-sobre-a-sua-saude.htm\" target=\"_blank\" rel=\"noreferrer noopener\">odor <\/a>\u00e9 resultado de uma complexa intera\u00e7\u00e3o gen\u00e9tica que influencia como cada um de n\u00f3s \u00e9 percebido. Descubra como suas caracter\u00edsticas gen\u00e9ticas \u00fanicas desempenham um papel crucial nesse processo fascinante.<\/p>\n\n\n\n<ul class=\"wp-block-list\">\n<li>Causas gen\u00e9ticas que afetam o cheiro do corpo.<\/li>\n\n\n\n<li>Impacto de diferentes dietas e rotinas na percep\u00e7\u00e3o olfativa.<\/li>\n\n\n\n<li>Curiosidades sobre varia\u00e7\u00f5es de cheiros em diferentes partes do mundo.<\/li>\n<\/ul>\n\n\n\n<h2 class=\"wp-block-heading\">Como os genes influenciam o cheiro corporal?<\/h2>\n\n\n\n<p>A ci\u00eancia mostra que nossos <strong>genes<\/strong> t\u00eam um impacto direto no tipo de <strong>compostos qu\u00edmicos<\/strong> produzidos no corpo. Os genes determinam como n\u00f3s metabolizamos alimentos e como a pele secreta subst\u00e2ncias. Esta mistura espec\u00edfica de compostos qu\u00edmicos define nosso odor corporal individual.<\/p>\n\n\n\n<h2 class=\"wp-block-heading\">O gene ABCC11 e o odor corporal<\/h2>\n\n\n\n<p>Um dos genes mais influentes na produ\u00e7\u00e3o de odor corporal \u00e9 o <strong>ABCC11<\/strong>. Pessoas com uma varia\u00e7\u00e3o deste gene, particularmente prevalente em popula\u00e7\u00f5es asi\u00e1ticas, como <strong>japoneses<\/strong>, <strong>chineses<\/strong> e <strong>coreanos<\/strong>, tendem a n\u00e3o produzir odor corporal significativo. Este gene tamb\u00e9m influencia o tipo de cera de ouvido que uma pessoa tem, associando menos odor a cera seca e marrom.<\/p>\n\n\n\n<figure class=\"wp-block-image size-large\"><img loading=\"lazy\" decoding=\"async\" width=\"1024\" height=\"576\" src=\"https:\/\/www.em.com.br\/emfoco\/wp-content\/uploads\/2025\/08\/asiaticos_1754480226431-1024x576.jpg\" alt=\"A verdade gen\u00e9tica por tr\u00e1s do seu cheiro corporal\" class=\"wp-image-87294\" srcset=\"https:\/\/www.em.com.br\/emfoco\/wp-content\/uploads\/2025\/08\/asiaticos_1754480226431-1024x576.jpg 1024w, https:\/\/www.em.com.br\/emfoco\/wp-content\/uploads\/2025\/08\/asiaticos_1754480226431-300x169.jpg 300w, https:\/\/www.em.com.br\/emfoco\/wp-content\/uploads\/2025\/08\/asiaticos_1754480226431-768x432.jpg 768w, https:\/\/www.em.com.br\/emfoco\/wp-content\/uploads\/2025\/08\/asiaticos_1754480226431-750x422.jpg 750w, https:\/\/www.em.com.br\/emfoco\/wp-content\/uploads\/2025\/08\/asiaticos_1754480226431-1140x641.jpg 1140w, https:\/\/www.em.com.br\/emfoco\/wp-content\/uploads\/2025\/08\/asiaticos_1754480226431.jpg 1280w\" sizes=\"auto, (max-width: 1024px) 100vw, 1024px\" \/><figcaption class=\"wp-element-caption\">Asi\u00e1ticos no parque &#8211; Cr\u00e9ditos: depositphotos.com \/ DragonImages<\/figcaption><\/figure>\n\n\n\n<h2 class=\"wp-block-heading\">Por que algumas dietas alteram o cheiro do corpo?<\/h2>\n\n\n\n<p>Dietas ricas em alimentos como alho e cebola afetam o cheiro corporal devido \u00e0 libera\u00e7\u00e3o de compostos sulfurados durante a digest\u00e3o. Estes alimentos cont\u00eam compostos sulfurosos que s\u00e3o excretados pela pele. Por sua vez, dietas ricas em vegetais podem criar um cheiro mais neutro.<\/p>\n\n\n\n<p>Outros alimentos que podem influenciar o odor corporal incluem carnes processadas, que cont\u00eam conservantes e aditivos, e vegetais cruc\u00edferos como repolho, br\u00f3colis e couve-flor, que podem causar odor devido aos compostos liberados durante a digest\u00e3o. Optar por carnes magras e evitar o excesso de vegetais cruc\u00edferos pode ajudar a manter um cheiro corporal mais agrad\u00e1vel.<\/p>\n\n\n\n<h2 class=\"wp-block-heading\">Voc\u00ea sabia que o clima afeta o odor corporal?<\/h2>\n\n\n\n<p>O <strong>clima<\/strong> tem um papel significativo no cheiro do corpo. <em>Em regi\u00f5es mais quentes<\/em>, por exemplo, a sudorese aumenta, amplificando o odor corporal. Em contraste, climas frios tendem a reduzir a produ\u00e7\u00e3o de suor, resultando em um odor menos pronunciado. Por exemplo, pessoas que vivem em cidades como <strong>Rio de Janeiro<\/strong>, onde o clima costuma ser quente e \u00famido, podem perceber diferen\u00e7as no odor corporal em rela\u00e7\u00e3o a habitantes de cidades como <strong>S\u00e3o Paulo<\/strong> ou <strong>Curitiba<\/strong>, onde as temperaturas podem ser mais amenas em certas \u00e9pocas do ano.<\/p>\n\n\n\n<h2 class=\"wp-block-heading\"><strong>Leia tamb\u00e9m:<\/strong> <a href=\"https:\/\/www.em.com.br\/emfoco\/2025\/06\/29\/como-surgiu-o-desodorante-e-por-que-ele-virou-essencial\/\">Como surgiu o desodorante e por que ele virou essenci<\/a><a href=\"https:\/\/www.em.com.br\/emfoco\/2025\/06\/29\/como-surgiu-o-desodorante-e-por-que-ele-virou-essencial\/\" target=\"_blank\" rel=\"noreferrer noopener\">al<\/a><\/h2>\n\n\n\n<h2 class=\"wp-block-heading\">A higiene afeta o cheiro natural do corpo?<\/h2>\n\n\n\n<p>Embora a <strong>higiene<\/strong> pessoal afete o cheiro imediato do corpo, n\u00e3o altera a composi\u00e7\u00e3o gen\u00e9tica por tr\u00e1s dos compostos liberados pela pele. Sabonetes e desodorantes mascaram o odor natural, mas gen\u00e9ticas individuais determinam o cheiro base.<\/p>\n\n\n\n<p>Dica r\u00e1pida: A escolha de produtos de higiene adequados ao seu tipo de pele pode ajudar a minimizar odores indesej\u00e1veis sem interferir na qu\u00edmica natural do corpo.<\/p>\n\n\n\n<h2 class=\"wp-block-heading\">Um cheiro universal: existe?<\/h2>\n\n\n\n<p>N\u00e3o existe um <strong>cheiro universal<\/strong> que agrade a todos. A percep\u00e7\u00e3o do odor \u00e9 subjetiva e varia culturalmente. Por exemplo, o que \u00e9 agrad\u00e1vel em uma cultura pode ser considerado agressivo em outra. Estudos realizados em diferentes regi\u00f5es, como <strong>Europa<\/strong> e <strong>Am\u00e9rica do Sul<\/strong>, mostram que prefer\u00eancias e toler\u00e2ncias ao odor corporal podem variar bastante conforme os costumes locais e fatores hist\u00f3ricos.<\/p>\n\n\n\n<h2 class=\"wp-block-heading\">Bromidrose: quando o odor se torna excessivo<\/h2>\n\n\n\n<p>A <strong>bromidrose<\/strong> \u00e9 uma condi\u00e7\u00e3o caracterizada pelo odor corporal excessivo, influenciada tanto por fatores gen\u00e9ticos quanto de higiene. Geralmente ocorre devido \u00e0 degrada\u00e7\u00e3o do suor por bact\u00e9rias e leveduras. Existem dois tipos de gl\u00e2ndulas sudor\u00edparas: as gl\u00e2ndulas ap\u00f3crinas, que secretam suor nos fol\u00edculos pilosos das axilas e \u00e1rea genital, e as gl\u00e2ndulas \u00e9crinas, dispersas por quase toda a pele. Ambas desempenham papel no odor quando o suor \u00e9 decomposto. Uma higiene adequada e controle da dieta podem ajudar a gerenciar eficazmente essa condi\u00e7\u00e3o.<\/p>\n\n\n\n<h2 class=\"wp-block-heading\">Pontos-chave para lembrar<\/h2>\n\n\n\n<ol class=\"wp-block-list\">\n<li>Os genes desempenham um papel crucial na determina\u00e7\u00e3o do cheiro do seu corpo.<\/li>\n\n\n\n<li>Diferentes dietas e condi\u00e7\u00f5es clim\u00e1ticas podem impactar a percep\u00e7\u00e3o olfativa.<\/li>\n\n\n\n<li>A higiene altera temporariamente o cheiro, mas n\u00e3o a gen\u00e9tica.<\/li>\n<\/ol>\n\n\n\n<p>Compreender o papel dos genes no <strong>cheiro do corpo<\/strong> pode ser um passo fascinante para melhor gerenciar nossa higiene pessoal e conhecer mais sobre nossa heran\u00e7a gen\u00e9tica \u00fanica. Vale lembrar que avan\u00e7os recentes da ci\u00eancia, com pesquisas realizadas em 2023 por institutos como o <strong>Instituto Max Planck<\/strong>, continuam ajudando a desvendar novas liga\u00e7\u00f5es entre gen\u00e9tica, meio ambiente e odor corporal.<\/p>\n","protected":false},"excerpt":{"rendered":"<p>O cheiro do corpo pode revelar muito mais do que imaginamos, indo al\u00e9m da simples higiene pessoal. Esse odor \u00e9 resultado de uma complexa intera\u00e7\u00e3o gen\u00e9tica que influencia como cada um de n\u00f3s \u00e9 percebido. Descubra como suas caracter\u00edsticas gen\u00e9ticas \u00fanicas desempenham um papel crucial nesse processo fascinante. Como os genes influenciam o cheiro corporal? [&hellip;]<\/p>\n","protected":false},"author":18,"featured_media":87293,"comment_status":"open","ping_status":"open","sticky":false,"template":"","format":"standard","meta":{"jnews-multi-image_gallery":[],"jnews_single_post":{"format":"standard"},"jnews_primary_category":[],"jnews_social_meta":[],"jnews_override_counter":[],"footnotes":""},"categories":[8819],"tags":[13463,12673,12139],"class_list":["post-87291","post","type-post","status-publish","format-standard","has-post-thumbnail","hentry","category-curiosidades","tag-cheiro-do-corpo","tag-mau-cheiro","tag-odor"],"yoast_head":"<!-- This site is optimized with the Yoast SEO plugin v23.8 - https:\/\/yoast.com\/wordpress\/plugins\/seo\/ -->\n<title>A verdade gen\u00e9tica por tr\u00e1s do seu cheiro corporal - Estado de Minas - Em foco<\/title>\n<meta name=\"description\" content=\"Cientistas revelam como um gene raro influencia o cheiro corporal e at\u00e9 o tipo de cera de ouvido. O impacto pode ser maior do que parece.\" \/>\n<meta name=\"robots\" content=\"index, follow, max-snippet:-1, max-image-preview:large, max-video-preview:-1\" \/>\n<link rel=\"canonical\" href=\"https:\/\/www.em.com.br\/emfoco\/2025\/08\/07\/a-verdade-genetica-por-tras-do-seu-cheiro-corporal\/\" \/>\n<meta property=\"og:locale\" content=\"pt_BR\" \/>\n<meta property=\"og:type\" content=\"article\" \/>\n<meta property=\"og:title\" content=\"A verdade gen\u00e9tica por tr\u00e1s do seu cheiro corporal - Estado de Minas - Em foco\" \/>\n<meta property=\"og:description\" content=\"Cientistas revelam como um gene raro influencia o cheiro corporal e at\u00e9 o tipo de cera de ouvido. O impacto pode ser maior do que parece.\" \/>\n<meta property=\"og:url\" content=\"https:\/\/www.em.com.br\/emfoco\/2025\/08\/07\/a-verdade-genetica-por-tras-do-seu-cheiro-corporal\/\" \/>\n<meta property=\"og:site_name\" content=\"Estado de Minas - Em foco\" \/>\n<meta property=\"article:published_time\" content=\"2025-08-07T16:18:00+00:00\" \/>\n<meta property=\"article:modified_time\" content=\"2025-08-06T11:42:27+00:00\" \/>\n<meta property=\"og:image\" content=\"https:\/\/www.em.com.br\/emfoco\/wp-content\/uploads\/2025\/08\/CHEIRO-DO-CORPO_1754480032299.jpg\" \/>\n\t<meta property=\"og:image:width\" content=\"1280\" \/>\n\t<meta property=\"og:image:height\" content=\"720\" \/>\n\t<meta property=\"og:image:type\" content=\"image\/jpeg\" \/>\n<meta name=\"author\" content=\"Julio Cesar\" \/>\n<meta name=\"twitter:card\" content=\"summary_large_image\" \/>\n<meta name=\"twitter:label1\" content=\"Escrito por\" \/>\n\t<meta name=\"twitter:data1\" content=\"Julio Cesar\" \/>\n\t<meta name=\"twitter:label2\" content=\"Est. tempo de leitura\" \/>\n\t<meta name=\"twitter:data2\" content=\"5 minutos\" \/>\n<!-- \/ Yoast SEO plugin. -->","yoast_head_json":{"title":"A verdade gen\u00e9tica por tr\u00e1s do seu cheiro corporal - Estado de Minas - Em foco","description":"Cientistas revelam como um gene raro influencia o cheiro corporal e at\u00e9 o tipo de cera de ouvido. O impacto pode ser maior do que parece.","robots":{"index":"index","follow":"follow","max-snippet":"max-snippet:-1","max-image-preview":"max-image-preview:large","max-video-preview":"max-video-preview:-1"},"canonical":"https:\/\/www.em.com.br\/emfoco\/2025\/08\/07\/a-verdade-genetica-por-tras-do-seu-cheiro-corporal\/","og_locale":"pt_BR","og_type":"article","og_title":"A verdade gen\u00e9tica por tr\u00e1s do seu cheiro corporal - Estado de Minas - Em foco","og_description":"Cientistas revelam como um gene raro influencia o cheiro corporal e at\u00e9 o tipo de cera de ouvido. O impacto pode ser maior do que parece.","og_url":"https:\/\/www.em.com.br\/emfoco\/2025\/08\/07\/a-verdade-genetica-por-tras-do-seu-cheiro-corporal\/","og_site_name":"Estado de Minas - Em foco","article_published_time":"2025-08-07T16:18:00+00:00","article_modified_time":"2025-08-06T11:42:27+00:00","og_image":[{"width":1280,"height":720,"url":"https:\/\/www.em.com.br\/emfoco\/wp-content\/uploads\/2025\/08\/CHEIRO-DO-CORPO_1754480032299.jpg","type":"image\/jpeg"}],"author":"Julio Cesar","twitter_card":"summary_large_image","twitter_misc":{"Escrito por":"Julio Cesar","Est. tempo de leitura":"5 minutos"},"schema":{"@context":"https:\/\/schema.org","@graph":[{"@type":"WebPage","@id":"https:\/\/www.em.com.br\/emfoco\/2025\/08\/07\/a-verdade-genetica-por-tras-do-seu-cheiro-corporal\/","url":"https:\/\/www.em.com.br\/emfoco\/2025\/08\/07\/a-verdade-genetica-por-tras-do-seu-cheiro-corporal\/","name":"A verdade gen\u00e9tica por tr\u00e1s do seu cheiro corporal - Estado de Minas - Em foco","isPartOf":{"@id":"https:\/\/www.em.com.br\/emfoco\/#website"},"primaryImageOfPage":{"@id":"https:\/\/www.em.com.br\/emfoco\/2025\/08\/07\/a-verdade-genetica-por-tras-do-seu-cheiro-corporal\/#primaryimage"},"image":{"@id":"https:\/\/www.em.com.br\/emfoco\/2025\/08\/07\/a-verdade-genetica-por-tras-do-seu-cheiro-corporal\/#primaryimage"},"thumbnailUrl":"https:\/\/www.em.com.br\/emfoco\/wp-content\/uploads\/2025\/08\/CHEIRO-DO-CORPO_1754480032299.jpg","datePublished":"2025-08-07T16:18:00+00:00","dateModified":"2025-08-06T11:42:27+00:00","author":{"@id":"https:\/\/www.em.com.br\/emfoco\/#\/schema\/person\/08c4a03e38018bbab9038d5f788321fc"},"description":"Cientistas revelam como um gene raro influencia o cheiro corporal e at\u00e9 o tipo de cera de ouvido. O impacto pode ser maior do que parece.","breadcrumb":{"@id":"https:\/\/www.em.com.br\/emfoco\/2025\/08\/07\/a-verdade-genetica-por-tras-do-seu-cheiro-corporal\/#breadcrumb"},"inLanguage":"pt-BR","potentialAction":[{"@type":"ReadAction","target":["https:\/\/www.em.com.br\/emfoco\/2025\/08\/07\/a-verdade-genetica-por-tras-do-seu-cheiro-corporal\/"]}]},{"@type":"ImageObject","inLanguage":"pt-BR","@id":"https:\/\/www.em.com.br\/emfoco\/2025\/08\/07\/a-verdade-genetica-por-tras-do-seu-cheiro-corporal\/#primaryimage","url":"https:\/\/www.em.com.br\/emfoco\/wp-content\/uploads\/2025\/08\/CHEIRO-DO-CORPO_1754480032299.jpg","contentUrl":"https:\/\/www.em.com.br\/emfoco\/wp-content\/uploads\/2025\/08\/CHEIRO-DO-CORPO_1754480032299.jpg","width":1280,"height":720,"caption":"Mulher com mau cheiro - Cr\u00e9ditos: depositphotos.com \/ IgorVetushko"},{"@type":"BreadcrumbList","@id":"https:\/\/www.em.com.br\/emfoco\/2025\/08\/07\/a-verdade-genetica-por-tras-do-seu-cheiro-corporal\/#breadcrumb","itemListElement":[{"@type":"ListItem","position":1,"name":"In\u00edcio","item":"https:\/\/www.em.com.br\/emfoco\/"},{"@type":"ListItem","position":2,"name":"A verdade gen\u00e9tica por tr\u00e1s do seu cheiro corporal"}]},{"@type":"WebSite","@id":"https:\/\/www.em.com.br\/emfoco\/#website","url":"https:\/\/www.em.com.br\/emfoco\/","name":"Estado de Minas - Em foco","description":"Acompanhe as \u00faltimas not\u00edcias e fique bem informado sobre tudo o que acontece em Minas Gerais, Brasil e no mundo.","potentialAction":[{"@type":"SearchAction","target":{"@type":"EntryPoint","urlTemplate":"https:\/\/www.em.com.br\/emfoco\/?s={search_term_string}"},"query-input":{"@type":"PropertyValueSpecification","valueRequired":true,"valueName":"search_term_string"}}],"inLanguage":"pt-BR"},{"@type":"Person","@id":"https:\/\/www.em.com.br\/emfoco\/#\/schema\/person\/08c4a03e38018bbab9038d5f788321fc","name":"Julio Cesar","image":{"@type":"ImageObject","inLanguage":"pt-BR","@id":"https:\/\/www.em.com.br\/emfoco\/#\/schema\/person\/image\/","url":"https:\/\/secure.gravatar.com\/avatar\/ab1ea64f0d4f4c1385f8ef10d5a6e758?s=96&d=mm&r=g","contentUrl":"https:\/\/secure.gravatar.com\/avatar\/ab1ea64f0d4f4c1385f8ef10d5a6e758?s=96&d=mm&r=g","caption":"Julio Cesar"},"url":"https:\/\/www.em.com.br\/emfoco\/author\/juliomyth\/"}]}},"_links":{"self":[{"href":"https:\/\/www.em.com.br\/emfoco\/wp-json\/wp\/v2\/posts\/87291","targetHints":{"allow":["GET"]}}],"collection":[{"href":"https:\/\/www.em.com.br\/emfoco\/wp-json\/wp\/v2\/posts"}],"about":[{"href":"https:\/\/www.em.com.br\/emfoco\/wp-json\/wp\/v2\/types\/post"}],"author":[{"embeddable":true,"href":"https:\/\/www.em.com.br\/emfoco\/wp-json\/wp\/v2\/users\/18"}],"replies":[{"embeddable":true,"href":"https:\/\/www.em.com.br\/emfoco\/wp-json\/wp\/v2\/comments?post=87291"}],"version-history":[{"count":2,"href":"https:\/\/www.em.com.br\/emfoco\/wp-json\/wp\/v2\/posts\/87291\/revisions"}],"predecessor-version":[{"id":87299,"href":"https:\/\/www.em.com.br\/emfoco\/wp-json\/wp\/v2\/posts\/87291\/revisions\/87299"}],"wp:featuredmedia":[{"embeddable":true,"href":"https:\/\/www.em.com.br\/emfoco\/wp-json\/wp\/v2\/media\/87293"}],"wp:attachment":[{"href":"https:\/\/www.em.com.br\/emfoco\/wp-json\/wp\/v2\/media?parent=87291"}],"wp:term":[{"taxonomy":"category","embeddable":true,"href":"https:\/\/www.em.com.br\/emfoco\/wp-json\/wp\/v2\/categories?post=87291"},{"taxonomy":"post_tag","embeddable":true,"href":"https:\/\/www.em.com.br\/emfoco\/wp-json\/wp\/v2\/tags?post=87291"}],"curies":[{"name":"wp","href":"https:\/\/api.w.org\/{rel}","templated":true}]}}