{"id":8723,"date":"2025-01-06T12:40:00","date_gmt":"2025-01-06T15:40:00","guid":{"rendered":"https:\/\/www.em.com.br\/emfoco\/?p=8723"},"modified":"2025-01-06T02:06:31","modified_gmt":"2025-01-06T05:06:31","slug":"cuiaba-uma-joia-da-america-do-sul","status":"publish","type":"post","link":"https:\/\/www.em.com.br\/emfoco\/2025\/01\/06\/cuiaba-uma-joia-da-america-do-sul\/","title":{"rendered":"Cuiab\u00e1: Uma Joia da Am\u00e9rica do Sul"},"content":{"rendered":"\n<p><a href=\"https:\/\/pt.wikipedia.org\/wiki\/Cuiab%C3%A1\" target=\"_blank\" rel=\"noreferrer noopener\">Cuiab\u00e1<\/a>, a capital de Mato Grosso, \u00e9 uma cidade rica em <a href=\"https:\/\/www.em.com.br\/emfoco\/2024\/12\/31\/qual-a-historia-por-tras-da-paixao-de-luan-pereira-por-carros\/\" target=\"_blank\" rel=\"noreferrer noopener\">hist\u00f3ria <\/a>e cultura, celebrando seu anivers\u00e1rio em 8 de abril. Fundada oficialmente em 1719 por Pascoal Moreira Cabral, sua trajet\u00f3ria reflete a profunda interse\u00e7\u00e3o entre tradi\u00e7\u00e3o e modernidade. Situada \u00e0s margens do rio que carrega seu nome, Cuiab\u00e1 desempenha um papel crucial na geografia e na hist\u00f3ria do Brasil.<\/p>\n\n\n\n<p>A cidade n\u00e3o apenas encanta turistas com suas belezas naturais, como tamb\u00e9m representa um ponto estrat\u00e9gico no continente sul-americano. Cuiab\u00e1 \u00e9 conhecida por ser o centro geod\u00e9sico da Am\u00e9rica do Sul, um marco important\u00edssimo na conex\u00e3o dos pa\u00edses desse continente. Esta localiza\u00e7\u00e3o central oferece diversas possibilidades de explora\u00e7\u00e3o do potencial cultural e natural da regi\u00e3o.<\/p>\n\n\n\n<h2 class=\"wp-block-heading\">Qual a Import\u00e2ncia do Centro Geod\u00e9sico de Cuiab\u00e1?<\/h2>\n\n\n\n<p>Uma das caracter\u00edsticas mais intrigantes de Cuiab\u00e1 \u00e9 seu papel como Centro Geod\u00e9sico da Am\u00e9rica do Sul. Este ponto, determinado pela primeira vez em 1909 pelo Marechal C\u00e2ndido Rondon, \u00e9 onde as linhas que dividem o continente se encontram, tornando a cidade um reposit\u00f3rio central de dados geogr\u00e1ficos fundamentais. Maravilhosamente representado por um imponente obelisco de m\u00e1rmore, o centro geod\u00e9sico n\u00e3o \u00e9 apenas um marco geogr\u00e1fico, mas tamb\u00e9m cultural, simbolizando a interconex\u00e3o entre os pa\u00edses da Am\u00e9rica do Sul.<\/p>\n\n\n\n<p>O centro geod\u00e9sico de Cuiab\u00e1 desempenha um papel vital na elabora\u00e7\u00e3o de proje\u00e7\u00f5es cartogr\u00e1ficas e localiza\u00e7\u00e3o de propriedades e fronteiras. Esse marco permite, por exemplo, a navega\u00e7\u00e3o mais precisa entre os pa\u00edses e facilita estudos e planejamentos geoespaciais importantes.<\/p>\n\n\n<div class=\"wp-block-image\">\n<figure class=\"aligncenter size-large\"><img loading=\"lazy\" decoding=\"async\" width=\"1024\" height=\"678\" src=\"https:\/\/www.em.com.br\/emfoco\/wp-content\/uploads\/2025\/01\/Cuiaba-1024x678.jpg\" alt=\"\" class=\"wp-image-8727\" srcset=\"https:\/\/www.em.com.br\/emfoco\/wp-content\/uploads\/2025\/01\/Cuiaba-1024x678.jpg 1024w, https:\/\/www.em.com.br\/emfoco\/wp-content\/uploads\/2025\/01\/Cuiaba-300x199.jpg 300w, https:\/\/www.em.com.br\/emfoco\/wp-content\/uploads\/2025\/01\/Cuiaba-768x508.jpg 768w, https:\/\/www.em.com.br\/emfoco\/wp-content\/uploads\/2025\/01\/Cuiaba-750x496.jpg 750w, https:\/\/www.em.com.br\/emfoco\/wp-content\/uploads\/2025\/01\/Cuiaba-1140x754.jpg 1140w, https:\/\/www.em.com.br\/emfoco\/wp-content\/uploads\/2025\/01\/Cuiaba.jpg 1200w\" sizes=\"auto, (max-width: 1024px) 100vw, 1024px\" \/><figcaption class=\"wp-element-caption\">Cuiaba &#8211; Wikimidia Commons<\/figcaption><\/figure><\/div>\n\n\n<h2 class=\"wp-block-heading\">Tradi\u00e7\u00f5es Culturais e Gastron\u00f4micas de Cuiab\u00e1<\/h2>\n\n\n\n<p>A diversidade cultural de Cuiab\u00e1 \u00e9 uma das suas riquezas mais valiosas. Com fortes influ\u00eancias ind\u00edgenas, quilombolas e ribeirinhas, a cultura local se reflete em suas dan\u00e7as, tradi\u00e7\u00f5es e, principalmente, na culin\u00e1ria. As famosas dan\u00e7as como o siriri e o cururu demonstram a heran\u00e7a dos povos origin\u00e1rios, convidando tanto moradores quanto visitantes a participar de celebra\u00e7\u00f5es culturais singulares.<\/p>\n\n\n\n<p>A culin\u00e1ria cuiabana, por sua vez, \u00e9 uma experi\u00eancia sensorial marcante. Pratos t\u00edpicos como o arroz com pequi e o pacu assado na brasa contam a hist\u00f3ria dos ingredientes nativos dos biomas que cercam a cidade, como o Pantanal, o Cerrado e a Amaz\u00f4nia. O uso de peixes do rio Cuiab\u00e1, como o dourado, tamb\u00e9m reflete a integra\u00e7\u00e3o entre a cultura ribeirinha e a gastronomia.<\/p>\n\n\n\n<h2 class=\"wp-block-heading\">Curiosidades Geogr\u00e1ficas e Hist\u00f3ricas<\/h2>\n\n\n\n<p>Cuiab\u00e1 est\u00e1 estrategicamente localizada na conflu\u00eancia de tr\u00eas grandes biomas brasileiros: Amaz\u00f4nia, Cerrado e Pantanal. Esta localiza\u00e7\u00e3o \u00fanica faz de Cuiab\u00e1 um ponto de interesse n\u00e3o apenas tur\u00edstico, mas tamb\u00e9m cient\u00edfico, dada a biodiversidade exuberante que abriga. Essa particularidade permite que a capital receba visitantes interessados em explorar um destino cheio de contrastes ambientais.<\/p>\n\n\n\n<p>Historicamente, a cidade foi elevando seu perfil ao longo dos anos. Desde a sua cria\u00e7\u00e3o, passou por diversas fases at\u00e9 se tornar a capital do estado, em 1818. Essa evolu\u00e7\u00e3o continua a moldar a cidade, tornando-a um destino fascinante para aqueles que buscam n\u00e3o apenas lazer mas tamb\u00e9m um mergulho em sua rica trajet\u00f3ria hist\u00f3rica.<\/p>\n\n\n\n<h2 class=\"wp-block-heading\">Como a Cultura Ind\u00edgena Influencia Cuiab\u00e1?<\/h2>\n\n\n\n<p>A influ\u00eancia ind\u00edgena em Cuiab\u00e1 \u00e9 profunda, com reflexos claros em suas tradi\u00e7\u00f5es culturais e pr\u00e1ticas di\u00e1rias. Boa parte dessa heran\u00e7a \u00e9 mantida viva no Museu Rondon, que preserva artefatos e hist\u00f3rias das contribui\u00e7\u00f5es ind\u00edgenas para a regi\u00e3o. Produtos de artesanato, como cer\u00e2micas e tecelagens, demonstram a perman\u00eancia das t\u00e9cnicas ancestrais locais.<\/p>\n\n\n\n<p>Ademais, o nome Cuiab\u00e1 \u00e9, possivelmente, derivado de palavras ind\u00edgenas, significando &#8220;lugar de muitas \u00e1guas rasas&#8221;, uma homenagem \u00e0 rica rede de rios e riachos que caracteriza a \u00e1rea. Esta conex\u00e3o \u00edntima com suas ra\u00edzes ancestrais continua a definir a identidade de Cuiab\u00e1, fazendo dela uma cidade de significado especial no cora\u00e7\u00e3o do Brasil.<\/p>\n\n\n\n<p>Com essas caracter\u00edsticas \u00fanicas e curiosidades hist\u00f3ricas, Cuiab\u00e1 se destaca como uma cidade repleta de fasc\u00ednio e descoberta. \u00c9 um destino cujo apelo vai al\u00e9m das fronteiras nacionais, atraindo aqueles que buscam mergulhar na cultura e beleza de um dos lugares mais emblem\u00e1ticos da Am\u00e9rica do Sul.<\/p>\n\n\n\n<p><\/p>\n","protected":false},"excerpt":{"rendered":"<p>Cuiab\u00e1, a capital de Mato Grosso, \u00e9 uma cidade rica em hist\u00f3ria e cultura, celebrando seu anivers\u00e1rio em 8 de abril. Fundada oficialmente em 1719 por Pascoal Moreira Cabral, sua trajet\u00f3ria reflete a profunda interse\u00e7\u00e3o entre tradi\u00e7\u00e3o e modernidade. Situada \u00e0s margens do rio que carrega seu nome, Cuiab\u00e1 desempenha um papel crucial na geografia [&hellip;]<\/p>\n","protected":false},"author":7,"featured_media":8726,"comment_status":"open","ping_status":"open","sticky":false,"template":"","format":"standard","meta":{"jnews-multi-image_gallery":[],"jnews_single_post":{"format":"standard"},"jnews_primary_category":[],"jnews_social_meta":[],"jnews_override_counter":[],"footnotes":""},"categories":[26],"tags":[3005,3004,3006,3007,2003],"class_list":["post-8723","post","type-post","status-publish","format-standard","has-post-thumbnail","hentry","category-cidades","tag-centro-geodesico","tag-cuiaba","tag-cultura-indigena","tag-gastronomia-cuiabana","tag-mato-grosso"],"yoast_head":"<!-- This site is optimized with the Yoast SEO plugin v23.8 - https:\/\/yoast.com\/wordpress\/plugins\/seo\/ -->\n<title>Cuiab\u00e1: Uma Joia da Am\u00e9rica do Sul - Estado de Minas - Em foco<\/title>\n<meta name=\"description\" content=\"Descubra a cidade brasileira de Cuiab\u00e1 e suas curiosidades !\" \/>\n<meta name=\"robots\" content=\"index, follow, max-snippet:-1, max-image-preview:large, max-video-preview:-1\" \/>\n<link rel=\"canonical\" href=\"https:\/\/www.em.com.br\/emfoco\/2025\/01\/06\/cuiaba-uma-joia-da-america-do-sul\/\" \/>\n<meta property=\"og:locale\" content=\"pt_BR\" \/>\n<meta property=\"og:type\" content=\"article\" \/>\n<meta property=\"og:title\" content=\"Cuiab\u00e1: Uma Joia da Am\u00e9rica do Sul - Estado de Minas - Em foco\" \/>\n<meta property=\"og:description\" content=\"Descubra a cidade brasileira de Cuiab\u00e1 e suas curiosidades !\" \/>\n<meta property=\"og:url\" content=\"https:\/\/www.em.com.br\/emfoco\/2025\/01\/06\/cuiaba-uma-joia-da-america-do-sul\/\" \/>\n<meta property=\"og:site_name\" content=\"Estado de Minas - Em foco\" \/>\n<meta property=\"article:published_time\" content=\"2025-01-06T15:40:00+00:00\" \/>\n<meta property=\"article:modified_time\" content=\"2025-01-06T05:06:31+00:00\" \/>\n<meta property=\"og:image\" content=\"https:\/\/www.em.com.br\/emfoco\/wp-content\/uploads\/2025\/01\/Cuiaba_center.jpg\" \/>\n\t<meta property=\"og:image:width\" content=\"1200\" \/>\n\t<meta property=\"og:image:height\" content=\"675\" \/>\n\t<meta property=\"og:image:type\" content=\"image\/jpeg\" \/>\n<meta name=\"author\" content=\"Kelvin\" \/>\n<meta name=\"twitter:card\" content=\"summary_large_image\" \/>\n<meta name=\"twitter:label1\" content=\"Escrito por\" \/>\n\t<meta name=\"twitter:data1\" content=\"Kelvin\" \/>\n\t<meta name=\"twitter:label2\" content=\"Est. tempo de leitura\" \/>\n\t<meta name=\"twitter:data2\" content=\"4 minutos\" \/>\n<!-- \/ Yoast SEO plugin. -->","yoast_head_json":{"title":"Cuiab\u00e1: Uma Joia da Am\u00e9rica do Sul - Estado de Minas - Em foco","description":"Descubra a cidade brasileira de Cuiab\u00e1 e suas curiosidades !","robots":{"index":"index","follow":"follow","max-snippet":"max-snippet:-1","max-image-preview":"max-image-preview:large","max-video-preview":"max-video-preview:-1"},"canonical":"https:\/\/www.em.com.br\/emfoco\/2025\/01\/06\/cuiaba-uma-joia-da-america-do-sul\/","og_locale":"pt_BR","og_type":"article","og_title":"Cuiab\u00e1: Uma Joia da Am\u00e9rica do Sul - Estado de Minas - Em foco","og_description":"Descubra a cidade brasileira de Cuiab\u00e1 e suas curiosidades !","og_url":"https:\/\/www.em.com.br\/emfoco\/2025\/01\/06\/cuiaba-uma-joia-da-america-do-sul\/","og_site_name":"Estado de Minas - Em foco","article_published_time":"2025-01-06T15:40:00+00:00","article_modified_time":"2025-01-06T05:06:31+00:00","og_image":[{"width":1200,"height":675,"url":"https:\/\/www.em.com.br\/emfoco\/wp-content\/uploads\/2025\/01\/Cuiaba_center.jpg","type":"image\/jpeg"}],"author":"Kelvin","twitter_card":"summary_large_image","twitter_misc":{"Escrito por":"Kelvin","Est. tempo de leitura":"4 minutos"},"schema":{"@context":"https:\/\/schema.org","@graph":[{"@type":"WebPage","@id":"https:\/\/www.em.com.br\/emfoco\/2025\/01\/06\/cuiaba-uma-joia-da-america-do-sul\/","url":"https:\/\/www.em.com.br\/emfoco\/2025\/01\/06\/cuiaba-uma-joia-da-america-do-sul\/","name":"Cuiab\u00e1: Uma Joia da Am\u00e9rica do Sul - Estado de Minas - Em foco","isPartOf":{"@id":"https:\/\/www.em.com.br\/emfoco\/#website"},"primaryImageOfPage":{"@id":"https:\/\/www.em.com.br\/emfoco\/2025\/01\/06\/cuiaba-uma-joia-da-america-do-sul\/#primaryimage"},"image":{"@id":"https:\/\/www.em.com.br\/emfoco\/2025\/01\/06\/cuiaba-uma-joia-da-america-do-sul\/#primaryimage"},"thumbnailUrl":"https:\/\/www.em.com.br\/emfoco\/wp-content\/uploads\/2025\/01\/Cuiaba_center.jpg","datePublished":"2025-01-06T15:40:00+00:00","dateModified":"2025-01-06T05:06:31+00:00","author":{"@id":"https:\/\/www.em.com.br\/emfoco\/#\/schema\/person\/fb0a7f48c6fbb94b83f413a80f61917d"},"description":"Descubra a cidade brasileira de Cuiab\u00e1 e suas curiosidades !","breadcrumb":{"@id":"https:\/\/www.em.com.br\/emfoco\/2025\/01\/06\/cuiaba-uma-joia-da-america-do-sul\/#breadcrumb"},"inLanguage":"pt-BR","potentialAction":[{"@type":"ReadAction","target":["https:\/\/www.em.com.br\/emfoco\/2025\/01\/06\/cuiaba-uma-joia-da-america-do-sul\/"]}]},{"@type":"ImageObject","inLanguage":"pt-BR","@id":"https:\/\/www.em.com.br\/emfoco\/2025\/01\/06\/cuiaba-uma-joia-da-america-do-sul\/#primaryimage","url":"https:\/\/www.em.com.br\/emfoco\/wp-content\/uploads\/2025\/01\/Cuiaba_center.jpg","contentUrl":"https:\/\/www.em.com.br\/emfoco\/wp-content\/uploads\/2025\/01\/Cuiaba_center.jpg","width":1200,"height":675,"caption":"Cuiaba - Wikimidia Commons"},{"@type":"BreadcrumbList","@id":"https:\/\/www.em.com.br\/emfoco\/2025\/01\/06\/cuiaba-uma-joia-da-america-do-sul\/#breadcrumb","itemListElement":[{"@type":"ListItem","position":1,"name":"In\u00edcio","item":"https:\/\/www.em.com.br\/emfoco\/"},{"@type":"ListItem","position":2,"name":"Cuiab\u00e1: Uma Joia da Am\u00e9rica do Sul"}]},{"@type":"WebSite","@id":"https:\/\/www.em.com.br\/emfoco\/#website","url":"https:\/\/www.em.com.br\/emfoco\/","name":"Estado de Minas - Em foco","description":"Acompanhe as \u00faltimas not\u00edcias e fique bem informado sobre tudo o que acontece em Minas Gerais, Brasil e no mundo.","potentialAction":[{"@type":"SearchAction","target":{"@type":"EntryPoint","urlTemplate":"https:\/\/www.em.com.br\/emfoco\/?s={search_term_string}"},"query-input":{"@type":"PropertyValueSpecification","valueRequired":true,"valueName":"search_term_string"}}],"inLanguage":"pt-BR"},{"@type":"Person","@id":"https:\/\/www.em.com.br\/emfoco\/#\/schema\/person\/fb0a7f48c6fbb94b83f413a80f61917d","name":"Kelvin","image":{"@type":"ImageObject","inLanguage":"pt-BR","@id":"https:\/\/www.em.com.br\/emfoco\/#\/schema\/person\/image\/","url":"https:\/\/secure.gravatar.com\/avatar\/e74f84337e6bf6c4c5e88fbdffa05270?s=96&d=mm&r=g","contentUrl":"https:\/\/secure.gravatar.com\/avatar\/e74f84337e6bf6c4c5e88fbdffa05270?s=96&d=mm&r=g","caption":"Kelvin"},"sameAs":["https:\/\/www.em.com.br\/emfoco"],"url":"https:\/\/www.em.com.br\/emfoco\/author\/kelvinmyth\/"}]}},"_links":{"self":[{"href":"https:\/\/www.em.com.br\/emfoco\/wp-json\/wp\/v2\/posts\/8723","targetHints":{"allow":["GET"]}}],"collection":[{"href":"https:\/\/www.em.com.br\/emfoco\/wp-json\/wp\/v2\/posts"}],"about":[{"href":"https:\/\/www.em.com.br\/emfoco\/wp-json\/wp\/v2\/types\/post"}],"author":[{"embeddable":true,"href":"https:\/\/www.em.com.br\/emfoco\/wp-json\/wp\/v2\/users\/7"}],"replies":[{"embeddable":true,"href":"https:\/\/www.em.com.br\/emfoco\/wp-json\/wp\/v2\/comments?post=8723"}],"version-history":[{"count":2,"href":"https:\/\/www.em.com.br\/emfoco\/wp-json\/wp\/v2\/posts\/8723\/revisions"}],"predecessor-version":[{"id":8728,"href":"https:\/\/www.em.com.br\/emfoco\/wp-json\/wp\/v2\/posts\/8723\/revisions\/8728"}],"wp:featuredmedia":[{"embeddable":true,"href":"https:\/\/www.em.com.br\/emfoco\/wp-json\/wp\/v2\/media\/8726"}],"wp:attachment":[{"href":"https:\/\/www.em.com.br\/emfoco\/wp-json\/wp\/v2\/media?parent=8723"}],"wp:term":[{"taxonomy":"category","embeddable":true,"href":"https:\/\/www.em.com.br\/emfoco\/wp-json\/wp\/v2\/categories?post=8723"},{"taxonomy":"post_tag","embeddable":true,"href":"https:\/\/www.em.com.br\/emfoco\/wp-json\/wp\/v2\/tags?post=8723"}],"curies":[{"name":"wp","href":"https:\/\/api.w.org\/{rel}","templated":true}]}}