{"id":8705,"date":"2025-01-06T09:20:00","date_gmt":"2025-01-06T12:20:00","guid":{"rendered":"https:\/\/www.em.com.br\/emfoco\/?p=8705"},"modified":"2025-01-06T01:47:48","modified_gmt":"2025-01-06T04:47:48","slug":"minha-casa-minha-vida-expansao-do-programa-com-novas-moradias","status":"publish","type":"post","link":"https:\/\/www.em.com.br\/emfoco\/2025\/01\/06\/minha-casa-minha-vida-expansao-do-programa-com-novas-moradias\/","title":{"rendered":"Minha Casa Minha Vida: Tem novidade no ar!"},"content":{"rendered":"\n<p>O programa <a href=\"https:\/\/www.caixa.gov.br\/voce\/habitacao\/minha-casa-minha-vida\/Paginas\/default.aspx\" target=\"_blank\" rel=\"noreferrer noopener\">Minha Casa Minha Vida<\/a>, criado para facilitar o acesso a financiamentos imobili\u00e1rios, tem desempenhado um papel crucial na oferta de moradias acess\u00edveis no Brasil. Com a recente iniciativa do Governo Federal, mais de 10 mil novas <a href=\"https:\/\/www.em.com.br\/emfoco\/2025\/01\/02\/oportunidades-unicas-de-investimento-e-moradia-no-litoral-paulista\/\" target=\"_blank\" rel=\"noreferrer noopener\">unidades <\/a>habitacionais ser\u00e3o disponibilizadas, marcando um avan\u00e7o significativo para milhares de fam\u00edlias brasileiras que sonham com a casa pr\u00f3pria.<\/p>\n\n\n\n<p>Estas novas moradias contemplar\u00e3o cidad\u00e3os de 19 estados, proporcionando uma expans\u00e3o abrangente do programa habitacional. As unidades fazem parte de tr\u00eas modalidades distintas: entidades, rural e urbana. A expectativa \u00e9 de que mais de 42 mil brasileiros se beneficiem desta nova fase, ampliando o alcance social do projeto.<\/p>\n\n\n<div class=\"wp-block-image\">\n<figure class=\"aligncenter size-large\"><img loading=\"lazy\" decoding=\"async\" width=\"1024\" height=\"576\" src=\"https:\/\/www.em.com.br\/emfoco\/wp-content\/uploads\/2024\/12\/Casa_1734995654714-1024x576.jpg\" alt=\"\" class=\"wp-image-6344\" srcset=\"https:\/\/www.em.com.br\/emfoco\/wp-content\/uploads\/2024\/12\/Casa_1734995654714-1024x576.jpg 1024w, https:\/\/www.em.com.br\/emfoco\/wp-content\/uploads\/2024\/12\/Casa_1734995654714-300x169.jpg 300w, https:\/\/www.em.com.br\/emfoco\/wp-content\/uploads\/2024\/12\/Casa_1734995654714-768x432.jpg 768w, https:\/\/www.em.com.br\/emfoco\/wp-content\/uploads\/2024\/12\/Casa_1734995654714-750x422.jpg 750w, https:\/\/www.em.com.br\/emfoco\/wp-content\/uploads\/2024\/12\/Casa_1734995654714-1140x641.jpg 1140w, https:\/\/www.em.com.br\/emfoco\/wp-content\/uploads\/2024\/12\/Casa_1734995654714.jpg 1280w\" sizes=\"auto, (max-width: 1024px) 100vw, 1024px\" \/><figcaption class=\"wp-element-caption\">Minha Casa Minha Vida &#8211; Cr\u00e9ditos: depositphotos.com \/ HayDmitriy<\/figcaption><\/figure><\/div>\n\n\n<h2 class=\"wp-block-heading\">Quais s\u00e3o os Estados Beneficiados?<\/h2>\n\n\n\n<p>A distribui\u00e7\u00e3o dessas novas moradias abranger\u00e1 uma vasta \u00e1rea do territ\u00f3rio nacional. Os estados inclu\u00eddos na nova etapa do Minha Casa Minha Vida s\u00e3o:<\/p>\n\n\n\n<ul class=\"wp-block-list\">\n<li>Bahia<\/li>\n\n\n\n<li>Par\u00e1<\/li>\n\n\n\n<li>Maranh\u00e3o<\/li>\n\n\n\n<li>Pernambuco<\/li>\n\n\n\n<li>Rio Grande do Norte<\/li>\n\n\n\n<li>Rond\u00f4nia<\/li>\n\n\n\n<li>Paran\u00e1<\/li>\n\n\n\n<li>Piau\u00ed<\/li>\n\n\n\n<li>Rio Grande do Sul<\/li>\n\n\n\n<li>Cear\u00e1<\/li>\n\n\n\n<li>Alagoas<\/li>\n\n\n\n<li>Para\u00edba<\/li>\n\n\n\n<li>Sergipe<\/li>\n\n\n\n<li>S\u00e3o Paulo<\/li>\n\n\n\n<li>Goi\u00e1s<\/li>\n\n\n\n<li>Minas Gerais<\/li>\n\n\n\n<li>Mato Grosso do Sul<\/li>\n<\/ul>\n\n\n\n<p>Esses estados foram cuidadosamente selecionados para maximizar o impacto social e econ\u00f4mico do programa, assegurando que mais cidad\u00e3os tenham acesso a moradias dignas e seguras.<\/p>\n\n\n\n<h2 class=\"wp-block-heading\">Como Acessar o Programa Minha Casa Minha Vida?<\/h2>\n\n\n\n<p>Para participar do Minha Casa Minha Vida, os interessados devem procurar o financiamento imobili\u00e1rio atrav\u00e9s da Caixa Econ\u00f4mica Federal. Este banco viabiliza a aquisi\u00e7\u00e3o das casas, oferecendo diversas op\u00e7\u00f5es que se adaptam \u00e0s condi\u00e7\u00f5es financeiras individuais. Al\u00e9m disso, o programa promete subs\u00eddios que facilitam ainda mais a compra da casa pr\u00f3pria, tornando este sonho acess\u00edvel para uma parcela significativa da popula\u00e7\u00e3o.<\/p>\n\n\n\n<p>Na ag\u00eancia da Caixa, os cidad\u00e3os podem verificar as unidades dispon\u00edveis na sua regi\u00e3o e as melhores alternativas de financiamento. Esta orienta\u00e7\u00e3o \u00e9 fundamental para garantir que os compradores encontrem termos vi\u00e1veis e condizentes com suas capacidades de pagamento.<\/p>\n\n\n\n<h2 class=\"wp-block-heading\">Impactos Sociais e Econ\u00f4micos do Programa<\/h2>\n\n\n\n<p>A expans\u00e3o do Minha Casa Minha Vida n\u00e3o apenas ajuda na redu\u00e7\u00e3o do d\u00e9ficit habitacional, mas tamb\u00e9m impulsiona a economia local onde as novas unidades s\u00e3o constru\u00eddas. Isso ocorre atrav\u00e9s da cria\u00e7\u00e3o de empregos no setor de constru\u00e7\u00e3o civil e do fortalecimento do com\u00e9rcio local, j\u00e1 que novos residentes trazem demanda por servi\u00e7os e produtos.<\/p>\n\n\n\n<p>A iniciativa contribui ainda para a inclus\u00e3o social ao oferecer moradias adequadas a pre\u00e7os acess\u00edveis. Ela representa um passo importante na promo\u00e7\u00e3o da igualdade de oportunidades habitacionais e na melhoria da qualidade de vida das fam\u00edlias contempladas.<\/p>\n\n\n\n<h2 class=\"wp-block-heading\">Perspectivas Futuras para o Minha Casa Minha Vida<\/h2>\n\n\n\n<p>Com a implementa\u00e7\u00e3o cont\u00ednua de programas como o Minha Casa Minha Vida, o governo refor\u00e7a seu compromisso com a melhoria das condi\u00e7\u00f5es habitacionais no Brasil. O sucesso desta nova fase poder\u00e1 servir como um modelo para futuras expans\u00f5es do programa, ampliando cada vez mais o acesso a moradias dignas em todo o pa\u00eds.<\/p>\n\n\n\n<p>Espera-se que, atrav\u00e9s deste programa, seja poss\u00edvel n\u00e3o apenas atender a uma necessidade imediata de habita\u00e7\u00e3o, mas tamb\u00e9m fomentar o desenvolvimento sustent\u00e1vel e duradouro das regi\u00f5es contempladas. Assim, o Minha Casa Minha Vida continua sendo um pilar essencial na estrat\u00e9gia habitacional do Brasil.<\/p>\n","protected":false},"excerpt":{"rendered":"<p>O programa Minha Casa Minha Vida, criado para facilitar o acesso a financiamentos imobili\u00e1rios, tem desempenhado um papel crucial na oferta de moradias acess\u00edveis no Brasil. Com a recente iniciativa do Governo Federal, mais de 10 mil novas unidades habitacionais ser\u00e3o disponibilizadas, marcando um avan\u00e7o significativo para milhares de fam\u00edlias brasileiras que sonham com a [&hellip;]<\/p>\n","protected":false},"author":7,"featured_media":5740,"comment_status":"open","ping_status":"open","sticky":false,"template":"","format":"standard","meta":{"jnews-multi-image_gallery":[],"jnews_single_post":{"format":"standard"},"jnews_primary_category":[],"jnews_social_meta":[],"jnews_override_counter":[],"footnotes":""},"categories":[28],"tags":[158,1631,1217,2655,2512],"class_list":["post-8705","post","type-post","status-publish","format-standard","has-post-thumbnail","hentry","category-economia","tag-brasil","tag-caixa-economica-federal","tag-habitacao","tag-moradia-acessivel","tag-programa-social"],"yoast_head":"<!-- This site is optimized with the Yoast SEO plugin v23.8 - https:\/\/yoast.com\/wordpress\/plugins\/seo\/ -->\n<title>Minha Casa Minha Vida: Tem novidade no ar! - Estado de Minas - Em foco<\/title>\n<meta name=\"description\" content=\"Veja como participar e os impactos sociais e econ\u00f4micos desta iniciativa.\" \/>\n<meta name=\"robots\" content=\"index, follow, max-snippet:-1, max-image-preview:large, max-video-preview:-1\" \/>\n<link rel=\"canonical\" href=\"https:\/\/www.em.com.br\/emfoco\/2025\/01\/06\/minha-casa-minha-vida-expansao-do-programa-com-novas-moradias\/\" \/>\n<meta property=\"og:locale\" content=\"pt_BR\" \/>\n<meta property=\"og:type\" content=\"article\" \/>\n<meta property=\"og:title\" content=\"Minha Casa Minha Vida: Tem novidade no ar! - Estado de Minas - Em foco\" \/>\n<meta property=\"og:description\" content=\"Veja como participar e os impactos sociais e econ\u00f4micos desta iniciativa.\" \/>\n<meta property=\"og:url\" content=\"https:\/\/www.em.com.br\/emfoco\/2025\/01\/06\/minha-casa-minha-vida-expansao-do-programa-com-novas-moradias\/\" \/>\n<meta property=\"og:site_name\" content=\"Estado de Minas - Em foco\" \/>\n<meta property=\"article:published_time\" content=\"2025-01-06T12:20:00+00:00\" \/>\n<meta property=\"article:modified_time\" content=\"2025-01-06T04:47:48+00:00\" \/>\n<meta property=\"og:image\" content=\"https:\/\/www.em.com.br\/emfoco\/wp-content\/uploads\/2024\/12\/Casa_1734626445562.jpg\" \/>\n\t<meta property=\"og:image:width\" content=\"1280\" \/>\n\t<meta property=\"og:image:height\" content=\"720\" \/>\n\t<meta property=\"og:image:type\" content=\"image\/jpeg\" \/>\n<meta name=\"author\" content=\"Kelvin\" \/>\n<meta name=\"twitter:card\" content=\"summary_large_image\" \/>\n<meta name=\"twitter:label1\" content=\"Escrito por\" \/>\n\t<meta name=\"twitter:data1\" content=\"Kelvin\" \/>\n\t<meta name=\"twitter:label2\" content=\"Est. tempo de leitura\" \/>\n\t<meta name=\"twitter:data2\" content=\"4 minutos\" \/>\n<!-- \/ Yoast SEO plugin. -->","yoast_head_json":{"title":"Minha Casa Minha Vida: Tem novidade no ar! - Estado de Minas - Em foco","description":"Veja como participar e os impactos sociais e econ\u00f4micos desta iniciativa.","robots":{"index":"index","follow":"follow","max-snippet":"max-snippet:-1","max-image-preview":"max-image-preview:large","max-video-preview":"max-video-preview:-1"},"canonical":"https:\/\/www.em.com.br\/emfoco\/2025\/01\/06\/minha-casa-minha-vida-expansao-do-programa-com-novas-moradias\/","og_locale":"pt_BR","og_type":"article","og_title":"Minha Casa Minha Vida: Tem novidade no ar! - Estado de Minas - Em foco","og_description":"Veja como participar e os impactos sociais e econ\u00f4micos desta iniciativa.","og_url":"https:\/\/www.em.com.br\/emfoco\/2025\/01\/06\/minha-casa-minha-vida-expansao-do-programa-com-novas-moradias\/","og_site_name":"Estado de Minas - Em foco","article_published_time":"2025-01-06T12:20:00+00:00","article_modified_time":"2025-01-06T04:47:48+00:00","og_image":[{"width":1280,"height":720,"url":"https:\/\/www.em.com.br\/emfoco\/wp-content\/uploads\/2024\/12\/Casa_1734626445562.jpg","type":"image\/jpeg"}],"author":"Kelvin","twitter_card":"summary_large_image","twitter_misc":{"Escrito por":"Kelvin","Est. tempo de leitura":"4 minutos"},"schema":{"@context":"https:\/\/schema.org","@graph":[{"@type":"WebPage","@id":"https:\/\/www.em.com.br\/emfoco\/2025\/01\/06\/minha-casa-minha-vida-expansao-do-programa-com-novas-moradias\/","url":"https:\/\/www.em.com.br\/emfoco\/2025\/01\/06\/minha-casa-minha-vida-expansao-do-programa-com-novas-moradias\/","name":"Minha Casa Minha Vida: Tem novidade no ar! - Estado de Minas - Em foco","isPartOf":{"@id":"https:\/\/www.em.com.br\/emfoco\/#website"},"primaryImageOfPage":{"@id":"https:\/\/www.em.com.br\/emfoco\/2025\/01\/06\/minha-casa-minha-vida-expansao-do-programa-com-novas-moradias\/#primaryimage"},"image":{"@id":"https:\/\/www.em.com.br\/emfoco\/2025\/01\/06\/minha-casa-minha-vida-expansao-do-programa-com-novas-moradias\/#primaryimage"},"thumbnailUrl":"https:\/\/www.em.com.br\/emfoco\/wp-content\/uploads\/2024\/12\/Casa_1734626445562.jpg","datePublished":"2025-01-06T12:20:00+00:00","dateModified":"2025-01-06T04:47:48+00:00","author":{"@id":"https:\/\/www.em.com.br\/emfoco\/#\/schema\/person\/fb0a7f48c6fbb94b83f413a80f61917d"},"description":"Veja como participar e os impactos sociais e econ\u00f4micos desta iniciativa.","breadcrumb":{"@id":"https:\/\/www.em.com.br\/emfoco\/2025\/01\/06\/minha-casa-minha-vida-expansao-do-programa-com-novas-moradias\/#breadcrumb"},"inLanguage":"pt-BR","potentialAction":[{"@type":"ReadAction","target":["https:\/\/www.em.com.br\/emfoco\/2025\/01\/06\/minha-casa-minha-vida-expansao-do-programa-com-novas-moradias\/"]}]},{"@type":"ImageObject","inLanguage":"pt-BR","@id":"https:\/\/www.em.com.br\/emfoco\/2025\/01\/06\/minha-casa-minha-vida-expansao-do-programa-com-novas-moradias\/#primaryimage","url":"https:\/\/www.em.com.br\/emfoco\/wp-content\/uploads\/2024\/12\/Casa_1734626445562.jpg","contentUrl":"https:\/\/www.em.com.br\/emfoco\/wp-content\/uploads\/2024\/12\/Casa_1734626445562.jpg","width":1280,"height":720,"caption":"Minha Casa - Cr\u00e9ditos: depositphotos.com \/ AntonMatyukha"},{"@type":"BreadcrumbList","@id":"https:\/\/www.em.com.br\/emfoco\/2025\/01\/06\/minha-casa-minha-vida-expansao-do-programa-com-novas-moradias\/#breadcrumb","itemListElement":[{"@type":"ListItem","position":1,"name":"In\u00edcio","item":"https:\/\/www.em.com.br\/emfoco\/"},{"@type":"ListItem","position":2,"name":"Minha Casa Minha Vida: Tem novidade no ar!"}]},{"@type":"WebSite","@id":"https:\/\/www.em.com.br\/emfoco\/#website","url":"https:\/\/www.em.com.br\/emfoco\/","name":"Estado de Minas - Em foco","description":"Acompanhe as \u00faltimas not\u00edcias e fique bem informado sobre tudo o que acontece em Minas Gerais, Brasil e no mundo.","potentialAction":[{"@type":"SearchAction","target":{"@type":"EntryPoint","urlTemplate":"https:\/\/www.em.com.br\/emfoco\/?s={search_term_string}"},"query-input":{"@type":"PropertyValueSpecification","valueRequired":true,"valueName":"search_term_string"}}],"inLanguage":"pt-BR"},{"@type":"Person","@id":"https:\/\/www.em.com.br\/emfoco\/#\/schema\/person\/fb0a7f48c6fbb94b83f413a80f61917d","name":"Kelvin","image":{"@type":"ImageObject","inLanguage":"pt-BR","@id":"https:\/\/www.em.com.br\/emfoco\/#\/schema\/person\/image\/","url":"https:\/\/secure.gravatar.com\/avatar\/e74f84337e6bf6c4c5e88fbdffa05270?s=96&d=mm&r=g","contentUrl":"https:\/\/secure.gravatar.com\/avatar\/e74f84337e6bf6c4c5e88fbdffa05270?s=96&d=mm&r=g","caption":"Kelvin"},"sameAs":["https:\/\/www.em.com.br\/emfoco"],"url":"https:\/\/www.em.com.br\/emfoco\/author\/kelvinmyth\/"}]}},"_links":{"self":[{"href":"https:\/\/www.em.com.br\/emfoco\/wp-json\/wp\/v2\/posts\/8705","targetHints":{"allow":["GET"]}}],"collection":[{"href":"https:\/\/www.em.com.br\/emfoco\/wp-json\/wp\/v2\/posts"}],"about":[{"href":"https:\/\/www.em.com.br\/emfoco\/wp-json\/wp\/v2\/types\/post"}],"author":[{"embeddable":true,"href":"https:\/\/www.em.com.br\/emfoco\/wp-json\/wp\/v2\/users\/7"}],"replies":[{"embeddable":true,"href":"https:\/\/www.em.com.br\/emfoco\/wp-json\/wp\/v2\/comments?post=8705"}],"version-history":[{"count":3,"href":"https:\/\/www.em.com.br\/emfoco\/wp-json\/wp\/v2\/posts\/8705\/revisions"}],"predecessor-version":[{"id":8709,"href":"https:\/\/www.em.com.br\/emfoco\/wp-json\/wp\/v2\/posts\/8705\/revisions\/8709"}],"wp:featuredmedia":[{"embeddable":true,"href":"https:\/\/www.em.com.br\/emfoco\/wp-json\/wp\/v2\/media\/5740"}],"wp:attachment":[{"href":"https:\/\/www.em.com.br\/emfoco\/wp-json\/wp\/v2\/media?parent=8705"}],"wp:term":[{"taxonomy":"category","embeddable":true,"href":"https:\/\/www.em.com.br\/emfoco\/wp-json\/wp\/v2\/categories?post=8705"},{"taxonomy":"post_tag","embeddable":true,"href":"https:\/\/www.em.com.br\/emfoco\/wp-json\/wp\/v2\/tags?post=8705"}],"curies":[{"name":"wp","href":"https:\/\/api.w.org\/{rel}","templated":true}]}}