{"id":86965,"date":"2025-08-06T14:48:48","date_gmt":"2025-08-06T17:48:48","guid":{"rendered":"https:\/\/www.em.com.br\/emfoco\/?p=86965"},"modified":"2025-08-05T14:51:04","modified_gmt":"2025-08-05T17:51:04","slug":"o-que-acontece-quando-voce-planta-o-topo-da-cenoura-em-casa","status":"publish","type":"post","link":"https:\/\/www.em.com.br\/emfoco\/2025\/08\/06\/o-que-acontece-quando-voce-planta-o-topo-da-cenoura-em-casa\/","title":{"rendered":"O que acontece quando voc\u00ea planta o topo da cenoura em casa"},"content":{"rendered":"\n<p>Plantar <strong>cenoura<\/strong> sem sementes pode parecer um desafio, mas \u00e9 uma tarefa poss\u00edvel com os m\u00e9todos certos. Este artigo ir\u00e1 explorar alternativas eficazes para cultivar cenouras sem depender de sementes. Descubra como a jardinagem criativa pode transformar sua horta, independentemente se voc\u00ea est\u00e1 em uma grande cidade como <strong>S\u00e3o Paulo<\/strong> ou em \u00e1reas rurais do <strong>Brasil<\/strong>.<\/p>\n\n\n\n<ul class=\"wp-block-list\">\n<li>Uso de topos de cenoura para plantio.<\/li>\n\n\n\n<li>T\u00e9cnicas de enraizamento em \u00e1gua.<\/li>\n\n\n\n<li>Cultivo em recipientes adequados.<\/li>\n<\/ul>\n\n\n\n<h2 class=\"wp-block-heading\">Como plantar cenouras usando topos?<\/h2>\n\n\n\n<p>Reutilizar os <strong>topos de cenoura<\/strong> \u00e9 uma t\u00e9cnica sustent\u00e1vel. Comece cortando cerca de 2 a 3 cm do topo da cenoura. Esse m\u00e9todo foi popularizado em comunidades de jardinagem da <strong>Internet<\/strong> pelo mundo, mostrando sua efici\u00eancia.<\/p>\n\n\n\n<p>Em seguida, coloque o topo em uma tigela com \u00e1gua suficiente para cobrir o fundo. Mantenha em local iluminado, mas fora da luz solar direta.<\/p>\n\n\n\n<p>Em poucos dias, voc\u00ea ver\u00e1 brotos e ra\u00edzes emergindo, indicando que est\u00e1 pronto para o plantio no solo.<\/p>\n\n\n\n<h2 class=\"wp-block-heading\">Quais s\u00e3o as dicas para enraizar em \u00e1gua?<\/h2>\n\n\n\n<p>Se desejar incentivar o enraizamento antes do plantio, a \u00e1gua \u00e9 uma aliada valiosa. Coloque o topo da cenoura em um recipiente com \u00e1gua fresca. Muitos jardineiros compartilham seus resultados em f\u00f3runs como o <strong>Reddit<\/strong>, trocando ideias e d\u00favidas sobre as melhores pr\u00e1ticas.<\/p>\n\n\n\n<p>Troque a \u00e1gua a cada dois dias para evitar o apodrecimento. Uma t\u00e9cnica eficaz \u00e9 utilizar um recipiente de vidro para monitorar o progresso das ra\u00edzes.<\/p>\n\n\n<div class=\"wp-block-image\">\n<figure class=\"aligncenter size-large\"><img loading=\"lazy\" decoding=\"async\" width=\"1024\" height=\"576\" src=\"https:\/\/www.em.com.br\/emfoco\/wp-content\/uploads\/2025\/03\/cenoura_1741967264118-1024x576.jpg\" alt=\"Transforme seu cabelo com os benef\u00edcios surpreendentes da cenoura\" class=\"wp-image-28794\" srcset=\"https:\/\/www.em.com.br\/emfoco\/wp-content\/uploads\/2025\/03\/cenoura_1741967264118-1024x576.jpg 1024w, https:\/\/www.em.com.br\/emfoco\/wp-content\/uploads\/2025\/03\/cenoura_1741967264118-300x169.jpg 300w, https:\/\/www.em.com.br\/emfoco\/wp-content\/uploads\/2025\/03\/cenoura_1741967264118-768x432.jpg 768w, https:\/\/www.em.com.br\/emfoco\/wp-content\/uploads\/2025\/03\/cenoura_1741967264118-750x422.jpg 750w, https:\/\/www.em.com.br\/emfoco\/wp-content\/uploads\/2025\/03\/cenoura_1741967264118-1140x641.jpg 1140w, https:\/\/www.em.com.br\/emfoco\/wp-content\/uploads\/2025\/03\/cenoura_1741967264118.jpg 1280w\" sizes=\"auto, (max-width: 1024px) 100vw, 1024px\" \/><figcaption class=\"wp-element-caption\">Cenoura &#8211; Cr\u00e9ditos: depositphotos.com \/ maxsol7<\/figcaption><\/figure><\/div>\n\n\n<h2 class=\"wp-block-heading\">Posso cultivar cenoura em recipientes em apartamento?<\/h2>\n\n\n\n<p>Sim, cultivar cenoura em <strong>recipientes<\/strong> \u00e9 uma excelente op\u00e7\u00e3o para espa\u00e7os pequenos. Certifique-se de que o vaso tenha pelo menos 30 cm de profundidade para acomodar o crescimento das ra\u00edzes.<\/p>\n\n\n\n<p>Prepare uma mistura de solo rica em<a href=\"https:\/\/rehagro.com.br\/blog\/materia-organica-no-solo\/\" target=\"_blank\" rel=\"noopener\"> mat\u00e9ria org\u00e2nica<\/a> e bem drenada para um desenvolvimento saud\u00e1vel das cenouras. Em grandes centros urbanos como S\u00e3o Paulo, essa t\u00e9cnica ganhou destaque em feiras de <strong>agricultura urbana<\/strong>.<\/p>\n\n\n\n<p><em>Dica r\u00e1pida<\/em>: Misturar areia ao solo pode ajudar na drenagem e na forma\u00e7\u00e3o de ra\u00edzes mais retas.<\/p>\n\n\n\n<p>Leia tamb\u00e9m: <a href=\"https:\/\/www.em.com.br\/emfoco\/2025\/08\/04\/como-identificar-fungos-nas-plantas-e-agir-rapido-para-salvar-sua-horta\/\" target=\"_blank\" rel=\"noopener\">Como identificar fungos nas plantas e agir r\u00e1pido para salvar sua horta<\/a><\/p>\n\n\n\n<h2 class=\"wp-block-heading\">Por que escolher m\u00e9todos alternativos ao cultivo de sementes?<\/h2>\n\n\n\n<p>Escolher m\u00e9todos alternativos promove a sustentabilidade e aproveitamento completo dos alimentos. Al\u00e9m disso, \u00e9 uma solu\u00e7\u00e3o pr\u00e1tica e econ\u00f4mica para jardineiros iniciantes.<\/p>\n\n\n\n<p>Os m\u00e9todos sem sementes podem dar uma nova vida aos restos de vegetais, incentivando pr\u00e1ticas de jardinagem mais conscientes. Durante o evento <strong>Semana Nacional do Meio Ambiente<\/strong>, especialistas refor\u00e7aram a import\u00e2ncia de alternativas para o reaproveitamento de res\u00edduos dom\u00e9sticos.<\/p>\n\n\n\n<h2 class=\"wp-block-heading\">Quais s\u00e3o os principais aprendizados deste artigo?<\/h2>\n\n\n\n<ul class=\"wp-block-list\">\n<li>Topos de cenoura s\u00e3o \u00fateis para plantio sustent\u00e1vel.<\/li>\n\n\n\n<li>Enraizamento em \u00e1gua \u00e9 uma etapa simples e eficaz.<\/li>\n\n\n\n<li>Cultivar em recipientes \u00e9 vi\u00e1vel e eficiente para pequenos espa\u00e7os.<\/li>\n<\/ul>\n\n\n\n<p>\u00c9 importante enfatizar, no entanto, que plantar topos de cenoura n\u00e3o resultar\u00e1 em novas ra\u00edzes comest\u00edveis. A t\u00e9cnica limita-se ao crescimento de folhagens e, eventualmente, a produ\u00e7\u00e3o de sementes, mas n\u00e3o gera novas ra\u00edzes tuberosas.<\/p>\n","protected":false},"excerpt":{"rendered":"<p>Plantar cenoura sem sementes pode parecer um desafio, mas \u00e9 uma tarefa poss\u00edvel com os m\u00e9todos certos. Este artigo ir\u00e1 explorar alternativas eficazes para cultivar cenouras sem depender de sementes. Descubra como a jardinagem criativa pode transformar sua horta, independentemente se voc\u00ea est\u00e1 em uma grande cidade como S\u00e3o Paulo ou em \u00e1reas rurais do [&hellip;]<\/p>\n","protected":false},"author":9,"featured_media":32388,"comment_status":"open","ping_status":"open","sticky":false,"template":"","format":"standard","meta":{"jnews-multi-image_gallery":[],"jnews_single_post":{"format":"standard"},"jnews_primary_category":[],"jnews_social_meta":[],"jnews_override_counter":[],"footnotes":""},"categories":[29,1],"tags":[4528,13448],"class_list":["post-86965","post","type-post","status-publish","format-standard","has-post-thumbnail","hentry","category-entretenimento","category-noticias","tag-cenoura","tag-como-plantar-cenoura-sem-semente"],"yoast_head":"<!-- This site is optimized with the Yoast SEO plugin v23.8 - https:\/\/yoast.com\/wordpress\/plugins\/seo\/ -->\n<title>O que acontece quando voc\u00ea planta o topo da cenoura em casa<\/title>\n<meta name=\"description\" content=\"Saiba como plantar cenoura sem sementes usando topos e \u00e1gua. T\u00e9cnicas simples que funcionam at\u00e9 em apartamentos pequenos.\" \/>\n<meta name=\"robots\" content=\"index, follow, max-snippet:-1, max-image-preview:large, max-video-preview:-1\" \/>\n<link rel=\"canonical\" href=\"https:\/\/www.em.com.br\/emfoco\/2025\/08\/06\/o-que-acontece-quando-voce-planta-o-topo-da-cenoura-em-casa\/\" \/>\n<meta property=\"og:locale\" content=\"pt_BR\" \/>\n<meta property=\"og:type\" content=\"article\" \/>\n<meta property=\"og:title\" content=\"O que acontece quando voc\u00ea planta o topo da cenoura em casa\" \/>\n<meta property=\"og:description\" content=\"Saiba como plantar cenoura sem sementes usando topos e \u00e1gua. T\u00e9cnicas simples que funcionam at\u00e9 em apartamentos pequenos.\" \/>\n<meta property=\"og:url\" content=\"https:\/\/www.em.com.br\/emfoco\/2025\/08\/06\/o-que-acontece-quando-voce-planta-o-topo-da-cenoura-em-casa\/\" \/>\n<meta property=\"og:site_name\" content=\"Estado de Minas - Em foco\" \/>\n<meta property=\"article:published_time\" content=\"2025-08-06T17:48:48+00:00\" \/>\n<meta property=\"article:modified_time\" content=\"2025-08-05T17:51:04+00:00\" \/>\n<meta property=\"og:image\" content=\"https:\/\/www.em.com.br\/emfoco\/wp-content\/uploads\/2025\/03\/cenouras-_1742957634167.jpg\" \/>\n\t<meta property=\"og:image:width\" content=\"1280\" \/>\n\t<meta property=\"og:image:height\" content=\"720\" \/>\n\t<meta property=\"og:image:type\" content=\"image\/jpeg\" \/>\n<meta name=\"author\" content=\"Daniely Cardoso\" \/>\n<meta name=\"twitter:card\" content=\"summary_large_image\" \/>\n<meta name=\"twitter:label1\" content=\"Escrito por\" \/>\n\t<meta name=\"twitter:data1\" content=\"Daniely Cardoso\" \/>\n\t<meta name=\"twitter:label2\" content=\"Est. tempo de leitura\" \/>\n\t<meta name=\"twitter:data2\" content=\"4 minutos\" \/>\n<!-- \/ Yoast SEO plugin. -->","yoast_head_json":{"title":"O que acontece quando voc\u00ea planta o topo da cenoura em casa","description":"Saiba como plantar cenoura sem sementes usando topos e \u00e1gua. T\u00e9cnicas simples que funcionam at\u00e9 em apartamentos pequenos.","robots":{"index":"index","follow":"follow","max-snippet":"max-snippet:-1","max-image-preview":"max-image-preview:large","max-video-preview":"max-video-preview:-1"},"canonical":"https:\/\/www.em.com.br\/emfoco\/2025\/08\/06\/o-que-acontece-quando-voce-planta-o-topo-da-cenoura-em-casa\/","og_locale":"pt_BR","og_type":"article","og_title":"O que acontece quando voc\u00ea planta o topo da cenoura em casa","og_description":"Saiba como plantar cenoura sem sementes usando topos e \u00e1gua. T\u00e9cnicas simples que funcionam at\u00e9 em apartamentos pequenos.","og_url":"https:\/\/www.em.com.br\/emfoco\/2025\/08\/06\/o-que-acontece-quando-voce-planta-o-topo-da-cenoura-em-casa\/","og_site_name":"Estado de Minas - Em foco","article_published_time":"2025-08-06T17:48:48+00:00","article_modified_time":"2025-08-05T17:51:04+00:00","og_image":[{"width":1280,"height":720,"url":"https:\/\/www.em.com.br\/emfoco\/wp-content\/uploads\/2025\/03\/cenouras-_1742957634167.jpg","type":"image\/jpeg"}],"author":"Daniely Cardoso","twitter_card":"summary_large_image","twitter_misc":{"Escrito por":"Daniely Cardoso","Est. tempo de leitura":"4 minutos"},"schema":{"@context":"https:\/\/schema.org","@graph":[{"@type":"WebPage","@id":"https:\/\/www.em.com.br\/emfoco\/2025\/08\/06\/o-que-acontece-quando-voce-planta-o-topo-da-cenoura-em-casa\/","url":"https:\/\/www.em.com.br\/emfoco\/2025\/08\/06\/o-que-acontece-quando-voce-planta-o-topo-da-cenoura-em-casa\/","name":"O que acontece quando voc\u00ea planta o topo da cenoura em casa","isPartOf":{"@id":"https:\/\/www.em.com.br\/emfoco\/#website"},"primaryImageOfPage":{"@id":"https:\/\/www.em.com.br\/emfoco\/2025\/08\/06\/o-que-acontece-quando-voce-planta-o-topo-da-cenoura-em-casa\/#primaryimage"},"image":{"@id":"https:\/\/www.em.com.br\/emfoco\/2025\/08\/06\/o-que-acontece-quando-voce-planta-o-topo-da-cenoura-em-casa\/#primaryimage"},"thumbnailUrl":"https:\/\/www.em.com.br\/emfoco\/wp-content\/uploads\/2025\/03\/cenouras-_1742957634167.jpg","datePublished":"2025-08-06T17:48:48+00:00","dateModified":"2025-08-05T17:51:04+00:00","author":{"@id":"https:\/\/www.em.com.br\/emfoco\/#\/schema\/person\/0a8186d72f2c3a5c6276d90b41f271a0"},"description":"Saiba como plantar cenoura sem sementes usando topos e \u00e1gua. T\u00e9cnicas simples que funcionam at\u00e9 em apartamentos pequenos.","breadcrumb":{"@id":"https:\/\/www.em.com.br\/emfoco\/2025\/08\/06\/o-que-acontece-quando-voce-planta-o-topo-da-cenoura-em-casa\/#breadcrumb"},"inLanguage":"pt-BR","potentialAction":[{"@type":"ReadAction","target":["https:\/\/www.em.com.br\/emfoco\/2025\/08\/06\/o-que-acontece-quando-voce-planta-o-topo-da-cenoura-em-casa\/"]}]},{"@type":"ImageObject","inLanguage":"pt-BR","@id":"https:\/\/www.em.com.br\/emfoco\/2025\/08\/06\/o-que-acontece-quando-voce-planta-o-topo-da-cenoura-em-casa\/#primaryimage","url":"https:\/\/www.em.com.br\/emfoco\/wp-content\/uploads\/2025\/03\/cenouras-_1742957634167.jpg","contentUrl":"https:\/\/www.em.com.br\/emfoco\/wp-content\/uploads\/2025\/03\/cenouras-_1742957634167.jpg","width":1280,"height":720,"caption":"Cenoura - Cr\u00e9ditos: depositphotos.com \/ nblxer"},{"@type":"BreadcrumbList","@id":"https:\/\/www.em.com.br\/emfoco\/2025\/08\/06\/o-que-acontece-quando-voce-planta-o-topo-da-cenoura-em-casa\/#breadcrumb","itemListElement":[{"@type":"ListItem","position":1,"name":"In\u00edcio","item":"https:\/\/www.em.com.br\/emfoco\/"},{"@type":"ListItem","position":2,"name":"O que acontece quando voc\u00ea planta o topo da cenoura em casa"}]},{"@type":"WebSite","@id":"https:\/\/www.em.com.br\/emfoco\/#website","url":"https:\/\/www.em.com.br\/emfoco\/","name":"Estado de Minas - Em foco","description":"Acompanhe as \u00faltimas not\u00edcias e fique bem informado sobre tudo o que acontece em Minas Gerais, Brasil e no mundo.","potentialAction":[{"@type":"SearchAction","target":{"@type":"EntryPoint","urlTemplate":"https:\/\/www.em.com.br\/emfoco\/?s={search_term_string}"},"query-input":{"@type":"PropertyValueSpecification","valueRequired":true,"valueName":"search_term_string"}}],"inLanguage":"pt-BR"},{"@type":"Person","@id":"https:\/\/www.em.com.br\/emfoco\/#\/schema\/person\/0a8186d72f2c3a5c6276d90b41f271a0","name":"Daniely Cardoso","image":{"@type":"ImageObject","inLanguage":"pt-BR","@id":"https:\/\/www.em.com.br\/emfoco\/#\/schema\/person\/image\/","url":"https:\/\/secure.gravatar.com\/avatar\/4b80ddbd124d1f071b626d52d62e5dff?s=96&d=mm&r=g","contentUrl":"https:\/\/secure.gravatar.com\/avatar\/4b80ddbd124d1f071b626d52d62e5dff?s=96&d=mm&r=g","caption":"Daniely Cardoso"},"url":"https:\/\/www.em.com.br\/emfoco\/author\/danielymyth\/"}]}},"_links":{"self":[{"href":"https:\/\/www.em.com.br\/emfoco\/wp-json\/wp\/v2\/posts\/86965","targetHints":{"allow":["GET"]}}],"collection":[{"href":"https:\/\/www.em.com.br\/emfoco\/wp-json\/wp\/v2\/posts"}],"about":[{"href":"https:\/\/www.em.com.br\/emfoco\/wp-json\/wp\/v2\/types\/post"}],"author":[{"embeddable":true,"href":"https:\/\/www.em.com.br\/emfoco\/wp-json\/wp\/v2\/users\/9"}],"replies":[{"embeddable":true,"href":"https:\/\/www.em.com.br\/emfoco\/wp-json\/wp\/v2\/comments?post=86965"}],"version-history":[{"count":3,"href":"https:\/\/www.em.com.br\/emfoco\/wp-json\/wp\/v2\/posts\/86965\/revisions"}],"predecessor-version":[{"id":86974,"href":"https:\/\/www.em.com.br\/emfoco\/wp-json\/wp\/v2\/posts\/86965\/revisions\/86974"}],"wp:featuredmedia":[{"embeddable":true,"href":"https:\/\/www.em.com.br\/emfoco\/wp-json\/wp\/v2\/media\/32388"}],"wp:attachment":[{"href":"https:\/\/www.em.com.br\/emfoco\/wp-json\/wp\/v2\/media?parent=86965"}],"wp:term":[{"taxonomy":"category","embeddable":true,"href":"https:\/\/www.em.com.br\/emfoco\/wp-json\/wp\/v2\/categories?post=86965"},{"taxonomy":"post_tag","embeddable":true,"href":"https:\/\/www.em.com.br\/emfoco\/wp-json\/wp\/v2\/tags?post=86965"}],"curies":[{"name":"wp","href":"https:\/\/api.w.org\/{rel}","templated":true}]}}