{"id":86629,"date":"2025-08-06T12:20:00","date_gmt":"2025-08-06T15:20:00","guid":{"rendered":"https:\/\/www.em.com.br\/emfoco\/?p=86629"},"modified":"2025-08-06T10:45:31","modified_gmt":"2025-08-06T13:45:31","slug":"saiba-como-se-proteger-dessa-doenca-que-tem-mais-de-10-mil-casos-e-mortes-em-2025-no-pais","status":"publish","type":"post","link":"https:\/\/www.em.com.br\/emfoco\/2025\/08\/06\/saiba-como-se-proteger-dessa-doenca-que-tem-mais-de-10-mil-casos-e-mortes-em-2025-no-pais\/","title":{"rendered":"Saiba como se proteger dessa doen\u00e7a que tem mais de 10 mil casos e mortes em 2025 no pa\u00eds"},"content":{"rendered":"\n<p>Aumento expressivo dos casos de\u00a0<strong><a href=\"https:\/\/www.gov.br\/saude\/pt-br\/assuntos\/saude-com-ciencia\/noticias\/2025\/janeiro\/febre-do-oropouche-entenda-o-que-e-e-como-se-prevenir\" target=\"_blank\" rel=\"noreferrer noopener\">febre Oropouche<\/a><\/strong>\u00a0no\u00a0<strong>Brasil<\/strong>\u00a0tem chamado a aten\u00e7\u00e3o desde o in\u00edcio de\u00a0<strong>2024<\/strong>. Com mais de 10 mil notifica\u00e7\u00f5es at\u00e9\u00a0<strong>2025<\/strong>, a doen\u00e7a, transmitida por mosquito maruim, se tornou uma das principais arboviroses emergentes em territ\u00f3rio nacional.<\/p>\n\n\n\n<ul class=\"wp-block-list\">\n<li>Conhe\u00e7a os sintomas que diferenciam a febre Oropouche de outras doen\u00e7as.<\/li>\n\n\n\n<li>Saiba como ocorre a transmiss\u00e3o e como se prevenir.<\/li>\n\n\n\n<li>Descubra os desafios no combate a esta enfermidade viral.<\/li>\n<\/ul>\n\n\n\n<h2 class=\"wp-block-heading\">Quais s\u00e3o os sintomas da febre Oropouche?<\/h2>\n\n\n\n<p>Os sinais cl\u00ednicos da&nbsp;<strong>febre Oropouche<\/strong>&nbsp;podem ser confundidos com outras arboviroses. Entre os principais sintomas est\u00e3o:<\/p>\n\n\n\n<ul class=\"wp-block-list\">\n<li>Febre alta de in\u00edcio s\u00fabito<\/li>\n\n\n\n<li>Dor de cabe\u00e7a intensa<\/li>\n\n\n\n<li>Dores musculares e nas articula\u00e7\u00f5es<\/li>\n\n\n\n<li>Tontura e mal-estar<\/li>\n\n\n\n<li>Erup\u00e7\u00f5es cut\u00e2neas<\/li>\n<\/ul>\n\n\n\n<p>O per\u00edodo de incuba\u00e7\u00e3o do v\u00edrus \u00e9 de quatro a oito dias ap\u00f3s a picada, com sintomas que persistem por at\u00e9 uma semana.&nbsp;<strong>Aten\u00e7\u00e3o<\/strong>: procure atendimento m\u00e9dico para diagn\u00f3stico e manejo adequados. Vale lembrar que casos registrados em grandes cidades como&nbsp;<strong>Manaus<\/strong>&nbsp;e&nbsp;<strong>Bel\u00e9m<\/strong>&nbsp;representam novos desafios para os sistemas de sa\u00fade locais.<\/p>\n\n\n\n<h2 class=\"wp-block-heading\">Como ocorre a transmiss\u00e3o da febre Oropouche?<\/h2>\n\n\n\n<p>A transmiss\u00e3o se d\u00e1 principalmente pela picada do&nbsp;<strong>maruim<\/strong>, mas outros mosquitos, como&nbsp;<em>Culex quinquefasciatus<\/em>, s\u00e3o vetores em \u00e1reas urbanas. A nova linhagem&nbsp;<strong>OROV BR-2015-2024<\/strong>&nbsp;pode dificultar a resposta imunol\u00f3gica, contribuindo para surtos. Em regi\u00f5es do&nbsp;<strong>Norte do Brasil<\/strong>, a incid\u00eancia aumentou devido \u00e0 intensifica\u00e7\u00e3o das chuvas e \u00e0 expans\u00e3o dos criadouros dos vetores.<\/p>\n\n\n\n<figure class=\"wp-block-image\"><img decoding=\"async\" src=\"https:\/\/www.em.com.br\/emfoco\/wp-content\/uploads\/2025\/06\/febre-amarela-_1751325187691-1024x576.jpg\" alt=\"\"\/><figcaption class=\"wp-element-caption\">Homem doente &#8211; Cr\u00e9ditos: depositphotos.com \/ Ischukigor<\/figcaption><\/figure>\n\n\n\n<h2 class=\"wp-block-heading\">O que fazer para prevenir a febre Oropouche?<\/h2>\n\n\n\n<p>Prevenir a febre Oropouche envolve reduzir contato com mosquitos transmissores:<\/p>\n\n\n\n<ul class=\"wp-block-list\">\n<li>Use roupas que cubram bra\u00e7os e pernas.<\/li>\n\n\n\n<li>Aplique repelentes nas \u00e1reas expostas.<\/li>\n\n\n\n<li>Instale telas de prote\u00e7\u00e3o em portas e janelas.<\/li>\n\n\n\n<li>Elimine criadouros de mosquitos, como \u00e1gua parada.<\/li>\n<\/ul>\n\n\n\n<p><strong>Gestantes<\/strong>\u00a0e grupos de risco devem adotar cuidados redobrados. Conscientizar a popula\u00e7\u00e3o \u00e9 essencial para controle da doen\u00e7a, especialmente em cidades como\u00a0<strong>Porto Velho<\/strong>\u00a0e\u00a0<strong><a href=\"https:\/\/agenciabrasil.ebc.com.br\/saude\/noticia\/2025-06\/estado-do-rio-registra-quarta-morte-por-febre-do-oropouche\" target=\"_blank\" rel=\"noreferrer noopener\">Rio de Janeiro<\/a><\/strong>, onde a circula\u00e7\u00e3o do v\u00edrus j\u00e1 foi identificada recentemente.<\/p>\n\n\n\n<h2 class=\"wp-block-heading\">Quais s\u00e3o os principais desafios no combate \u00e0 febre Oropouche?<\/h2>\n\n\n\n<p>O combate \u00e0 febre Oropouche envolve diagn\u00f3sticos mais precisos e a\u00e7\u00f5es coordenadas para o controle dos vetores. Fatores ambientais como&nbsp;<strong>mudan\u00e7as clim\u00e1ticas<\/strong>&nbsp;favorecem a expans\u00e3o dos mosquitos e aumentam os riscos. Em&nbsp;<strong>2024<\/strong>, a amplia\u00e7\u00e3o do monitoramento pelas equipes da&nbsp;<strong>Funda\u00e7\u00e3o Oswaldo Cruz<\/strong>&nbsp;e do&nbsp;<strong>Minist\u00e9rio da Sa\u00fade<\/strong>&nbsp;foi fundamental para detectar e responder aos novos focos. A coopera\u00e7\u00e3o entre \u00f3rg\u00e3os de sa\u00fade e comunidades \u00e9 vital.<\/p>\n\n\n\n<h2 class=\"wp-block-heading\">Existe tratamento espec\u00edfico para febre Oropouche?<\/h2>\n\n\n\n<p>Atualmente, n\u00e3o h\u00e1 tratamento antiviral espec\u00edfico para febre Oropouche. O manejo da doen\u00e7a \u00e9 sintom\u00e1tico, com&nbsp;<strong>medicamentos<\/strong>&nbsp;para al\u00edvio. Recomenda-se repouso, hidrata\u00e7\u00e3o e acompanhamento m\u00e9dico. Vacinas est\u00e3o em pesquisa por institui\u00e7\u00f5es nacionais e internacionais como a&nbsp;<strong>Universidade de S\u00e3o Paulo<\/strong>, mas ainda n\u00e3o h\u00e1 previs\u00e3o para uso amplo.<\/p>\n\n\n\n<h2 class=\"wp-block-heading\">Como superar o desafio da febre Oropouche no Brasil?<\/h2>\n\n\n\n<ul class=\"wp-block-list\">\n<li>Protocolos atualizados e mobiliza\u00e7\u00e3o social s\u00e3o essenciais para conter a propaga\u00e7\u00e3o.<\/li>\n\n\n\n<li>Estrat\u00e9gias preventivas e redes de diagn\u00f3stico devem ser fortalecidas.<\/li>\n\n\n\n<li>Informa\u00e7\u00e3o e conscientiza\u00e7\u00e3o s\u00e3o fundamentais para prote\u00e7\u00e3o da popula\u00e7\u00e3o.<\/li>\n<\/ul>\n\n\n\n<p>O monitoramento, junto \u00e0 colabora\u00e7\u00e3o de plataformas digitais como o&nbsp;<strong>Portal da Sa\u00fade<\/strong>, contribui para atualizar a sociedade e profissionais sobre a febre Oropouche, refor\u00e7ando a import\u00e2ncia do combate \u00e0 doen\u00e7a no territ\u00f3rio nacional.<\/p>\n","protected":false},"excerpt":{"rendered":"<p>Aumento expressivo dos casos de\u00a0febre Oropouche\u00a0no\u00a0Brasil\u00a0tem chamado a aten\u00e7\u00e3o desde o in\u00edcio de\u00a02024. Com mais de 10 mil notifica\u00e7\u00f5es at\u00e9\u00a02025, a doen\u00e7a, transmitida por mosquito maruim, se tornou uma das principais arboviroses emergentes em territ\u00f3rio nacional. Quais s\u00e3o os sintomas da febre Oropouche? Os sinais cl\u00ednicos da&nbsp;febre Oropouche&nbsp;podem ser confundidos com outras arboviroses. Entre os [&hellip;]<\/p>\n","protected":false},"author":11,"featured_media":59341,"comment_status":"open","ping_status":"open","sticky":false,"template":"","format":"standard","meta":{"jnews-multi-image_gallery":[],"jnews_single_post":{"format":"standard"},"jnews_primary_category":[],"jnews_social_meta":[],"jnews_override_counter":[],"footnotes":""},"categories":[1,9053],"tags":[8973,10017,9437,415,10371],"class_list":["post-86629","post","type-post","status-publish","format-standard","has-post-thumbnail","hentry","category-noticias","category-saude","tag-febre","tag-febre-oropouche","tag-mosquito","tag-saude","tag-virus"],"yoast_head":"<!-- This site is optimized with the Yoast SEO plugin v23.8 - https:\/\/yoast.com\/wordpress\/plugins\/seo\/ -->\n<title>Saiba como se proteger dessa doen\u00e7a que tem mais de 10 mil casos e mortes em 2025 no pa\u00eds - Estado de Minas - Em foco<\/title>\n<meta name=\"description\" content=\"V\u00edrus se espalha silenciosamente e j\u00e1 provocou mortes no RJ e ES. Saiba o que \u00e9 a febre oropouche e seus sintomas.\" \/>\n<meta name=\"robots\" content=\"index, follow, max-snippet:-1, max-image-preview:large, max-video-preview:-1\" \/>\n<link rel=\"canonical\" href=\"https:\/\/www.em.com.br\/emfoco\/2025\/08\/06\/saiba-como-se-proteger-dessa-doenca-que-tem-mais-de-10-mil-casos-e-mortes-em-2025-no-pais\/\" \/>\n<meta property=\"og:locale\" content=\"pt_BR\" \/>\n<meta property=\"og:type\" content=\"article\" \/>\n<meta property=\"og:title\" content=\"Saiba como se proteger dessa doen\u00e7a que tem mais de 10 mil casos e mortes em 2025 no pa\u00eds - Estado de Minas - Em foco\" \/>\n<meta property=\"og:description\" content=\"V\u00edrus se espalha silenciosamente e j\u00e1 provocou mortes no RJ e ES. Saiba o que \u00e9 a febre oropouche e seus sintomas.\" \/>\n<meta property=\"og:url\" content=\"https:\/\/www.em.com.br\/emfoco\/2025\/08\/06\/saiba-como-se-proteger-dessa-doenca-que-tem-mais-de-10-mil-casos-e-mortes-em-2025-no-pais\/\" \/>\n<meta property=\"og:site_name\" content=\"Estado de Minas - Em foco\" \/>\n<meta property=\"article:published_time\" content=\"2025-08-06T15:20:00+00:00\" \/>\n<meta property=\"article:modified_time\" content=\"2025-08-06T13:45:31+00:00\" \/>\n<meta property=\"og:image\" content=\"https:\/\/www.em.com.br\/emfoco\/wp-content\/uploads\/2025\/06\/febre_1749733428552.jpg\" \/>\n\t<meta property=\"og:image:width\" content=\"1280\" \/>\n\t<meta property=\"og:image:height\" content=\"720\" \/>\n\t<meta property=\"og:image:type\" content=\"image\/jpeg\" \/>\n<meta name=\"author\" content=\"Andre\u0301 Rangel\u00a0\" \/>\n<meta name=\"twitter:card\" content=\"summary_large_image\" \/>\n<meta name=\"twitter:label1\" content=\"Escrito por\" \/>\n\t<meta name=\"twitter:data1\" content=\"Andre\u0301 Rangel\u00a0\" \/>\n\t<meta name=\"twitter:label2\" content=\"Est. tempo de leitura\" \/>\n\t<meta name=\"twitter:data2\" content=\"4 minutos\" \/>\n<!-- \/ Yoast SEO plugin. -->","yoast_head_json":{"title":"Saiba como se proteger dessa doen\u00e7a que tem mais de 10 mil casos e mortes em 2025 no pa\u00eds - Estado de Minas - Em foco","description":"V\u00edrus se espalha silenciosamente e j\u00e1 provocou mortes no RJ e ES. Saiba o que \u00e9 a febre oropouche e seus sintomas.","robots":{"index":"index","follow":"follow","max-snippet":"max-snippet:-1","max-image-preview":"max-image-preview:large","max-video-preview":"max-video-preview:-1"},"canonical":"https:\/\/www.em.com.br\/emfoco\/2025\/08\/06\/saiba-como-se-proteger-dessa-doenca-que-tem-mais-de-10-mil-casos-e-mortes-em-2025-no-pais\/","og_locale":"pt_BR","og_type":"article","og_title":"Saiba como se proteger dessa doen\u00e7a que tem mais de 10 mil casos e mortes em 2025 no pa\u00eds - Estado de Minas - Em foco","og_description":"V\u00edrus se espalha silenciosamente e j\u00e1 provocou mortes no RJ e ES. Saiba o que \u00e9 a febre oropouche e seus sintomas.","og_url":"https:\/\/www.em.com.br\/emfoco\/2025\/08\/06\/saiba-como-se-proteger-dessa-doenca-que-tem-mais-de-10-mil-casos-e-mortes-em-2025-no-pais\/","og_site_name":"Estado de Minas - Em foco","article_published_time":"2025-08-06T15:20:00+00:00","article_modified_time":"2025-08-06T13:45:31+00:00","og_image":[{"width":1280,"height":720,"url":"https:\/\/www.em.com.br\/emfoco\/wp-content\/uploads\/2025\/06\/febre_1749733428552.jpg","type":"image\/jpeg"}],"author":"Andre\u0301 Rangel\u00a0","twitter_card":"summary_large_image","twitter_misc":{"Escrito por":"Andre\u0301 Rangel\u00a0","Est. tempo de leitura":"4 minutos"},"schema":{"@context":"https:\/\/schema.org","@graph":[{"@type":"WebPage","@id":"https:\/\/www.em.com.br\/emfoco\/2025\/08\/06\/saiba-como-se-proteger-dessa-doenca-que-tem-mais-de-10-mil-casos-e-mortes-em-2025-no-pais\/","url":"https:\/\/www.em.com.br\/emfoco\/2025\/08\/06\/saiba-como-se-proteger-dessa-doenca-que-tem-mais-de-10-mil-casos-e-mortes-em-2025-no-pais\/","name":"Saiba como se proteger dessa doen\u00e7a que tem mais de 10 mil casos e mortes em 2025 no pa\u00eds - Estado de Minas - Em foco","isPartOf":{"@id":"https:\/\/www.em.com.br\/emfoco\/#website"},"primaryImageOfPage":{"@id":"https:\/\/www.em.com.br\/emfoco\/2025\/08\/06\/saiba-como-se-proteger-dessa-doenca-que-tem-mais-de-10-mil-casos-e-mortes-em-2025-no-pais\/#primaryimage"},"image":{"@id":"https:\/\/www.em.com.br\/emfoco\/2025\/08\/06\/saiba-como-se-proteger-dessa-doenca-que-tem-mais-de-10-mil-casos-e-mortes-em-2025-no-pais\/#primaryimage"},"thumbnailUrl":"https:\/\/www.em.com.br\/emfoco\/wp-content\/uploads\/2025\/06\/febre_1749733428552.jpg","datePublished":"2025-08-06T15:20:00+00:00","dateModified":"2025-08-06T13:45:31+00:00","author":{"@id":"https:\/\/www.em.com.br\/emfoco\/#\/schema\/person\/60eda09c1fedf0d6891f4cef4b60b8b8"},"description":"V\u00edrus se espalha silenciosamente e j\u00e1 provocou mortes no RJ e ES. Saiba o que \u00e9 a febre oropouche e seus sintomas.","breadcrumb":{"@id":"https:\/\/www.em.com.br\/emfoco\/2025\/08\/06\/saiba-como-se-proteger-dessa-doenca-que-tem-mais-de-10-mil-casos-e-mortes-em-2025-no-pais\/#breadcrumb"},"inLanguage":"pt-BR","potentialAction":[{"@type":"ReadAction","target":["https:\/\/www.em.com.br\/emfoco\/2025\/08\/06\/saiba-como-se-proteger-dessa-doenca-que-tem-mais-de-10-mil-casos-e-mortes-em-2025-no-pais\/"]}]},{"@type":"ImageObject","inLanguage":"pt-BR","@id":"https:\/\/www.em.com.br\/emfoco\/2025\/08\/06\/saiba-como-se-proteger-dessa-doenca-que-tem-mais-de-10-mil-casos-e-mortes-em-2025-no-pais\/#primaryimage","url":"https:\/\/www.em.com.br\/emfoco\/wp-content\/uploads\/2025\/06\/febre_1749733428552.jpg","contentUrl":"https:\/\/www.em.com.br\/emfoco\/wp-content\/uploads\/2025\/06\/febre_1749733428552.jpg","width":1280,"height":720,"caption":"Homem com febre - Cr\u00e9ditos: depositphotos.com \/ HayDmitriy"},{"@type":"BreadcrumbList","@id":"https:\/\/www.em.com.br\/emfoco\/2025\/08\/06\/saiba-como-se-proteger-dessa-doenca-que-tem-mais-de-10-mil-casos-e-mortes-em-2025-no-pais\/#breadcrumb","itemListElement":[{"@type":"ListItem","position":1,"name":"In\u00edcio","item":"https:\/\/www.em.com.br\/emfoco\/"},{"@type":"ListItem","position":2,"name":"Saiba como se proteger dessa doen\u00e7a que tem mais de 10 mil casos e mortes em 2025 no pa\u00eds"}]},{"@type":"WebSite","@id":"https:\/\/www.em.com.br\/emfoco\/#website","url":"https:\/\/www.em.com.br\/emfoco\/","name":"Estado de Minas - Em foco","description":"Acompanhe as \u00faltimas not\u00edcias e fique bem informado sobre tudo o que acontece em Minas Gerais, Brasil e no mundo.","potentialAction":[{"@type":"SearchAction","target":{"@type":"EntryPoint","urlTemplate":"https:\/\/www.em.com.br\/emfoco\/?s={search_term_string}"},"query-input":{"@type":"PropertyValueSpecification","valueRequired":true,"valueName":"search_term_string"}}],"inLanguage":"pt-BR"},{"@type":"Person","@id":"https:\/\/www.em.com.br\/emfoco\/#\/schema\/person\/60eda09c1fedf0d6891f4cef4b60b8b8","name":"Andre\u0301 Rangel\u00a0","image":{"@type":"ImageObject","inLanguage":"pt-BR","@id":"https:\/\/www.em.com.br\/emfoco\/#\/schema\/person\/image\/","url":"https:\/\/secure.gravatar.com\/avatar\/6234dc814c77c8ef6d8bba622c787efc?s=96&d=mm&r=g","contentUrl":"https:\/\/secure.gravatar.com\/avatar\/6234dc814c77c8ef6d8bba622c787efc?s=96&d=mm&r=g","caption":"Andre\u0301 Rangel\u00a0"},"url":"https:\/\/www.em.com.br\/emfoco\/author\/luizmyth\/"}]}},"_links":{"self":[{"href":"https:\/\/www.em.com.br\/emfoco\/wp-json\/wp\/v2\/posts\/86629","targetHints":{"allow":["GET"]}}],"collection":[{"href":"https:\/\/www.em.com.br\/emfoco\/wp-json\/wp\/v2\/posts"}],"about":[{"href":"https:\/\/www.em.com.br\/emfoco\/wp-json\/wp\/v2\/types\/post"}],"author":[{"embeddable":true,"href":"https:\/\/www.em.com.br\/emfoco\/wp-json\/wp\/v2\/users\/11"}],"replies":[{"embeddable":true,"href":"https:\/\/www.em.com.br\/emfoco\/wp-json\/wp\/v2\/comments?post=86629"}],"version-history":[{"count":3,"href":"https:\/\/www.em.com.br\/emfoco\/wp-json\/wp\/v2\/posts\/86629\/revisions"}],"predecessor-version":[{"id":86635,"href":"https:\/\/www.em.com.br\/emfoco\/wp-json\/wp\/v2\/posts\/86629\/revisions\/86635"}],"wp:featuredmedia":[{"embeddable":true,"href":"https:\/\/www.em.com.br\/emfoco\/wp-json\/wp\/v2\/media\/59341"}],"wp:attachment":[{"href":"https:\/\/www.em.com.br\/emfoco\/wp-json\/wp\/v2\/media?parent=86629"}],"wp:term":[{"taxonomy":"category","embeddable":true,"href":"https:\/\/www.em.com.br\/emfoco\/wp-json\/wp\/v2\/categories?post=86629"},{"taxonomy":"post_tag","embeddable":true,"href":"https:\/\/www.em.com.br\/emfoco\/wp-json\/wp\/v2\/tags?post=86629"}],"curies":[{"name":"wp","href":"https:\/\/api.w.org\/{rel}","templated":true}]}}