{"id":86496,"date":"2025-08-05T15:50:00","date_gmt":"2025-08-05T18:50:00","guid":{"rendered":"https:\/\/www.em.com.br\/emfoco\/?p=86496"},"modified":"2025-08-05T02:03:02","modified_gmt":"2025-08-05T05:03:02","slug":"dr-rafael-nastri-medico-especialista-em-cabelos-se-o-seu-cabelo-esta-caindo-isso-pode-ser-so-um-sintoma-nao-uma-doenca","status":"publish","type":"post","link":"https:\/\/www.em.com.br\/emfoco\/2025\/08\/05\/dr-rafael-nastri-medico-especialista-em-cabelos-se-o-seu-cabelo-esta-caindo-isso-pode-ser-so-um-sintoma-nao-uma-doenca\/","title":{"rendered":"Dr. Rafael Nastri, m\u00e9dico especialista em cabelos: \u201cSe o seu cabelo est\u00e1 caindo, isso pode ser s\u00f3 um sintoma, n\u00e3o uma doen\u00e7a\u201d"},"content":{"rendered":"\n<p><strong>Queda de cabelo precisa de investiga\u00e7\u00e3o m\u00e9dica e n\u00e3o de solu\u00e7\u00f5es gen\u00e9ricas.<\/strong> \u00c9 o que afirma o m\u00e9dico Dr. Rafael Nastri (CRM MG 80470 | CRM SP 256671), especializado em cuidados com pele e cabelo. Ele explica que perder fios diariamente \u00e9 algo esperado e fisiol\u00f3gico, mas quando a queda passa dos limites, n\u00e3o adianta apostar em vitaminas ou produtos populares sem saber a real causa.<\/p>\n\n\n\n<p>Para o especialista, queda capilar n\u00e3o \u00e9 uma condi\u00e7\u00e3o em si, mas sim uma consequ\u00eancia de algo mais profundo \u2014 e esse algo precisa ser investigado. Sem um diagn\u00f3stico correto, o tempo perdido pode significar fios que n\u00e3o voltam a crescer.<\/p>\n\n\n\n<h2 class=\"wp-block-heading\">Quanta queda de cabelo \u00e9 considerada normal?<\/h2>\n\n\n\n<p>De acordo com o Dr. Rafael, \u00e9 comum que uma pessoa perca de <strong>50 a 150 fios de cabelo por dia<\/strong>, devido ao ciclo natural de renova\u00e7\u00e3o do couro cabeludo. Essa quantidade varia de acordo com fatores como esta\u00e7\u00e3o do ano, tipo de cabelo e at\u00e9 gen\u00e9tica. No entanto, quando a queda se intensifica e come\u00e7a a comprometer o volume capilar, \u00e9 hora de ligar o alerta.<\/p>\n\n\n\n<p>Perder fios durante o banho ou ao pentear os cabelos nem sempre indica problema, mas quando isso se torna constante e visivelmente exagerado, vale buscar ajuda especializada. O olhar de um dermatologista \u00e9 essencial para determinar se \u00e9 algo tempor\u00e1rio ou mais s\u00e9rio.<\/p>\n\n\n\n<h2 class=\"wp-block-heading\">Quais s\u00e3o as causas mais comuns da queda de cabelo?<\/h2>\n\n\n\n<p>A queda capilar pode ser desencadeada por <strong>diversos fatores<\/strong>, como <strong>defici\u00eancias nutricionais, anemia, dist\u00farbios na tireoide, altera\u00e7\u00f5es hormonais, estresse, p\u00f3s-parto ou uso de medicamentos<\/strong>. Doen\u00e7as inflamat\u00f3rias e cicatriciais do couro cabeludo tamb\u00e9m est\u00e3o entre as causas que precisam de aten\u00e7\u00e3o.<\/p>\n\n\n\n<p>Por isso, o Dr. Rafael alerta: <strong>suplementos, vitaminas ou xampus milagrosos n\u00e3o resolvem a raiz do problema<\/strong>. O ideal \u00e9 investigar por meio de exames f\u00edsicos e laboratoriais, conduzidos por um m\u00e9dico capacitado, que possa identificar o real motivo da queda.<\/p>\n\n\n\n<h2 class=\"wp-block-heading\">Existe tratamento para a queda de cabelo?<\/h2>\n\n\n\n<p>Sim, mas <strong>o tratamento depende diretamente da causa identificada<\/strong>. Quando a origem \u00e9 nutricional, ajustes na dieta e suplementa\u00e7\u00f5es espec\u00edficas podem resolver. Se a origem for hormonal, o acompanhamento pode envolver endocrinologista. J\u00e1 em casos de alopecia androgen\u00e9tica ou doen\u00e7as autoimunes, o tratamento exige uma abordagem combinada.<\/p>\n\n\n<div class=\"wp-block-image\">\n<figure class=\"aligncenter size-large\"><img loading=\"lazy\" decoding=\"async\" width=\"1024\" height=\"576\" src=\"https:\/\/www.em.com.br\/emfoco\/wp-content\/uploads\/2025\/08\/queda-de-cabelo_1754369063648-1024x576.jpg\" alt=\"\" class=\"wp-image-86524\" srcset=\"https:\/\/www.em.com.br\/emfoco\/wp-content\/uploads\/2025\/08\/queda-de-cabelo_1754369063648-1024x576.jpg 1024w, https:\/\/www.em.com.br\/emfoco\/wp-content\/uploads\/2025\/08\/queda-de-cabelo_1754369063648-300x169.jpg 300w, https:\/\/www.em.com.br\/emfoco\/wp-content\/uploads\/2025\/08\/queda-de-cabelo_1754369063648-768x432.jpg 768w, https:\/\/www.em.com.br\/emfoco\/wp-content\/uploads\/2025\/08\/queda-de-cabelo_1754369063648-750x422.jpg 750w, https:\/\/www.em.com.br\/emfoco\/wp-content\/uploads\/2025\/08\/queda-de-cabelo_1754369063648-1140x641.jpg 1140w, https:\/\/www.em.com.br\/emfoco\/wp-content\/uploads\/2025\/08\/queda-de-cabelo_1754369063648.jpg 1280w\" sizes=\"auto, (max-width: 1024px) 100vw, 1024px\" \/><figcaption class=\"wp-element-caption\">Mulher com queda de cabelo &#8211; Cr\u00e9ditos: depositphotos.com \/ zneb076<\/figcaption><\/figure><\/div>\n\n\n<p>Dr. Rafael refor\u00e7a que n\u00e3o existe f\u00f3rmula m\u00e1gica ou p\u00edlula universal. A personaliza\u00e7\u00e3o do tratamento \u00e9 indispens\u00e1vel para obter resultados duradouros, e isso s\u00f3 \u00e9 poss\u00edvel com avalia\u00e7\u00e3o cl\u00ednica e exames detalhados.<\/p>\n\n\n\n<h2 class=\"wp-block-heading\">Quando procurar um dermatologista para investigar a queda?<\/h2>\n\n\n\n<p>Se a queda ultrapassa os padr\u00f5es normais, dura mais de tr\u00eas meses ou h\u00e1 falhas vis\u00edveis no couro cabeludo, \u00e9 essencial procurar ajuda. O diagn\u00f3stico precoce <strong>aumenta as chances de reverter a situa\u00e7\u00e3o e preservar os fios existentes<\/strong>.<\/p>\n\n\n\n<p>Segundo diretrizes da Sociedade Brasileira de Dermatologia, doen\u00e7as como alopecia areata ou efl\u00favio tel\u00f3geno precisam de tratamento espec\u00edfico, e quanto antes come\u00e7ar, melhor o progn\u00f3stico. O tempo perdido tentando solu\u00e7\u00f5es caseiras ou produtos gen\u00e9ricos pode significar perda definitiva dos fios.<\/p>\n\n\n\n<h2 class=\"wp-block-heading\">O que n\u00e3o fazer diante da queda de cabelo?<\/h2>\n\n\n\n<p>O Dr. Rafael destaca alguns erros comuns: usar el\u00e1sticos apertados, prender o cabelo molhado, abusar de calor e qu\u00edmicas sem cuidado, al\u00e9m de se automedicar com suplementos ou lo\u00e7\u00f5es sem orienta\u00e7\u00e3o. Esses h\u00e1bitos podem agravar a situa\u00e7\u00e3o e mascarar o problema real.<\/p>\n\n\n\n<p>Outro alerta importante: <strong>nem todo produto \u201cfortalecedor\u201d vendido em farm\u00e1cia \u00e9 eficaz para todos os tipos de queda<\/strong>. Sem saber a origem do problema, qualquer tentativa de tratamento pode ser ineficaz ou at\u00e9 prejudicial.<\/p>\n\n\n\n<h2 class=\"wp-block-heading\">Fontes oficiais consultadas<\/h2>\n\n\n\n<ul class=\"wp-block-list\">\n<li>Sociedade Brasileira de Dermatologia (SBD): <a href=\"http:\/\/www.sbd.org.br\" target=\"_blank\" rel=\"noreferrer noopener\">www.sbd.org.br<\/a><\/li>\n\n\n\n<li>Minist\u00e9rio da Sa\u00fade (Brasil): <a href=\"http:\/\/www.gov.br\/saude\" target=\"_blank\" rel=\"noreferrer noopener\">www.gov.br\/saude<\/a><\/li>\n\n\n\n<li>Organiza\u00e7\u00e3o Mundial da Sa\u00fade (OMS): <a href=\"http:\/\/www.who.int\" target=\"_blank\" rel=\"noreferrer noopener\">www.who.int<\/a><\/li>\n<\/ul>\n","protected":false},"excerpt":{"rendered":"<p>Queda de cabelo precisa de investiga\u00e7\u00e3o m\u00e9dica e n\u00e3o de solu\u00e7\u00f5es gen\u00e9ricas. \u00c9 o que afirma o m\u00e9dico Dr. Rafael Nastri (CRM MG 80470 | CRM SP 256671), especializado em cuidados com pele e cabelo. Ele explica que perder fios diariamente \u00e9 algo esperado e fisiol\u00f3gico, mas quando a queda passa dos limites, n\u00e3o adianta [&hellip;]<\/p>\n","protected":false},"author":17,"featured_media":86540,"comment_status":"open","ping_status":"open","sticky":false,"template":"","format":"standard","meta":{"jnews-multi-image_gallery":[],"jnews_single_post":{"format":"standard"},"jnews_primary_category":[],"jnews_social_meta":[],"jnews_override_counter":[],"footnotes":""},"categories":[9053],"tags":[2410,327,415,8974],"class_list":["post-86496","post","type-post","status-publish","format-standard","has-post-thumbnail","hentry","category-saude","tag-doenca","tag-qualidade-de-vida","tag-saude","tag-sintomas"],"yoast_head":"<!-- This site is optimized with the Yoast SEO plugin v23.8 - https:\/\/yoast.com\/wordpress\/plugins\/seo\/ -->\n<title>Dr. Rafael Nastri, m\u00e9dico especialista em cabelos: \u201cSe o seu cabelo est\u00e1 caindo, isso pode ser s\u00f3 um sintoma, n\u00e3o uma doen\u00e7a\u201d - Estado de Minas - Em foco<\/title>\n<meta name=\"description\" content=\"Cabelo caindo pode ser sinal de algo mais profundo. Veja por que queda capilar \u00e9 sintoma e quando procurar um dermatologista.\" \/>\n<meta name=\"robots\" content=\"index, follow, max-snippet:-1, max-image-preview:large, max-video-preview:-1\" \/>\n<link rel=\"canonical\" href=\"https:\/\/www.em.com.br\/emfoco\/2025\/08\/05\/dr-rafael-nastri-medico-especialista-em-cabelos-se-o-seu-cabelo-esta-caindo-isso-pode-ser-so-um-sintoma-nao-uma-doenca\/\" \/>\n<meta property=\"og:locale\" content=\"pt_BR\" \/>\n<meta property=\"og:type\" content=\"article\" \/>\n<meta property=\"og:title\" content=\"Dr. Rafael Nastri, m\u00e9dico especialista em cabelos: \u201cSe o seu cabelo est\u00e1 caindo, isso pode ser s\u00f3 um sintoma, n\u00e3o uma doen\u00e7a\u201d - Estado de Minas - Em foco\" \/>\n<meta property=\"og:description\" content=\"Cabelo caindo pode ser sinal de algo mais profundo. Veja por que queda capilar \u00e9 sintoma e quando procurar um dermatologista.\" \/>\n<meta property=\"og:url\" content=\"https:\/\/www.em.com.br\/emfoco\/2025\/08\/05\/dr-rafael-nastri-medico-especialista-em-cabelos-se-o-seu-cabelo-esta-caindo-isso-pode-ser-so-um-sintoma-nao-uma-doenca\/\" \/>\n<meta property=\"og:site_name\" content=\"Estado de Minas - Em foco\" \/>\n<meta property=\"article:published_time\" content=\"2025-08-05T18:50:00+00:00\" \/>\n<meta property=\"article:modified_time\" content=\"2025-08-05T05:03:02+00:00\" \/>\n<meta property=\"og:image\" content=\"https:\/\/www.em.com.br\/emfoco\/wp-content\/uploads\/2025\/08\/mosaico_1754369821750.jpg\" \/>\n\t<meta property=\"og:image:width\" content=\"1280\" \/>\n\t<meta property=\"og:image:height\" content=\"720\" \/>\n\t<meta property=\"og:image:type\" content=\"image\/jpeg\" \/>\n<meta name=\"author\" content=\"Lucas Sampaio\" \/>\n<meta name=\"twitter:card\" content=\"summary_large_image\" \/>\n<meta name=\"twitter:label1\" content=\"Escrito por\" \/>\n\t<meta name=\"twitter:data1\" content=\"Lucas Sampaio\" \/>\n\t<meta name=\"twitter:label2\" content=\"Est. tempo de leitura\" \/>\n\t<meta name=\"twitter:data2\" content=\"4 minutos\" \/>\n<!-- \/ Yoast SEO plugin. -->","yoast_head_json":{"title":"Dr. Rafael Nastri, m\u00e9dico especialista em cabelos: \u201cSe o seu cabelo est\u00e1 caindo, isso pode ser s\u00f3 um sintoma, n\u00e3o uma doen\u00e7a\u201d - Estado de Minas - Em foco","description":"Cabelo caindo pode ser sinal de algo mais profundo. Veja por que queda capilar \u00e9 sintoma e quando procurar um dermatologista.","robots":{"index":"index","follow":"follow","max-snippet":"max-snippet:-1","max-image-preview":"max-image-preview:large","max-video-preview":"max-video-preview:-1"},"canonical":"https:\/\/www.em.com.br\/emfoco\/2025\/08\/05\/dr-rafael-nastri-medico-especialista-em-cabelos-se-o-seu-cabelo-esta-caindo-isso-pode-ser-so-um-sintoma-nao-uma-doenca\/","og_locale":"pt_BR","og_type":"article","og_title":"Dr. Rafael Nastri, m\u00e9dico especialista em cabelos: \u201cSe o seu cabelo est\u00e1 caindo, isso pode ser s\u00f3 um sintoma, n\u00e3o uma doen\u00e7a\u201d - Estado de Minas - Em foco","og_description":"Cabelo caindo pode ser sinal de algo mais profundo. Veja por que queda capilar \u00e9 sintoma e quando procurar um dermatologista.","og_url":"https:\/\/www.em.com.br\/emfoco\/2025\/08\/05\/dr-rafael-nastri-medico-especialista-em-cabelos-se-o-seu-cabelo-esta-caindo-isso-pode-ser-so-um-sintoma-nao-uma-doenca\/","og_site_name":"Estado de Minas - Em foco","article_published_time":"2025-08-05T18:50:00+00:00","article_modified_time":"2025-08-05T05:03:02+00:00","og_image":[{"width":1280,"height":720,"url":"https:\/\/www.em.com.br\/emfoco\/wp-content\/uploads\/2025\/08\/mosaico_1754369821750.jpg","type":"image\/jpeg"}],"author":"Lucas Sampaio","twitter_card":"summary_large_image","twitter_misc":{"Escrito por":"Lucas Sampaio","Est. tempo de leitura":"4 minutos"},"schema":{"@context":"https:\/\/schema.org","@graph":[{"@type":"WebPage","@id":"https:\/\/www.em.com.br\/emfoco\/2025\/08\/05\/dr-rafael-nastri-medico-especialista-em-cabelos-se-o-seu-cabelo-esta-caindo-isso-pode-ser-so-um-sintoma-nao-uma-doenca\/","url":"https:\/\/www.em.com.br\/emfoco\/2025\/08\/05\/dr-rafael-nastri-medico-especialista-em-cabelos-se-o-seu-cabelo-esta-caindo-isso-pode-ser-so-um-sintoma-nao-uma-doenca\/","name":"Dr. Rafael Nastri, m\u00e9dico especialista em cabelos: \u201cSe o seu cabelo est\u00e1 caindo, isso pode ser s\u00f3 um sintoma, n\u00e3o uma doen\u00e7a\u201d - Estado de Minas - Em foco","isPartOf":{"@id":"https:\/\/www.em.com.br\/emfoco\/#website"},"primaryImageOfPage":{"@id":"https:\/\/www.em.com.br\/emfoco\/2025\/08\/05\/dr-rafael-nastri-medico-especialista-em-cabelos-se-o-seu-cabelo-esta-caindo-isso-pode-ser-so-um-sintoma-nao-uma-doenca\/#primaryimage"},"image":{"@id":"https:\/\/www.em.com.br\/emfoco\/2025\/08\/05\/dr-rafael-nastri-medico-especialista-em-cabelos-se-o-seu-cabelo-esta-caindo-isso-pode-ser-so-um-sintoma-nao-uma-doenca\/#primaryimage"},"thumbnailUrl":"https:\/\/www.em.com.br\/emfoco\/wp-content\/uploads\/2025\/08\/mosaico_1754369821750.jpg","datePublished":"2025-08-05T18:50:00+00:00","dateModified":"2025-08-05T05:03:02+00:00","author":{"@id":"https:\/\/www.em.com.br\/emfoco\/#\/schema\/person\/9ad4c536bd87f5bb8006420332b99aef"},"description":"Cabelo caindo pode ser sinal de algo mais profundo. Veja por que queda capilar \u00e9 sintoma e quando procurar um dermatologista.","breadcrumb":{"@id":"https:\/\/www.em.com.br\/emfoco\/2025\/08\/05\/dr-rafael-nastri-medico-especialista-em-cabelos-se-o-seu-cabelo-esta-caindo-isso-pode-ser-so-um-sintoma-nao-uma-doenca\/#breadcrumb"},"inLanguage":"pt-BR","potentialAction":[{"@type":"ReadAction","target":["https:\/\/www.em.com.br\/emfoco\/2025\/08\/05\/dr-rafael-nastri-medico-especialista-em-cabelos-se-o-seu-cabelo-esta-caindo-isso-pode-ser-so-um-sintoma-nao-uma-doenca\/"]}]},{"@type":"ImageObject","inLanguage":"pt-BR","@id":"https:\/\/www.em.com.br\/emfoco\/2025\/08\/05\/dr-rafael-nastri-medico-especialista-em-cabelos-se-o-seu-cabelo-esta-caindo-isso-pode-ser-so-um-sintoma-nao-uma-doenca\/#primaryimage","url":"https:\/\/www.em.com.br\/emfoco\/wp-content\/uploads\/2025\/08\/mosaico_1754369821750.jpg","contentUrl":"https:\/\/www.em.com.br\/emfoco\/wp-content\/uploads\/2025\/08\/mosaico_1754369821750.jpg","width":1280,"height":720,"caption":"Reprodu\u00e7\u00e3o (TikTok: @dr.rafaelnastri)"},{"@type":"BreadcrumbList","@id":"https:\/\/www.em.com.br\/emfoco\/2025\/08\/05\/dr-rafael-nastri-medico-especialista-em-cabelos-se-o-seu-cabelo-esta-caindo-isso-pode-ser-so-um-sintoma-nao-uma-doenca\/#breadcrumb","itemListElement":[{"@type":"ListItem","position":1,"name":"In\u00edcio","item":"https:\/\/www.em.com.br\/emfoco\/"},{"@type":"ListItem","position":2,"name":"Dr. Rafael Nastri, m\u00e9dico especialista em cabelos: \u201cSe o seu cabelo est\u00e1 caindo, isso pode ser s\u00f3 um sintoma, n\u00e3o uma doen\u00e7a\u201d"}]},{"@type":"WebSite","@id":"https:\/\/www.em.com.br\/emfoco\/#website","url":"https:\/\/www.em.com.br\/emfoco\/","name":"Estado de Minas - Em foco","description":"Acompanhe as \u00faltimas not\u00edcias e fique bem informado sobre tudo o que acontece em Minas Gerais, Brasil e no mundo.","potentialAction":[{"@type":"SearchAction","target":{"@type":"EntryPoint","urlTemplate":"https:\/\/www.em.com.br\/emfoco\/?s={search_term_string}"},"query-input":{"@type":"PropertyValueSpecification","valueRequired":true,"valueName":"search_term_string"}}],"inLanguage":"pt-BR"},{"@type":"Person","@id":"https:\/\/www.em.com.br\/emfoco\/#\/schema\/person\/9ad4c536bd87f5bb8006420332b99aef","name":"Lucas Sampaio","image":{"@type":"ImageObject","inLanguage":"pt-BR","@id":"https:\/\/www.em.com.br\/emfoco\/#\/schema\/person\/image\/","url":"https:\/\/secure.gravatar.com\/avatar\/2696b9676ad143cd7135b717faf6f79f?s=96&d=mm&r=g","contentUrl":"https:\/\/secure.gravatar.com\/avatar\/2696b9676ad143cd7135b717faf6f79f?s=96&d=mm&r=g","caption":"Lucas Sampaio"},"sameAs":["https:\/\/www.em.com.br\/emfoco\/"],"url":"https:\/\/www.em.com.br\/emfoco\/author\/lucasmyth\/"}]}},"_links":{"self":[{"href":"https:\/\/www.em.com.br\/emfoco\/wp-json\/wp\/v2\/posts\/86496","targetHints":{"allow":["GET"]}}],"collection":[{"href":"https:\/\/www.em.com.br\/emfoco\/wp-json\/wp\/v2\/posts"}],"about":[{"href":"https:\/\/www.em.com.br\/emfoco\/wp-json\/wp\/v2\/types\/post"}],"author":[{"embeddable":true,"href":"https:\/\/www.em.com.br\/emfoco\/wp-json\/wp\/v2\/users\/17"}],"replies":[{"embeddable":true,"href":"https:\/\/www.em.com.br\/emfoco\/wp-json\/wp\/v2\/comments?post=86496"}],"version-history":[{"count":3,"href":"https:\/\/www.em.com.br\/emfoco\/wp-json\/wp\/v2\/posts\/86496\/revisions"}],"predecessor-version":[{"id":86525,"href":"https:\/\/www.em.com.br\/emfoco\/wp-json\/wp\/v2\/posts\/86496\/revisions\/86525"}],"wp:featuredmedia":[{"embeddable":true,"href":"https:\/\/www.em.com.br\/emfoco\/wp-json\/wp\/v2\/media\/86540"}],"wp:attachment":[{"href":"https:\/\/www.em.com.br\/emfoco\/wp-json\/wp\/v2\/media?parent=86496"}],"wp:term":[{"taxonomy":"category","embeddable":true,"href":"https:\/\/www.em.com.br\/emfoco\/wp-json\/wp\/v2\/categories?post=86496"},{"taxonomy":"post_tag","embeddable":true,"href":"https:\/\/www.em.com.br\/emfoco\/wp-json\/wp\/v2\/tags?post=86496"}],"curies":[{"name":"wp","href":"https:\/\/api.w.org\/{rel}","templated":true}]}}