{"id":86494,"date":"2025-08-06T06:50:00","date_gmt":"2025-08-06T09:50:00","guid":{"rendered":"https:\/\/www.em.com.br\/emfoco\/?p=86494"},"modified":"2025-08-06T02:25:00","modified_gmt":"2025-08-06T05:25:00","slug":"dra-isabele-borges-cardiologista-o-infarto-comeca-antes-dos-sintomas","status":"publish","type":"post","link":"https:\/\/www.em.com.br\/emfoco\/2025\/08\/06\/dra-isabele-borges-cardiologista-o-infarto-comeca-antes-dos-sintomas\/","title":{"rendered":"Dra. Isabele Borges, Cardiologista: \u201cO infarto come\u00e7a antes dos sintomas\u201d"},"content":{"rendered":"\n<p>O <strong>in\u00edcio do infarto<\/strong> n\u00e3o se d\u00e1 apenas no momento em que a dor no peito aparece. Segundo a cardiologista Dra. Isabele Borges, da Cl\u00ednica Prima Vita, o infarto \u00e9 resultado de um ac\u00famulo de h\u00e1bitos ruins ao longo do tempo. Alimenta\u00e7\u00e3o desregrada, sedentarismo, tabagismo e falta de controle da press\u00e3o, glicemia e colesterol s\u00e3o fatores silenciosos que, se ignorados, abrem caminho para o problema card\u00edaco mais temido.<\/p>\n\n\n\n<p>Apesar de parecer distante, o infarto pode estar sendo constru\u00eddo aos poucos, sem que a pessoa perceba. O alerta da m\u00e9dica refor\u00e7a que doen\u00e7as como hipertens\u00e3o e diabetes geralmente n\u00e3o apresentam sintomas nas fases iniciais, o que refor\u00e7a a import\u00e2ncia da preven\u00e7\u00e3o ativa e cont\u00ednua.<\/p>\n\n\n\n<h2 class=\"wp-block-heading\">Quando realmente come\u00e7a um infarto?<\/h2>\n\n\n\n<p>O infarto n\u00e3o \u00e9 um evento isolado. Ele come\u00e7a muito antes, quando decis\u00f5es repetidas levam ao ac\u00famulo de placas de gordura nas art\u00e9rias do cora\u00e7\u00e3o, processo conhecido como aterosclerose. Esse ac\u00famulo restringe a passagem do sangue e, com o tempo, pode levar ao entupimento total de uma art\u00e9ria coron\u00e1ria \u2014 provocando o infarto.<\/p>\n\n\n\n<p>Dra. Isabele Borges destaca que esse processo \u00e9, na maioria das vezes, silencioso. A pessoa pode se sentir bem, mas j\u00e1 convive com press\u00e3o alta, glicemia elevada ou colesterol desregulado sem saber. Justamente por isso, o cuidado com os fatores de risco precisa come\u00e7ar cedo, antes que os sintomas apare\u00e7am.<\/p>\n\n\n\n<h2 class=\"wp-block-heading\">Por que h\u00e1bitos ruins favorecem o infarto?<\/h2>\n\n\n\n<p>Alimenta\u00e7\u00e3o rica em gordura saturada, a\u00e7\u00facar e s\u00f3dio est\u00e1 entre as principais causas de aumento do colesterol e da press\u00e3o arterial. O sedentarismo, por sua vez, contribui para o ganho de peso, resist\u00eancia \u00e0 insulina e inflama\u00e7\u00f5es cr\u00f4nicas no organismo. J\u00e1 o tabagismo afeta diretamente a circula\u00e7\u00e3o, danificando os vasos e acelerando a forma\u00e7\u00e3o de placas ateroscler\u00f3ticas.<\/p>\n\n\n\n<p>A m\u00e9dica refor\u00e7a que esses fatores, juntos, criam o cen\u00e1rio ideal para o infarto. E o mais preocupante: muitas pessoas s\u00f3 procuram ajuda m\u00e9dica ap\u00f3s o primeiro evento card\u00edaco. A preven\u00e7\u00e3o precisa ser parte do dia a dia, mesmo para quem ainda n\u00e3o apresenta queixas.<\/p>\n\n\n\n<h2 class=\"wp-block-heading\">Quais doen\u00e7as silenciosas aumentam o risco de infarto?<\/h2>\n\n\n\n<p>A <strong>hipertens\u00e3o arterial<\/strong> \u00e9 considerada o principal fator de risco para doen\u00e7as card\u00edacas. Segundo o Minist\u00e9rio da Sa\u00fade, mais de 30% da popula\u00e7\u00e3o adulta brasileira convive com a press\u00e3o alta, muitas vezes sem saber. Ela agride as paredes das art\u00e9rias, facilitando o entupimento.<\/p>\n\n\n\n<p>Outro fator de risco \u00e9 o <strong>diabetes tipo 2<\/strong>, que tamb\u00e9m pode evoluir sem sintomas por anos. A glicose alta prejudica os vasos sangu\u00edneos e eleva o risco de infarto em at\u00e9 quatro vezes, de acordo com a Sociedade Brasileira de Diabetes. O <strong>colesterol elevado<\/strong>, por fim, contribui para a forma\u00e7\u00e3o das placas que obstruem as art\u00e9rias.<\/p>\n\n\n\n<h2 class=\"wp-block-heading\">\u00c9 poss\u00edvel prevenir um infarto mesmo com hist\u00f3rico familiar?<\/h2>\n\n\n\n<p>Sim, e isso \u00e9 fundamental. Ter hist\u00f3rico familiar de doen\u00e7as cardiovasculares aumenta o risco, mas n\u00e3o determina o futuro. A preven\u00e7\u00e3o \u00e9 poss\u00edvel e eficaz, desde que sejam adotados h\u00e1bitos saud\u00e1veis e acompanhamento m\u00e9dico regular. A Dra. Isabele Borges refor\u00e7a que a escolha consciente dos pr\u00f3prios h\u00e1bitos \u00e9 o ponto de partida para evitar problemas no futuro.<\/p>\n\n\n<div class=\"wp-block-image\">\n<figure class=\"aligncenter size-large\"><img loading=\"lazy\" decoding=\"async\" width=\"1024\" height=\"576\" src=\"https:\/\/www.em.com.br\/emfoco\/wp-content\/uploads\/2025\/07\/infarto_1752615986845-1024x576.jpg\" alt=\"\" class=\"wp-image-76551\" srcset=\"https:\/\/www.em.com.br\/emfoco\/wp-content\/uploads\/2025\/07\/infarto_1752615986845-1024x576.jpg 1024w, https:\/\/www.em.com.br\/emfoco\/wp-content\/uploads\/2025\/07\/infarto_1752615986845-300x169.jpg 300w, https:\/\/www.em.com.br\/emfoco\/wp-content\/uploads\/2025\/07\/infarto_1752615986845-768x432.jpg 768w, https:\/\/www.em.com.br\/emfoco\/wp-content\/uploads\/2025\/07\/infarto_1752615986845-750x422.jpg 750w, https:\/\/www.em.com.br\/emfoco\/wp-content\/uploads\/2025\/07\/infarto_1752615986845-1140x641.jpg 1140w, https:\/\/www.em.com.br\/emfoco\/wp-content\/uploads\/2025\/07\/infarto_1752615986845.jpg 1280w\" sizes=\"auto, (max-width: 1024px) 100vw, 1024px\" \/><figcaption class=\"wp-element-caption\">Representa\u00e7\u00e3o de homem com dores no peito &#8211; Cr\u00e9ditos: depositphotos.com \/ Hriana<\/figcaption><\/figure><\/div>\n\n\n<p>Alimentar-se melhor, praticar atividade f\u00edsica, abandonar o cigarro, controlar o estresse e seguir corretamente o tratamento das condi\u00e7\u00f5es existentes s\u00e3o atitudes que fazem toda a diferen\u00e7a. Com isso, \u00e9 poss\u00edvel minimizar significativamente os riscos, mesmo quando h\u00e1 predisposi\u00e7\u00e3o gen\u00e9tica.<\/p>\n\n\n\n<h2 class=\"wp-block-heading\">O que pode ser feito hoje para evitar o infarto amanh\u00e3?<\/h2>\n\n\n\n<p>A Dra. Isabele Borges recomenda aten\u00e7\u00e3o especial aos cuidados b\u00e1sicos, que muitas vezes s\u00e3o negligenciados: controlar a press\u00e3o arterial, manter a glicemia dentro dos limites, fazer exames de colesterol regularmente e manter o uso cont\u00ednuo de medica\u00e7\u00f5es prescritas. Esses pilares s\u00e3o fundamentais para quem busca longevidade com qualidade de vida.<\/p>\n\n\n\n<p>Outro ponto essencial \u00e9 o acompanhamento m\u00e9dico. Consultas peri\u00f3dicas, mesmo na aus\u00eancia de sintomas, permitem detectar altera\u00e7\u00f5es precoces e agir antes que se tornem graves. A preven\u00e7\u00e3o deve ser constante e ativa, n\u00e3o apenas reativa ao surgimento de problemas.<\/p>\n\n\n\n<h2 class=\"wp-block-heading\">Quais s\u00e3o as fontes confi\u00e1veis para entender o risco de infarto?<\/h2>\n\n\n\n<p>Este conte\u00fado se apoia em dados de institui\u00e7\u00f5es de refer\u00eancia em sa\u00fade, como:<\/p>\n\n\n\n<ul class=\"wp-block-list\">\n<li><strong>Minist\u00e9rio da Sa\u00fade<\/strong> \u2013 <a href=\"http:\/\/www.gov.br\/saude\" target=\"_blank\" rel=\"noreferrer noopener\">www.gov.br\/saude<\/a><\/li>\n\n\n\n<li><strong>Sociedade Brasileira de Cardiologia<\/strong> \u2013 <a href=\"http:\/\/www.cardiol.br\" target=\"_blank\" rel=\"noreferrer noopener\">www.cardiol.br<\/a><\/li>\n\n\n\n<li><strong>Organiza\u00e7\u00e3o Mundial da Sa\u00fade (OMS)<\/strong> \u2013 <a href=\"http:\/\/www.who.int\" target=\"_blank\" rel=\"noreferrer noopener\">www.who.int<\/a><\/li>\n\n\n\n<li><strong>Sociedade Brasileira de Diabetes<\/strong> \u2013 <a href=\"http:\/\/www.diabetes.org.br\" target=\"_blank\" rel=\"noreferrer noopener\">www.diabetes.or<\/a><a>g.br<\/a><\/li>\n<\/ul>\n","protected":false},"excerpt":{"rendered":"<p>O in\u00edcio do infarto n\u00e3o se d\u00e1 apenas no momento em que a dor no peito aparece. Segundo a cardiologista Dra. Isabele Borges, da Cl\u00ednica Prima Vita, o infarto \u00e9 resultado de um ac\u00famulo de h\u00e1bitos ruins ao longo do tempo. Alimenta\u00e7\u00e3o desregrada, sedentarismo, tabagismo e falta de controle da press\u00e3o, glicemia e colesterol s\u00e3o [&hellip;]<\/p>\n","protected":false},"author":17,"featured_media":87228,"comment_status":"open","ping_status":"open","sticky":false,"template":"","format":"standard","meta":{"jnews-multi-image_gallery":[],"jnews_single_post":{"format":"standard"},"jnews_primary_category":[],"jnews_social_meta":[],"jnews_override_counter":[],"footnotes":""},"categories":[9053],"tags":[2552,9639,327,415],"class_list":["post-86494","post","type-post","status-publish","format-standard","has-post-thumbnail","hentry","category-saude","tag-coracao","tag-infarto","tag-qualidade-de-vida","tag-saude"],"yoast_head":"<!-- This site is optimized with the Yoast SEO plugin v23.8 - https:\/\/yoast.com\/wordpress\/plugins\/seo\/ -->\n<title>Dra. Isabele Borges, Cardiologista: \u201cO infarto come\u00e7a antes dos sintomas\u201d - Estado de Minas - Em foco<\/title>\n<meta name=\"description\" content=\"O infarto pode se manifestar de forma repentina, mas o corpo muitas vezes d\u00e1 sinais pr\u00e9vios: cansa\u00e7o excessivo, dor ou aperto no peito, etc.\" \/>\n<meta name=\"robots\" content=\"index, follow, max-snippet:-1, max-image-preview:large, max-video-preview:-1\" \/>\n<link rel=\"canonical\" href=\"https:\/\/www.em.com.br\/emfoco\/2025\/08\/06\/dra-isabele-borges-cardiologista-o-infarto-comeca-antes-dos-sintomas\/\" \/>\n<meta property=\"og:locale\" content=\"pt_BR\" \/>\n<meta property=\"og:type\" content=\"article\" \/>\n<meta property=\"og:title\" content=\"Dra. Isabele Borges, Cardiologista: \u201cO infarto come\u00e7a antes dos sintomas\u201d - Estado de Minas - Em foco\" \/>\n<meta property=\"og:description\" content=\"O infarto pode se manifestar de forma repentina, mas o corpo muitas vezes d\u00e1 sinais pr\u00e9vios: cansa\u00e7o excessivo, dor ou aperto no peito, etc.\" \/>\n<meta property=\"og:url\" content=\"https:\/\/www.em.com.br\/emfoco\/2025\/08\/06\/dra-isabele-borges-cardiologista-o-infarto-comeca-antes-dos-sintomas\/\" \/>\n<meta property=\"og:site_name\" content=\"Estado de Minas - Em foco\" \/>\n<meta property=\"article:published_time\" content=\"2025-08-06T09:50:00+00:00\" \/>\n<meta property=\"article:modified_time\" content=\"2025-08-06T05:25:00+00:00\" \/>\n<meta property=\"og:image\" content=\"https:\/\/www.em.com.br\/emfoco\/wp-content\/uploads\/2025\/08\/mosaico_1754457841272.jpg\" \/>\n\t<meta property=\"og:image:width\" content=\"1280\" \/>\n\t<meta property=\"og:image:height\" content=\"720\" \/>\n\t<meta property=\"og:image:type\" content=\"image\/jpeg\" \/>\n<meta name=\"author\" content=\"Lucas Sampaio\" \/>\n<meta name=\"twitter:card\" content=\"summary_large_image\" \/>\n<meta name=\"twitter:label1\" content=\"Escrito por\" \/>\n\t<meta name=\"twitter:data1\" content=\"Lucas Sampaio\" \/>\n\t<meta name=\"twitter:label2\" content=\"Est. tempo de leitura\" \/>\n\t<meta name=\"twitter:data2\" content=\"5 minutos\" \/>\n<!-- \/ Yoast SEO plugin. -->","yoast_head_json":{"title":"Dra. Isabele Borges, Cardiologista: \u201cO infarto come\u00e7a antes dos sintomas\u201d - Estado de Minas - Em foco","description":"O infarto pode se manifestar de forma repentina, mas o corpo muitas vezes d\u00e1 sinais pr\u00e9vios: cansa\u00e7o excessivo, dor ou aperto no peito, etc.","robots":{"index":"index","follow":"follow","max-snippet":"max-snippet:-1","max-image-preview":"max-image-preview:large","max-video-preview":"max-video-preview:-1"},"canonical":"https:\/\/www.em.com.br\/emfoco\/2025\/08\/06\/dra-isabele-borges-cardiologista-o-infarto-comeca-antes-dos-sintomas\/","og_locale":"pt_BR","og_type":"article","og_title":"Dra. Isabele Borges, Cardiologista: \u201cO infarto come\u00e7a antes dos sintomas\u201d - Estado de Minas - Em foco","og_description":"O infarto pode se manifestar de forma repentina, mas o corpo muitas vezes d\u00e1 sinais pr\u00e9vios: cansa\u00e7o excessivo, dor ou aperto no peito, etc.","og_url":"https:\/\/www.em.com.br\/emfoco\/2025\/08\/06\/dra-isabele-borges-cardiologista-o-infarto-comeca-antes-dos-sintomas\/","og_site_name":"Estado de Minas - Em foco","article_published_time":"2025-08-06T09:50:00+00:00","article_modified_time":"2025-08-06T05:25:00+00:00","og_image":[{"width":1280,"height":720,"url":"https:\/\/www.em.com.br\/emfoco\/wp-content\/uploads\/2025\/08\/mosaico_1754457841272.jpg","type":"image\/jpeg"}],"author":"Lucas Sampaio","twitter_card":"summary_large_image","twitter_misc":{"Escrito por":"Lucas Sampaio","Est. tempo de leitura":"5 minutos"},"schema":{"@context":"https:\/\/schema.org","@graph":[{"@type":"WebPage","@id":"https:\/\/www.em.com.br\/emfoco\/2025\/08\/06\/dra-isabele-borges-cardiologista-o-infarto-comeca-antes-dos-sintomas\/","url":"https:\/\/www.em.com.br\/emfoco\/2025\/08\/06\/dra-isabele-borges-cardiologista-o-infarto-comeca-antes-dos-sintomas\/","name":"Dra. Isabele Borges, Cardiologista: \u201cO infarto come\u00e7a antes dos sintomas\u201d - Estado de Minas - Em foco","isPartOf":{"@id":"https:\/\/www.em.com.br\/emfoco\/#website"},"primaryImageOfPage":{"@id":"https:\/\/www.em.com.br\/emfoco\/2025\/08\/06\/dra-isabele-borges-cardiologista-o-infarto-comeca-antes-dos-sintomas\/#primaryimage"},"image":{"@id":"https:\/\/www.em.com.br\/emfoco\/2025\/08\/06\/dra-isabele-borges-cardiologista-o-infarto-comeca-antes-dos-sintomas\/#primaryimage"},"thumbnailUrl":"https:\/\/www.em.com.br\/emfoco\/wp-content\/uploads\/2025\/08\/mosaico_1754457841272.jpg","datePublished":"2025-08-06T09:50:00+00:00","dateModified":"2025-08-06T05:25:00+00:00","author":{"@id":"https:\/\/www.em.com.br\/emfoco\/#\/schema\/person\/9ad4c536bd87f5bb8006420332b99aef"},"description":"O infarto pode se manifestar de forma repentina, mas o corpo muitas vezes d\u00e1 sinais pr\u00e9vios: cansa\u00e7o excessivo, dor ou aperto no peito, etc.","breadcrumb":{"@id":"https:\/\/www.em.com.br\/emfoco\/2025\/08\/06\/dra-isabele-borges-cardiologista-o-infarto-comeca-antes-dos-sintomas\/#breadcrumb"},"inLanguage":"pt-BR","potentialAction":[{"@type":"ReadAction","target":["https:\/\/www.em.com.br\/emfoco\/2025\/08\/06\/dra-isabele-borges-cardiologista-o-infarto-comeca-antes-dos-sintomas\/"]}]},{"@type":"ImageObject","inLanguage":"pt-BR","@id":"https:\/\/www.em.com.br\/emfoco\/2025\/08\/06\/dra-isabele-borges-cardiologista-o-infarto-comeca-antes-dos-sintomas\/#primaryimage","url":"https:\/\/www.em.com.br\/emfoco\/wp-content\/uploads\/2025\/08\/mosaico_1754457841272.jpg","contentUrl":"https:\/\/www.em.com.br\/emfoco\/wp-content\/uploads\/2025\/08\/mosaico_1754457841272.jpg","width":1280,"height":720,"caption":"Reprodu\u00e7\u00e3o (TikTok: @primavita_clinica)"},{"@type":"BreadcrumbList","@id":"https:\/\/www.em.com.br\/emfoco\/2025\/08\/06\/dra-isabele-borges-cardiologista-o-infarto-comeca-antes-dos-sintomas\/#breadcrumb","itemListElement":[{"@type":"ListItem","position":1,"name":"In\u00edcio","item":"https:\/\/www.em.com.br\/emfoco\/"},{"@type":"ListItem","position":2,"name":"Dra. Isabele Borges, Cardiologista: \u201cO infarto come\u00e7a antes dos sintomas\u201d"}]},{"@type":"WebSite","@id":"https:\/\/www.em.com.br\/emfoco\/#website","url":"https:\/\/www.em.com.br\/emfoco\/","name":"Estado de Minas - Em foco","description":"Acompanhe as \u00faltimas not\u00edcias e fique bem informado sobre tudo o que acontece em Minas Gerais, Brasil e no mundo.","potentialAction":[{"@type":"SearchAction","target":{"@type":"EntryPoint","urlTemplate":"https:\/\/www.em.com.br\/emfoco\/?s={search_term_string}"},"query-input":{"@type":"PropertyValueSpecification","valueRequired":true,"valueName":"search_term_string"}}],"inLanguage":"pt-BR"},{"@type":"Person","@id":"https:\/\/www.em.com.br\/emfoco\/#\/schema\/person\/9ad4c536bd87f5bb8006420332b99aef","name":"Lucas Sampaio","image":{"@type":"ImageObject","inLanguage":"pt-BR","@id":"https:\/\/www.em.com.br\/emfoco\/#\/schema\/person\/image\/","url":"https:\/\/secure.gravatar.com\/avatar\/2696b9676ad143cd7135b717faf6f79f?s=96&d=mm&r=g","contentUrl":"https:\/\/secure.gravatar.com\/avatar\/2696b9676ad143cd7135b717faf6f79f?s=96&d=mm&r=g","caption":"Lucas Sampaio"},"sameAs":["https:\/\/www.em.com.br\/emfoco\/"],"url":"https:\/\/www.em.com.br\/emfoco\/author\/lucasmyth\/"}]}},"_links":{"self":[{"href":"https:\/\/www.em.com.br\/emfoco\/wp-json\/wp\/v2\/posts\/86494","targetHints":{"allow":["GET"]}}],"collection":[{"href":"https:\/\/www.em.com.br\/emfoco\/wp-json\/wp\/v2\/posts"}],"about":[{"href":"https:\/\/www.em.com.br\/emfoco\/wp-json\/wp\/v2\/types\/post"}],"author":[{"embeddable":true,"href":"https:\/\/www.em.com.br\/emfoco\/wp-json\/wp\/v2\/users\/17"}],"replies":[{"embeddable":true,"href":"https:\/\/www.em.com.br\/emfoco\/wp-json\/wp\/v2\/comments?post=86494"}],"version-history":[{"count":1,"href":"https:\/\/www.em.com.br\/emfoco\/wp-json\/wp\/v2\/posts\/86494\/revisions"}],"predecessor-version":[{"id":87229,"href":"https:\/\/www.em.com.br\/emfoco\/wp-json\/wp\/v2\/posts\/86494\/revisions\/87229"}],"wp:featuredmedia":[{"embeddable":true,"href":"https:\/\/www.em.com.br\/emfoco\/wp-json\/wp\/v2\/media\/87228"}],"wp:attachment":[{"href":"https:\/\/www.em.com.br\/emfoco\/wp-json\/wp\/v2\/media?parent=86494"}],"wp:term":[{"taxonomy":"category","embeddable":true,"href":"https:\/\/www.em.com.br\/emfoco\/wp-json\/wp\/v2\/categories?post=86494"},{"taxonomy":"post_tag","embeddable":true,"href":"https:\/\/www.em.com.br\/emfoco\/wp-json\/wp\/v2\/tags?post=86494"}],"curies":[{"name":"wp","href":"https:\/\/api.w.org\/{rel}","templated":true}]}}