{"id":86450,"date":"2025-08-06T22:38:00","date_gmt":"2025-08-07T01:38:00","guid":{"rendered":"https:\/\/www.em.com.br\/emfoco\/?p=86450"},"modified":"2025-08-04T22:10:14","modified_gmt":"2025-08-05T01:10:14","slug":"o-que-acontece-no-cerebro-apos-uma-semana-sem-celular","status":"publish","type":"post","link":"https:\/\/www.em.com.br\/emfoco\/2025\/08\/06\/o-que-acontece-no-cerebro-apos-uma-semana-sem-celular\/","title":{"rendered":"O que acontece no c\u00e9rebro ap\u00f3s uma semana sem celular"},"content":{"rendered":"\n<p>Voc\u00ea j\u00e1 se perguntou como um <strong>detox digital<\/strong> pode afetar seu <a href=\"https:\/\/www.em.com.br\/emfoco\/2025\/07\/28\/dra-marianna-magri-medica-quem-dorme-com-o-celular-por-perto-pode-estar-sendo-prejudicado\/\" target=\"_blank\" rel=\"noreferrer noopener\">c\u00e9rebro<\/a>? Cada vez mais pessoas est\u00e3o experimentando ficar longe do <a href=\"https:\/\/oglobo.globo.com\/saude\/noticia\/2024\/05\/18\/o-que-acontece-no-cerebro-quando-navegamos-no-celular-conheca-tres-dicas-para-evitar-o-vicio.ghtml\" target=\"_blank\" rel=\"noreferrer noopener\"><strong>celular<\/strong> <\/a>por uma semana e os resultados surpreendem. Descubra como essa pr\u00e1tica pode melhorar sua sa\u00fade mental.<\/p>\n\n\n\n<ul class=\"wp-block-list\">\n<li>Redu\u00e7\u00e3o do estresse e ansiedade<\/li>\n\n\n\n<li>Melhora na qualidade do sono<\/li>\n\n\n\n<li>Aumento do foco e produtividade<\/li>\n<\/ul>\n\n\n\n<h2 class=\"wp-block-heading\">Por que fazer um detox digital melhora a sa\u00fade mental?<\/h2>\n\n\n\n<p>O constante uso do celular pode aumentar a <strong>ansiedade<\/strong> e o <strong>estresse<\/strong>. Ao se afastar, voc\u00ea permite que sua mente desacelere. Isso contribui para uma sensa\u00e7\u00e3o maior de calma e relaxamento.<\/p>\n\n\n\n<p>Sem as constantes notifica\u00e7\u00f5es, o c\u00e9rebro pode trabalhar de forma mais focada, o que aumenta a produtividade e a clareza mental nas atividades di\u00e1rias. Pesquisas feitas por <strong>Universidade de Stanford<\/strong> apontam que per\u00edodos sem dispositivos, como o celular, ajudam at\u00e9 mesmo a reduzir sintomas de depress\u00e3o em alguns usu\u00e1rios.<\/p>\n\n\n\n<h2 class=\"wp-block-heading\">Quais s\u00e3o os efeitos de um detox digital no sono?<\/h2>\n\n\n\n<p>Muitos relatam uma <strong>qualidade de sono<\/strong> melhor ap\u00f3s um detox digital. A exposi\u00e7\u00e3o prolongada \u00e0 luz azul dos <strong>dispositivos eletr\u00f4nicos<\/strong> pode interferir no ciclo de sono, dificultando o descanso adequado.<\/p>\n\n\n\n<p>Sem essa interfer\u00eancia, o corpo consegue se ajustar ao ciclo natural do sono, resultando em noites mais tranquilas e revigorantes. Pesquisadores da <strong>Universidade de S\u00e3o Paulo<\/strong> destacam que, ao evitar o uso de dispositivos antes de dormir, h\u00e1 maior facilidade em atingir fases profundas do sono.<\/p>\n\n\n\n<figure class=\"wp-block-image size-large\"><img loading=\"lazy\" decoding=\"async\" width=\"1024\" height=\"576\" src=\"https:\/\/www.em.com.br\/emfoco\/wp-content\/uploads\/2025\/08\/dormindo-bem_1754356055998-1024x576.jpg\" alt=\"O que acontece no c\u00e9rebro ap\u00f3s uma semana sem celular\" class=\"wp-image-86453\" srcset=\"https:\/\/www.em.com.br\/emfoco\/wp-content\/uploads\/2025\/08\/dormindo-bem_1754356055998-1024x576.jpg 1024w, https:\/\/www.em.com.br\/emfoco\/wp-content\/uploads\/2025\/08\/dormindo-bem_1754356055998-300x169.jpg 300w, https:\/\/www.em.com.br\/emfoco\/wp-content\/uploads\/2025\/08\/dormindo-bem_1754356055998-768x432.jpg 768w, https:\/\/www.em.com.br\/emfoco\/wp-content\/uploads\/2025\/08\/dormindo-bem_1754356055998-750x422.jpg 750w, https:\/\/www.em.com.br\/emfoco\/wp-content\/uploads\/2025\/08\/dormindo-bem_1754356055998-1140x641.jpg 1140w, https:\/\/www.em.com.br\/emfoco\/wp-content\/uploads\/2025\/08\/dormindo-bem_1754356055998.jpg 1280w\" sizes=\"auto, (max-width: 1024px) 100vw, 1024px\" \/><figcaption class=\"wp-element-caption\">Mulher dormindo bem &#8211; Cr\u00e9ditos: depositphotos.com \/ IgorVetushko<\/figcaption><\/figure>\n\n\n\n<h2 class=\"wp-block-heading\">Como um detox digital pode aumentar seu foco di\u00e1rio?<\/h2>\n\n\n\n<p>Manter-se longe do celular por um per\u00edodo permite recuperar o foco. Sem distra\u00e7\u00f5es, \u00e9 mais f\u00e1cil se concentrar nas tarefas di\u00e1rias e alcan\u00e7ar metas pessoais. Isso resulta em maior satisfa\u00e7\u00e3o e realiza\u00e7\u00e3o.<\/p>\n\n\n\n<p>Um aumento significativo na capacidade de concentra\u00e7\u00e3o e um melhor gerenciamento do tempo s\u00e3o benef\u00edcios not\u00e1veis do detox digital. De acordo com estudos da <strong>Harvard Medical School<\/strong>, quem realiza pausas frequentes do uso de <strong>smartphones<\/strong> ou <strong>tablets<\/strong> apresenta melhores resultados em testes de foco.<\/p>\n\n\n\n<h2 class=\"wp-block-heading\">Aten\u00e7\u00e3o: como come\u00e7ar o seu detox digital?<\/h2>\n\n\n\n<p>Um dos primeiros passos \u00e9 informar amigos e familiares sobre sua aus\u00eancia. Assim, voc\u00ea evita preocupa\u00e7\u00f5es desnecess\u00e1rias. Al\u00e9m disso, desligue notifica\u00e7\u00f5es e planeje outras atividades para ocupar o tempo livre.<\/p>\n\n\n\n<p><strong>Dica r\u00e1pida:<\/strong> inicie o detox no final de semana para se ajustar ao processo com menos press\u00e3o. Escolher um momento em que haja menos compromissos pode tornar o processo mais f\u00e1cil, como sugerem especialistas em bem-estar do <strong>Hospital Albert Einstein<\/strong>.<\/p>\n\n\n\n<h2 class=\"wp-block-heading\"><strong>Leia tamb\u00e9m:<\/strong> <a href=\"https:\/\/www.em.com.br\/emfoco\/2025\/08\/03\/tres-funcoes-do-celular-que-facilitam-ataques-e-como-desativar\/\" target=\"_blank\" rel=\"noreferrer noopener\">Tr\u00eas fun\u00e7\u00f5es do celular que facilitam ataques e como desativar<\/a><\/h2>\n\n\n\n<h2 class=\"wp-block-heading\">Benef\u00edcios a longo prazo do detox digital<\/h2>\n\n\n\n<p>Estudos revelam que um detox digital regular pode levar a melhorias duradouras na sa\u00fade mental e f\u00edsica. Isso inclui uma redu\u00e7\u00e3o cont\u00ednua no estresse e aumento da satisfa\u00e7\u00e3o com a vida.<\/p>\n\n\n\n<p>Adotar essa pr\u00e1tica pode ajudar a estabelecer uma rela\u00e7\u00e3o mais saud\u00e1vel com a tecnologia, equilibrando seu uso com bem-estar e qualidade de vida. Especialistas do <strong>World Health Organization<\/strong> indicam que pr\u00e1ticas como o detox digital colaboram para prevenir v\u00edcios em tecnologia, especialmente em jovens.<\/p>\n\n\n\n<h2 class=\"wp-block-heading\">Transforma\u00e7\u00f5es positivas: o impacto do detox digital<\/h2>\n\n\n\n<ol class=\"wp-block-list\">\n<li>Mente mais relaxada e focada<\/li>\n\n\n\n<li>Aprimoramento da sa\u00fade mental e f\u00edsica<\/li>\n\n\n\n<li>Relacionamento mais saud\u00e1vel com a tecnologia<\/li>\n<\/ol>\n","protected":false},"excerpt":{"rendered":"<p>Voc\u00ea j\u00e1 se perguntou como um detox digital pode afetar seu c\u00e9rebro? Cada vez mais pessoas est\u00e3o experimentando ficar longe do celular por uma semana e os resultados surpreendem. Descubra como essa pr\u00e1tica pode melhorar sua sa\u00fade mental. Por que fazer um detox digital melhora a sa\u00fade mental? O constante uso do celular pode aumentar [&hellip;]<\/p>\n","protected":false},"author":18,"featured_media":86452,"comment_status":"open","ping_status":"open","sticky":false,"template":"","format":"standard","meta":{"jnews-multi-image_gallery":[],"jnews_single_post":{"format":"standard"},"jnews_primary_category":[],"jnews_social_meta":[],"jnews_override_counter":[],"footnotes":""},"categories":[9053],"tags":[2580,4312,415,13392],"class_list":["post-86450","post","type-post","status-publish","format-standard","has-post-thumbnail","hentry","category-saude","tag-celular","tag-cerebro","tag-saude","tag-uso-do-celular"],"yoast_head":"<!-- This site is optimized with the Yoast SEO plugin v23.8 - https:\/\/yoast.com\/wordpress\/plugins\/seo\/ -->\n<title>O que acontece no c\u00e9rebro ap\u00f3s uma semana sem celular - Estado de Minas - Em foco<\/title>\n<meta name=\"description\" content=\"Voc\u00ea pode estar subestimando os efeitos do uso constante do celular. Veja o que muda no seu corpo e mente ao fazer um detox digital completo.\" \/>\n<meta name=\"robots\" content=\"index, follow, max-snippet:-1, max-image-preview:large, max-video-preview:-1\" \/>\n<link rel=\"canonical\" href=\"https:\/\/www.em.com.br\/emfoco\/2025\/08\/06\/o-que-acontece-no-cerebro-apos-uma-semana-sem-celular\/\" \/>\n<meta property=\"og:locale\" content=\"pt_BR\" \/>\n<meta property=\"og:type\" content=\"article\" \/>\n<meta property=\"og:title\" content=\"O que acontece no c\u00e9rebro ap\u00f3s uma semana sem celular - Estado de Minas - Em foco\" \/>\n<meta property=\"og:description\" content=\"Voc\u00ea pode estar subestimando os efeitos do uso constante do celular. Veja o que muda no seu corpo e mente ao fazer um detox digital completo.\" \/>\n<meta property=\"og:url\" content=\"https:\/\/www.em.com.br\/emfoco\/2025\/08\/06\/o-que-acontece-no-cerebro-apos-uma-semana-sem-celular\/\" \/>\n<meta property=\"og:site_name\" content=\"Estado de Minas - Em foco\" \/>\n<meta property=\"article:published_time\" content=\"2025-08-07T01:38:00+00:00\" \/>\n<meta property=\"article:modified_time\" content=\"2025-08-05T01:10:14+00:00\" \/>\n<meta property=\"og:image\" content=\"https:\/\/www.em.com.br\/emfoco\/wp-content\/uploads\/2025\/08\/USANDO-O-CELULAR_1754355984249.jpg\" \/>\n\t<meta property=\"og:image:width\" content=\"1279\" \/>\n\t<meta property=\"og:image:height\" content=\"720\" \/>\n\t<meta property=\"og:image:type\" content=\"image\/jpeg\" \/>\n<meta name=\"author\" content=\"Julio Cesar\" \/>\n<meta name=\"twitter:card\" content=\"summary_large_image\" \/>\n<meta name=\"twitter:label1\" content=\"Escrito por\" \/>\n\t<meta name=\"twitter:data1\" content=\"Julio Cesar\" \/>\n\t<meta name=\"twitter:label2\" content=\"Est. tempo de leitura\" \/>\n\t<meta name=\"twitter:data2\" content=\"4 minutos\" \/>\n<!-- \/ Yoast SEO plugin. -->","yoast_head_json":{"title":"O que acontece no c\u00e9rebro ap\u00f3s uma semana sem celular - Estado de Minas - Em foco","description":"Voc\u00ea pode estar subestimando os efeitos do uso constante do celular. Veja o que muda no seu corpo e mente ao fazer um detox digital completo.","robots":{"index":"index","follow":"follow","max-snippet":"max-snippet:-1","max-image-preview":"max-image-preview:large","max-video-preview":"max-video-preview:-1"},"canonical":"https:\/\/www.em.com.br\/emfoco\/2025\/08\/06\/o-que-acontece-no-cerebro-apos-uma-semana-sem-celular\/","og_locale":"pt_BR","og_type":"article","og_title":"O que acontece no c\u00e9rebro ap\u00f3s uma semana sem celular - Estado de Minas - Em foco","og_description":"Voc\u00ea pode estar subestimando os efeitos do uso constante do celular. Veja o que muda no seu corpo e mente ao fazer um detox digital completo.","og_url":"https:\/\/www.em.com.br\/emfoco\/2025\/08\/06\/o-que-acontece-no-cerebro-apos-uma-semana-sem-celular\/","og_site_name":"Estado de Minas - Em foco","article_published_time":"2025-08-07T01:38:00+00:00","article_modified_time":"2025-08-05T01:10:14+00:00","og_image":[{"width":1279,"height":720,"url":"https:\/\/www.em.com.br\/emfoco\/wp-content\/uploads\/2025\/08\/USANDO-O-CELULAR_1754355984249.jpg","type":"image\/jpeg"}],"author":"Julio Cesar","twitter_card":"summary_large_image","twitter_misc":{"Escrito por":"Julio Cesar","Est. tempo de leitura":"4 minutos"},"schema":{"@context":"https:\/\/schema.org","@graph":[{"@type":"WebPage","@id":"https:\/\/www.em.com.br\/emfoco\/2025\/08\/06\/o-que-acontece-no-cerebro-apos-uma-semana-sem-celular\/","url":"https:\/\/www.em.com.br\/emfoco\/2025\/08\/06\/o-que-acontece-no-cerebro-apos-uma-semana-sem-celular\/","name":"O que acontece no c\u00e9rebro ap\u00f3s uma semana sem celular - Estado de Minas - Em foco","isPartOf":{"@id":"https:\/\/www.em.com.br\/emfoco\/#website"},"primaryImageOfPage":{"@id":"https:\/\/www.em.com.br\/emfoco\/2025\/08\/06\/o-que-acontece-no-cerebro-apos-uma-semana-sem-celular\/#primaryimage"},"image":{"@id":"https:\/\/www.em.com.br\/emfoco\/2025\/08\/06\/o-que-acontece-no-cerebro-apos-uma-semana-sem-celular\/#primaryimage"},"thumbnailUrl":"https:\/\/www.em.com.br\/emfoco\/wp-content\/uploads\/2025\/08\/USANDO-O-CELULAR_1754355984249.jpg","datePublished":"2025-08-07T01:38:00+00:00","dateModified":"2025-08-05T01:10:14+00:00","author":{"@id":"https:\/\/www.em.com.br\/emfoco\/#\/schema\/person\/08c4a03e38018bbab9038d5f788321fc"},"description":"Voc\u00ea pode estar subestimando os efeitos do uso constante do celular. Veja o que muda no seu corpo e mente ao fazer um detox digital completo.","breadcrumb":{"@id":"https:\/\/www.em.com.br\/emfoco\/2025\/08\/06\/o-que-acontece-no-cerebro-apos-uma-semana-sem-celular\/#breadcrumb"},"inLanguage":"pt-BR","potentialAction":[{"@type":"ReadAction","target":["https:\/\/www.em.com.br\/emfoco\/2025\/08\/06\/o-que-acontece-no-cerebro-apos-uma-semana-sem-celular\/"]}]},{"@type":"ImageObject","inLanguage":"pt-BR","@id":"https:\/\/www.em.com.br\/emfoco\/2025\/08\/06\/o-que-acontece-no-cerebro-apos-uma-semana-sem-celular\/#primaryimage","url":"https:\/\/www.em.com.br\/emfoco\/wp-content\/uploads\/2025\/08\/USANDO-O-CELULAR_1754355984249.jpg","contentUrl":"https:\/\/www.em.com.br\/emfoco\/wp-content\/uploads\/2025\/08\/USANDO-O-CELULAR_1754355984249.jpg","width":1279,"height":720,"caption":"Amigos usando o celular no banco - Cr\u00e9ditos: depositphotos.com \/ vladteodor95"},{"@type":"BreadcrumbList","@id":"https:\/\/www.em.com.br\/emfoco\/2025\/08\/06\/o-que-acontece-no-cerebro-apos-uma-semana-sem-celular\/#breadcrumb","itemListElement":[{"@type":"ListItem","position":1,"name":"In\u00edcio","item":"https:\/\/www.em.com.br\/emfoco\/"},{"@type":"ListItem","position":2,"name":"O que acontece no c\u00e9rebro ap\u00f3s uma semana sem celular"}]},{"@type":"WebSite","@id":"https:\/\/www.em.com.br\/emfoco\/#website","url":"https:\/\/www.em.com.br\/emfoco\/","name":"Estado de Minas - Em foco","description":"Acompanhe as \u00faltimas not\u00edcias e fique bem informado sobre tudo o que acontece em Minas Gerais, Brasil e no mundo.","potentialAction":[{"@type":"SearchAction","target":{"@type":"EntryPoint","urlTemplate":"https:\/\/www.em.com.br\/emfoco\/?s={search_term_string}"},"query-input":{"@type":"PropertyValueSpecification","valueRequired":true,"valueName":"search_term_string"}}],"inLanguage":"pt-BR"},{"@type":"Person","@id":"https:\/\/www.em.com.br\/emfoco\/#\/schema\/person\/08c4a03e38018bbab9038d5f788321fc","name":"Julio Cesar","image":{"@type":"ImageObject","inLanguage":"pt-BR","@id":"https:\/\/www.em.com.br\/emfoco\/#\/schema\/person\/image\/","url":"https:\/\/secure.gravatar.com\/avatar\/ab1ea64f0d4f4c1385f8ef10d5a6e758?s=96&d=mm&r=g","contentUrl":"https:\/\/secure.gravatar.com\/avatar\/ab1ea64f0d4f4c1385f8ef10d5a6e758?s=96&d=mm&r=g","caption":"Julio Cesar"},"url":"https:\/\/www.em.com.br\/emfoco\/author\/juliomyth\/"}]}},"_links":{"self":[{"href":"https:\/\/www.em.com.br\/emfoco\/wp-json\/wp\/v2\/posts\/86450","targetHints":{"allow":["GET"]}}],"collection":[{"href":"https:\/\/www.em.com.br\/emfoco\/wp-json\/wp\/v2\/posts"}],"about":[{"href":"https:\/\/www.em.com.br\/emfoco\/wp-json\/wp\/v2\/types\/post"}],"author":[{"embeddable":true,"href":"https:\/\/www.em.com.br\/emfoco\/wp-json\/wp\/v2\/users\/18"}],"replies":[{"embeddable":true,"href":"https:\/\/www.em.com.br\/emfoco\/wp-json\/wp\/v2\/comments?post=86450"}],"version-history":[{"count":2,"href":"https:\/\/www.em.com.br\/emfoco\/wp-json\/wp\/v2\/posts\/86450\/revisions"}],"predecessor-version":[{"id":86456,"href":"https:\/\/www.em.com.br\/emfoco\/wp-json\/wp\/v2\/posts\/86450\/revisions\/86456"}],"wp:featuredmedia":[{"embeddable":true,"href":"https:\/\/www.em.com.br\/emfoco\/wp-json\/wp\/v2\/media\/86452"}],"wp:attachment":[{"href":"https:\/\/www.em.com.br\/emfoco\/wp-json\/wp\/v2\/media?parent=86450"}],"wp:term":[{"taxonomy":"category","embeddable":true,"href":"https:\/\/www.em.com.br\/emfoco\/wp-json\/wp\/v2\/categories?post=86450"},{"taxonomy":"post_tag","embeddable":true,"href":"https:\/\/www.em.com.br\/emfoco\/wp-json\/wp\/v2\/tags?post=86450"}],"curies":[{"name":"wp","href":"https:\/\/api.w.org\/{rel}","templated":true}]}}