{"id":8638,"date":"2025-01-05T18:20:00","date_gmt":"2025-01-05T21:20:00","guid":{"rendered":"https:\/\/www.em.com.br\/emfoco\/?p=8638"},"modified":"2025-01-05T01:37:03","modified_gmt":"2025-01-05T04:37:03","slug":"quem-diria-que-a-garota-do-mcdonalds-seria-uma-estrela-de-cinema","status":"publish","type":"post","link":"https:\/\/www.em.com.br\/emfoco\/2025\/01\/05\/quem-diria-que-a-garota-do-mcdonalds-seria-uma-estrela-de-cinema\/","title":{"rendered":"Quem diria que a garota do McDonald&#8217;s seria uma estrela de cinema?"},"content":{"rendered":"\n<p><a href=\"https:\/\/pt.wikipedia.org\/wiki\/Rachel_McAdams\" target=\"_blank\" rel=\"noreferrer noopener\">Rachel McAdams<\/a> \u00e9 uma atriz canadense amplamente reconhecida por suas not\u00e1veis atua\u00e7\u00f5es em <a href=\"https:\/\/www.em.com.br\/emfoco\/2025\/01\/03\/quais-filmes-vao-te-deixar-de-queixo-caido-em-2025\/\" target=\"_blank\" rel=\"noreferrer noopener\">filmes <\/a>de sucesso. Embora muitos a conhe\u00e7am por suas apari\u00e7\u00f5es marcantes nas telas de cinema, poucos sabem sobre suas origens humildes antes da fama. Algo que se destaca em sua trajet\u00f3ria \u00e9 seu trabalho no McDonald&#8217;s durante a adolesc\u00eancia, que ajudou a moldar seu car\u00e1ter e \u00e9tica de trabalho.<\/p>\n\n\n\n<p>A carreira de Rachel McAdams \u00e9 um testemunho de perseveran\u00e7a e talento. Com pap\u00e9is ic\u00f4nicos em produ\u00e7\u00f5es como &#8220;Mean Girls&#8221; e &#8220;The Notebook&#8221;, ela estabeleceu seu lugar em Hollywood. No entanto, antes de conquistar a telona, McAdams passou tr\u00eas anos trabalhando em uma lanchonete, uma experi\u00eancia que, apesar de desafios, contribuiu para sua forma\u00e7\u00e3o pessoal e profissional.<\/p>\n\n\n\n<h2 class=\"wp-block-heading\">Como Rachel McAdams Iniciou Sua Jornada no McDonald&#8217;s?<\/h2>\n\n\n\n<p>Durante sua adolesc\u00eancia, Rachel McAdams trabalhou no McDonald&#8217;s, uma pr\u00e1tica comum entre jovens que buscam experi\u00eancia de trabalho e independ\u00eancia financeira. Ela passou tr\u00eas anos em fun\u00e7\u00f5es variadas no restaurante, onde teve a oportunidade de desenvolver habilidades de servi\u00e7o ao cliente e colabora\u00e7\u00e3o em equipe.<\/p>\n\n\n<div class=\"wp-block-image\">\n<figure class=\"aligncenter size-large\"><img loading=\"lazy\" decoding=\"async\" width=\"953\" height=\"1024\" src=\"https:\/\/www.em.com.br\/emfoco\/wp-content\/uploads\/2025\/01\/Screenshot_91-953x1024.jpg\" alt=\"\" class=\"wp-image-8642\" srcset=\"https:\/\/www.em.com.br\/emfoco\/wp-content\/uploads\/2025\/01\/Screenshot_91-953x1024.jpg 953w, https:\/\/www.em.com.br\/emfoco\/wp-content\/uploads\/2025\/01\/Screenshot_91-279x300.jpg 279w, https:\/\/www.em.com.br\/emfoco\/wp-content\/uploads\/2025\/01\/Screenshot_91-768x825.jpg 768w, https:\/\/www.em.com.br\/emfoco\/wp-content\/uploads\/2025\/01\/Screenshot_91-750x806.jpg 750w, https:\/\/www.em.com.br\/emfoco\/wp-content\/uploads\/2025\/01\/Screenshot_91-1140x1225.jpg 1140w, https:\/\/www.em.com.br\/emfoco\/wp-content\/uploads\/2025\/01\/Screenshot_91.jpg 1200w\" sizes=\"auto, (max-width: 953px) 100vw, 953px\" \/><figcaption class=\"wp-element-caption\">Rachel McAdams &#8211; Instagram<\/figcaption><\/figure><\/div>\n\n\n<h2 class=\"wp-block-heading\">Quais Desafios McAdams Enfrentou em Seu Trabalho?<\/h2>\n\n\n\n<p>Embora o trabalho no McDonald&#8217;s tenha sido uma experi\u00eancia de aprendizado, Rachel McAdams enfrentou suas pr\u00f3prias dificuldades. Em certas ocasi\u00f5es, ela foi criticada por sua lentid\u00e3o, algo que nem sempre \u00e9 f\u00e1cil para um jovem funcion\u00e1rio. Al\u00e9m disso, relatos apontam que ela chegou a quebrar uma m\u00e1quina durante o servi\u00e7o, demonstrando que a jornada nem sempre foi suave.<\/p>\n\n\n\n<h2 class=\"wp-block-heading\">Em Que Ponto Sua Carreira de Atriz Ganhou Impulso?<\/h2>\n\n\n\n<p>O reconhecimento de Rachel McAdams no cinema come\u00e7ou a se consolidar no in\u00edcio dos anos 2000. Sua atua\u00e7\u00e3o em &#8220;Mean Girls&#8221; em 2004 tornou-se um marco, proporcionando visibilidade e abrindo portas para pap\u00e9is mais significativos. Seu talento e dedica\u00e7\u00e3o a levaram a figurar entre as atrizes mais requisitadas de sua gera\u00e7\u00e3o.<\/p>\n\n\n\n<h2 class=\"wp-block-heading\">Impacto do Trabalho Precoce na Vida de Rachel McAdams<\/h2>\n\n\n\n<p>Trabalhar no McDonald&#8217;s, embora distante do glamour de Hollywood, ofereceu a Rachel McAdams li\u00e7\u00f5es importantes sobre resili\u00eancia e humildade. Experi\u00eancias como enfrentar cr\u00edticas e lidar com equipamentos defeituosos contribu\u00edram para sua capacidade de enfrentar desafios na ind\u00fastria do cinema com gra\u00e7a e determina\u00e7\u00e3o. Assim, o in\u00edcio humilde de McAdams \u00e9 um exemplo de que trabalho \u00e1rduo e persist\u00eancia podem pavimentar o caminho para o sucesso.<\/p>\n","protected":false},"excerpt":{"rendered":"<p>Rachel McAdams \u00e9 uma atriz canadense amplamente reconhecida por suas not\u00e1veis atua\u00e7\u00f5es em filmes de sucesso. Embora muitos a conhe\u00e7am por suas apari\u00e7\u00f5es marcantes nas telas de cinema, poucos sabem sobre suas origens humildes antes da fama. Algo que se destaca em sua trajet\u00f3ria \u00e9 seu trabalho no McDonald&#8217;s durante a adolesc\u00eancia, que ajudou a [&hellip;]<\/p>\n","protected":false},"author":7,"featured_media":8641,"comment_status":"open","ping_status":"open","sticky":false,"template":"","format":"standard","meta":{"jnews-multi-image_gallery":[],"jnews_single_post":{"format":"standard"},"jnews_primary_category":[],"jnews_social_meta":[],"jnews_override_counter":[],"footnotes":""},"categories":[190],"tags":[2973,2975,2974,2976,2977,2978],"class_list":["post-8638","post","type-post","status-publish","format-standard","has-post-thumbnail","hentry","category-fortuna","tag-atriz-canadense","tag-carreira-de-atriz","tag-filmes-de-hollywood","tag-mcdonalds","tag-mean-girls","tag-the-notebook"],"yoast_head":"<!-- This site is optimized with the Yoast SEO plugin v23.8 - https:\/\/yoast.com\/wordpress\/plugins\/seo\/ -->\n<title>Quem diria que a garota do McDonald&#039;s seria uma estrela de cinema? - Estado de Minas - Em foco<\/title>\n<meta name=\"description\" content=\"Descubra a jornada de Rachel McAdams, desde seu trabalho no McDonald&#039;s at\u00e9 se tornar uma atriz renomada de Hollywood,\" \/>\n<meta name=\"robots\" content=\"index, follow, max-snippet:-1, max-image-preview:large, max-video-preview:-1\" \/>\n<link rel=\"canonical\" href=\"https:\/\/www.em.com.br\/emfoco\/2025\/01\/05\/quem-diria-que-a-garota-do-mcdonalds-seria-uma-estrela-de-cinema\/\" \/>\n<meta property=\"og:locale\" content=\"pt_BR\" \/>\n<meta property=\"og:type\" content=\"article\" \/>\n<meta property=\"og:title\" content=\"Quem diria que a garota do McDonald&#039;s seria uma estrela de cinema? - Estado de Minas - Em foco\" \/>\n<meta property=\"og:description\" content=\"Descubra a jornada de Rachel McAdams, desde seu trabalho no McDonald&#039;s at\u00e9 se tornar uma atriz renomada de Hollywood,\" \/>\n<meta property=\"og:url\" content=\"https:\/\/www.em.com.br\/emfoco\/2025\/01\/05\/quem-diria-que-a-garota-do-mcdonalds-seria-uma-estrela-de-cinema\/\" \/>\n<meta property=\"og:site_name\" content=\"Estado de Minas - Em foco\" \/>\n<meta property=\"article:published_time\" content=\"2025-01-05T21:20:00+00:00\" \/>\n<meta property=\"article:modified_time\" content=\"2025-01-05T04:37:03+00:00\" \/>\n<meta property=\"og:image\" content=\"https:\/\/www.em.com.br\/emfoco\/wp-content\/uploads\/2025\/01\/Rachel_McAdams_at_Berlin_premiere_of_Sherlock_Holmes.jpg\" \/>\n\t<meta property=\"og:image:width\" content=\"1200\" \/>\n\t<meta property=\"og:image:height\" content=\"958\" \/>\n\t<meta property=\"og:image:type\" content=\"image\/jpeg\" \/>\n<meta name=\"author\" content=\"Kelvin\" \/>\n<meta name=\"twitter:card\" content=\"summary_large_image\" \/>\n<meta name=\"twitter:label1\" content=\"Escrito por\" \/>\n\t<meta name=\"twitter:data1\" content=\"Kelvin\" \/>\n\t<meta name=\"twitter:label2\" content=\"Est. tempo de leitura\" \/>\n\t<meta name=\"twitter:data2\" content=\"3 minutos\" \/>\n<!-- \/ Yoast SEO plugin. -->","yoast_head_json":{"title":"Quem diria que a garota do McDonald's seria uma estrela de cinema? - Estado de Minas - Em foco","description":"Descubra a jornada de Rachel McAdams, desde seu trabalho no McDonald's at\u00e9 se tornar uma atriz renomada de Hollywood,","robots":{"index":"index","follow":"follow","max-snippet":"max-snippet:-1","max-image-preview":"max-image-preview:large","max-video-preview":"max-video-preview:-1"},"canonical":"https:\/\/www.em.com.br\/emfoco\/2025\/01\/05\/quem-diria-que-a-garota-do-mcdonalds-seria-uma-estrela-de-cinema\/","og_locale":"pt_BR","og_type":"article","og_title":"Quem diria que a garota do McDonald's seria uma estrela de cinema? - Estado de Minas - Em foco","og_description":"Descubra a jornada de Rachel McAdams, desde seu trabalho no McDonald's at\u00e9 se tornar uma atriz renomada de Hollywood,","og_url":"https:\/\/www.em.com.br\/emfoco\/2025\/01\/05\/quem-diria-que-a-garota-do-mcdonalds-seria-uma-estrela-de-cinema\/","og_site_name":"Estado de Minas - Em foco","article_published_time":"2025-01-05T21:20:00+00:00","article_modified_time":"2025-01-05T04:37:03+00:00","og_image":[{"width":1200,"height":958,"url":"https:\/\/www.em.com.br\/emfoco\/wp-content\/uploads\/2025\/01\/Rachel_McAdams_at_Berlin_premiere_of_Sherlock_Holmes.jpg","type":"image\/jpeg"}],"author":"Kelvin","twitter_card":"summary_large_image","twitter_misc":{"Escrito por":"Kelvin","Est. tempo de leitura":"3 minutos"},"schema":{"@context":"https:\/\/schema.org","@graph":[{"@type":"WebPage","@id":"https:\/\/www.em.com.br\/emfoco\/2025\/01\/05\/quem-diria-que-a-garota-do-mcdonalds-seria-uma-estrela-de-cinema\/","url":"https:\/\/www.em.com.br\/emfoco\/2025\/01\/05\/quem-diria-que-a-garota-do-mcdonalds-seria-uma-estrela-de-cinema\/","name":"Quem diria que a garota do McDonald's seria uma estrela de cinema? - Estado de Minas - Em foco","isPartOf":{"@id":"https:\/\/www.em.com.br\/emfoco\/#website"},"primaryImageOfPage":{"@id":"https:\/\/www.em.com.br\/emfoco\/2025\/01\/05\/quem-diria-que-a-garota-do-mcdonalds-seria-uma-estrela-de-cinema\/#primaryimage"},"image":{"@id":"https:\/\/www.em.com.br\/emfoco\/2025\/01\/05\/quem-diria-que-a-garota-do-mcdonalds-seria-uma-estrela-de-cinema\/#primaryimage"},"thumbnailUrl":"https:\/\/www.em.com.br\/emfoco\/wp-content\/uploads\/2025\/01\/Rachel_McAdams_at_Berlin_premiere_of_Sherlock_Holmes.jpg","datePublished":"2025-01-05T21:20:00+00:00","dateModified":"2025-01-05T04:37:03+00:00","author":{"@id":"https:\/\/www.em.com.br\/emfoco\/#\/schema\/person\/fb0a7f48c6fbb94b83f413a80f61917d"},"description":"Descubra a jornada de Rachel McAdams, desde seu trabalho no McDonald's at\u00e9 se tornar uma atriz renomada de Hollywood,","breadcrumb":{"@id":"https:\/\/www.em.com.br\/emfoco\/2025\/01\/05\/quem-diria-que-a-garota-do-mcdonalds-seria-uma-estrela-de-cinema\/#breadcrumb"},"inLanguage":"pt-BR","potentialAction":[{"@type":"ReadAction","target":["https:\/\/www.em.com.br\/emfoco\/2025\/01\/05\/quem-diria-que-a-garota-do-mcdonalds-seria-uma-estrela-de-cinema\/"]}]},{"@type":"ImageObject","inLanguage":"pt-BR","@id":"https:\/\/www.em.com.br\/emfoco\/2025\/01\/05\/quem-diria-que-a-garota-do-mcdonalds-seria-uma-estrela-de-cinema\/#primaryimage","url":"https:\/\/www.em.com.br\/emfoco\/wp-content\/uploads\/2025\/01\/Rachel_McAdams_at_Berlin_premiere_of_Sherlock_Holmes.jpg","contentUrl":"https:\/\/www.em.com.br\/emfoco\/wp-content\/uploads\/2025\/01\/Rachel_McAdams_at_Berlin_premiere_of_Sherlock_Holmes.jpg","width":1200,"height":958,"caption":"rachel mcadams - wikimidia Commons"},{"@type":"BreadcrumbList","@id":"https:\/\/www.em.com.br\/emfoco\/2025\/01\/05\/quem-diria-que-a-garota-do-mcdonalds-seria-uma-estrela-de-cinema\/#breadcrumb","itemListElement":[{"@type":"ListItem","position":1,"name":"In\u00edcio","item":"https:\/\/www.em.com.br\/emfoco\/"},{"@type":"ListItem","position":2,"name":"Quem diria que a garota do McDonald&#8217;s seria uma estrela de cinema?"}]},{"@type":"WebSite","@id":"https:\/\/www.em.com.br\/emfoco\/#website","url":"https:\/\/www.em.com.br\/emfoco\/","name":"Estado de Minas - Em foco","description":"Acompanhe as \u00faltimas not\u00edcias e fique bem informado sobre tudo o que acontece em Minas Gerais, Brasil e no mundo.","potentialAction":[{"@type":"SearchAction","target":{"@type":"EntryPoint","urlTemplate":"https:\/\/www.em.com.br\/emfoco\/?s={search_term_string}"},"query-input":{"@type":"PropertyValueSpecification","valueRequired":true,"valueName":"search_term_string"}}],"inLanguage":"pt-BR"},{"@type":"Person","@id":"https:\/\/www.em.com.br\/emfoco\/#\/schema\/person\/fb0a7f48c6fbb94b83f413a80f61917d","name":"Kelvin","image":{"@type":"ImageObject","inLanguage":"pt-BR","@id":"https:\/\/www.em.com.br\/emfoco\/#\/schema\/person\/image\/","url":"https:\/\/secure.gravatar.com\/avatar\/e74f84337e6bf6c4c5e88fbdffa05270?s=96&d=mm&r=g","contentUrl":"https:\/\/secure.gravatar.com\/avatar\/e74f84337e6bf6c4c5e88fbdffa05270?s=96&d=mm&r=g","caption":"Kelvin"},"sameAs":["https:\/\/www.em.com.br\/emfoco"],"url":"https:\/\/www.em.com.br\/emfoco\/author\/kelvinmyth\/"}]}},"_links":{"self":[{"href":"https:\/\/www.em.com.br\/emfoco\/wp-json\/wp\/v2\/posts\/8638","targetHints":{"allow":["GET"]}}],"collection":[{"href":"https:\/\/www.em.com.br\/emfoco\/wp-json\/wp\/v2\/posts"}],"about":[{"href":"https:\/\/www.em.com.br\/emfoco\/wp-json\/wp\/v2\/types\/post"}],"author":[{"embeddable":true,"href":"https:\/\/www.em.com.br\/emfoco\/wp-json\/wp\/v2\/users\/7"}],"replies":[{"embeddable":true,"href":"https:\/\/www.em.com.br\/emfoco\/wp-json\/wp\/v2\/comments?post=8638"}],"version-history":[{"count":2,"href":"https:\/\/www.em.com.br\/emfoco\/wp-json\/wp\/v2\/posts\/8638\/revisions"}],"predecessor-version":[{"id":8643,"href":"https:\/\/www.em.com.br\/emfoco\/wp-json\/wp\/v2\/posts\/8638\/revisions\/8643"}],"wp:featuredmedia":[{"embeddable":true,"href":"https:\/\/www.em.com.br\/emfoco\/wp-json\/wp\/v2\/media\/8641"}],"wp:attachment":[{"href":"https:\/\/www.em.com.br\/emfoco\/wp-json\/wp\/v2\/media?parent=8638"}],"wp:term":[{"taxonomy":"category","embeddable":true,"href":"https:\/\/www.em.com.br\/emfoco\/wp-json\/wp\/v2\/categories?post=8638"},{"taxonomy":"post_tag","embeddable":true,"href":"https:\/\/www.em.com.br\/emfoco\/wp-json\/wp\/v2\/tags?post=8638"}],"curies":[{"name":"wp","href":"https:\/\/api.w.org\/{rel}","templated":true}]}}