{"id":86146,"date":"2025-08-05T11:18:58","date_gmt":"2025-08-05T14:18:58","guid":{"rendered":"https:\/\/www.em.com.br\/emfoco\/?p=86146"},"modified":"2025-08-04T11:03:13","modified_gmt":"2025-08-04T14:03:13","slug":"esponja-de-louca-pode-ser-um-risco-invisivel-a-saude","status":"publish","type":"post","link":"https:\/\/www.em.com.br\/emfoco\/2025\/08\/05\/esponja-de-louca-pode-ser-um-risco-invisivel-a-saude\/","title":{"rendered":"Esponja de lou\u00e7a pode ser um risco invis\u00edvel \u00e0 sa\u00fade"},"content":{"rendered":"\n<p><strong>O uso de esponja para lavar lou\u00e7a<\/strong>&nbsp;\u00e9 uma pr\u00e1tica comum, mas muitos desconhecem os s\u00e9rios riscos envolvidos. Esse h\u00e1bito, difundido em cozinhas de todo o pa\u00eds, pode transformar um item aparentemente inofensivo em um criadouro perigoso para micro-organismos. Entender melhor como isso ocorre e quais alternativas existem \u00e9 fundamental para proteger a sa\u00fade no dia a dia.<\/p>\n\n\n\n<ul class=\"wp-block-list\">\n<li><strong>Bact\u00e9rias presentes na esponja<\/strong>&nbsp;amea\u00e7am a seguran\u00e7a alimentar e tornam o uso cotidiano arriscado.<\/li>\n\n\n\n<li><strong>H\u00e1bitos de higiene inadequados<\/strong>&nbsp;potencializam os riscos, mesmo com trocas frequentes do produto.<\/li>\n\n\n\n<li><strong>M\u00e9todos alternativos<\/strong>&nbsp;podem substituir a esponja sem perder a efici\u00eancia na limpeza.<\/li>\n<\/ul>\n\n\n\n<h2 class=\"wp-block-heading\">Por que a esponja de lavar lou\u00e7a \u00e9 um problema silencioso?<\/h2>\n\n\n\n<p>O grande problema envolve o ac\u00famulo de&nbsp;<strong>restos de alimento e umidade<\/strong>, que criam o ambiente perfeito para prolifera\u00e7\u00e3o de bact\u00e9rias. Estudos recentes apontam que, em menos de uma semana, a esponja j\u00e1 abriga centenas de milhares de micro-organismos, sendo o&nbsp;<strong>Staphylococcus<\/strong>&nbsp;e a&nbsp;<strong>Salmonella<\/strong>&nbsp;os mais comuns.<\/p>\n\n\n\n<p>Mesmo lavando ou desinfetando com frequ\u00eancia, o objeto dificilmente fica livre das amea\u00e7as invis\u00edveis. Isso ocorre porque as fibras porosas dificultam uma limpeza completa e favorecem a sobreviv\u00eancia de germes.<\/p>\n\n\n<div class=\"wp-block-image\">\n<figure class=\"aligncenter size-large\"><img loading=\"lazy\" decoding=\"async\" width=\"1024\" height=\"576\" src=\"https:\/\/www.em.com.br\/emfoco\/wp-content\/uploads\/2025\/08\/cozinha-suja_1754315917413-1024x576.jpg\" alt=\"Esponja de lou\u00e7a\" class=\"wp-image-86154\" srcset=\"https:\/\/www.em.com.br\/emfoco\/wp-content\/uploads\/2025\/08\/cozinha-suja_1754315917413-1024x576.jpg 1024w, https:\/\/www.em.com.br\/emfoco\/wp-content\/uploads\/2025\/08\/cozinha-suja_1754315917413-300x169.jpg 300w, https:\/\/www.em.com.br\/emfoco\/wp-content\/uploads\/2025\/08\/cozinha-suja_1754315917413-768x432.jpg 768w, https:\/\/www.em.com.br\/emfoco\/wp-content\/uploads\/2025\/08\/cozinha-suja_1754315917413-750x422.jpg 750w, https:\/\/www.em.com.br\/emfoco\/wp-content\/uploads\/2025\/08\/cozinha-suja_1754315917413-1140x641.jpg 1140w, https:\/\/www.em.com.br\/emfoco\/wp-content\/uploads\/2025\/08\/cozinha-suja_1754315917413.jpg 1280w\" sizes=\"auto, (max-width: 1024px) 100vw, 1024px\" \/><figcaption class=\"wp-element-caption\">Esponja de lou\u00e7a &#8211; Cr\u00e9ditos: depositphotos.com \/ Hallgerd<\/figcaption><\/figure><\/div>\n\n\n<p>Leia tamb\u00e9m: <a href=\"https:\/\/www.em.com.br\/emfoco\/2025\/08\/04\/dicas-simples-para-manter-a-sua-zamioculca-bonita-e-saudavel-o-ano-inteiro-facil\/\" target=\"_blank\" rel=\"noreferrer noopener\">Dicas simples para manter a sua Zamioculca bonita e saud\u00e1vel o ano inteiro f\u00e1cil<\/a><\/p>\n\n\n\n<h2 class=\"wp-block-heading\">Quais riscos reais o uso da esponja na cozinha representa?<\/h2>\n\n\n\n<p>Al\u00e9m de espalhar bact\u00e9rias presentes nos&nbsp;<strong>pratos e utens\u00edlios<\/strong>, a esponja pode transferi-las para superf\u00edcies limpas, contaminando bancadas e outros objetos. Isso potencializa casos de infec\u00e7\u00f5es gastrointestinais, especialmente em lares com crian\u00e7as e idosos.<\/p>\n\n\n\n<p>N\u00famero expressivos da vigil\u00e2ncia sanit\u00e1ria refor\u00e7am que a esponja de pia \u00e9 considerada um dos produtos dom\u00e9sticos mais contaminados \u2014 muitas vezes mais do que o pr\u00f3prio vaso sanit\u00e1rio.<\/p>\n\n\n\n<p>Especialistas sugerem evitar usos m\u00faltiplos, como limpar fog\u00e3o, geladeira ou superf\u00edcies, pois essa pr\u00e1tica aumenta a transfer\u00eancia cruzada de microrganismos.<\/p>\n\n\n\n<h2 class=\"wp-block-heading\">Alternativas seguras: como lavar a lou\u00e7a sem recorrer \u00e0 esponja?<\/h2>\n\n\n\n<p>A substitui\u00e7\u00e3o por&nbsp;<strong>escovas de cerdas sint\u00e9ticas<\/strong>&nbsp;\u00e9 a principal recomenda\u00e7\u00e3o de quem busca uma op\u00e7\u00e3o higi\u00eanica e pr\u00e1tica. Escovas secam mais r\u00e1pido, dificultando a prolifera\u00e7\u00e3o de micro-organismos.<\/p>\n\n\n\n<ul class=\"wp-block-list\">\n<li><strong>Panos de microfibra<\/strong>&nbsp;higienizados diariamente ajudam na remo\u00e7\u00e3o de res\u00edduos sem acumular germes.<\/li>\n\n\n\n<li><strong>Buchas vegetais<\/strong>&nbsp;podem ser uma solu\u00e7\u00e3o, mas tamb\u00e9m precisam de cuidados rigorosos quanto \u00e0 secagem e substitui\u00e7\u00e3o.<\/li>\n\n\n\n<li>Higienizar os itens em \u00e1gua quente e sab\u00e3o, descartando sempre materiais muito usados, reduz ainda mais os riscos.<\/li>\n<\/ul>\n\n\n\n<p>A aten\u00e7\u00e3o \u00e0 troca frequente dos instrumentos de <a href=\"https:\/\/www.uol.com.br\/vivabem\/noticias\/redacao\/2025\/01\/15\/como-higienizar-utensilios-de-cozinha.htm\" target=\"_blank\" rel=\"noreferrer noopener\">limpeza<\/a> faz toda a diferen\u00e7a: especialistas recomendam\u00a0<strong>substituir a esponja<\/strong>\u00a0ou suas alternativas a cada semana, nunca excedendo dez dias de uso.<\/p>\n\n\n\n<h2 class=\"wp-block-heading\">Mudan\u00e7as simples garantem uma cozinha mais segura e saud\u00e1vel<\/h2>\n\n\n\n<ul class=\"wp-block-list\">\n<li>A esponja ret\u00e9m microrganismos que se multiplicam rapidamente, elevando os riscos de contamina\u00e7\u00e3o alimentar.<\/li>\n\n\n\n<li>Substituir a esponja por escovas, panos ou buchas vegetais, somado \u00e0 higiene regular, reduz significativamente amea\u00e7as invis\u00edveis.<\/li>\n\n\n\n<li>Adotar h\u00e1bitos pr\u00e1ticos, como secar bem os itens e trocar acess\u00f3rios de limpeza com frequ\u00eancia, transforma a rotina da cozinha em um ambiente muito mais seguro para todos.<\/li>\n<\/ul>\n","protected":false},"excerpt":{"rendered":"<p>O uso de esponja para lavar lou\u00e7a&nbsp;\u00e9 uma pr\u00e1tica comum, mas muitos desconhecem os s\u00e9rios riscos envolvidos. Esse h\u00e1bito, difundido em cozinhas de todo o pa\u00eds, pode transformar um item aparentemente inofensivo em um criadouro perigoso para micro-organismos. Entender melhor como isso ocorre e quais alternativas existem \u00e9 fundamental para proteger a sa\u00fade no dia [&hellip;]<\/p>\n","protected":false},"author":15,"featured_media":86152,"comment_status":"open","ping_status":"open","sticky":false,"template":"","format":"standard","meta":{"jnews-multi-image_gallery":[],"jnews_single_post":{"format":"standard"},"jnews_primary_category":[],"jnews_social_meta":[],"jnews_override_counter":[],"footnotes":""},"categories":[8819],"tags":[3563,10532,5155],"class_list":["post-86146","post","type-post","status-publish","format-standard","has-post-thumbnail","hentry","category-curiosidades","tag-cozinha","tag-esponja-de-cozinha","tag-psicologia"],"yoast_head":"<!-- This site is optimized with the Yoast SEO plugin v23.8 - https:\/\/yoast.com\/wordpress\/plugins\/seo\/ -->\n<title>Esponja de lou\u00e7a pode ser um risco invis\u00edvel \u00e0 sa\u00fade - Estado de Minas - Em foco<\/title>\n<meta name=\"description\" content=\"A esponja de lavar lou\u00e7a \u00e9 mais perigosa do que parece. Entenda por que especialistas recomendam abandonar esse h\u00e1bito agora mesmo.\" \/>\n<meta name=\"robots\" content=\"index, follow, max-snippet:-1, max-image-preview:large, max-video-preview:-1\" \/>\n<link rel=\"canonical\" href=\"https:\/\/www.em.com.br\/emfoco\/2025\/08\/05\/esponja-de-louca-pode-ser-um-risco-invisivel-a-saude\/\" \/>\n<meta property=\"og:locale\" content=\"pt_BR\" \/>\n<meta property=\"og:type\" content=\"article\" \/>\n<meta property=\"og:title\" content=\"Esponja de lou\u00e7a pode ser um risco invis\u00edvel \u00e0 sa\u00fade - Estado de Minas - Em foco\" \/>\n<meta property=\"og:description\" content=\"A esponja de lavar lou\u00e7a \u00e9 mais perigosa do que parece. Entenda por que especialistas recomendam abandonar esse h\u00e1bito agora mesmo.\" \/>\n<meta property=\"og:url\" content=\"https:\/\/www.em.com.br\/emfoco\/2025\/08\/05\/esponja-de-louca-pode-ser-um-risco-invisivel-a-saude\/\" \/>\n<meta property=\"og:site_name\" content=\"Estado de Minas - Em foco\" \/>\n<meta property=\"article:published_time\" content=\"2025-08-05T14:18:58+00:00\" \/>\n<meta property=\"article:modified_time\" content=\"2025-08-04T14:03:13+00:00\" \/>\n<meta property=\"og:image\" content=\"https:\/\/www.em.com.br\/emfoco\/wp-content\/uploads\/2025\/08\/cozinha-suja_1754316063411.jpg\" \/>\n\t<meta property=\"og:image:width\" content=\"1280\" \/>\n\t<meta property=\"og:image:height\" content=\"720\" \/>\n\t<meta property=\"og:image:type\" content=\"image\/jpeg\" \/>\n<meta name=\"author\" content=\"Douglas Myth\" \/>\n<meta name=\"twitter:card\" content=\"summary_large_image\" \/>\n<meta name=\"twitter:label1\" content=\"Escrito por\" \/>\n\t<meta name=\"twitter:data1\" content=\"Douglas Myth\" \/>\n\t<meta name=\"twitter:label2\" content=\"Est. tempo de leitura\" \/>\n\t<meta name=\"twitter:data2\" content=\"4 minutos\" \/>\n<!-- \/ Yoast SEO plugin. -->","yoast_head_json":{"title":"Esponja de lou\u00e7a pode ser um risco invis\u00edvel \u00e0 sa\u00fade - Estado de Minas - Em foco","description":"A esponja de lavar lou\u00e7a \u00e9 mais perigosa do que parece. Entenda por que especialistas recomendam abandonar esse h\u00e1bito agora mesmo.","robots":{"index":"index","follow":"follow","max-snippet":"max-snippet:-1","max-image-preview":"max-image-preview:large","max-video-preview":"max-video-preview:-1"},"canonical":"https:\/\/www.em.com.br\/emfoco\/2025\/08\/05\/esponja-de-louca-pode-ser-um-risco-invisivel-a-saude\/","og_locale":"pt_BR","og_type":"article","og_title":"Esponja de lou\u00e7a pode ser um risco invis\u00edvel \u00e0 sa\u00fade - Estado de Minas - Em foco","og_description":"A esponja de lavar lou\u00e7a \u00e9 mais perigosa do que parece. Entenda por que especialistas recomendam abandonar esse h\u00e1bito agora mesmo.","og_url":"https:\/\/www.em.com.br\/emfoco\/2025\/08\/05\/esponja-de-louca-pode-ser-um-risco-invisivel-a-saude\/","og_site_name":"Estado de Minas - Em foco","article_published_time":"2025-08-05T14:18:58+00:00","article_modified_time":"2025-08-04T14:03:13+00:00","og_image":[{"width":1280,"height":720,"url":"https:\/\/www.em.com.br\/emfoco\/wp-content\/uploads\/2025\/08\/cozinha-suja_1754316063411.jpg","type":"image\/jpeg"}],"author":"Douglas Myth","twitter_card":"summary_large_image","twitter_misc":{"Escrito por":"Douglas Myth","Est. tempo de leitura":"4 minutos"},"schema":{"@context":"https:\/\/schema.org","@graph":[{"@type":"WebPage","@id":"https:\/\/www.em.com.br\/emfoco\/2025\/08\/05\/esponja-de-louca-pode-ser-um-risco-invisivel-a-saude\/","url":"https:\/\/www.em.com.br\/emfoco\/2025\/08\/05\/esponja-de-louca-pode-ser-um-risco-invisivel-a-saude\/","name":"Esponja de lou\u00e7a pode ser um risco invis\u00edvel \u00e0 sa\u00fade - Estado de Minas - Em foco","isPartOf":{"@id":"https:\/\/www.em.com.br\/emfoco\/#website"},"primaryImageOfPage":{"@id":"https:\/\/www.em.com.br\/emfoco\/2025\/08\/05\/esponja-de-louca-pode-ser-um-risco-invisivel-a-saude\/#primaryimage"},"image":{"@id":"https:\/\/www.em.com.br\/emfoco\/2025\/08\/05\/esponja-de-louca-pode-ser-um-risco-invisivel-a-saude\/#primaryimage"},"thumbnailUrl":"https:\/\/www.em.com.br\/emfoco\/wp-content\/uploads\/2025\/08\/cozinha-suja_1754316063411.jpg","datePublished":"2025-08-05T14:18:58+00:00","dateModified":"2025-08-04T14:03:13+00:00","author":{"@id":"https:\/\/www.em.com.br\/emfoco\/#\/schema\/person\/bba594b7eebe9b9885fec3a5c7837089"},"description":"A esponja de lavar lou\u00e7a \u00e9 mais perigosa do que parece. Entenda por que especialistas recomendam abandonar esse h\u00e1bito agora mesmo.","breadcrumb":{"@id":"https:\/\/www.em.com.br\/emfoco\/2025\/08\/05\/esponja-de-louca-pode-ser-um-risco-invisivel-a-saude\/#breadcrumb"},"inLanguage":"pt-BR","potentialAction":[{"@type":"ReadAction","target":["https:\/\/www.em.com.br\/emfoco\/2025\/08\/05\/esponja-de-louca-pode-ser-um-risco-invisivel-a-saude\/"]}]},{"@type":"ImageObject","inLanguage":"pt-BR","@id":"https:\/\/www.em.com.br\/emfoco\/2025\/08\/05\/esponja-de-louca-pode-ser-um-risco-invisivel-a-saude\/#primaryimage","url":"https:\/\/www.em.com.br\/emfoco\/wp-content\/uploads\/2025\/08\/cozinha-suja_1754316063411.jpg","contentUrl":"https:\/\/www.em.com.br\/emfoco\/wp-content\/uploads\/2025\/08\/cozinha-suja_1754316063411.jpg","width":1280,"height":720,"caption":"Esponja de lou\u00e7a - Cr\u00e9ditos: depositphotos.com \/ IgorVetushko"},{"@type":"BreadcrumbList","@id":"https:\/\/www.em.com.br\/emfoco\/2025\/08\/05\/esponja-de-louca-pode-ser-um-risco-invisivel-a-saude\/#breadcrumb","itemListElement":[{"@type":"ListItem","position":1,"name":"In\u00edcio","item":"https:\/\/www.em.com.br\/emfoco\/"},{"@type":"ListItem","position":2,"name":"Esponja de lou\u00e7a pode ser um risco invis\u00edvel \u00e0 sa\u00fade"}]},{"@type":"WebSite","@id":"https:\/\/www.em.com.br\/emfoco\/#website","url":"https:\/\/www.em.com.br\/emfoco\/","name":"Estado de Minas - Em foco","description":"Acompanhe as \u00faltimas not\u00edcias e fique bem informado sobre tudo o que acontece em Minas Gerais, Brasil e no mundo.","potentialAction":[{"@type":"SearchAction","target":{"@type":"EntryPoint","urlTemplate":"https:\/\/www.em.com.br\/emfoco\/?s={search_term_string}"},"query-input":{"@type":"PropertyValueSpecification","valueRequired":true,"valueName":"search_term_string"}}],"inLanguage":"pt-BR"},{"@type":"Person","@id":"https:\/\/www.em.com.br\/emfoco\/#\/schema\/person\/bba594b7eebe9b9885fec3a5c7837089","name":"Douglas Myth","image":{"@type":"ImageObject","inLanguage":"pt-BR","@id":"https:\/\/www.em.com.br\/emfoco\/#\/schema\/person\/image\/","url":"https:\/\/secure.gravatar.com\/avatar\/1ac3cf50d0e68642c697dc0c960c802f?s=96&d=mm&r=g","contentUrl":"https:\/\/secure.gravatar.com\/avatar\/1ac3cf50d0e68642c697dc0c960c802f?s=96&d=mm&r=g","caption":"Douglas Myth"},"url":"https:\/\/www.em.com.br\/emfoco\/author\/douglasmyth\/"}]}},"_links":{"self":[{"href":"https:\/\/www.em.com.br\/emfoco\/wp-json\/wp\/v2\/posts\/86146","targetHints":{"allow":["GET"]}}],"collection":[{"href":"https:\/\/www.em.com.br\/emfoco\/wp-json\/wp\/v2\/posts"}],"about":[{"href":"https:\/\/www.em.com.br\/emfoco\/wp-json\/wp\/v2\/types\/post"}],"author":[{"embeddable":true,"href":"https:\/\/www.em.com.br\/emfoco\/wp-json\/wp\/v2\/users\/15"}],"replies":[{"embeddable":true,"href":"https:\/\/www.em.com.br\/emfoco\/wp-json\/wp\/v2\/comments?post=86146"}],"version-history":[{"count":3,"href":"https:\/\/www.em.com.br\/emfoco\/wp-json\/wp\/v2\/posts\/86146\/revisions"}],"predecessor-version":[{"id":86156,"href":"https:\/\/www.em.com.br\/emfoco\/wp-json\/wp\/v2\/posts\/86146\/revisions\/86156"}],"wp:featuredmedia":[{"embeddable":true,"href":"https:\/\/www.em.com.br\/emfoco\/wp-json\/wp\/v2\/media\/86152"}],"wp:attachment":[{"href":"https:\/\/www.em.com.br\/emfoco\/wp-json\/wp\/v2\/media?parent=86146"}],"wp:term":[{"taxonomy":"category","embeddable":true,"href":"https:\/\/www.em.com.br\/emfoco\/wp-json\/wp\/v2\/categories?post=86146"},{"taxonomy":"post_tag","embeddable":true,"href":"https:\/\/www.em.com.br\/emfoco\/wp-json\/wp\/v2\/tags?post=86146"}],"curies":[{"name":"wp","href":"https:\/\/api.w.org\/{rel}","templated":true}]}}