{"id":86112,"date":"2025-08-13T08:13:41","date_gmt":"2025-08-13T11:13:41","guid":{"rendered":"https:\/\/www.em.com.br\/emfoco\/?p=86112"},"modified":"2025-08-13T08:13:44","modified_gmt":"2025-08-13T11:13:44","slug":"comunicado-para-todos-que-usam-seu-cpf-ao-comprar-em-supermercados-em-2025","status":"publish","type":"post","link":"https:\/\/www.em.com.br\/emfoco\/2025\/08\/13\/comunicado-para-todos-que-usam-seu-cpf-ao-comprar-em-supermercados-em-2025\/","title":{"rendered":"Comunicado para todos que usam seu CPF ao comprar em supermercados em 2025"},"content":{"rendered":"\n<p>O programa\u00a0<strong>\u201cCPF na Nota\u201d<\/strong>\u00a0\u00e9 uma iniciativa que est\u00e1 ganhando destaque em v\u00e1rias regi\u00f5es do\u00a0<strong>Brasil<\/strong>, com o intuito de promover a conscientiza\u00e7\u00e3o fiscal.\u00a0<strong>Inserir o CPF<\/strong>\u00a0nos documentos fiscais ajuda n\u00e3o apenas na fiscaliza\u00e7\u00e3o tribut\u00e1ria, mas tamb\u00e9m oferece benef\u00edcios diretos aos consumidores.<\/p>\n\n\n\n<ul class=\"wp-block-list\">\n<li><strong>Economia fiscal<\/strong>&nbsp;com cr\u00e9ditos usados para abatimento em impostos como&nbsp;<strong>IPVA<\/strong>&nbsp;e&nbsp;<strong>IPTU<\/strong>.<\/li>\n\n\n\n<li><strong>Participa\u00e7\u00e3o em sorteios<\/strong>&nbsp;que podem premiar com valores em dinheiro.<\/li>\n\n\n\n<li><strong>Contribui\u00e7\u00e3o social<\/strong>&nbsp;ao combater a sonega\u00e7\u00e3o fiscal.<\/li>\n<\/ul>\n\n\n\n<h2 class=\"wp-block-heading\">Por que vale a pena colocar o cpf na nota?<\/h2>\n\n\n\n<p>Incluir o&nbsp;<strong>CPF na nota fiscal<\/strong>&nbsp;\u00e9 uma estrat\u00e9gia que gera retorno financeiro. Isso vai al\u00e9m de simplesmente juntar cr\u00e9ditos: \u00e9 uma maneira de engajar mais cidad\u00e3os, na pr\u00e1tica fiscal correta.<\/p>\n\n\n\n<p>Os consumidores ganham&nbsp;<strong>cr\u00e9ditos fiscais<\/strong>&nbsp;que podem reduzir o custo de seus impostos, como o&nbsp;<strong>IPVA<\/strong>&nbsp;e o&nbsp;<strong>IPTU<\/strong>.<\/p>\n\n\n\n<p>Ao participar de sorteios de pr\u00eamios, as chances de ganhar b\u00f4nus extras aumentam.<\/p>\n\n\n\n<p>Esta pr\u00e1tica ainda ajuda a aumentar o controle sobre a arrecada\u00e7\u00e3o fiscal, beneficiando a sociedade como um todo.<\/p>\n\n\n\n<p>Al\u00e9m disso, os cr\u00e9ditos acumulados podem ser doados para institui\u00e7\u00f5es sociais, ampliando o impacto positivo das suas compras.<\/p>\n\n\n\n<figure class=\"wp-block-image\"><img decoding=\"async\" src=\"https:\/\/www.em.com.br\/emfoco\/wp-content\/uploads\/2025\/05\/supermercado-caixa_1746141283356-1024x576.jpg\" alt=\"\"\/><figcaption class=\"wp-element-caption\">Caixa de supermercado &#8211; Cr\u00e9ditos: depositphotos.com \/ columbo<\/figcaption><\/figure>\n\n\n\n<p>Alguns programas estaduais, como o do&nbsp;<strong>Rio de Janeiro<\/strong>&nbsp;e o do&nbsp;<strong>Par\u00e1<\/strong>, tamb\u00e9m permitem o uso de cr\u00e9ditos para fins educativos e oferecem outros incentivos personalizados de acordo com cada estado.<\/p>\n\n\n\n<h2 class=\"wp-block-heading\">Como consultar e resgatar cr\u00e9ditos de forma eficiente?<\/h2>\n\n\n\n<p>Consultar e resgatar os cr\u00e9ditos do&nbsp;<strong>\u201cCPF na Nota\u201d<\/strong>&nbsp;\u00e9 um processo simples feito online. Siga estas etapas:<\/p>\n\n\n\n<ol class=\"wp-block-list\">\n<li><strong>Acesse o portal<\/strong>&nbsp;do programa no seu estado.<\/li>\n\n\n\n<li>Realize o login com seu CPF e senha.<\/li>\n\n\n\n<li>Verifique seus cr\u00e9ditos e bilhetes para sorteios.<\/li>\n\n\n\n<li>Escolha a op\u00e7\u00e3o de resgate que melhor lhe atende, seja para conta banc\u00e1ria, para abater impostos como&nbsp;<strong>IPVA<\/strong>&nbsp;e&nbsp;<strong>IPTU<\/strong>, ou ainda para doa\u00e7\u00e3o a institui\u00e7\u00f5es sociais.<\/li>\n<\/ol>\n\n\n\n<p>Cada portal atua de acordo com as pol\u00edticas espec\u00edficas do estado. Por exemplo, o site da&nbsp;<strong>Nota Fiscal Paulista<\/strong>&nbsp;traz um sistema detalhado para acompanhar extrato de cr\u00e9ditos e realizar doa\u00e7\u00f5es diretamente.<\/p>\n\n\n\n<h2 class=\"wp-block-heading\">Quais estados oferecem o programa cpf na nota?<\/h2>\n\n\n\n<p>O programa est\u00e1 ativo em diversos estados, cada um oferecendo condi\u00e7\u00f5es espec\u00edficas aos participantes. \u00c9 importante que o consumidor consulte o programa espec\u00edfico da sua regi\u00e3o para entender os benef\u00edcios dispon\u00edveis:<\/p>\n\n\n\n<ul class=\"wp-block-list\">\n<li>No&nbsp;<strong>S\u00e3o Paulo<\/strong>, h\u00e1 oportunidades de ganhos em sorteios e descontos em impostos como o&nbsp;<strong>IPVA<\/strong>.<\/li>\n\n\n\n<li><strong>Rio Grande do Sul<\/strong>&nbsp;destaca-se por permitir que os cr\u00e9ditos sejam doados para institui\u00e7\u00f5es sociais.<\/li>\n\n\n\n<li>Em&nbsp;<strong>Minas Gerais<\/strong>, mesmo sem abatimento direto, h\u00e1 sorteios com v\u00e1rias premia\u00e7\u00f5es.<\/li>\n\n\n\n<li><strong>Distrito Federal<\/strong>&nbsp;oferece a&nbsp;<strong>Nota Legal<\/strong>, que tamb\u00e9m consolida cr\u00e9ditos e oportunidades de sorteios.<\/li>\n\n\n\n<li><strong>Paran\u00e1<\/strong>, atrav\u00e9s da&nbsp;<strong>Nota Paran\u00e1<\/strong>, fornece cr\u00e9ditos e oportunidades de participa\u00e7\u00e3o em sorteios.<\/li>\n\n\n\n<li><strong>Bahia<\/strong>, com a&nbsp;<strong>Nota Premiada Bahia<\/strong>, d\u00e1 oportunidades de pr\u00eamios e participa\u00e7\u00e3o social em projetos.<\/li>\n<\/ul>\n\n\n\n<p>Al\u00e9m destes, outros estados como Pernambuco, Amazonas e&nbsp;<strong>Rio de Janeiro<\/strong>&nbsp;tamb\u00e9m contam com iniciativas pr\u00f3prias ligadas ao CPF na nota, cada um com diferentes regras para sorteios e uso de cr\u00e9ditos fiscais.<\/p>\n\n\n\n<figure class=\"wp-block-image\"><img decoding=\"async\" src=\"https:\/\/www.em.com.br\/emfoco\/wp-content\/uploads\/2025\/05\/recibo-fiscal_1746483365461-1024x576.jpg\" alt=\"\"\/><figcaption class=\"wp-element-caption\">Recibo fiscal- Cr\u00e9ditos: depositphotos.com \/ quackersnaps<\/figcaption><\/figure>\n\n\n\n<h2 class=\"wp-block-heading\">Como maximizar as chances de ganhar nos sorteios?<\/h2>\n\n\n\n<p>Para aumentar suas chances de ser sorteado no programa, algumas pr\u00e1ticas s\u00e3o essenciais:<\/p>\n\n\n\n<ul class=\"wp-block-list\">\n<li>Fa\u00e7a seu cadastro e mantenha os dados sempre atualizados.<\/li>\n\n\n\n<li>Procure gerar mais bilhetes atrav\u00e9s das compras registradas com CPF.<\/li>\n\n\n\n<li>Esteja atento \u00e0s datas dos sorteios e aos resultados anunciados.<\/li>\n<\/ul>\n\n\n\n<p>Alguns aplicativos de notas fiscais estaduais, como o app oficial da&nbsp;<strong>Nota Paran\u00e1<\/strong>, disponibilizam notifica\u00e7\u00f5es e consultas r\u00e1pidas para facilitar o acompanhamento dos sorteios.<\/p>\n\n\n\n<h2 class=\"wp-block-heading\">Como aproveitar ao m\u00e1ximo o cpf na nota para economizar?<\/h2>\n\n\n\n<p>Integrar-se ao&nbsp;<strong>\u201cCPF na Nota\u201d<\/strong>&nbsp;beneficia n\u00e3o apenas o participante, mas fortalece a economia e transpar\u00eancia fiscal. \u00c9 uma maneira eficaz e acess\u00edvel que incentiva mais pessoas a contribu\u00edrem com o sistema tribut\u00e1rio do pa\u00eds.<\/p>\n\n\n\n<ul class=\"wp-block-list\">\n<li><strong>Economize<\/strong>&nbsp;atrav\u00e9s dos cr\u00e9ditos fiscais no abatimento de impostos como&nbsp;<strong>IPVA<\/strong>&nbsp;e&nbsp;<strong>IPTU<\/strong>.<\/li>\n\n\n\n<li>Entre em sorteios para oportunidades adicionais de ganho.<\/li>\n\n\n\n<li>Apoie uma arrecada\u00e7\u00e3o tribut\u00e1ria mais justa e eficiente.<\/li>\n<\/ul>\n\n\n\n<h2 class=\"wp-block-heading\">Que medidas de seguran\u00e7a protegem seus dados pessoais?<\/h2>\n\n\n\n<p>A seguran\u00e7a dos dados pessoais ao incluir o CPF na nota fiscal \u00e9 uma preocupa\u00e7\u00e3o leg\u00edtima e que \u00e9 tratada com seriedade pelos programas estaduais. Medidas rigorosas de prote\u00e7\u00e3o de dados s\u00e3o adotadas para salvaguardar as informa\u00e7\u00f5es dos consumidores.<\/p>\n\n\n\n<p>Os portais dos programas frequentemente utilizam tecnologias de criptografia para garantir que os dados trafeguem de forma segura na internet. Al\u00e9m disso, o acesso \u00e0s informa\u00e7\u00f5es \u00e9 restrito, exigindo login e senha pessoal para evitar acessos n\u00e3o autorizados.<\/p>\n\n\n\n<p>Estas pr\u00e1ticas asseguram a confidencialidade e a integridade das informa\u00e7\u00f5es, proporcionando maior tranquilidade aos participantes.<\/p>\n\n\n\n<p>Muitos estados publicam relat\u00f3rios anuais de transpar\u00eancia e prestam contas sobre o tratamento de dados, demonstrando compromisso em seguir as diretrizes da&nbsp;<strong>Lei Geral de Prote\u00e7\u00e3o de Dados<\/strong>&nbsp;e de outros \u00f3rg\u00e3os regulamentadores.<\/p>\n","protected":false},"excerpt":{"rendered":"<p>O programa\u00a0\u201cCPF na Nota\u201d\u00a0\u00e9 uma iniciativa que est\u00e1 ganhando destaque em v\u00e1rias regi\u00f5es do\u00a0Brasil, com o intuito de promover a conscientiza\u00e7\u00e3o fiscal.\u00a0Inserir o CPF\u00a0nos documentos fiscais ajuda n\u00e3o apenas na fiscaliza\u00e7\u00e3o tribut\u00e1ria, mas tamb\u00e9m oferece benef\u00edcios diretos aos consumidores. Por que vale a pena colocar o cpf na nota? Incluir o&nbsp;CPF na nota fiscal&nbsp;\u00e9 uma [&hellip;]<\/p>\n","protected":false},"author":11,"featured_media":43610,"comment_status":"open","ping_status":"open","sticky":false,"template":"","format":"standard","meta":{"jnews-multi-image_gallery":[],"jnews_single_post":{"format":"standard"},"jnews_primary_category":[],"jnews_social_meta":[],"jnews_override_counter":[],"footnotes":""},"categories":[29,1],"tags":[2603,398,3134,2588],"class_list":["post-86112","post","type-post","status-publish","format-standard","has-post-thumbnail","hentry","category-entretenimento","category-noticias","tag-beneficio-financeiro","tag-cpf-na-nota","tag-cpf-na-nota-fiscal","tag-programa-cpf-na-nota"],"yoast_head":"<!-- This site is optimized with the Yoast SEO plugin v23.8 - https:\/\/yoast.com\/wordpress\/plugins\/seo\/ -->\n<title>Comunicado para todos que usam seu CPF ao comprar em supermercados em 2025 - Estado de Minas - Em foco<\/title>\n<meta name=\"description\" content=\"O programa &quot;CPF na Nota&quot; \u00e9 uma iniciativa adotada em diferentes partes do Brasil com a finalidade de estimular a emiss\u00e3o de documentos fiscais.\" \/>\n<meta name=\"robots\" content=\"index, follow, max-snippet:-1, max-image-preview:large, max-video-preview:-1\" \/>\n<link rel=\"canonical\" href=\"https:\/\/www.em.com.br\/emfoco\/2025\/08\/13\/comunicado-para-todos-que-usam-seu-cpf-ao-comprar-em-supermercados-em-2025\/\" \/>\n<meta property=\"og:locale\" content=\"pt_BR\" \/>\n<meta property=\"og:type\" content=\"article\" \/>\n<meta property=\"og:title\" content=\"Comunicado para todos que usam seu CPF ao comprar em supermercados em 2025 - Estado de Minas - Em foco\" \/>\n<meta property=\"og:description\" content=\"O programa &quot;CPF na Nota&quot; \u00e9 uma iniciativa adotada em diferentes partes do Brasil com a finalidade de estimular a emiss\u00e3o de documentos fiscais.\" \/>\n<meta property=\"og:url\" content=\"https:\/\/www.em.com.br\/emfoco\/2025\/08\/13\/comunicado-para-todos-que-usam-seu-cpf-ao-comprar-em-supermercados-em-2025\/\" \/>\n<meta property=\"og:site_name\" content=\"Estado de Minas - Em foco\" \/>\n<meta property=\"article:published_time\" content=\"2025-08-13T11:13:41+00:00\" \/>\n<meta property=\"article:modified_time\" content=\"2025-08-13T11:13:44+00:00\" \/>\n<meta property=\"og:image\" content=\"https:\/\/www.em.com.br\/emfoco\/wp-content\/uploads\/2025\/05\/supermercado-nota-_1746141353162.jpg\" \/>\n\t<meta property=\"og:image:width\" content=\"1279\" \/>\n\t<meta property=\"og:image:height\" content=\"720\" \/>\n\t<meta property=\"og:image:type\" content=\"image\/jpeg\" \/>\n<meta name=\"author\" content=\"Andre\u0301 Rangel\u00a0\" \/>\n<meta name=\"twitter:card\" content=\"summary_large_image\" \/>\n<meta name=\"twitter:label1\" content=\"Escrito por\" \/>\n\t<meta name=\"twitter:data1\" content=\"Andre\u0301 Rangel\u00a0\" \/>\n\t<meta name=\"twitter:label2\" content=\"Est. tempo de leitura\" \/>\n\t<meta name=\"twitter:data2\" content=\"5 minutos\" \/>\n<!-- \/ Yoast SEO plugin. -->","yoast_head_json":{"title":"Comunicado para todos que usam seu CPF ao comprar em supermercados em 2025 - Estado de Minas - Em foco","description":"O programa \"CPF na Nota\" \u00e9 uma iniciativa adotada em diferentes partes do Brasil com a finalidade de estimular a emiss\u00e3o de documentos fiscais.","robots":{"index":"index","follow":"follow","max-snippet":"max-snippet:-1","max-image-preview":"max-image-preview:large","max-video-preview":"max-video-preview:-1"},"canonical":"https:\/\/www.em.com.br\/emfoco\/2025\/08\/13\/comunicado-para-todos-que-usam-seu-cpf-ao-comprar-em-supermercados-em-2025\/","og_locale":"pt_BR","og_type":"article","og_title":"Comunicado para todos que usam seu CPF ao comprar em supermercados em 2025 - Estado de Minas - Em foco","og_description":"O programa \"CPF na Nota\" \u00e9 uma iniciativa adotada em diferentes partes do Brasil com a finalidade de estimular a emiss\u00e3o de documentos fiscais.","og_url":"https:\/\/www.em.com.br\/emfoco\/2025\/08\/13\/comunicado-para-todos-que-usam-seu-cpf-ao-comprar-em-supermercados-em-2025\/","og_site_name":"Estado de Minas - Em foco","article_published_time":"2025-08-13T11:13:41+00:00","article_modified_time":"2025-08-13T11:13:44+00:00","og_image":[{"width":1279,"height":720,"url":"https:\/\/www.em.com.br\/emfoco\/wp-content\/uploads\/2025\/05\/supermercado-nota-_1746141353162.jpg","type":"image\/jpeg"}],"author":"Andre\u0301 Rangel\u00a0","twitter_card":"summary_large_image","twitter_misc":{"Escrito por":"Andre\u0301 Rangel\u00a0","Est. tempo de leitura":"5 minutos"},"schema":{"@context":"https:\/\/schema.org","@graph":[{"@type":"WebPage","@id":"https:\/\/www.em.com.br\/emfoco\/2025\/08\/13\/comunicado-para-todos-que-usam-seu-cpf-ao-comprar-em-supermercados-em-2025\/","url":"https:\/\/www.em.com.br\/emfoco\/2025\/08\/13\/comunicado-para-todos-que-usam-seu-cpf-ao-comprar-em-supermercados-em-2025\/","name":"Comunicado para todos que usam seu CPF ao comprar em supermercados em 2025 - Estado de Minas - Em foco","isPartOf":{"@id":"https:\/\/www.em.com.br\/emfoco\/#website"},"primaryImageOfPage":{"@id":"https:\/\/www.em.com.br\/emfoco\/2025\/08\/13\/comunicado-para-todos-que-usam-seu-cpf-ao-comprar-em-supermercados-em-2025\/#primaryimage"},"image":{"@id":"https:\/\/www.em.com.br\/emfoco\/2025\/08\/13\/comunicado-para-todos-que-usam-seu-cpf-ao-comprar-em-supermercados-em-2025\/#primaryimage"},"thumbnailUrl":"https:\/\/www.em.com.br\/emfoco\/wp-content\/uploads\/2025\/05\/supermercado-nota-_1746141353162.jpg","datePublished":"2025-08-13T11:13:41+00:00","dateModified":"2025-08-13T11:13:44+00:00","author":{"@id":"https:\/\/www.em.com.br\/emfoco\/#\/schema\/person\/60eda09c1fedf0d6891f4cef4b60b8b8"},"description":"O programa \"CPF na Nota\" \u00e9 uma iniciativa adotada em diferentes partes do Brasil com a finalidade de estimular a emiss\u00e3o de documentos fiscais.","breadcrumb":{"@id":"https:\/\/www.em.com.br\/emfoco\/2025\/08\/13\/comunicado-para-todos-que-usam-seu-cpf-ao-comprar-em-supermercados-em-2025\/#breadcrumb"},"inLanguage":"pt-BR","potentialAction":[{"@type":"ReadAction","target":["https:\/\/www.em.com.br\/emfoco\/2025\/08\/13\/comunicado-para-todos-que-usam-seu-cpf-ao-comprar-em-supermercados-em-2025\/"]}]},{"@type":"ImageObject","inLanguage":"pt-BR","@id":"https:\/\/www.em.com.br\/emfoco\/2025\/08\/13\/comunicado-para-todos-que-usam-seu-cpf-ao-comprar-em-supermercados-em-2025\/#primaryimage","url":"https:\/\/www.em.com.br\/emfoco\/wp-content\/uploads\/2025\/05\/supermercado-nota-_1746141353162.jpg","contentUrl":"https:\/\/www.em.com.br\/emfoco\/wp-content\/uploads\/2025\/05\/supermercado-nota-_1746141353162.jpg","width":1279,"height":720,"caption":"Quem informa o CPF no caixa do mercado em 2026 precisa saber disso - Cr\u00e9ditos: depositphotos.com \/ innu_asha84"},{"@type":"BreadcrumbList","@id":"https:\/\/www.em.com.br\/emfoco\/2025\/08\/13\/comunicado-para-todos-que-usam-seu-cpf-ao-comprar-em-supermercados-em-2025\/#breadcrumb","itemListElement":[{"@type":"ListItem","position":1,"name":"In\u00edcio","item":"https:\/\/www.em.com.br\/emfoco\/"},{"@type":"ListItem","position":2,"name":"Comunicado para todos que usam seu CPF ao comprar em supermercados em 2025"}]},{"@type":"WebSite","@id":"https:\/\/www.em.com.br\/emfoco\/#website","url":"https:\/\/www.em.com.br\/emfoco\/","name":"Estado de Minas - Em foco","description":"Acompanhe as \u00faltimas not\u00edcias e fique bem informado sobre tudo o que acontece em Minas Gerais, Brasil e no mundo.","potentialAction":[{"@type":"SearchAction","target":{"@type":"EntryPoint","urlTemplate":"https:\/\/www.em.com.br\/emfoco\/?s={search_term_string}"},"query-input":{"@type":"PropertyValueSpecification","valueRequired":true,"valueName":"search_term_string"}}],"inLanguage":"pt-BR"},{"@type":"Person","@id":"https:\/\/www.em.com.br\/emfoco\/#\/schema\/person\/60eda09c1fedf0d6891f4cef4b60b8b8","name":"Andre\u0301 Rangel\u00a0","image":{"@type":"ImageObject","inLanguage":"pt-BR","@id":"https:\/\/www.em.com.br\/emfoco\/#\/schema\/person\/image\/","url":"https:\/\/secure.gravatar.com\/avatar\/6234dc814c77c8ef6d8bba622c787efc?s=96&d=mm&r=g","contentUrl":"https:\/\/secure.gravatar.com\/avatar\/6234dc814c77c8ef6d8bba622c787efc?s=96&d=mm&r=g","caption":"Andre\u0301 Rangel\u00a0"},"url":"https:\/\/www.em.com.br\/emfoco\/author\/luizmyth\/"}]}},"_links":{"self":[{"href":"https:\/\/www.em.com.br\/emfoco\/wp-json\/wp\/v2\/posts\/86112","targetHints":{"allow":["GET"]}}],"collection":[{"href":"https:\/\/www.em.com.br\/emfoco\/wp-json\/wp\/v2\/posts"}],"about":[{"href":"https:\/\/www.em.com.br\/emfoco\/wp-json\/wp\/v2\/types\/post"}],"author":[{"embeddable":true,"href":"https:\/\/www.em.com.br\/emfoco\/wp-json\/wp\/v2\/users\/11"}],"replies":[{"embeddable":true,"href":"https:\/\/www.em.com.br\/emfoco\/wp-json\/wp\/v2\/comments?post=86112"}],"version-history":[{"count":3,"href":"https:\/\/www.em.com.br\/emfoco\/wp-json\/wp\/v2\/posts\/86112\/revisions"}],"predecessor-version":[{"id":90704,"href":"https:\/\/www.em.com.br\/emfoco\/wp-json\/wp\/v2\/posts\/86112\/revisions\/90704"}],"wp:featuredmedia":[{"embeddable":true,"href":"https:\/\/www.em.com.br\/emfoco\/wp-json\/wp\/v2\/media\/43610"}],"wp:attachment":[{"href":"https:\/\/www.em.com.br\/emfoco\/wp-json\/wp\/v2\/media?parent=86112"}],"wp:term":[{"taxonomy":"category","embeddable":true,"href":"https:\/\/www.em.com.br\/emfoco\/wp-json\/wp\/v2\/categories?post=86112"},{"taxonomy":"post_tag","embeddable":true,"href":"https:\/\/www.em.com.br\/emfoco\/wp-json\/wp\/v2\/tags?post=86112"}],"curies":[{"name":"wp","href":"https:\/\/api.w.org\/{rel}","templated":true}]}}