{"id":86094,"date":"2025-08-05T11:10:00","date_gmt":"2025-08-05T14:10:00","guid":{"rendered":"https:\/\/www.em.com.br\/emfoco\/?p=86094"},"modified":"2025-08-05T10:08:32","modified_gmt":"2025-08-05T13:08:32","slug":"a-arte-de-nao-se-importar-veja-as-maneiras-simples-de-viver-uma-vida-feliz","status":"publish","type":"post","link":"https:\/\/www.em.com.br\/emfoco\/2025\/08\/05\/a-arte-de-nao-se-importar-veja-as-maneiras-simples-de-viver-uma-vida-feliz\/","title":{"rendered":"A arte de n\u00e3o se importar, veja as maneiras simples de viver uma vida feliz"},"content":{"rendered":"\n<p>O mundo \u00e9 obcecado por opini\u00f5es, valida\u00e7\u00e3o e a press\u00e3o constante para se importar com tudo. No entanto, a verdadeira <a href=\"https:\/\/www.em.com.br\/emfoco\/2025\/07\/20\/o-segredo-da-felicidade-que-ninguem-te-contou-e-a-ciencia-confirma\/\" target=\"_blank\" rel=\"noreferrer noopener\">felicidade <\/a>muitas vezes est\u00e1 em deixar ir. Descubra oito maneiras simples de abra\u00e7ar essa arte e desbloquear uma vida mais calma e alegre.<\/p>\n\n\n\n<p>O conceito do\u00a0<a href=\"https:\/\/olharbudista.com\/2021\/04\/10\/o-caminho-do-meio-implica-passividade-uma-vida-equilibrada-e-uma-pasmaceira\/\" target=\"_blank\" rel=\"noreferrer noopener\"><strong>Caminho do Meio<\/strong>\u00a0<\/a>no budismo oferece uma abordagem equilibrada para alcan\u00e7ar a paz interior e o desapego. Essa filosofia ensina a evitar os extremos e buscar um ponto de equil\u00edbrio, permitindo uma exist\u00eancia mais harm\u00f4nica.<\/p>\n\n\n\n<ul class=\"wp-block-list\">\n<li><strong>Deixe ir<\/strong> \u00e0 necessidade de ser querido para construir confian\u00e7a real.<\/li>\n\n\n\n<li>Abrace o poder de dizer&nbsp;<strong>&#8220;n\u00e3o&#8221;<\/strong>&nbsp;para proteger sua paz.<\/li>\n\n\n\n<li>Escolha&nbsp;<strong>progresso<\/strong>&nbsp;em vez de perfei\u00e7\u00e3o para uma felicidade mais enraizada.<\/li>\n<\/ul>\n\n\n\n<h2 class=\"wp-block-heading\">Como se desapegar do desejo de aprova\u00e7\u00e3o?<\/h2>\n\n\n\n<p>Mesmo as pessoas mais gentis n\u00e3o s\u00e3o queridas por todos, e est\u00e1 tudo bem. Ao atrelar nosso valor pr\u00f3prio \u00e0 percep\u00e7\u00e3o dos outros, entregamos nosso bem-estar.<\/p>\n\n\n\n<h2 class=\"wp-block-heading\">Por que a palavra &#8220;n\u00e3o&#8221; pode salvar sua paz?<\/h2>\n\n\n\n<p>Muitas pessoas vivem sobrecarregadas por medo de decepcionar os outros. Lembre-se, dizer &#8220;sim&#8221; para tarefas indesejadas \u00e9 dizer &#8220;n\u00e3o&#8221; para sua paz interior.<\/p>\n\n\n\n<h2 class=\"wp-block-heading\">Como parar de perseguir a perfei\u00e7\u00e3o?<\/h2>\n\n\n\n<p>A perfei\u00e7\u00e3o \u00e9 muitas vezes inimiga da paz. Perceba que a alegria est\u00e1 em aceitar as imperfei\u00e7\u00f5es da vida.<\/p>\n\n\n\n<figure class=\"wp-block-image\"><img decoding=\"async\" src=\"https:\/\/www.em.com.br\/emfoco\/wp-content\/uploads\/2025\/06\/pessoa-feliz_1750362859028-1024x576.jpg\" alt=\"\"\/><figcaption class=\"wp-element-caption\">Mulher feliz &#8211; Cr\u00e9ditos: depositphotos.com \/ AndrewLozovyi<\/figcaption><\/figure>\n\n\n\n<h2 class=\"wp-block-heading\">Como se desvincular do controle do ego?<\/h2>\n\n\n\n<p>O ego controla muitas das nossas ansiedades. No contexto budista, o ego \u00e9 visto como uma ilus\u00e3o de uma identidade separada, o que pode levar ao sofrimento. Aprender a viver com menos ego convida a uma exist\u00eancia mais calma. Descubra esses ensinamentos em meu livro, &#8220;<strong>Hidden Secrets of Buddhism<\/strong>&#8220;.<\/p>\n\n\n\n<h2 class=\"wp-block-heading\">O que realmente merece sua energia?<\/h2>\n\n\n\n<p>N\u00e3o se trata de indiferen\u00e7a, mas sim de discernimento. Direcione seus cuidados para sua sa\u00fade e valores, e n\u00e3o para distra\u00e7\u00f5es.<\/p>\n\n\n\n<h2 class=\"wp-block-heading\">Como deixar ir o que n\u00e3o pode controlar?<\/h2>\n\n\n\n<p>Grande parte do estresse vem de tentar controlar o incontrol\u00e1vel. A paz vem ao fazer o seu melhor e deixar os resultados seguirem seu curso.<\/p>\n\n\n\n<h2 class=\"wp-block-heading\">O que \u00e9 o desapego emocional e por que isso \u00e9 maturidade?<\/h2>\n\n\n\n<p>Ou\u00e7a sem reagir; observe as emo\u00e7\u00f5es dos outros sem as assumir como suas. A liberdade emocional significa responder com calma, sem se envolver em excesso.<\/p>\n\n\n\n<h2 class=\"wp-block-heading\">Como escolher a paz em cada momento?<\/h2>\n\n\n\n<p>Felicidade \u00e9 uma escolha. Priorize seu bem-estar em vez de se importar com preocupa\u00e7\u00f5es pequenas, transformando a paz em uma pr\u00e1tica di\u00e1ria.<\/p>\n\n\n\n<h2 class=\"wp-block-heading\">Como abra\u00e7ar a vida se importando menos?<\/h2>\n\n\n\n<ul class=\"wp-block-list\">\n<li>Escolher o que realmente importa reduz o peso do dia a dia.<\/li>\n\n\n\n<li>O desapego n\u00e3o significa afastamento, mas estar ancorado no que tem significado.<\/li>\n\n\n\n<li>Meu livro traz uma sabedoria transformadora para quem busca uma vida mais serena.<\/li>\n<\/ul>\n","protected":false},"excerpt":{"rendered":"<p>O mundo \u00e9 obcecado por opini\u00f5es, valida\u00e7\u00e3o e a press\u00e3o constante para se importar com tudo. No entanto, a verdadeira felicidade muitas vezes est\u00e1 em deixar ir. Descubra oito maneiras simples de abra\u00e7ar essa arte e desbloquear uma vida mais calma e alegre. O conceito do\u00a0Caminho do Meio\u00a0no budismo oferece uma abordagem equilibrada para alcan\u00e7ar [&hellip;]<\/p>\n","protected":false},"author":11,"featured_media":63095,"comment_status":"open","ping_status":"open","sticky":false,"template":"","format":"standard","meta":{"jnews-multi-image_gallery":[],"jnews_single_post":{"format":"standard"},"jnews_primary_category":[],"jnews_social_meta":[],"jnews_override_counter":[],"footnotes":""},"categories":[29,1],"tags":[13343,12184,10294,5058],"class_list":["post-86094","post","type-post","status-publish","format-standard","has-post-thumbnail","hentry","category-entretenimento","category-noticias","tag-aprender-a-dizer-nao","tag-desapego","tag-dizer-nao","tag-felicidade"],"yoast_head":"<!-- This site is optimized with the Yoast SEO plugin v23.8 - https:\/\/yoast.com\/wordpress\/plugins\/seo\/ -->\n<title>A arte de n\u00e3o se importar, veja as maneiras simples de viver uma vida feliz - Estado de Minas - Em foco<\/title>\n<meta name=\"description\" content=\"Aprender a dizer \u201cn\u00e3o\u201d e escolher o que importa pode transformar sua rotina. Saiba mais sobre o poder do desapego.\" \/>\n<meta name=\"robots\" content=\"index, follow, max-snippet:-1, max-image-preview:large, max-video-preview:-1\" \/>\n<link rel=\"canonical\" href=\"https:\/\/www.em.com.br\/emfoco\/2025\/08\/05\/a-arte-de-nao-se-importar-veja-as-maneiras-simples-de-viver-uma-vida-feliz\/\" \/>\n<meta property=\"og:locale\" content=\"pt_BR\" \/>\n<meta property=\"og:type\" content=\"article\" \/>\n<meta property=\"og:title\" content=\"A arte de n\u00e3o se importar, veja as maneiras simples de viver uma vida feliz - Estado de Minas - Em foco\" \/>\n<meta property=\"og:description\" content=\"Aprender a dizer \u201cn\u00e3o\u201d e escolher o que importa pode transformar sua rotina. Saiba mais sobre o poder do desapego.\" \/>\n<meta property=\"og:url\" content=\"https:\/\/www.em.com.br\/emfoco\/2025\/08\/05\/a-arte-de-nao-se-importar-veja-as-maneiras-simples-de-viver-uma-vida-feliz\/\" \/>\n<meta property=\"og:site_name\" content=\"Estado de Minas - Em foco\" \/>\n<meta property=\"article:published_time\" content=\"2025-08-05T14:10:00+00:00\" \/>\n<meta property=\"article:modified_time\" content=\"2025-08-05T13:08:32+00:00\" \/>\n<meta property=\"og:image\" content=\"https:\/\/www.em.com.br\/emfoco\/wp-content\/uploads\/2025\/06\/mulher-elegante-e-feliz_1750263226617.jpg\" \/>\n\t<meta property=\"og:image:width\" content=\"1279\" \/>\n\t<meta property=\"og:image:height\" content=\"720\" \/>\n\t<meta property=\"og:image:type\" content=\"image\/jpeg\" \/>\n<meta name=\"author\" content=\"Andre\u0301 Rangel\u00a0\" \/>\n<meta name=\"twitter:card\" content=\"summary_large_image\" \/>\n<meta name=\"twitter:label1\" content=\"Escrito por\" \/>\n\t<meta name=\"twitter:data1\" content=\"Andre\u0301 Rangel\u00a0\" \/>\n\t<meta name=\"twitter:label2\" content=\"Est. tempo de leitura\" \/>\n\t<meta name=\"twitter:data2\" content=\"3 minutos\" \/>\n<!-- \/ Yoast SEO plugin. -->","yoast_head_json":{"title":"A arte de n\u00e3o se importar, veja as maneiras simples de viver uma vida feliz - Estado de Minas - Em foco","description":"Aprender a dizer \u201cn\u00e3o\u201d e escolher o que importa pode transformar sua rotina. Saiba mais sobre o poder do desapego.","robots":{"index":"index","follow":"follow","max-snippet":"max-snippet:-1","max-image-preview":"max-image-preview:large","max-video-preview":"max-video-preview:-1"},"canonical":"https:\/\/www.em.com.br\/emfoco\/2025\/08\/05\/a-arte-de-nao-se-importar-veja-as-maneiras-simples-de-viver-uma-vida-feliz\/","og_locale":"pt_BR","og_type":"article","og_title":"A arte de n\u00e3o se importar, veja as maneiras simples de viver uma vida feliz - Estado de Minas - Em foco","og_description":"Aprender a dizer \u201cn\u00e3o\u201d e escolher o que importa pode transformar sua rotina. Saiba mais sobre o poder do desapego.","og_url":"https:\/\/www.em.com.br\/emfoco\/2025\/08\/05\/a-arte-de-nao-se-importar-veja-as-maneiras-simples-de-viver-uma-vida-feliz\/","og_site_name":"Estado de Minas - Em foco","article_published_time":"2025-08-05T14:10:00+00:00","article_modified_time":"2025-08-05T13:08:32+00:00","og_image":[{"width":1279,"height":720,"url":"https:\/\/www.em.com.br\/emfoco\/wp-content\/uploads\/2025\/06\/mulher-elegante-e-feliz_1750263226617.jpg","type":"image\/jpeg"}],"author":"Andre\u0301 Rangel\u00a0","twitter_card":"summary_large_image","twitter_misc":{"Escrito por":"Andre\u0301 Rangel\u00a0","Est. tempo de leitura":"3 minutos"},"schema":{"@context":"https:\/\/schema.org","@graph":[{"@type":"WebPage","@id":"https:\/\/www.em.com.br\/emfoco\/2025\/08\/05\/a-arte-de-nao-se-importar-veja-as-maneiras-simples-de-viver-uma-vida-feliz\/","url":"https:\/\/www.em.com.br\/emfoco\/2025\/08\/05\/a-arte-de-nao-se-importar-veja-as-maneiras-simples-de-viver-uma-vida-feliz\/","name":"A arte de n\u00e3o se importar, veja as maneiras simples de viver uma vida feliz - Estado de Minas - Em foco","isPartOf":{"@id":"https:\/\/www.em.com.br\/emfoco\/#website"},"primaryImageOfPage":{"@id":"https:\/\/www.em.com.br\/emfoco\/2025\/08\/05\/a-arte-de-nao-se-importar-veja-as-maneiras-simples-de-viver-uma-vida-feliz\/#primaryimage"},"image":{"@id":"https:\/\/www.em.com.br\/emfoco\/2025\/08\/05\/a-arte-de-nao-se-importar-veja-as-maneiras-simples-de-viver-uma-vida-feliz\/#primaryimage"},"thumbnailUrl":"https:\/\/www.em.com.br\/emfoco\/wp-content\/uploads\/2025\/06\/mulher-elegante-e-feliz_1750263226617.jpg","datePublished":"2025-08-05T14:10:00+00:00","dateModified":"2025-08-05T13:08:32+00:00","author":{"@id":"https:\/\/www.em.com.br\/emfoco\/#\/schema\/person\/60eda09c1fedf0d6891f4cef4b60b8b8"},"description":"Aprender a dizer \u201cn\u00e3o\u201d e escolher o que importa pode transformar sua rotina. Saiba mais sobre o poder do desapego.","breadcrumb":{"@id":"https:\/\/www.em.com.br\/emfoco\/2025\/08\/05\/a-arte-de-nao-se-importar-veja-as-maneiras-simples-de-viver-uma-vida-feliz\/#breadcrumb"},"inLanguage":"pt-BR","potentialAction":[{"@type":"ReadAction","target":["https:\/\/www.em.com.br\/emfoco\/2025\/08\/05\/a-arte-de-nao-se-importar-veja-as-maneiras-simples-de-viver-uma-vida-feliz\/"]}]},{"@type":"ImageObject","inLanguage":"pt-BR","@id":"https:\/\/www.em.com.br\/emfoco\/2025\/08\/05\/a-arte-de-nao-se-importar-veja-as-maneiras-simples-de-viver-uma-vida-feliz\/#primaryimage","url":"https:\/\/www.em.com.br\/emfoco\/wp-content\/uploads\/2025\/06\/mulher-elegante-e-feliz_1750263226617.jpg","contentUrl":"https:\/\/www.em.com.br\/emfoco\/wp-content\/uploads\/2025\/06\/mulher-elegante-e-feliz_1750263226617.jpg","width":1279,"height":720,"caption":"Mulher feliz - Cr\u00e9ditos: depositphotos.com \/ thelivephotos"},{"@type":"BreadcrumbList","@id":"https:\/\/www.em.com.br\/emfoco\/2025\/08\/05\/a-arte-de-nao-se-importar-veja-as-maneiras-simples-de-viver-uma-vida-feliz\/#breadcrumb","itemListElement":[{"@type":"ListItem","position":1,"name":"In\u00edcio","item":"https:\/\/www.em.com.br\/emfoco\/"},{"@type":"ListItem","position":2,"name":"A arte de n\u00e3o se importar, veja as maneiras simples de viver uma vida feliz"}]},{"@type":"WebSite","@id":"https:\/\/www.em.com.br\/emfoco\/#website","url":"https:\/\/www.em.com.br\/emfoco\/","name":"Estado de Minas - Em foco","description":"Acompanhe as \u00faltimas not\u00edcias e fique bem informado sobre tudo o que acontece em Minas Gerais, Brasil e no mundo.","potentialAction":[{"@type":"SearchAction","target":{"@type":"EntryPoint","urlTemplate":"https:\/\/www.em.com.br\/emfoco\/?s={search_term_string}"},"query-input":{"@type":"PropertyValueSpecification","valueRequired":true,"valueName":"search_term_string"}}],"inLanguage":"pt-BR"},{"@type":"Person","@id":"https:\/\/www.em.com.br\/emfoco\/#\/schema\/person\/60eda09c1fedf0d6891f4cef4b60b8b8","name":"Andre\u0301 Rangel\u00a0","image":{"@type":"ImageObject","inLanguage":"pt-BR","@id":"https:\/\/www.em.com.br\/emfoco\/#\/schema\/person\/image\/","url":"https:\/\/secure.gravatar.com\/avatar\/6234dc814c77c8ef6d8bba622c787efc?s=96&d=mm&r=g","contentUrl":"https:\/\/secure.gravatar.com\/avatar\/6234dc814c77c8ef6d8bba622c787efc?s=96&d=mm&r=g","caption":"Andre\u0301 Rangel\u00a0"},"url":"https:\/\/www.em.com.br\/emfoco\/author\/luizmyth\/"}]}},"_links":{"self":[{"href":"https:\/\/www.em.com.br\/emfoco\/wp-json\/wp\/v2\/posts\/86094","targetHints":{"allow":["GET"]}}],"collection":[{"href":"https:\/\/www.em.com.br\/emfoco\/wp-json\/wp\/v2\/posts"}],"about":[{"href":"https:\/\/www.em.com.br\/emfoco\/wp-json\/wp\/v2\/types\/post"}],"author":[{"embeddable":true,"href":"https:\/\/www.em.com.br\/emfoco\/wp-json\/wp\/v2\/users\/11"}],"replies":[{"embeddable":true,"href":"https:\/\/www.em.com.br\/emfoco\/wp-json\/wp\/v2\/comments?post=86094"}],"version-history":[{"count":5,"href":"https:\/\/www.em.com.br\/emfoco\/wp-json\/wp\/v2\/posts\/86094\/revisions"}],"predecessor-version":[{"id":86626,"href":"https:\/\/www.em.com.br\/emfoco\/wp-json\/wp\/v2\/posts\/86094\/revisions\/86626"}],"wp:featuredmedia":[{"embeddable":true,"href":"https:\/\/www.em.com.br\/emfoco\/wp-json\/wp\/v2\/media\/63095"}],"wp:attachment":[{"href":"https:\/\/www.em.com.br\/emfoco\/wp-json\/wp\/v2\/media?parent=86094"}],"wp:term":[{"taxonomy":"category","embeddable":true,"href":"https:\/\/www.em.com.br\/emfoco\/wp-json\/wp\/v2\/categories?post=86094"},{"taxonomy":"post_tag","embeddable":true,"href":"https:\/\/www.em.com.br\/emfoco\/wp-json\/wp\/v2\/tags?post=86094"}],"curies":[{"name":"wp","href":"https:\/\/api.w.org\/{rel}","templated":true}]}}