{"id":85890,"date":"2025-08-04T21:50:00","date_gmt":"2025-08-05T00:50:00","guid":{"rendered":"https:\/\/www.em.com.br\/emfoco\/?p=85890"},"modified":"2025-08-04T01:40:41","modified_gmt":"2025-08-04T04:40:41","slug":"isabella-lacerda-nutricionista-voce-nao-precisa-de-proteina-em-todas-as-refeicoes","status":"publish","type":"post","link":"https:\/\/www.em.com.br\/emfoco\/2025\/08\/04\/isabella-lacerda-nutricionista-voce-nao-precisa-de-proteina-em-todas-as-refeicoes\/","title":{"rendered":"Isabella Lacerda, Nutricionista: \u201cVoc\u00ea n\u00e3o precisa de prote\u00edna em todas as refei\u00e7\u00f5es\u201d"},"content":{"rendered":"\n<p><strong>consumo de prote\u00edna em cada refei\u00e7\u00e3o<\/strong> \u00e9 um tema muito debatido. A nutricionista Isabella Lacerda esclarece que todos precisamos de prote\u00edna \u2014 essencial para manuten\u00e7\u00e3o de tecidos, produ\u00e7\u00e3o de horm\u00f4nios e sa\u00fade geral \u2014 mas a quantidade ideal varia muito conforme seu peso, rotina e objetivos. N\u00e3o \u00e9 necess\u00e1rio exagerar em todas as refei\u00e7\u00f5es, mas sim adequar a ingest\u00e3o ao que faz sentido para voc\u00ea.<\/p>\n\n\n\n<p>Ela refor\u00e7a que a dieta deve ser individualizada. Exemplos gerais ajudam a entender as necessidades comuns, mas cada pessoa deve consultar um nutricionista para adequar a quantidade conforme seu perfil.<\/p>\n\n\n\n<h2 class=\"wp-block-heading\">Quantas gramas de prote\u00edna di\u00e1rio s\u00e3o recomendadas para quem n\u00e3o treina?<\/h2>\n\n\n\n<p>Uma pessoa com alimenta\u00e7\u00e3o equilibrada e sem pr\u00e1tica regular de exerc\u00edcios precisa de cerca de 1g de prote\u00edna por quilo de peso corporal por dia. Por exemplo, se pesa 60\u202fkg, consumir 60g di\u00e1rias, distribu\u00eddas ao longo das refei\u00e7\u00f5es, j\u00e1 atende \u00e0s necessidades b\u00e1sicas de sa\u00fade sem exagero.<\/p>\n\n\n\n<h2 class=\"wp-block-heading\">Como ajustar a prote\u00edna para quem busca ganho de massa muscular?<\/h2>\n\n\n\n<p>Quem busca hipertrofia precisa de mais prote\u00edna \u2014 entre 1,5g a 2g por quilo de peso. Essa ingest\u00e3o favorece a repara\u00e7\u00e3o e crescimento muscular ap\u00f3s os est\u00edmulos do treino. \u00c9 importante lembrar que atletas e fisiculturistas podem consumir ainda mais, segundo orienta\u00e7\u00e3o profissional, mas Guias gerais indicam essa faixa para pessoas comuns com esse objetivo.<\/p>\n\n\n\n<h2 class=\"wp-block-heading\">E no emagrecimento, qual a quantidade ideal de prote\u00edna?<\/h2>\n\n\n\n<p>Durante o emagrecimento, o corpo est\u00e1 em d\u00e9ficit cal\u00f3rico e tende a perder m\u00fasculo. Para prevenir isso, \u00e9 recomendado consumir de 1,2g a 1,7g de prote\u00edna por quilo de peso. Essa faixa ajuda a manter a massa magra e ainda promove saciedade por mais tempo, \u00fatil para controle do apetite.<\/p>\n\n\n<div class=\"wp-block-image\">\n<figure class=\"aligncenter size-large\"><img loading=\"lazy\" decoding=\"async\" width=\"1024\" height=\"576\" src=\"https:\/\/www.em.com.br\/emfoco\/wp-content\/uploads\/2025\/08\/proteina_1754281523737-1024x576.jpg\" alt=\"\" class=\"wp-image-85934\" srcset=\"https:\/\/www.em.com.br\/emfoco\/wp-content\/uploads\/2025\/08\/proteina_1754281523737-1024x576.jpg 1024w, https:\/\/www.em.com.br\/emfoco\/wp-content\/uploads\/2025\/08\/proteina_1754281523737-300x169.jpg 300w, https:\/\/www.em.com.br\/emfoco\/wp-content\/uploads\/2025\/08\/proteina_1754281523737-768x432.jpg 768w, https:\/\/www.em.com.br\/emfoco\/wp-content\/uploads\/2025\/08\/proteina_1754281523737-750x422.jpg 750w, https:\/\/www.em.com.br\/emfoco\/wp-content\/uploads\/2025\/08\/proteina_1754281523737-1140x641.jpg 1140w, https:\/\/www.em.com.br\/emfoco\/wp-content\/uploads\/2025\/08\/proteina_1754281523737.jpg 1280w\" sizes=\"auto, (max-width: 1024px) 100vw, 1024px\" \/><figcaption class=\"wp-element-caption\">Alimentos e suprimentos fitness &#8211; Cr\u00e9ditos: depositphotos.com \/ KostyaKlimenko<\/figcaption><\/figure><\/div>\n\n\n<h2 class=\"wp-block-heading\">D\u00e1 para bater a meta proteica s\u00f3 com os alimentos?<\/h2>\n\n\n\n<p>Sim. Uma rotina equilibrada com ovos no caf\u00e9 da manh\u00e3, frango ou leguminosas no almo\u00e7o e jantar pode oferecer prote\u00edna suficiente para a maioria das pessoas. Veganos e vegetarianos tamb\u00e9m conseguem atender \u00e0s necessidades com fontes vegetais como feij\u00e3o, lentilha, tofu e gr\u00e3os integrais. Suplementos s\u00f3 s\u00e3o \u00fateis quando a alimenta\u00e7\u00e3o n\u00e3o d\u00e1 conta.<\/p>\n\n\n\n<h2 class=\"wp-block-heading\">Quando os suplementos proteicos fazem sentido?<\/h2>\n\n\n\n<p>Suplementos como whey protein s\u00e3o \u00fateis em situa\u00e7\u00f5es de rotina corrida ou dificuldade de atingir a meta com refei\u00e7\u00f5es. Eles ajudam nos dias agitados, evitando deficit. J\u00e1 produtos como \u00e1gua ou cerveja \u201cproteica\u201d, barras ou cereais vendidos como &#8220;ricos em prote\u00edna&#8221;, muitas vezes s\u00e3o desnecess\u00e1rios se a alimenta\u00e7\u00e3o b\u00e1sica j\u00e1 est\u00e1 adequada.<\/p>\n\n\n\n<h2 class=\"wp-block-heading\">Fontes oficiais consultadas<\/h2>\n\n\n\n<ul class=\"wp-block-list\">\n<li>Minist\u00e9rio da Sa\u00fade (Brasil): <a href=\"http:\/\/www.gov.br\/saude\" target=\"_blank\" rel=\"noreferrer noopener\">www.gov.br\/saude<\/a><\/li>\n\n\n\n<li>Sociedade Brasileira de Nutri\u00e7\u00e3o (SBAN): <a href=\"http:\/\/www.sban.org.br\" target=\"_blank\" rel=\"noreferrer noopener\">www.sban.org.br<\/a><\/li>\n\n\n\n<li>Organiza\u00e7\u00e3o Mundial da Sa\u00fade (OMS): <a href=\"http:\/\/www.who.int\" target=\"_blank\" rel=\"noreferrer noopener\">www.who.int<\/a><\/li>\n<\/ul>\n","protected":false},"excerpt":{"rendered":"<p>consumo de prote\u00edna em cada refei\u00e7\u00e3o \u00e9 um tema muito debatido. A nutricionista Isabella Lacerda esclarece que todos precisamos de prote\u00edna \u2014 essencial para manuten\u00e7\u00e3o de tecidos, produ\u00e7\u00e3o de horm\u00f4nios e sa\u00fade geral \u2014 mas a quantidade ideal varia muito conforme seu peso, rotina e objetivos. N\u00e3o \u00e9 necess\u00e1rio exagerar em todas as refei\u00e7\u00f5es, mas [&hellip;]<\/p>\n","protected":false},"author":17,"featured_media":85953,"comment_status":"open","ping_status":"open","sticky":false,"template":"","format":"standard","meta":{"jnews-multi-image_gallery":[],"jnews_single_post":{"format":"standard"},"jnews_primary_category":[],"jnews_social_meta":[],"jnews_override_counter":[],"footnotes":""},"categories":[9053],"tags":[3509,3113,327,415],"class_list":["post-85890","post","type-post","status-publish","format-standard","has-post-thumbnail","hentry","category-saude","tag-nutricao","tag-proteina","tag-qualidade-de-vida","tag-saude"],"yoast_head":"<!-- This site is optimized with the Yoast SEO plugin v23.8 - https:\/\/yoast.com\/wordpress\/plugins\/seo\/ -->\n<title>Isabella Lacerda, Nutricionista: \u201cVoc\u00ea n\u00e3o precisa de prote\u00edna em todas as refei\u00e7\u00f5es\u201d - Estado de Minas - Em foco<\/title>\n<meta name=\"description\" content=\"Voc\u00ea precisa consumir prote\u00edna em todas as refei\u00e7\u00f5es? Nutricionista Isabella Lacerda explica como calcular sua necessidade di\u00e1ria.\" \/>\n<meta name=\"robots\" content=\"index, follow, max-snippet:-1, max-image-preview:large, max-video-preview:-1\" \/>\n<link rel=\"canonical\" href=\"https:\/\/www.em.com.br\/emfoco\/2025\/08\/04\/isabella-lacerda-nutricionista-voce-nao-precisa-de-proteina-em-todas-as-refeicoes\/\" \/>\n<meta property=\"og:locale\" content=\"pt_BR\" \/>\n<meta property=\"og:type\" content=\"article\" \/>\n<meta property=\"og:title\" content=\"Isabella Lacerda, Nutricionista: \u201cVoc\u00ea n\u00e3o precisa de prote\u00edna em todas as refei\u00e7\u00f5es\u201d - Estado de Minas - Em foco\" \/>\n<meta property=\"og:description\" content=\"Voc\u00ea precisa consumir prote\u00edna em todas as refei\u00e7\u00f5es? Nutricionista Isabella Lacerda explica como calcular sua necessidade di\u00e1ria.\" \/>\n<meta property=\"og:url\" content=\"https:\/\/www.em.com.br\/emfoco\/2025\/08\/04\/isabella-lacerda-nutricionista-voce-nao-precisa-de-proteina-em-todas-as-refeicoes\/\" \/>\n<meta property=\"og:site_name\" content=\"Estado de Minas - Em foco\" \/>\n<meta property=\"article:published_time\" content=\"2025-08-05T00:50:00+00:00\" \/>\n<meta property=\"article:modified_time\" content=\"2025-08-04T04:40:41+00:00\" \/>\n<meta property=\"og:image\" content=\"https:\/\/www.em.com.br\/emfoco\/wp-content\/uploads\/2025\/08\/mosaico_1754282299120.jpg\" \/>\n\t<meta property=\"og:image:width\" content=\"1280\" \/>\n\t<meta property=\"og:image:height\" content=\"720\" \/>\n\t<meta property=\"og:image:type\" content=\"image\/jpeg\" \/>\n<meta name=\"author\" content=\"Lucas Sampaio\" \/>\n<meta name=\"twitter:card\" content=\"summary_large_image\" \/>\n<meta name=\"twitter:label1\" content=\"Escrito por\" \/>\n\t<meta name=\"twitter:data1\" content=\"Lucas Sampaio\" \/>\n\t<meta name=\"twitter:label2\" content=\"Est. tempo de leitura\" \/>\n\t<meta name=\"twitter:data2\" content=\"3 minutos\" \/>\n<!-- \/ Yoast SEO plugin. -->","yoast_head_json":{"title":"Isabella Lacerda, Nutricionista: \u201cVoc\u00ea n\u00e3o precisa de prote\u00edna em todas as refei\u00e7\u00f5es\u201d - Estado de Minas - Em foco","description":"Voc\u00ea precisa consumir prote\u00edna em todas as refei\u00e7\u00f5es? Nutricionista Isabella Lacerda explica como calcular sua necessidade di\u00e1ria.","robots":{"index":"index","follow":"follow","max-snippet":"max-snippet:-1","max-image-preview":"max-image-preview:large","max-video-preview":"max-video-preview:-1"},"canonical":"https:\/\/www.em.com.br\/emfoco\/2025\/08\/04\/isabella-lacerda-nutricionista-voce-nao-precisa-de-proteina-em-todas-as-refeicoes\/","og_locale":"pt_BR","og_type":"article","og_title":"Isabella Lacerda, Nutricionista: \u201cVoc\u00ea n\u00e3o precisa de prote\u00edna em todas as refei\u00e7\u00f5es\u201d - Estado de Minas - Em foco","og_description":"Voc\u00ea precisa consumir prote\u00edna em todas as refei\u00e7\u00f5es? Nutricionista Isabella Lacerda explica como calcular sua necessidade di\u00e1ria.","og_url":"https:\/\/www.em.com.br\/emfoco\/2025\/08\/04\/isabella-lacerda-nutricionista-voce-nao-precisa-de-proteina-em-todas-as-refeicoes\/","og_site_name":"Estado de Minas - Em foco","article_published_time":"2025-08-05T00:50:00+00:00","article_modified_time":"2025-08-04T04:40:41+00:00","og_image":[{"width":1280,"height":720,"url":"https:\/\/www.em.com.br\/emfoco\/wp-content\/uploads\/2025\/08\/mosaico_1754282299120.jpg","type":"image\/jpeg"}],"author":"Lucas Sampaio","twitter_card":"summary_large_image","twitter_misc":{"Escrito por":"Lucas Sampaio","Est. tempo de leitura":"3 minutos"},"schema":{"@context":"https:\/\/schema.org","@graph":[{"@type":"WebPage","@id":"https:\/\/www.em.com.br\/emfoco\/2025\/08\/04\/isabella-lacerda-nutricionista-voce-nao-precisa-de-proteina-em-todas-as-refeicoes\/","url":"https:\/\/www.em.com.br\/emfoco\/2025\/08\/04\/isabella-lacerda-nutricionista-voce-nao-precisa-de-proteina-em-todas-as-refeicoes\/","name":"Isabella Lacerda, Nutricionista: \u201cVoc\u00ea n\u00e3o precisa de prote\u00edna em todas as refei\u00e7\u00f5es\u201d - Estado de Minas - Em foco","isPartOf":{"@id":"https:\/\/www.em.com.br\/emfoco\/#website"},"primaryImageOfPage":{"@id":"https:\/\/www.em.com.br\/emfoco\/2025\/08\/04\/isabella-lacerda-nutricionista-voce-nao-precisa-de-proteina-em-todas-as-refeicoes\/#primaryimage"},"image":{"@id":"https:\/\/www.em.com.br\/emfoco\/2025\/08\/04\/isabella-lacerda-nutricionista-voce-nao-precisa-de-proteina-em-todas-as-refeicoes\/#primaryimage"},"thumbnailUrl":"https:\/\/www.em.com.br\/emfoco\/wp-content\/uploads\/2025\/08\/mosaico_1754282299120.jpg","datePublished":"2025-08-05T00:50:00+00:00","dateModified":"2025-08-04T04:40:41+00:00","author":{"@id":"https:\/\/www.em.com.br\/emfoco\/#\/schema\/person\/9ad4c536bd87f5bb8006420332b99aef"},"description":"Voc\u00ea precisa consumir prote\u00edna em todas as refei\u00e7\u00f5es? Nutricionista Isabella Lacerda explica como calcular sua necessidade di\u00e1ria.","breadcrumb":{"@id":"https:\/\/www.em.com.br\/emfoco\/2025\/08\/04\/isabella-lacerda-nutricionista-voce-nao-precisa-de-proteina-em-todas-as-refeicoes\/#breadcrumb"},"inLanguage":"pt-BR","potentialAction":[{"@type":"ReadAction","target":["https:\/\/www.em.com.br\/emfoco\/2025\/08\/04\/isabella-lacerda-nutricionista-voce-nao-precisa-de-proteina-em-todas-as-refeicoes\/"]}]},{"@type":"ImageObject","inLanguage":"pt-BR","@id":"https:\/\/www.em.com.br\/emfoco\/2025\/08\/04\/isabella-lacerda-nutricionista-voce-nao-precisa-de-proteina-em-todas-as-refeicoes\/#primaryimage","url":"https:\/\/www.em.com.br\/emfoco\/wp-content\/uploads\/2025\/08\/mosaico_1754282299120.jpg","contentUrl":"https:\/\/www.em.com.br\/emfoco\/wp-content\/uploads\/2025\/08\/mosaico_1754282299120.jpg","width":1280,"height":720,"caption":"Reprodu\u00e7\u00e3o (TikTok: @isabellalacerda_nutri)"},{"@type":"BreadcrumbList","@id":"https:\/\/www.em.com.br\/emfoco\/2025\/08\/04\/isabella-lacerda-nutricionista-voce-nao-precisa-de-proteina-em-todas-as-refeicoes\/#breadcrumb","itemListElement":[{"@type":"ListItem","position":1,"name":"In\u00edcio","item":"https:\/\/www.em.com.br\/emfoco\/"},{"@type":"ListItem","position":2,"name":"Isabella Lacerda, Nutricionista: \u201cVoc\u00ea n\u00e3o precisa de prote\u00edna em todas as refei\u00e7\u00f5es\u201d"}]},{"@type":"WebSite","@id":"https:\/\/www.em.com.br\/emfoco\/#website","url":"https:\/\/www.em.com.br\/emfoco\/","name":"Estado de Minas - Em foco","description":"Acompanhe as \u00faltimas not\u00edcias e fique bem informado sobre tudo o que acontece em Minas Gerais, Brasil e no mundo.","potentialAction":[{"@type":"SearchAction","target":{"@type":"EntryPoint","urlTemplate":"https:\/\/www.em.com.br\/emfoco\/?s={search_term_string}"},"query-input":{"@type":"PropertyValueSpecification","valueRequired":true,"valueName":"search_term_string"}}],"inLanguage":"pt-BR"},{"@type":"Person","@id":"https:\/\/www.em.com.br\/emfoco\/#\/schema\/person\/9ad4c536bd87f5bb8006420332b99aef","name":"Lucas Sampaio","image":{"@type":"ImageObject","inLanguage":"pt-BR","@id":"https:\/\/www.em.com.br\/emfoco\/#\/schema\/person\/image\/","url":"https:\/\/secure.gravatar.com\/avatar\/2696b9676ad143cd7135b717faf6f79f?s=96&d=mm&r=g","contentUrl":"https:\/\/secure.gravatar.com\/avatar\/2696b9676ad143cd7135b717faf6f79f?s=96&d=mm&r=g","caption":"Lucas Sampaio"},"sameAs":["https:\/\/www.em.com.br\/emfoco\/"],"url":"https:\/\/www.em.com.br\/emfoco\/author\/lucasmyth\/"}]}},"_links":{"self":[{"href":"https:\/\/www.em.com.br\/emfoco\/wp-json\/wp\/v2\/posts\/85890","targetHints":{"allow":["GET"]}}],"collection":[{"href":"https:\/\/www.em.com.br\/emfoco\/wp-json\/wp\/v2\/posts"}],"about":[{"href":"https:\/\/www.em.com.br\/emfoco\/wp-json\/wp\/v2\/types\/post"}],"author":[{"embeddable":true,"href":"https:\/\/www.em.com.br\/emfoco\/wp-json\/wp\/v2\/users\/17"}],"replies":[{"embeddable":true,"href":"https:\/\/www.em.com.br\/emfoco\/wp-json\/wp\/v2\/comments?post=85890"}],"version-history":[{"count":5,"href":"https:\/\/www.em.com.br\/emfoco\/wp-json\/wp\/v2\/posts\/85890\/revisions"}],"predecessor-version":[{"id":85943,"href":"https:\/\/www.em.com.br\/emfoco\/wp-json\/wp\/v2\/posts\/85890\/revisions\/85943"}],"wp:featuredmedia":[{"embeddable":true,"href":"https:\/\/www.em.com.br\/emfoco\/wp-json\/wp\/v2\/media\/85953"}],"wp:attachment":[{"href":"https:\/\/www.em.com.br\/emfoco\/wp-json\/wp\/v2\/media?parent=85890"}],"wp:term":[{"taxonomy":"category","embeddable":true,"href":"https:\/\/www.em.com.br\/emfoco\/wp-json\/wp\/v2\/categories?post=85890"},{"taxonomy":"post_tag","embeddable":true,"href":"https:\/\/www.em.com.br\/emfoco\/wp-json\/wp\/v2\/tags?post=85890"}],"curies":[{"name":"wp","href":"https:\/\/api.w.org\/{rel}","templated":true}]}}