{"id":85830,"date":"2025-08-03T20:38:00","date_gmt":"2025-08-03T23:38:00","guid":{"rendered":"https:\/\/www.em.com.br\/emfoco\/?p=85830"},"modified":"2025-08-02T22:33:10","modified_gmt":"2025-08-03T01:33:10","slug":"como-se-conectar-aos-maiores-programas-sociais-do-pais","status":"publish","type":"post","link":"https:\/\/www.em.com.br\/emfoco\/2025\/08\/03\/como-se-conectar-aos-maiores-programas-sociais-do-pais\/","title":{"rendered":"Como se conectar aos maiores programas sociais do pa\u00eds"},"content":{"rendered":"\n<p>O <strong>Cadastro \u00danico para Programas Sociais do Governo Federal<\/strong>, frequentemente denominado <strong><a href=\"https:\/\/www.em.com.br\/emfoco\/2025\/07\/25\/cadunico-e-a-chave-para-acessar-programas-que-ajudam-no-aluguel-luz-e-alimentacao\/\" target=\"_blank\" rel=\"noreferrer noopener\">Cad\u00danico<\/a><\/strong>, desempenha um papel crucial na inclus\u00e3o de fam\u00edlias de baixa renda em pol\u00edticas p\u00fablicas no <strong>Brasil<\/strong>. Esta ferramenta \u00e9 essencial para a identifica\u00e7\u00e3o dessas fam\u00edlias, contribuindo significativamente para a gest\u00e3o de benef\u00edcios sociais. <\/p>\n\n\n\n<p>A cria\u00e7\u00e3o do <strong>Cad\u00danico <\/strong>data de 2001, consolidando-se a partir de 2003 para se tornar a principal porta de entrada para 19 programas sociais. \u00c9 crucial que as fam\u00edlias mantenham seus dados atualizados para continuarem a receber os benef\u00edcios. Esta atualiza\u00e7\u00e3o n\u00e3o \u00e9 apenas inevit\u00e1vel, mas uma exig\u00eancia para garantir que as pol\u00edticas p\u00fablicas enderecem corretamente as necessidades das popula\u00e7\u00f5es mais vulner\u00e1veis.<\/p>\n\n\n\n<h2 class=\"wp-block-heading\">Como o Cad\u00danico opera?<\/h2>\n\n\n<div class=\"wp-block-image\">\n<figure class=\"aligncenter size-large\"><img loading=\"lazy\" decoding=\"async\" width=\"1024\" height=\"576\" src=\"https:\/\/www.em.com.br\/emfoco\/wp-content\/uploads\/2025\/06\/aposentado-dinheiro-reais_1743473149469-1024x576.jpg\" alt=\"Caixa libera lucro do FGTS antes do previsto!\" class=\"wp-image-54989\" srcset=\"https:\/\/www.em.com.br\/emfoco\/wp-content\/uploads\/2025\/06\/aposentado-dinheiro-reais_1743473149469-1024x576.jpg 1024w, https:\/\/www.em.com.br\/emfoco\/wp-content\/uploads\/2025\/06\/aposentado-dinheiro-reais_1743473149469-300x169.jpg 300w, https:\/\/www.em.com.br\/emfoco\/wp-content\/uploads\/2025\/06\/aposentado-dinheiro-reais_1743473149469-768x432.jpg 768w, https:\/\/www.em.com.br\/emfoco\/wp-content\/uploads\/2025\/06\/aposentado-dinheiro-reais_1743473149469-750x422.jpg 750w, https:\/\/www.em.com.br\/emfoco\/wp-content\/uploads\/2025\/06\/aposentado-dinheiro-reais_1743473149469-1140x641.jpg 1140w, https:\/\/www.em.com.br\/emfoco\/wp-content\/uploads\/2025\/06\/aposentado-dinheiro-reais_1743473149469.jpg 1280w\" sizes=\"auto, (max-width: 1024px) 100vw, 1024px\" \/><figcaption class=\"wp-element-caption\">Notas de cem Reais &#8211; Cr\u00e9ditos: depositphotos.com \/ verganifotografia<\/figcaption><\/figure><\/div>\n\n\n<p>O processo para se inscrever no <strong>Cad\u00danico<\/strong> \u00e9 delineado de forma simples e inclusiva. A pessoa respons\u00e1vel pela unidade familiar deve procurar um <strong>Centro de Refer\u00eancia de Assist\u00eancia Social<\/strong> (CRAS) ou outro posto de atendimento municipal, levando todos os documentos de identifica\u00e7\u00e3o dos membros da fam\u00edlia. Preferencialmente, deve ser uma mulher acima de 16 anos realizando o cadastro. Os dados coletados s\u00e3o essenciais para o poder p\u00fablico mapear as vulnerabilidades sociais e elaborar pol\u00edticas ajustadas \u00e0 diversidade do territ\u00f3rio brasileiro.<\/p>\n\n\n\n<h2 class=\"wp-block-heading\">Quem pode se inscrever no Cad\u00danico?<\/h2>\n\n\n\n<p>O <strong>Cad\u00danico <\/strong>\u00e9 destinado a fam\u00edlias cuja renda mensal per capita seja de at\u00e9 meio sal\u00e1rio m\u00ednimo ou cuja renda total n\u00e3o ultrapasse tr\u00eas sal\u00e1rios m\u00ednimos. Abrange tamb\u00e9m comunidades tradicionais, ind\u00edgenas, quilombolas e pessoas em situa\u00e7\u00e3o de rua, garantindo acesso aos direitos sociais b\u00e1sicos. Para inscri\u00e7\u00e3o, \u00e9 fundamental apresentar <strong>CPF <\/strong>ou <strong>T\u00edtulo de Eleitor <\/strong>do respons\u00e1vel e documenta\u00e7\u00e3o dos demais membros.<\/p>\n\n\n\n<p>Recentemente, houve uma amplia\u00e7\u00e3o das campanhas de divulga\u00e7\u00e3o do <strong><a href=\"https:\/\/www.gov.br\/pt-br\/servicos\/consultar-dados-do-cadastro-unico-cadunico\" target=\"_blank\" rel=\"noreferrer noopener\">Cad\u00danico <\/a><\/strong>junto a popula\u00e7\u00f5es mais isoladas e vulner\u00e1veis, fortalecendo a inclus\u00e3o desses grupos. Tais medidas contribuem para que o sistema se mantenha atualizado e abranja toda a diversidade da popula\u00e7\u00e3o brasileira, ampliando o alcance dos programas sociais.<\/p>\n\n\n\n<h2 class=\"wp-block-heading\">Quais s\u00e3o os principais benef\u00edcios oferecidos?<\/h2>\n\n\n\n<p>Dentre os benef\u00edcios proporcionados pelo <strong>Cad\u00danico<\/strong>, destaca-se o <strong>Bolsa Fam\u00edlia<\/strong>, programa que assegura recursos para alimenta\u00e7\u00e3o, sa\u00fade e educa\u00e7\u00e3o. Adicionalmente, a <strong>Tarifa Social de Energia El\u00e9trica<\/strong> representa um al\u00edvio significativo para o or\u00e7amento familiar, com isen\u00e7\u00f5es ou descontos de acordo com o consumo, facilitando o acesso \u00e0 energia el\u00e9trica.<\/p>\n\n\n\n<p>O <strong>Minha Casa Minha Vida<\/strong> \u00e9 outro destaque, possibilitando a realiza\u00e7\u00e3o do sonho da casa pr\u00f3pria para milhares de fam\u00edlias cadastradas. Outros benef\u00edcios importantes s\u00e3o o <strong>Benef\u00edcio de Presta\u00e7\u00e3o Continuada<\/strong> (BPC) e o acesso a programas de inclus\u00e3o produtiva e de apoio \u00e0 juventude, funcionando como mecanismos de redu\u00e7\u00e3o das desigualdades e promo\u00e7\u00e3o da cidadania.<\/p>\n\n\n\n<h2 class=\"wp-block-heading\">Quais desafios enfrenta o Cad\u00danico na atualiza\u00e7\u00e3o de dados?<\/h2>\n\n\n\n<p>Um dos maiores desafios do <strong>Cad\u00danico <\/strong>\u00e9 garantir a atualiza\u00e7\u00e3o cadastros, principalmente em situa\u00e7\u00f5es de mudan\u00e7as de endere\u00e7o, composi\u00e7\u00e3o familiar ou altera\u00e7\u00e3o de renda. Essa atualiza\u00e7\u00e3o, obrigat\u00f3ria a cada dois anos, \u00e9 imprescind\u00edvel para evitar a suspens\u00e3o de benef\u00edcios, o que pode levar a dificuldades para as fam\u00edlias dependentes desses aux\u00edlios.<\/p>\n\n\n\n<p>Em 2023, inconsist\u00eancias e dados desatualizados levaram ao bloqueio tempor\u00e1rio de mais de um milh\u00e3o de cadastros. Para mitigar esse tipo de problema, o governo tem realizado campanhas de conscientiza\u00e7\u00e3o, refor\u00e7ando a import\u00e2ncia de que cada fam\u00edlia mantenha suas informa\u00e7\u00f5es sempre corretas junto ao sistema.<\/p>\n\n\n\n<h2 class=\"wp-block-heading\">Como o Cad\u00danico aborda a diversidade de grupos populacionais?<\/h2>\n\n\n\n<p>O <strong>Cad\u00danico <\/strong>conta com protocolos especiais para a inclus\u00e3o de popula\u00e7\u00f5es ind\u00edgenas, quilombolas e povos tradicionais. A flexibiliza\u00e7\u00e3o de exig\u00eancias documentais e o uso do <strong>Registro Administrativo de Nascimento Ind\u00edgena<\/strong> (RANI) s\u00e3o exemplos de medidas que facilitam o acesso dessas comunidades ao sistema e, consequentemente, aos benef\u00edcios sociais.<\/p>\n\n\n\n<p>Al\u00e9m disso, pol\u00edticas espec\u00edficas como o Bolsa Verde e programas de fomento \u00e0 reforma agr\u00e1ria visam promover a justi\u00e7a social nesses grupos. Tais estrat\u00e9gias s\u00e3o fundamentais para corrigir distor\u00e7\u00f5es hist\u00f3ricas, levando cidadania, prote\u00e7\u00e3o ambiental e desenvolvimento sustent\u00e1vel a parcelas da popula\u00e7\u00e3o antes marginalizadas.<\/p>\n\n\n\n<h2 class=\"wp-block-heading\">Impacto social e perspectivas futuras<\/h2>\n\n\n\n<p>A cada ano, o <strong>Cad\u00danico <\/strong>torna-se ainda mais relevante na luta pela redu\u00e7\u00e3o da pobreza e pelo combate \u00e0s desigualdades no <strong>Brasil<\/strong>. O sistema permite direcionar os recursos p\u00fablicos onde eles s\u00e3o mais necess\u00e1rios, impulsionando o desenvolvimento humano e promovendo o acesso a direitos b\u00e1sicos.<\/p>\n\n\n\n<p>Para o futuro, o desafio permanece em investir em tecnologia e descentralizar os atendimentos, tornando o cadastro acess\u00edvel inclusive via aplicativos e plataformas digitais. Com pol\u00edticas integradas e cadastros atualizados, o <strong>Cad\u00danico <\/strong>continuar\u00e1 sendo pe\u00e7a fundamental na garantia de um <strong>Brasil <\/strong>mais justo, equitativo e inclusivo para todos.<\/p>\n","protected":false},"excerpt":{"rendered":"<p>O Cadastro \u00danico para Programas Sociais do Governo Federal, frequentemente denominado Cad\u00danico, desempenha um papel crucial na inclus\u00e3o de fam\u00edlias de baixa renda em pol\u00edticas p\u00fablicas no Brasil. Esta ferramenta \u00e9 essencial para a identifica\u00e7\u00e3o dessas fam\u00edlias, contribuindo significativamente para a gest\u00e3o de benef\u00edcios sociais. A cria\u00e7\u00e3o do Cad\u00danico data de 2001, consolidando-se a partir [&hellip;]<\/p>\n","protected":false},"author":20,"featured_media":85843,"comment_status":"open","ping_status":"open","sticky":false,"template":"","format":"standard","meta":{"jnews-multi-image_gallery":[],"jnews_single_post":{"format":"standard"},"jnews_primary_category":[],"jnews_social_meta":[],"jnews_override_counter":[],"footnotes":""},"categories":[28,1],"tags":[256,12850,1114],"class_list":["post-85830","post","type-post","status-publish","format-standard","has-post-thumbnail","hentry","category-economia","category-noticias","tag-beneficios","tag-cadunico-2","tag-mds"],"yoast_head":"<!-- This site is optimized with the Yoast SEO plugin v23.8 - https:\/\/yoast.com\/wordpress\/plugins\/seo\/ -->\n<title>Como se conectar aos maiores programas sociais do pa\u00eds - Estado de Minas - Em foco<\/title>\n<meta name=\"description\" content=\"Quem tem Cad\u00danico ativo tem acesso a benef\u00edcios sociais essenciais. Atualize seus dados e descubra tudo o que pode conquistar.\" \/>\n<meta name=\"robots\" content=\"index, follow, max-snippet:-1, max-image-preview:large, max-video-preview:-1\" \/>\n<link rel=\"canonical\" href=\"https:\/\/www.em.com.br\/emfoco\/2025\/08\/03\/como-se-conectar-aos-maiores-programas-sociais-do-pais\/\" \/>\n<meta property=\"og:locale\" content=\"pt_BR\" \/>\n<meta property=\"og:type\" content=\"article\" \/>\n<meta property=\"og:title\" content=\"Como se conectar aos maiores programas sociais do pa\u00eds - Estado de Minas - Em foco\" \/>\n<meta property=\"og:description\" content=\"Quem tem Cad\u00danico ativo tem acesso a benef\u00edcios sociais essenciais. Atualize seus dados e descubra tudo o que pode conquistar.\" \/>\n<meta property=\"og:url\" content=\"https:\/\/www.em.com.br\/emfoco\/2025\/08\/03\/como-se-conectar-aos-maiores-programas-sociais-do-pais\/\" \/>\n<meta property=\"og:site_name\" content=\"Estado de Minas - Em foco\" \/>\n<meta property=\"article:published_time\" content=\"2025-08-03T23:38:00+00:00\" \/>\n<meta property=\"article:modified_time\" content=\"2025-08-03T01:33:10+00:00\" \/>\n<meta property=\"og:image\" content=\"https:\/\/www.em.com.br\/emfoco\/wp-content\/uploads\/2025\/08\/dinheiro-bandeira-do-brasil_1754133548856.jpg\" \/>\n\t<meta property=\"og:image:width\" content=\"1280\" \/>\n\t<meta property=\"og:image:height\" content=\"720\" \/>\n\t<meta property=\"og:image:type\" content=\"image\/jpeg\" \/>\n<meta name=\"author\" content=\"Ingrid Diniz\" \/>\n<meta name=\"twitter:card\" content=\"summary_large_image\" \/>\n<meta name=\"twitter:label1\" content=\"Escrito por\" \/>\n\t<meta name=\"twitter:data1\" content=\"Ingrid Diniz\" \/>\n\t<meta name=\"twitter:label2\" content=\"Est. tempo de leitura\" \/>\n\t<meta name=\"twitter:data2\" content=\"5 minutos\" \/>\n<!-- \/ Yoast SEO plugin. -->","yoast_head_json":{"title":"Como se conectar aos maiores programas sociais do pa\u00eds - Estado de Minas - Em foco","description":"Quem tem Cad\u00danico ativo tem acesso a benef\u00edcios sociais essenciais. Atualize seus dados e descubra tudo o que pode conquistar.","robots":{"index":"index","follow":"follow","max-snippet":"max-snippet:-1","max-image-preview":"max-image-preview:large","max-video-preview":"max-video-preview:-1"},"canonical":"https:\/\/www.em.com.br\/emfoco\/2025\/08\/03\/como-se-conectar-aos-maiores-programas-sociais-do-pais\/","og_locale":"pt_BR","og_type":"article","og_title":"Como se conectar aos maiores programas sociais do pa\u00eds - Estado de Minas - Em foco","og_description":"Quem tem Cad\u00danico ativo tem acesso a benef\u00edcios sociais essenciais. Atualize seus dados e descubra tudo o que pode conquistar.","og_url":"https:\/\/www.em.com.br\/emfoco\/2025\/08\/03\/como-se-conectar-aos-maiores-programas-sociais-do-pais\/","og_site_name":"Estado de Minas - Em foco","article_published_time":"2025-08-03T23:38:00+00:00","article_modified_time":"2025-08-03T01:33:10+00:00","og_image":[{"width":1280,"height":720,"url":"https:\/\/www.em.com.br\/emfoco\/wp-content\/uploads\/2025\/08\/dinheiro-bandeira-do-brasil_1754133548856.jpg","type":"image\/jpeg"}],"author":"Ingrid Diniz","twitter_card":"summary_large_image","twitter_misc":{"Escrito por":"Ingrid Diniz","Est. tempo de leitura":"5 minutos"},"schema":{"@context":"https:\/\/schema.org","@graph":[{"@type":"WebPage","@id":"https:\/\/www.em.com.br\/emfoco\/2025\/08\/03\/como-se-conectar-aos-maiores-programas-sociais-do-pais\/","url":"https:\/\/www.em.com.br\/emfoco\/2025\/08\/03\/como-se-conectar-aos-maiores-programas-sociais-do-pais\/","name":"Como se conectar aos maiores programas sociais do pa\u00eds - Estado de Minas - Em foco","isPartOf":{"@id":"https:\/\/www.em.com.br\/emfoco\/#website"},"primaryImageOfPage":{"@id":"https:\/\/www.em.com.br\/emfoco\/2025\/08\/03\/como-se-conectar-aos-maiores-programas-sociais-do-pais\/#primaryimage"},"image":{"@id":"https:\/\/www.em.com.br\/emfoco\/2025\/08\/03\/como-se-conectar-aos-maiores-programas-sociais-do-pais\/#primaryimage"},"thumbnailUrl":"https:\/\/www.em.com.br\/emfoco\/wp-content\/uploads\/2025\/08\/dinheiro-bandeira-do-brasil_1754133548856.jpg","datePublished":"2025-08-03T23:38:00+00:00","dateModified":"2025-08-03T01:33:10+00:00","author":{"@id":"https:\/\/www.em.com.br\/emfoco\/#\/schema\/person\/649e610b4eb8fff87ff394e54fe17b2b"},"description":"Quem tem Cad\u00danico ativo tem acesso a benef\u00edcios sociais essenciais. Atualize seus dados e descubra tudo o que pode conquistar.","breadcrumb":{"@id":"https:\/\/www.em.com.br\/emfoco\/2025\/08\/03\/como-se-conectar-aos-maiores-programas-sociais-do-pais\/#breadcrumb"},"inLanguage":"pt-BR","potentialAction":[{"@type":"ReadAction","target":["https:\/\/www.em.com.br\/emfoco\/2025\/08\/03\/como-se-conectar-aos-maiores-programas-sociais-do-pais\/"]}]},{"@type":"ImageObject","inLanguage":"pt-BR","@id":"https:\/\/www.em.com.br\/emfoco\/2025\/08\/03\/como-se-conectar-aos-maiores-programas-sociais-do-pais\/#primaryimage","url":"https:\/\/www.em.com.br\/emfoco\/wp-content\/uploads\/2025\/08\/dinheiro-bandeira-do-brasil_1754133548856.jpg","contentUrl":"https:\/\/www.em.com.br\/emfoco\/wp-content\/uploads\/2025\/08\/dinheiro-bandeira-do-brasil_1754133548856.jpg","width":1280,"height":720,"caption":"Calend\u00e1rio fixo do PIS\/Pasep 2026 e direito ao abono - Cr\u00e9ditos: depositphotos.com \/ gustavomello162.hotmail.com"},{"@type":"BreadcrumbList","@id":"https:\/\/www.em.com.br\/emfoco\/2025\/08\/03\/como-se-conectar-aos-maiores-programas-sociais-do-pais\/#breadcrumb","itemListElement":[{"@type":"ListItem","position":1,"name":"In\u00edcio","item":"https:\/\/www.em.com.br\/emfoco\/"},{"@type":"ListItem","position":2,"name":"Como se conectar aos maiores programas sociais do pa\u00eds"}]},{"@type":"WebSite","@id":"https:\/\/www.em.com.br\/emfoco\/#website","url":"https:\/\/www.em.com.br\/emfoco\/","name":"Estado de Minas - Em foco","description":"Acompanhe as \u00faltimas not\u00edcias e fique bem informado sobre tudo o que acontece em Minas Gerais, Brasil e no mundo.","potentialAction":[{"@type":"SearchAction","target":{"@type":"EntryPoint","urlTemplate":"https:\/\/www.em.com.br\/emfoco\/?s={search_term_string}"},"query-input":{"@type":"PropertyValueSpecification","valueRequired":true,"valueName":"search_term_string"}}],"inLanguage":"pt-BR"},{"@type":"Person","@id":"https:\/\/www.em.com.br\/emfoco\/#\/schema\/person\/649e610b4eb8fff87ff394e54fe17b2b","name":"Ingrid Diniz","image":{"@type":"ImageObject","inLanguage":"pt-BR","@id":"https:\/\/www.em.com.br\/emfoco\/#\/schema\/person\/image\/","url":"https:\/\/secure.gravatar.com\/avatar\/a3baa1449ec5c39b4c42babc9d4f3951?s=96&d=mm&r=g","contentUrl":"https:\/\/secure.gravatar.com\/avatar\/a3baa1449ec5c39b4c42babc9d4f3951?s=96&d=mm&r=g","caption":"Ingrid Diniz"},"sameAs":["https:\/\/www.em.com.br\/"],"url":"https:\/\/www.em.com.br\/emfoco\/author\/ingridmyth\/"}]}},"_links":{"self":[{"href":"https:\/\/www.em.com.br\/emfoco\/wp-json\/wp\/v2\/posts\/85830","targetHints":{"allow":["GET"]}}],"collection":[{"href":"https:\/\/www.em.com.br\/emfoco\/wp-json\/wp\/v2\/posts"}],"about":[{"href":"https:\/\/www.em.com.br\/emfoco\/wp-json\/wp\/v2\/types\/post"}],"author":[{"embeddable":true,"href":"https:\/\/www.em.com.br\/emfoco\/wp-json\/wp\/v2\/users\/20"}],"replies":[{"embeddable":true,"href":"https:\/\/www.em.com.br\/emfoco\/wp-json\/wp\/v2\/comments?post=85830"}],"version-history":[{"count":1,"href":"https:\/\/www.em.com.br\/emfoco\/wp-json\/wp\/v2\/posts\/85830\/revisions"}],"predecessor-version":[{"id":85844,"href":"https:\/\/www.em.com.br\/emfoco\/wp-json\/wp\/v2\/posts\/85830\/revisions\/85844"}],"wp:featuredmedia":[{"embeddable":true,"href":"https:\/\/www.em.com.br\/emfoco\/wp-json\/wp\/v2\/media\/85843"}],"wp:attachment":[{"href":"https:\/\/www.em.com.br\/emfoco\/wp-json\/wp\/v2\/media?parent=85830"}],"wp:term":[{"taxonomy":"category","embeddable":true,"href":"https:\/\/www.em.com.br\/emfoco\/wp-json\/wp\/v2\/categories?post=85830"},{"taxonomy":"post_tag","embeddable":true,"href":"https:\/\/www.em.com.br\/emfoco\/wp-json\/wp\/v2\/tags?post=85830"}],"curies":[{"name":"wp","href":"https:\/\/api.w.org\/{rel}","templated":true}]}}