{"id":85803,"date":"2025-08-05T16:33:24","date_gmt":"2025-08-05T19:33:24","guid":{"rendered":"https:\/\/www.em.com.br\/emfoco\/?p=85803"},"modified":"2025-08-05T16:33:26","modified_gmt":"2025-08-05T19:33:26","slug":"aprender-a-dizer-nao-pode-ser-seu-maior-ato-de-amor-proprio","status":"publish","type":"post","link":"https:\/\/www.em.com.br\/emfoco\/2025\/08\/05\/aprender-a-dizer-nao-pode-ser-seu-maior-ato-de-amor-proprio\/","title":{"rendered":"Aprender a dizer &#8220;n\u00e3o&#8221; pode ser seu maior ato de amor-pr\u00f3prio"},"content":{"rendered":"\n<p><a href=\"https:\/\/www.ma-grande-taille.com\/psycho\/confiance-en-soi\"><\/a>Dizer &#8220;n\u00e3o&#8221;, muitas vezes n\u00e3o \u00e9 simplesmente uma recusa. \u00c9 uma escolha afirmativa que transforma sua rela\u00e7\u00e3o com os outros\u2026 e com voc\u00ea mesmo. Muito mais do que uma habilidade social,\u00a0<strong><a href=\"https:\/\/www.psicologo.com.br\/blog\/aprender-dizer-nao\/\" target=\"_blank\" rel=\"noreferrer noopener\">aprender a dizer n\u00e3o<\/a><\/strong>\u00a0se torna uma ferramenta de constru\u00e7\u00e3o pessoal, preservando seu equil\u00edbrio e esclarecendo suas prioridades.<\/p>\n\n\n\n<ul class=\"wp-block-list\">\n<li><strong>Prote\u00e7\u00e3o pessoal:<\/strong>\u00a0Dizer n\u00e3o protege sua sa\u00fade mental.<\/li>\n\n\n\n<li><strong>Fortalecimento da autoestima:<\/strong>\u00a0Estabelecer limites inspira respeito.<\/li>\n\n\n\n<li><strong>Espa\u00e7o para o essencial:<\/strong>\u00a0Recusar o sup\u00e9rfluo para uma vida mais plena.<\/li>\n<\/ul>\n\n\n\n<h2 class=\"wp-block-heading\">Por que dizer n\u00e3o \u00e9 um ato de prote\u00e7\u00e3o?<\/h2>\n\n\n\n<p>De acordo com diversos especialistas em psicologia, dizer n\u00e3o \u00e9 fundamental para manter uma&nbsp;<strong>boa sa\u00fade mental<\/strong>. Recusar preserva sua energia e evita o esgotamento emocional. Isso mant\u00e9m voc\u00ea alinhado com seus valores pessoais e impede que voc\u00ea se disperse.<\/p>\n\n\n\n<p>Estabelecer limites de forma clara fortalece sua&nbsp;<strong>autoestima<\/strong>. Essa coer\u00eancia pessoal geralmente inspira mais respeito do que as tentativas de agradar a todos a qualquer custo.<\/p>\n\n\n\n<figure class=\"wp-block-image size-large\"><img loading=\"lazy\" decoding=\"async\" width=\"1024\" height=\"576\" src=\"https:\/\/www.em.com.br\/emfoco\/wp-content\/uploads\/2025\/08\/dizer_-1024x576.jpeg\" alt=\"\" class=\"wp-image-85813\" srcset=\"https:\/\/www.em.com.br\/emfoco\/wp-content\/uploads\/2025\/08\/dizer_-1024x576.jpeg 1024w, https:\/\/www.em.com.br\/emfoco\/wp-content\/uploads\/2025\/08\/dizer_-300x169.jpeg 300w, https:\/\/www.em.com.br\/emfoco\/wp-content\/uploads\/2025\/08\/dizer_-768x432.jpeg 768w, https:\/\/www.em.com.br\/emfoco\/wp-content\/uploads\/2025\/08\/dizer_-750x422.jpeg 750w, https:\/\/www.em.com.br\/emfoco\/wp-content\/uploads\/2025\/08\/dizer_-1140x641.jpeg 1140w, https:\/\/www.em.com.br\/emfoco\/wp-content\/uploads\/2025\/08\/dizer_.jpeg 1280w\" sizes=\"auto, (max-width: 1024px) 100vw, 1024px\" \/><figcaption class=\"wp-element-caption\">Mulher recusando algo &#8211; Cr\u00e9ditos: depositphotos.com \/ Tharakorn<\/figcaption><\/figure>\n\n\n\n<h2 class=\"wp-block-heading\">Como dizer n\u00e3o com clareza e empatia?<\/h2>\n\n\n\n<ul class=\"wp-block-list\">\n<li><strong>O \u201cn\u00e3o sandu\u00edche\u201d:<\/strong>\u00a0Formule uma recusa entre duas mensagens positivas, como agradecer pela considera\u00e7\u00e3o antes de recusar.<\/li>\n\n\n\n<li><strong>Simplicidade direta:<\/strong>\u00a0Um \u201cn\u00e3o, n\u00e3o estou dispon\u00edvel\u201d dito calmamente \u00e9 mais eficaz do que longas explica\u00e7\u00f5es.<\/li>\n\n\n\n<li><strong>Limite as explica\u00e7\u00f5es:<\/strong>\u00a0Dar um motivo breve refor\u00e7a a legitimidade da sua decis\u00e3o.<\/li>\n<\/ul>\n\n\n\n<h2 class=\"wp-block-heading\">O que muda quando voc\u00ea aprende a dizer n\u00e3o?<\/h2>\n\n\n\n<p>Dizer n\u00e3o muda sua posi\u00e7\u00e3o no&nbsp;<strong>mundo<\/strong>. Como explica&nbsp;<strong>Greg McKeown<\/strong>&nbsp;no livro Essentialism, recusar o sup\u00e9rfluo libera espa\u00e7o para o que realmente importa. Dizer n\u00e3o cria espa\u00e7o para as coisas verdadeiramente importantes.<\/p>\n\n\n\n<p>Isso favorece maior&nbsp;<strong>clareza interior<\/strong>, melhores relacionamentos e uma profunda sensa\u00e7\u00e3o de liberdade, permitindo que voc\u00ea controle seu tempo, escolhas e prioridades.<\/p>\n\n\n\n<p>Leia tamb\u00e9m:\u00a0<em><a href=\"https:\/\/www.em.com.br\/emfoco\/2025\/07\/14\/o-sentimento-mais-destrutivo-dos-relacionamentos-segundo-psicologos\/\" target=\"_blank\" rel=\"noreferrer noopener\">O sentimento mais destrutivo dos relacionamentos segundo psic\u00f3logos<\/a><\/em><\/p>\n\n\n\n<h2 class=\"wp-block-heading\">Estabelecer limites \u00e9 uma postura \u00e9tica?<\/h2>\n\n\n\n<p>Recusar estabelece um quadro&nbsp;<strong>\u00e9tico<\/strong>, protegendo contra abusos e solicita\u00e7\u00f5es t\u00f3xicas. \u00c9 agir sem obriga\u00e7\u00e3o, culpa ou medo de desagradar. \u00c9 ousar existir plenamente, em sintonia com suas verdadeiras necessidades e&nbsp;<strong>desejos<\/strong>.<\/p>\n\n\n\n<p>Aprender a dizer n\u00e3o, n\u00e3o \u00e9 fugir, mas sim uma escolha para se respeitar, manter a autenticidade e viver de acordo com quem voc\u00ea \u00e9.<\/p>\n","protected":false},"excerpt":{"rendered":"<p>Dizer &#8220;n\u00e3o&#8221;, muitas vezes n\u00e3o \u00e9 simplesmente uma recusa. \u00c9 uma escolha afirmativa que transforma sua rela\u00e7\u00e3o com os outros\u2026 e com voc\u00ea mesmo. Muito mais do que uma habilidade social,\u00a0aprender a dizer n\u00e3o\u00a0se torna uma ferramenta de constru\u00e7\u00e3o pessoal, preservando seu equil\u00edbrio e esclarecendo suas prioridades. Por que dizer n\u00e3o \u00e9 um ato de [&hellip;]<\/p>\n","protected":false},"author":11,"featured_media":85814,"comment_status":"open","ping_status":"open","sticky":false,"template":"","format":"standard","meta":{"jnews-multi-image_gallery":[],"jnews_single_post":{"format":"standard"},"jnews_primary_category":[],"jnews_social_meta":[],"jnews_override_counter":[],"footnotes":""},"categories":[29,1],"tags":[4889,711,10294],"class_list":["post-85803","post","type-post","status-publish","format-standard","has-post-thumbnail","hentry","category-entretenimento","category-noticias","tag-autoestima","tag-bem-estar","tag-dizer-nao"],"yoast_head":"<!-- This site is optimized with the Yoast SEO plugin v23.8 - https:\/\/yoast.com\/wordpress\/plugins\/seo\/ -->\n<title>Aprender a dizer &quot;n\u00e3o&quot; pode ser seu maior ato de amor-pr\u00f3prio - Estado de Minas - Em foco<\/title>\n<meta name=\"description\" content=\"Dizer &quot;n\u00e3o&quot;, n\u00e3o \u00e9 ego\u00edsmo, \u00e9 autocuidado. Aprenda como estabelecer limites sem culpa. Saiba por que dizer n\u00e3o pode ser a chave para sua liberdade.\" \/>\n<meta name=\"robots\" content=\"index, follow, max-snippet:-1, max-image-preview:large, max-video-preview:-1\" \/>\n<link rel=\"canonical\" href=\"https:\/\/www.em.com.br\/emfoco\/2025\/08\/05\/aprender-a-dizer-nao-pode-ser-seu-maior-ato-de-amor-proprio\/\" \/>\n<meta property=\"og:locale\" content=\"pt_BR\" \/>\n<meta property=\"og:type\" content=\"article\" \/>\n<meta property=\"og:title\" content=\"Aprender a dizer &quot;n\u00e3o&quot; pode ser seu maior ato de amor-pr\u00f3prio - Estado de Minas - Em foco\" \/>\n<meta property=\"og:description\" content=\"Dizer &quot;n\u00e3o&quot;, n\u00e3o \u00e9 ego\u00edsmo, \u00e9 autocuidado. Aprenda como estabelecer limites sem culpa. Saiba por que dizer n\u00e3o pode ser a chave para sua liberdade.\" \/>\n<meta property=\"og:url\" content=\"https:\/\/www.em.com.br\/emfoco\/2025\/08\/05\/aprender-a-dizer-nao-pode-ser-seu-maior-ato-de-amor-proprio\/\" \/>\n<meta property=\"og:site_name\" content=\"Estado de Minas - Em foco\" \/>\n<meta property=\"article:published_time\" content=\"2025-08-05T19:33:24+00:00\" \/>\n<meta property=\"article:modified_time\" content=\"2025-08-05T19:33:26+00:00\" \/>\n<meta property=\"og:image\" content=\"https:\/\/www.em.com.br\/emfoco\/wp-content\/uploads\/2025\/08\/dizer_-1.jpeg\" \/>\n\t<meta property=\"og:image:width\" content=\"1280\" \/>\n\t<meta property=\"og:image:height\" content=\"720\" \/>\n\t<meta property=\"og:image:type\" content=\"image\/jpeg\" \/>\n<meta name=\"author\" content=\"Andre\u0301 Rangel\u00a0\" \/>\n<meta name=\"twitter:card\" content=\"summary_large_image\" \/>\n<meta name=\"twitter:label1\" content=\"Escrito por\" \/>\n\t<meta name=\"twitter:data1\" content=\"Andre\u0301 Rangel\u00a0\" \/>\n\t<meta name=\"twitter:label2\" content=\"Est. tempo de leitura\" \/>\n\t<meta name=\"twitter:data2\" content=\"3 minutos\" \/>\n<!-- \/ Yoast SEO plugin. -->","yoast_head_json":{"title":"Aprender a dizer \"n\u00e3o\" pode ser seu maior ato de amor-pr\u00f3prio - Estado de Minas - Em foco","description":"Dizer \"n\u00e3o\", n\u00e3o \u00e9 ego\u00edsmo, \u00e9 autocuidado. Aprenda como estabelecer limites sem culpa. Saiba por que dizer n\u00e3o pode ser a chave para sua liberdade.","robots":{"index":"index","follow":"follow","max-snippet":"max-snippet:-1","max-image-preview":"max-image-preview:large","max-video-preview":"max-video-preview:-1"},"canonical":"https:\/\/www.em.com.br\/emfoco\/2025\/08\/05\/aprender-a-dizer-nao-pode-ser-seu-maior-ato-de-amor-proprio\/","og_locale":"pt_BR","og_type":"article","og_title":"Aprender a dizer \"n\u00e3o\" pode ser seu maior ato de amor-pr\u00f3prio - Estado de Minas - Em foco","og_description":"Dizer \"n\u00e3o\", n\u00e3o \u00e9 ego\u00edsmo, \u00e9 autocuidado. Aprenda como estabelecer limites sem culpa. Saiba por que dizer n\u00e3o pode ser a chave para sua liberdade.","og_url":"https:\/\/www.em.com.br\/emfoco\/2025\/08\/05\/aprender-a-dizer-nao-pode-ser-seu-maior-ato-de-amor-proprio\/","og_site_name":"Estado de Minas - Em foco","article_published_time":"2025-08-05T19:33:24+00:00","article_modified_time":"2025-08-05T19:33:26+00:00","og_image":[{"width":1280,"height":720,"url":"https:\/\/www.em.com.br\/emfoco\/wp-content\/uploads\/2025\/08\/dizer_-1.jpeg","type":"image\/jpeg"}],"author":"Andre\u0301 Rangel\u00a0","twitter_card":"summary_large_image","twitter_misc":{"Escrito por":"Andre\u0301 Rangel\u00a0","Est. tempo de leitura":"3 minutos"},"schema":{"@context":"https:\/\/schema.org","@graph":[{"@type":"WebPage","@id":"https:\/\/www.em.com.br\/emfoco\/2025\/08\/05\/aprender-a-dizer-nao-pode-ser-seu-maior-ato-de-amor-proprio\/","url":"https:\/\/www.em.com.br\/emfoco\/2025\/08\/05\/aprender-a-dizer-nao-pode-ser-seu-maior-ato-de-amor-proprio\/","name":"Aprender a dizer \"n\u00e3o\" pode ser seu maior ato de amor-pr\u00f3prio - Estado de Minas - Em foco","isPartOf":{"@id":"https:\/\/www.em.com.br\/emfoco\/#website"},"primaryImageOfPage":{"@id":"https:\/\/www.em.com.br\/emfoco\/2025\/08\/05\/aprender-a-dizer-nao-pode-ser-seu-maior-ato-de-amor-proprio\/#primaryimage"},"image":{"@id":"https:\/\/www.em.com.br\/emfoco\/2025\/08\/05\/aprender-a-dizer-nao-pode-ser-seu-maior-ato-de-amor-proprio\/#primaryimage"},"thumbnailUrl":"https:\/\/www.em.com.br\/emfoco\/wp-content\/uploads\/2025\/08\/dizer_-1.jpeg","datePublished":"2025-08-05T19:33:24+00:00","dateModified":"2025-08-05T19:33:26+00:00","author":{"@id":"https:\/\/www.em.com.br\/emfoco\/#\/schema\/person\/60eda09c1fedf0d6891f4cef4b60b8b8"},"description":"Dizer \"n\u00e3o\", n\u00e3o \u00e9 ego\u00edsmo, \u00e9 autocuidado. Aprenda como estabelecer limites sem culpa. Saiba por que dizer n\u00e3o pode ser a chave para sua liberdade.","breadcrumb":{"@id":"https:\/\/www.em.com.br\/emfoco\/2025\/08\/05\/aprender-a-dizer-nao-pode-ser-seu-maior-ato-de-amor-proprio\/#breadcrumb"},"inLanguage":"pt-BR","potentialAction":[{"@type":"ReadAction","target":["https:\/\/www.em.com.br\/emfoco\/2025\/08\/05\/aprender-a-dizer-nao-pode-ser-seu-maior-ato-de-amor-proprio\/"]}]},{"@type":"ImageObject","inLanguage":"pt-BR","@id":"https:\/\/www.em.com.br\/emfoco\/2025\/08\/05\/aprender-a-dizer-nao-pode-ser-seu-maior-ato-de-amor-proprio\/#primaryimage","url":"https:\/\/www.em.com.br\/emfoco\/wp-content\/uploads\/2025\/08\/dizer_-1.jpeg","contentUrl":"https:\/\/www.em.com.br\/emfoco\/wp-content\/uploads\/2025\/08\/dizer_-1.jpeg","width":1280,"height":720,"caption":"Esses signos t\u00eam mais dificuldade em dizer n\u00e3o - Cr\u00e9ditos: depositphotos.com \/ artursfoto1"},{"@type":"BreadcrumbList","@id":"https:\/\/www.em.com.br\/emfoco\/2025\/08\/05\/aprender-a-dizer-nao-pode-ser-seu-maior-ato-de-amor-proprio\/#breadcrumb","itemListElement":[{"@type":"ListItem","position":1,"name":"In\u00edcio","item":"https:\/\/www.em.com.br\/emfoco\/"},{"@type":"ListItem","position":2,"name":"Aprender a dizer &#8220;n\u00e3o&#8221; pode ser seu maior ato de amor-pr\u00f3prio"}]},{"@type":"WebSite","@id":"https:\/\/www.em.com.br\/emfoco\/#website","url":"https:\/\/www.em.com.br\/emfoco\/","name":"Estado de Minas - Em foco","description":"Acompanhe as \u00faltimas not\u00edcias e fique bem informado sobre tudo o que acontece em Minas Gerais, Brasil e no mundo.","potentialAction":[{"@type":"SearchAction","target":{"@type":"EntryPoint","urlTemplate":"https:\/\/www.em.com.br\/emfoco\/?s={search_term_string}"},"query-input":{"@type":"PropertyValueSpecification","valueRequired":true,"valueName":"search_term_string"}}],"inLanguage":"pt-BR"},{"@type":"Person","@id":"https:\/\/www.em.com.br\/emfoco\/#\/schema\/person\/60eda09c1fedf0d6891f4cef4b60b8b8","name":"Andre\u0301 Rangel\u00a0","image":{"@type":"ImageObject","inLanguage":"pt-BR","@id":"https:\/\/www.em.com.br\/emfoco\/#\/schema\/person\/image\/","url":"https:\/\/secure.gravatar.com\/avatar\/6234dc814c77c8ef6d8bba622c787efc?s=96&d=mm&r=g","contentUrl":"https:\/\/secure.gravatar.com\/avatar\/6234dc814c77c8ef6d8bba622c787efc?s=96&d=mm&r=g","caption":"Andre\u0301 Rangel\u00a0"},"url":"https:\/\/www.em.com.br\/emfoco\/author\/luizmyth\/"}]}},"_links":{"self":[{"href":"https:\/\/www.em.com.br\/emfoco\/wp-json\/wp\/v2\/posts\/85803","targetHints":{"allow":["GET"]}}],"collection":[{"href":"https:\/\/www.em.com.br\/emfoco\/wp-json\/wp\/v2\/posts"}],"about":[{"href":"https:\/\/www.em.com.br\/emfoco\/wp-json\/wp\/v2\/types\/post"}],"author":[{"embeddable":true,"href":"https:\/\/www.em.com.br\/emfoco\/wp-json\/wp\/v2\/users\/11"}],"replies":[{"embeddable":true,"href":"https:\/\/www.em.com.br\/emfoco\/wp-json\/wp\/v2\/comments?post=85803"}],"version-history":[{"count":4,"href":"https:\/\/www.em.com.br\/emfoco\/wp-json\/wp\/v2\/posts\/85803\/revisions"}],"predecessor-version":[{"id":85824,"href":"https:\/\/www.em.com.br\/emfoco\/wp-json\/wp\/v2\/posts\/85803\/revisions\/85824"}],"wp:featuredmedia":[{"embeddable":true,"href":"https:\/\/www.em.com.br\/emfoco\/wp-json\/wp\/v2\/media\/85814"}],"wp:attachment":[{"href":"https:\/\/www.em.com.br\/emfoco\/wp-json\/wp\/v2\/media?parent=85803"}],"wp:term":[{"taxonomy":"category","embeddable":true,"href":"https:\/\/www.em.com.br\/emfoco\/wp-json\/wp\/v2\/categories?post=85803"},{"taxonomy":"post_tag","embeddable":true,"href":"https:\/\/www.em.com.br\/emfoco\/wp-json\/wp\/v2\/tags?post=85803"}],"curies":[{"name":"wp","href":"https:\/\/api.w.org\/{rel}","templated":true}]}}