{"id":85787,"date":"2025-08-05T20:08:00","date_gmt":"2025-08-05T23:08:00","guid":{"rendered":"https:\/\/www.em.com.br\/emfoco\/?p=85787"},"modified":"2025-08-02T20:03:57","modified_gmt":"2025-08-02T23:03:57","slug":"as-previsoes-mais-assustadoras-de-stephen-hawking-sobre-o-fim-da-humanidade","status":"publish","type":"post","link":"https:\/\/www.em.com.br\/emfoco\/2025\/08\/05\/as-previsoes-mais-assustadoras-de-stephen-hawking-sobre-o-fim-da-humanidade\/","title":{"rendered":"As previs\u00f5es mais assustadoras de Stephen Hawking sobre o fim da humanidade"},"content":{"rendered":"\n<p><strong>Stephen Hawking<\/strong>\u00a0(1942-2018) foi famoso por suas contribui\u00e7\u00f5es para a f\u00edsica, especialmente nos campos dos<a href=\"https:\/\/science.nasa.gov\/universe\/black-holes\/\" target=\"_blank\" rel=\"noreferrer noopener\">\u00a0<strong>buracos negros<\/strong><\/a>\u00a0e da\u00a0<strong>relatividade geral<\/strong>. No entanto, suas vis\u00f5es sobre os desafios e amea\u00e7as para a humanidade no futuro muitas vezes chamavam tanto ou mais aten\u00e7\u00e3o da m\u00eddia quanto suas teorias cient\u00edficas.<\/p>\n\n\n\n<ul class=\"wp-block-list\">\n<li>Extraterrestres: uma amea\u00e7a real?<\/li>\n\n\n\n<li>A intelig\u00eancia artificial segundo\u00a0<strong>Stephen Hawking<\/strong><\/li>\n\n\n\n<li>Mudan\u00e7as clim\u00e1ticas e seu impacto global<\/li>\n<\/ul>\n\n\n\n<h2 class=\"wp-block-heading\">O que Stephen Hawking pensava sobre extraterrestres?<\/h2>\n\n\n\n<p><strong>Stephen Hawking<\/strong>&nbsp;alertou quanto ao&nbsp;<strong>contato com civiliza\u00e7\u00f5es extraterrestres<\/strong>. Para ele, isso poderia ser semelhante ao encontro dos nativos americanos com&nbsp;<strong>Crist\u00f3v\u00e3o Colombo<\/strong>. Ele acreditava que dever\u00edamos ser cautelosos com os sinais que enviamos ao espa\u00e7o. Hawking afirmou: &#8220;Se os alien\u00edgenas nos visitassem, as consequ\u00eancias seriam semelhantes \u00e0s (que aconteceram) quando (Crist\u00f3v\u00e3o) Colombo desembarcou na Am\u00e9rica, algo que n\u00e3o acabou bem para os nativos&#8221;.<\/p>\n\n\n\n<p>Al\u00e9m disso, Stephen Hawking questionava se n\u00e3o estar\u00edamos nos expondo desnecessariamente ao tentar interagir. Essa cautela se devia ao fato de que as&nbsp;<strong>consequ\u00eancias<\/strong>&nbsp;de um encontro poderiam ser imprevis\u00edveis.<\/p>\n\n\n\n<h2 class=\"wp-block-heading\">Como Stephen Hawking enxergava a intelig\u00eancia artificial?<\/h2>\n\n\n\n<p>Stephen Hawking tamb\u00e9m abordou a&nbsp;<strong>intelig\u00eancia artificial<\/strong>&nbsp;(IA) com preocupa\u00e7\u00e3o. Segundo ele, a IA poderia ultrapassar a intelig\u00eancia humana, tornando-se uma amea\u00e7a existencial. Ele previu que sistemas aut\u00f4nomos poderiam tomar o controle e agir em detrimento da humanidade.<\/p>\n\n\n\n<figure class=\"wp-block-image size-large\"><img loading=\"lazy\" decoding=\"async\" width=\"1024\" height=\"576\" src=\"https:\/\/www.em.com.br\/emfoco\/wp-content\/uploads\/2025\/08\/Stephen-Hawking_1754179145542-1024x576.jpg\" alt=\"\" class=\"wp-image-85788\" srcset=\"https:\/\/www.em.com.br\/emfoco\/wp-content\/uploads\/2025\/08\/Stephen-Hawking_1754179145542-1024x576.jpg 1024w, https:\/\/www.em.com.br\/emfoco\/wp-content\/uploads\/2025\/08\/Stephen-Hawking_1754179145542-300x169.jpg 300w, https:\/\/www.em.com.br\/emfoco\/wp-content\/uploads\/2025\/08\/Stephen-Hawking_1754179145542-768x432.jpg 768w, https:\/\/www.em.com.br\/emfoco\/wp-content\/uploads\/2025\/08\/Stephen-Hawking_1754179145542-750x422.jpg 750w, https:\/\/www.em.com.br\/emfoco\/wp-content\/uploads\/2025\/08\/Stephen-Hawking_1754179145542-1140x641.jpg 1140w, https:\/\/www.em.com.br\/emfoco\/wp-content\/uploads\/2025\/08\/Stephen-Hawking_1754179145542.jpg 1280w\" sizes=\"auto, (max-width: 1024px) 100vw, 1024px\" \/><figcaption class=\"wp-element-caption\">Stephen Hawking &#8211; Cr\u00e9ditos: depositphotos.com \/ Murdocksimages<\/figcaption><\/figure>\n\n\n\n<p>Esse tema \u00e9 especialmente relevante na atual corrida tecnol\u00f3gica pelo desenvolvimento de&nbsp;<strong>m\u00e1quinas inteligentes<\/strong>. Stephen Hawking instou os cientistas a investigar as implica\u00e7\u00f5es \u00e9ticas e de seguran\u00e7a dessas tecnologias, destacando a import\u00e2ncia do trabalho de empresas e pa\u00edses nessa \u00e1rea, como&nbsp;<strong>Estados Unidos<\/strong>&nbsp;e&nbsp;<strong>China<\/strong>, que lideram avan\u00e7os significativos em intelig\u00eancia artificial.<\/p>\n\n\n\n<h3 class=\"wp-block-heading\">Qual o risco do uso militar da intelig\u00eancia artificial?<\/h3>\n\n\n\n<p>Stephen Hawking tamb\u00e9m manifestava preocupa\u00e7\u00f5es sobre o uso militar da intelig\u00eancia artificial, alertando que a cria\u00e7\u00e3o de armas aut\u00f4nomas poderia desencadear uma nova era de guerra. Ele assinou uma carta aberta ao lado de outros especialistas, como&nbsp;<strong>Elon Musk<\/strong>&nbsp;e&nbsp;<strong>Steve Wozniak<\/strong>, enfatizando que o desenvolvimento de armas com IA deve ser evitado para n\u00e3o desencadear consequ\u00eancias catastr\u00f3ficas. Esse alerta motivou discuss\u00f5es em organiza\u00e7\u00f5es como&nbsp;<strong>ONU<\/strong>&nbsp;(Organiza\u00e7\u00e3o das Na\u00e7\u00f5es Unidas) sobre a necessidade de acordos internacionais para limitar o uso de intelig\u00eancia artificial em armamento.<\/p>\n\n\n\n<h2 class=\"wp-block-heading\">Por que as mudan\u00e7as clim\u00e1ticas preocupavam Stephen Hawking?<\/h2>\n\n\n\n<p>Stephen Hawking tamb\u00e9m falava frequentemente sobre as&nbsp;<strong>mudan\u00e7as clim\u00e1ticas<\/strong>&nbsp;como uma das maiores amea\u00e7as para a humanidade. Ele previu que, se as tend\u00eancias atuais continuassem, a&nbsp;<strong>Terra<\/strong>&nbsp;poderia se tornar inabit\u00e1vel.<\/p>\n\n\n\n<p>Em suas \u00faltimas declara\u00e7\u00f5es, Stephen Hawking fez um apelo para que os l\u00edderes mundiais tomassem atitudes&nbsp;<em>imediatamente<\/em>&nbsp;a fim de mitigar os danos ambientais e preservar o planeta para as pr\u00f3ximas gera\u00e7\u00f5es. O cientista apoiava a\u00e7\u00f5es internacionais como o&nbsp;<strong>Acordo de Paris<\/strong>, destacando a import\u00e2ncia de cada pa\u00eds em reduzir emiss\u00f5es de carbono, especialmente grandes economias como&nbsp;<strong>Estados Unidos<\/strong>&nbsp;e&nbsp;<strong>China<\/strong>.<\/p>\n\n\n\n<p>Hawking comparou a possibilidade do futuro da Terra com as condi\u00e7\u00f5es de&nbsp;<strong>V\u00eanus<\/strong>&nbsp;devido ao aquecimento global. Ele alertou que, se a humanidade n\u00e3o atuar rapidamente para reverter as mudan\u00e7as clim\u00e1ticas, nosso planeta poderia sofrer altera\u00e7\u00f5es t\u00e3o dr\u00e1sticas que o tornariam in\u00f3spito para vida semelhante \u00e0s regi\u00f5es inabit\u00e1veis de V\u00eanus.<\/p>\n\n\n\n<p><strong>Leia tamb\u00e9m:<\/strong>\u00a0<a href=\"https:\/\/www.em.com.br\/emfoco\/2025\/05\/19\/fim-do-universo-entenda-como-a-radiacao-hawking-pode-antecipar-o-fim-de-tudo\/\" target=\"_blank\" rel=\"noreferrer noopener\">Fim do Universo? Entenda como a radia\u00e7\u00e3o Hawking pode antecipar o fim de tudo<\/a><\/p>\n\n\n\n<h2 class=\"wp-block-heading\">Como era a vis\u00e3o de Stephen Hawking sobre o futuro?<\/h2>\n\n\n\n<ul class=\"wp-block-list\">\n<li>A cautela de Stephen Hawking em rela\u00e7\u00e3o aos extraterrestres convida \u00e0 reflex\u00e3o sobre como nos projetamos para o universo.<\/li>\n\n\n\n<li>A perspectiva de IA como uma amea\u00e7a destaca a import\u00e2ncia da \u00e9tica no desenvolvimento tecnol\u00f3gico.<\/li>\n\n\n\n<li>A urg\u00eancia em combater as mudan\u00e7as clim\u00e1ticas permanece sendo uma das maiores prioridades da sociedade.<\/li>\n<\/ul>\n","protected":false},"excerpt":{"rendered":"<p>Stephen Hawking\u00a0(1942-2018) foi famoso por suas contribui\u00e7\u00f5es para a f\u00edsica, especialmente nos campos dos\u00a0buracos negros\u00a0e da\u00a0relatividade geral. No entanto, suas vis\u00f5es sobre os desafios e amea\u00e7as para a humanidade no futuro muitas vezes chamavam tanto ou mais aten\u00e7\u00e3o da m\u00eddia quanto suas teorias cient\u00edficas. O que Stephen Hawking pensava sobre extraterrestres? Stephen Hawking&nbsp;alertou quanto ao&nbsp;contato [&hellip;]<\/p>\n","protected":false},"author":11,"featured_media":85789,"comment_status":"open","ping_status":"open","sticky":false,"template":"","format":"standard","meta":{"jnews-multi-image_gallery":[],"jnews_single_post":{"format":"standard"},"jnews_primary_category":[],"jnews_social_meta":[],"jnews_override_counter":[],"footnotes":""},"categories":[29,1],"tags":[3584,6830,12397],"class_list":["post-85787","post","type-post","status-publish","format-standard","has-post-thumbnail","hentry","category-entretenimento","category-noticias","tag-futuro","tag-inteligencia","tag-stephen-hawking"],"yoast_head":"<!-- This site is optimized with the Yoast SEO plugin v23.8 - https:\/\/yoast.com\/wordpress\/plugins\/seo\/ -->\n<title>As previs\u00f5es mais assustadoras de Stephen Hawking sobre o fim da humanidade - Estado de Minas - Em foco<\/title>\n<meta name=\"description\" content=\"Os maiores riscos para o futuro da Terra foram previstos por Stephen Hawking. Saiba por que ainda estamos em tempo de agir.\" \/>\n<meta name=\"robots\" content=\"index, follow, max-snippet:-1, max-image-preview:large, max-video-preview:-1\" \/>\n<link rel=\"canonical\" href=\"https:\/\/www.em.com.br\/emfoco\/2025\/08\/05\/as-previsoes-mais-assustadoras-de-stephen-hawking-sobre-o-fim-da-humanidade\/\" \/>\n<meta property=\"og:locale\" content=\"pt_BR\" \/>\n<meta property=\"og:type\" content=\"article\" \/>\n<meta property=\"og:title\" content=\"As previs\u00f5es mais assustadoras de Stephen Hawking sobre o fim da humanidade - Estado de Minas - Em foco\" \/>\n<meta property=\"og:description\" content=\"Os maiores riscos para o futuro da Terra foram previstos por Stephen Hawking. Saiba por que ainda estamos em tempo de agir.\" \/>\n<meta property=\"og:url\" content=\"https:\/\/www.em.com.br\/emfoco\/2025\/08\/05\/as-previsoes-mais-assustadoras-de-stephen-hawking-sobre-o-fim-da-humanidade\/\" \/>\n<meta property=\"og:site_name\" content=\"Estado de Minas - Em foco\" \/>\n<meta property=\"article:published_time\" content=\"2025-08-05T23:08:00+00:00\" \/>\n<meta property=\"article:modified_time\" content=\"2025-08-02T23:03:57+00:00\" \/>\n<meta property=\"og:image\" content=\"https:\/\/www.em.com.br\/emfoco\/wp-content\/uploads\/2025\/08\/Stephen-Hawking_1754179228457.jpg\" \/>\n\t<meta property=\"og:image:width\" content=\"1280\" \/>\n\t<meta property=\"og:image:height\" content=\"720\" \/>\n\t<meta property=\"og:image:type\" content=\"image\/jpeg\" \/>\n<meta name=\"author\" content=\"Andre\u0301 Rangel\u00a0\" \/>\n<meta name=\"twitter:card\" content=\"summary_large_image\" \/>\n<meta name=\"twitter:label1\" content=\"Escrito por\" \/>\n\t<meta name=\"twitter:data1\" content=\"Andre\u0301 Rangel\u00a0\" \/>\n\t<meta name=\"twitter:label2\" content=\"Est. tempo de leitura\" \/>\n\t<meta name=\"twitter:data2\" content=\"4 minutos\" \/>\n<!-- \/ Yoast SEO plugin. -->","yoast_head_json":{"title":"As previs\u00f5es mais assustadoras de Stephen Hawking sobre o fim da humanidade - Estado de Minas - Em foco","description":"Os maiores riscos para o futuro da Terra foram previstos por Stephen Hawking. Saiba por que ainda estamos em tempo de agir.","robots":{"index":"index","follow":"follow","max-snippet":"max-snippet:-1","max-image-preview":"max-image-preview:large","max-video-preview":"max-video-preview:-1"},"canonical":"https:\/\/www.em.com.br\/emfoco\/2025\/08\/05\/as-previsoes-mais-assustadoras-de-stephen-hawking-sobre-o-fim-da-humanidade\/","og_locale":"pt_BR","og_type":"article","og_title":"As previs\u00f5es mais assustadoras de Stephen Hawking sobre o fim da humanidade - Estado de Minas - Em foco","og_description":"Os maiores riscos para o futuro da Terra foram previstos por Stephen Hawking. Saiba por que ainda estamos em tempo de agir.","og_url":"https:\/\/www.em.com.br\/emfoco\/2025\/08\/05\/as-previsoes-mais-assustadoras-de-stephen-hawking-sobre-o-fim-da-humanidade\/","og_site_name":"Estado de Minas - Em foco","article_published_time":"2025-08-05T23:08:00+00:00","article_modified_time":"2025-08-02T23:03:57+00:00","og_image":[{"width":1280,"height":720,"url":"https:\/\/www.em.com.br\/emfoco\/wp-content\/uploads\/2025\/08\/Stephen-Hawking_1754179228457.jpg","type":"image\/jpeg"}],"author":"Andre\u0301 Rangel\u00a0","twitter_card":"summary_large_image","twitter_misc":{"Escrito por":"Andre\u0301 Rangel\u00a0","Est. tempo de leitura":"4 minutos"},"schema":{"@context":"https:\/\/schema.org","@graph":[{"@type":"WebPage","@id":"https:\/\/www.em.com.br\/emfoco\/2025\/08\/05\/as-previsoes-mais-assustadoras-de-stephen-hawking-sobre-o-fim-da-humanidade\/","url":"https:\/\/www.em.com.br\/emfoco\/2025\/08\/05\/as-previsoes-mais-assustadoras-de-stephen-hawking-sobre-o-fim-da-humanidade\/","name":"As previs\u00f5es mais assustadoras de Stephen Hawking sobre o fim da humanidade - Estado de Minas - Em foco","isPartOf":{"@id":"https:\/\/www.em.com.br\/emfoco\/#website"},"primaryImageOfPage":{"@id":"https:\/\/www.em.com.br\/emfoco\/2025\/08\/05\/as-previsoes-mais-assustadoras-de-stephen-hawking-sobre-o-fim-da-humanidade\/#primaryimage"},"image":{"@id":"https:\/\/www.em.com.br\/emfoco\/2025\/08\/05\/as-previsoes-mais-assustadoras-de-stephen-hawking-sobre-o-fim-da-humanidade\/#primaryimage"},"thumbnailUrl":"https:\/\/www.em.com.br\/emfoco\/wp-content\/uploads\/2025\/08\/Stephen-Hawking_1754179228457.jpg","datePublished":"2025-08-05T23:08:00+00:00","dateModified":"2025-08-02T23:03:57+00:00","author":{"@id":"https:\/\/www.em.com.br\/emfoco\/#\/schema\/person\/60eda09c1fedf0d6891f4cef4b60b8b8"},"description":"Os maiores riscos para o futuro da Terra foram previstos por Stephen Hawking. Saiba por que ainda estamos em tempo de agir.","breadcrumb":{"@id":"https:\/\/www.em.com.br\/emfoco\/2025\/08\/05\/as-previsoes-mais-assustadoras-de-stephen-hawking-sobre-o-fim-da-humanidade\/#breadcrumb"},"inLanguage":"pt-BR","potentialAction":[{"@type":"ReadAction","target":["https:\/\/www.em.com.br\/emfoco\/2025\/08\/05\/as-previsoes-mais-assustadoras-de-stephen-hawking-sobre-o-fim-da-humanidade\/"]}]},{"@type":"ImageObject","inLanguage":"pt-BR","@id":"https:\/\/www.em.com.br\/emfoco\/2025\/08\/05\/as-previsoes-mais-assustadoras-de-stephen-hawking-sobre-o-fim-da-humanidade\/#primaryimage","url":"https:\/\/www.em.com.br\/emfoco\/wp-content\/uploads\/2025\/08\/Stephen-Hawking_1754179228457.jpg","contentUrl":"https:\/\/www.em.com.br\/emfoco\/wp-content\/uploads\/2025\/08\/Stephen-Hawking_1754179228457.jpg","width":1280,"height":720,"caption":"Stephen Hawking - Cr\u00e9ditos: depositphotos.com \/ ifeelstock"},{"@type":"BreadcrumbList","@id":"https:\/\/www.em.com.br\/emfoco\/2025\/08\/05\/as-previsoes-mais-assustadoras-de-stephen-hawking-sobre-o-fim-da-humanidade\/#breadcrumb","itemListElement":[{"@type":"ListItem","position":1,"name":"In\u00edcio","item":"https:\/\/www.em.com.br\/emfoco\/"},{"@type":"ListItem","position":2,"name":"As previs\u00f5es mais assustadoras de Stephen Hawking sobre o fim da humanidade"}]},{"@type":"WebSite","@id":"https:\/\/www.em.com.br\/emfoco\/#website","url":"https:\/\/www.em.com.br\/emfoco\/","name":"Estado de Minas - Em foco","description":"Acompanhe as \u00faltimas not\u00edcias e fique bem informado sobre tudo o que acontece em Minas Gerais, Brasil e no mundo.","potentialAction":[{"@type":"SearchAction","target":{"@type":"EntryPoint","urlTemplate":"https:\/\/www.em.com.br\/emfoco\/?s={search_term_string}"},"query-input":{"@type":"PropertyValueSpecification","valueRequired":true,"valueName":"search_term_string"}}],"inLanguage":"pt-BR"},{"@type":"Person","@id":"https:\/\/www.em.com.br\/emfoco\/#\/schema\/person\/60eda09c1fedf0d6891f4cef4b60b8b8","name":"Andre\u0301 Rangel\u00a0","image":{"@type":"ImageObject","inLanguage":"pt-BR","@id":"https:\/\/www.em.com.br\/emfoco\/#\/schema\/person\/image\/","url":"https:\/\/secure.gravatar.com\/avatar\/6234dc814c77c8ef6d8bba622c787efc?s=96&d=mm&r=g","contentUrl":"https:\/\/secure.gravatar.com\/avatar\/6234dc814c77c8ef6d8bba622c787efc?s=96&d=mm&r=g","caption":"Andre\u0301 Rangel\u00a0"},"url":"https:\/\/www.em.com.br\/emfoco\/author\/luizmyth\/"}]}},"_links":{"self":[{"href":"https:\/\/www.em.com.br\/emfoco\/wp-json\/wp\/v2\/posts\/85787","targetHints":{"allow":["GET"]}}],"collection":[{"href":"https:\/\/www.em.com.br\/emfoco\/wp-json\/wp\/v2\/posts"}],"about":[{"href":"https:\/\/www.em.com.br\/emfoco\/wp-json\/wp\/v2\/types\/post"}],"author":[{"embeddable":true,"href":"https:\/\/www.em.com.br\/emfoco\/wp-json\/wp\/v2\/users\/11"}],"replies":[{"embeddable":true,"href":"https:\/\/www.em.com.br\/emfoco\/wp-json\/wp\/v2\/comments?post=85787"}],"version-history":[{"count":1,"href":"https:\/\/www.em.com.br\/emfoco\/wp-json\/wp\/v2\/posts\/85787\/revisions"}],"predecessor-version":[{"id":85790,"href":"https:\/\/www.em.com.br\/emfoco\/wp-json\/wp\/v2\/posts\/85787\/revisions\/85790"}],"wp:featuredmedia":[{"embeddable":true,"href":"https:\/\/www.em.com.br\/emfoco\/wp-json\/wp\/v2\/media\/85789"}],"wp:attachment":[{"href":"https:\/\/www.em.com.br\/emfoco\/wp-json\/wp\/v2\/media?parent=85787"}],"wp:term":[{"taxonomy":"category","embeddable":true,"href":"https:\/\/www.em.com.br\/emfoco\/wp-json\/wp\/v2\/categories?post=85787"},{"taxonomy":"post_tag","embeddable":true,"href":"https:\/\/www.em.com.br\/emfoco\/wp-json\/wp\/v2\/tags?post=85787"}],"curies":[{"name":"wp","href":"https:\/\/api.w.org\/{rel}","templated":true}]}}