{"id":8544,"date":"2025-01-10T11:40:00","date_gmt":"2025-01-10T14:40:00","guid":{"rendered":"https:\/\/www.em.com.br\/emfoco\/?p=8544"},"modified":"2025-01-04T10:54:07","modified_gmt":"2025-01-04T13:54:07","slug":"saiba-tudo-sobre-a-nova-taxa-de-preservacao-ambiental-em-fernando-de-noronha","status":"publish","type":"post","link":"https:\/\/www.em.com.br\/emfoco\/2025\/01\/10\/saiba-tudo-sobre-a-nova-taxa-de-preservacao-ambiental-em-fernando-de-noronha\/","title":{"rendered":"Saiba tudo sobre a nova Taxa de Preserva\u00e7\u00e3o Ambiental em Fernando de Noronha"},"content":{"rendered":"\n<p>Fernando de Noronha, um dos destinos mais procurados no Brasil, introduziu um ajuste no valor da <strong><a href=\"https:\/\/www.noronha.pe.gov.br\/catalogo-de-servicos\/taxa-de-preservacao-ambiental-tpa\/\" target=\"_blank\" rel=\"noreferrer noopener\">Taxa de Preserva\u00e7\u00e3o Ambiental<\/a><\/strong> (TPA), um tributo obrigat\u00f3rio para quem deseja visitar o arquip\u00e9lago. Este ajuste \u00e9 parte de uma pol\u00edtica de preserva\u00e7\u00e3o ambiental existente h\u00e1 mais de tr\u00eas d\u00e9cadas. A partir deste ano, o custo di\u00e1rio passou de R$ 97,16 para R$ 101,33, refletindo um aumento de 4,2% baseado na varia\u00e7\u00e3o do \u00cdndice Nacional de Pre\u00e7os ao Consumidor Amplo (IPCA).<\/p>\n\n\n\n<p>A TPA \u00e9 aplicada de forma progressiva, com a inten\u00e7\u00e3o de desincentivar estadas prolongadas na ilha, pressionando assim o ecossistema local. Moradores, parentes de primeiro grau e trabalhadores em servi\u00e7o s\u00e3o as \u00fanicas categorias isentas desta taxa. A cobran\u00e7a pode ser efetuada por cart\u00e3o de cr\u00e9dito, boleto banc\u00e1rio ou diretamente no aeroporto. Para maior comodidade, o pagamento tamb\u00e9m pode ser realizado online.<\/p>\n\n\n\n<h2 class=\"wp-block-heading\">Por que a Taxa de Preserva\u00e7\u00e3o Ambiental \u00e9 Importante?<\/h2>\n\n\n\n<p>A preserva\u00e7\u00e3o do ambiente \u00e9 uma prioridade em Noronha, e a TPA desempenha um papel crucial nesse processo. O arquip\u00e9lago abriga um ecossistema diverso que requer cuidados espec\u00edficos para manuten\u00e7\u00e3o de sua flora e fauna. Os recursos obtidos com a taxa s\u00e3o destinados \u00e0 infraestrutura, \u00e0 preserva\u00e7\u00e3o ambiental e \u00e0 melhoria das experi\u00eancias tur\u00edsticas, garantindo que o impacto humano na ilha seja controlado e sustent\u00e1vel.<\/p>\n\n\n\n<p>O ajuste anual da TPA \u00e9 uma medida prevista por lei, visando alinhar o valor a ser pago pelos visitantes com a infla\u00e7\u00e3o anual calculada pelo IPCA. Isso assegura que as receitas recolhidas sejam suficientes para cobrir os custos crescentes das atividades de conserva\u00e7\u00e3o e manuten\u00e7\u00e3o do ambiente natural \u00fanico que Noronha oferece.<\/p>\n\n\n\n<figure class=\"wp-block-image size-large\"><img loading=\"lazy\" decoding=\"async\" width=\"1024\" height=\"576\" src=\"https:\/\/www.em.com.br\/emfoco\/wp-content\/uploads\/2024\/12\/Fernando-de-Noronha_1734015301107-1024x576.jpg\" alt=\"Descubra Um Dos Melhores Destinos do Brasil!\" class=\"wp-image-4537\" srcset=\"https:\/\/www.em.com.br\/emfoco\/wp-content\/uploads\/2024\/12\/Fernando-de-Noronha_1734015301107-1024x576.jpg 1024w, https:\/\/www.em.com.br\/emfoco\/wp-content\/uploads\/2024\/12\/Fernando-de-Noronha_1734015301107-300x169.jpg 300w, https:\/\/www.em.com.br\/emfoco\/wp-content\/uploads\/2024\/12\/Fernando-de-Noronha_1734015301107-768x432.jpg 768w, https:\/\/www.em.com.br\/emfoco\/wp-content\/uploads\/2024\/12\/Fernando-de-Noronha_1734015301107-750x422.jpg 750w, https:\/\/www.em.com.br\/emfoco\/wp-content\/uploads\/2024\/12\/Fernando-de-Noronha_1734015301107-1140x641.jpg 1140w, https:\/\/www.em.com.br\/emfoco\/wp-content\/uploads\/2024\/12\/Fernando-de-Noronha_1734015301107.jpg 1280w\" sizes=\"auto, (max-width: 1024px) 100vw, 1024px\" \/><figcaption class=\"wp-element-caption\">Fernando de Noronha em Pernambuco &#8211; Cr\u00e9ditos: depositphotos.com \/ marconicouto<\/figcaption><\/figure>\n\n\n\n<h2 class=\"wp-block-heading\">Quanto Custa Prolongar a Estadia em Fernando de Noronha?<\/h2>\n\n\n\n<p>Um aspecto interessante do sistema de cobran\u00e7a da TPA \u00e9 sua natureza progressiva. Os visitantes que desejam passar per\u00edodos mais longos na ilha de Noronha ter\u00e3o de investir quantias significativamente maiores. Por exemplo, enquanto uma estadia de 10 dias pode custar mais de R$ 800, uma perman\u00eancia de 30 dias pode exceder R$ 7 mil. Esta abordagem desencoraja estadias prolongadas que poderiam desafiar a capacidade de suporte ambiental do arquip\u00e9lago.<\/p>\n\n\n\n<p>Al\u00e9m do custo fixo, h\u00e1 uma penalidade financeira para visitas n\u00e3o agendadas com anteced\u00eancia. Se a estadia do turista n\u00e3o tiver sido previamente autorizada, o valor da TPA \u00e9 cobrado em dobro. Esta regra ajuda a manter o n\u00famero de visitantes em n\u00edveis gerenci\u00e1veis, minimizando o impacto no meio ambiente e nos recursos da ilha.<\/p>\n\n\n\n<h2 class=\"wp-block-heading\">Como a Taxa de Preserva\u00e7\u00e3o Afeta o Turismo em Noronha?<\/h2>\n\n\n\n<p>No \u00faltimo ano, no primeiro semestre, <strong><a href=\"https:\/\/www.em.com.br\/emfoco\/2024\/12\/09\/paraiso-com-21-ilhas-no-brasil-venha-conhecer\/\" target=\"_blank\" rel=\"noreferrer noopener\">Fernando de Noronha<\/a><\/strong> registrou mais de 56 mil visitantes apenas no Parque Nacional Marinho. A TPA, embora represente um custo adicional, n\u00e3o parece ter desmotivado os turistas, indicando que muitos reconhecem a necessidade e a import\u00e2ncia de contribuir para a preserva\u00e7\u00e3o do destino. A pol\u00edtica de taxa progressiva tamb\u00e9m estimula visitas bem planejadas e programadas, favorecendo um turismo mais consciente e sustent\u00e1vel.<\/p>\n\n\n\n<p>O turismo em Fernando de Noronha \u00e9 uma componente crucial da economia local. Ao alinhar pr\u00e1ticas de turismo com as necessidades ambientais, a administra\u00e7\u00e3o do arquip\u00e9lago est\u00e1 promovendo um equil\u00edbrio crucial entre interesses econ\u00f4micos e a preserva\u00e7\u00e3o ambiental.<\/p>\n\n\n\n<h2 class=\"wp-block-heading\">Quais os Benef\u00edcios da Preserva\u00e7\u00e3o para a Comunidade e Visitantes?<\/h2>\n\n\n\n<p>O sistema de TPA trouxe mais responsabilidade tanto para visitantes como para a comunidade local. Com a verba arrecadada, tornou-se poss\u00edvel investir em melhorias que beneficiam a popula\u00e7\u00e3o residente e os turistas. Infraestruturas de suporte, sistemas de saneamento e projetos de conserva\u00e7\u00e3o s\u00e3o algumas das \u00e1reas que t\u00eam sido fortalecidas gra\u00e7as \u00e0s receitas da TPA.<\/p>\n\n\n\n<p>Os visitantes tamb\u00e9m se beneficiam de um ambiente menos lotado e mais limpo, essencial para experi\u00eancias de turismo de qualidade. Ao conscientizar turistas sobre as implica\u00e7\u00f5es de sua visita, promove-se um turismo educacional que valoriza o ambiente e as pr\u00e1ticas sustent\u00e1veis.<\/p>\n","protected":false},"excerpt":{"rendered":"<p>Fernando de Noronha, um dos destinos mais procurados no Brasil, introduziu um ajuste no valor da Taxa de Preserva\u00e7\u00e3o Ambiental (TPA), um tributo obrigat\u00f3rio para quem deseja visitar o arquip\u00e9lago. Este ajuste \u00e9 parte de uma pol\u00edtica de preserva\u00e7\u00e3o ambiental existente h\u00e1 mais de tr\u00eas d\u00e9cadas. A partir deste ano, o custo di\u00e1rio passou de [&hellip;]<\/p>\n","protected":false},"author":5,"featured_media":3057,"comment_status":"open","ping_status":"open","sticky":false,"template":"","format":"standard","meta":{"jnews-multi-image_gallery":[],"jnews_single_post":{"format":"standard"},"jnews_primary_category":[],"jnews_social_meta":[],"jnews_override_counter":[],"footnotes":""},"categories":[26,1],"tags":[1474,2956,157],"class_list":["post-8544","post","type-post","status-publish","format-standard","has-post-thumbnail","hentry","category-cidades","category-noticias","tag-fernando-de-noronha","tag-preservacao-ambiental","tag-turismo"],"yoast_head":"<!-- This site is optimized with the Yoast SEO plugin v23.8 - https:\/\/yoast.com\/wordpress\/plugins\/seo\/ -->\n<title>Saiba tudo sobre a nova Taxa de Preserva\u00e7\u00e3o Ambiental em Fernando de Noronha - Estado de Minas - Em foco<\/title>\n<meta name=\"description\" content=\"Noronha atualiza a TPA para R$ 101,33\/dia em 2024. Veja como o aumento ajuda na preserva\u00e7\u00e3o do para\u00edso natural!\" \/>\n<meta name=\"robots\" content=\"index, follow, max-snippet:-1, max-image-preview:large, max-video-preview:-1\" \/>\n<link rel=\"canonical\" href=\"https:\/\/www.em.com.br\/emfoco\/2025\/01\/10\/saiba-tudo-sobre-a-nova-taxa-de-preservacao-ambiental-em-fernando-de-noronha\/\" \/>\n<meta property=\"og:locale\" content=\"pt_BR\" \/>\n<meta property=\"og:type\" content=\"article\" \/>\n<meta property=\"og:title\" content=\"Saiba tudo sobre a nova Taxa de Preserva\u00e7\u00e3o Ambiental em Fernando de Noronha - Estado de Minas - Em foco\" \/>\n<meta property=\"og:description\" content=\"Noronha atualiza a TPA para R$ 101,33\/dia em 2024. Veja como o aumento ajuda na preserva\u00e7\u00e3o do para\u00edso natural!\" \/>\n<meta property=\"og:url\" content=\"https:\/\/www.em.com.br\/emfoco\/2025\/01\/10\/saiba-tudo-sobre-a-nova-taxa-de-preservacao-ambiental-em-fernando-de-noronha\/\" \/>\n<meta property=\"og:site_name\" content=\"Estado de Minas - Em foco\" \/>\n<meta property=\"article:published_time\" content=\"2025-01-10T14:40:00+00:00\" \/>\n<meta property=\"article:modified_time\" content=\"2025-01-04T13:54:07+00:00\" \/>\n<meta property=\"og:image\" content=\"https:\/\/www.em.com.br\/emfoco\/wp-content\/uploads\/2024\/12\/Fernando-de-Noronha_1733257847688.jpg\" \/>\n\t<meta property=\"og:image:width\" content=\"1280\" \/>\n\t<meta property=\"og:image:height\" content=\"720\" \/>\n\t<meta property=\"og:image:type\" content=\"image\/jpeg\" \/>\n<meta name=\"author\" content=\"N\u00fabia Rangel\" \/>\n<meta name=\"twitter:card\" content=\"summary_large_image\" \/>\n<meta name=\"twitter:label1\" content=\"Escrito por\" \/>\n\t<meta name=\"twitter:data1\" content=\"N\u00fabia Rangel\" \/>\n\t<meta name=\"twitter:label2\" content=\"Est. tempo de leitura\" \/>\n\t<meta name=\"twitter:data2\" content=\"4 minutos\" \/>\n<!-- \/ Yoast SEO plugin. -->","yoast_head_json":{"title":"Saiba tudo sobre a nova Taxa de Preserva\u00e7\u00e3o Ambiental em Fernando de Noronha - Estado de Minas - Em foco","description":"Noronha atualiza a TPA para R$ 101,33\/dia em 2024. Veja como o aumento ajuda na preserva\u00e7\u00e3o do para\u00edso natural!","robots":{"index":"index","follow":"follow","max-snippet":"max-snippet:-1","max-image-preview":"max-image-preview:large","max-video-preview":"max-video-preview:-1"},"canonical":"https:\/\/www.em.com.br\/emfoco\/2025\/01\/10\/saiba-tudo-sobre-a-nova-taxa-de-preservacao-ambiental-em-fernando-de-noronha\/","og_locale":"pt_BR","og_type":"article","og_title":"Saiba tudo sobre a nova Taxa de Preserva\u00e7\u00e3o Ambiental em Fernando de Noronha - Estado de Minas - Em foco","og_description":"Noronha atualiza a TPA para R$ 101,33\/dia em 2024. Veja como o aumento ajuda na preserva\u00e7\u00e3o do para\u00edso natural!","og_url":"https:\/\/www.em.com.br\/emfoco\/2025\/01\/10\/saiba-tudo-sobre-a-nova-taxa-de-preservacao-ambiental-em-fernando-de-noronha\/","og_site_name":"Estado de Minas - Em foco","article_published_time":"2025-01-10T14:40:00+00:00","article_modified_time":"2025-01-04T13:54:07+00:00","og_image":[{"width":1280,"height":720,"url":"https:\/\/www.em.com.br\/emfoco\/wp-content\/uploads\/2024\/12\/Fernando-de-Noronha_1733257847688.jpg","type":"image\/jpeg"}],"author":"N\u00fabia Rangel","twitter_card":"summary_large_image","twitter_misc":{"Escrito por":"N\u00fabia Rangel","Est. tempo de leitura":"4 minutos"},"schema":{"@context":"https:\/\/schema.org","@graph":[{"@type":"WebPage","@id":"https:\/\/www.em.com.br\/emfoco\/2025\/01\/10\/saiba-tudo-sobre-a-nova-taxa-de-preservacao-ambiental-em-fernando-de-noronha\/","url":"https:\/\/www.em.com.br\/emfoco\/2025\/01\/10\/saiba-tudo-sobre-a-nova-taxa-de-preservacao-ambiental-em-fernando-de-noronha\/","name":"Saiba tudo sobre a nova Taxa de Preserva\u00e7\u00e3o Ambiental em Fernando de Noronha - Estado de Minas - Em foco","isPartOf":{"@id":"https:\/\/www.em.com.br\/emfoco\/#website"},"primaryImageOfPage":{"@id":"https:\/\/www.em.com.br\/emfoco\/2025\/01\/10\/saiba-tudo-sobre-a-nova-taxa-de-preservacao-ambiental-em-fernando-de-noronha\/#primaryimage"},"image":{"@id":"https:\/\/www.em.com.br\/emfoco\/2025\/01\/10\/saiba-tudo-sobre-a-nova-taxa-de-preservacao-ambiental-em-fernando-de-noronha\/#primaryimage"},"thumbnailUrl":"https:\/\/www.em.com.br\/emfoco\/wp-content\/uploads\/2024\/12\/Fernando-de-Noronha_1733257847688.jpg","datePublished":"2025-01-10T14:40:00+00:00","dateModified":"2025-01-04T13:54:07+00:00","author":{"@id":"https:\/\/www.em.com.br\/emfoco\/#\/schema\/person\/524437ef54f8a5d32591b143307f2e20"},"description":"Noronha atualiza a TPA para R$ 101,33\/dia em 2024. Veja como o aumento ajuda na preserva\u00e7\u00e3o do para\u00edso natural!","breadcrumb":{"@id":"https:\/\/www.em.com.br\/emfoco\/2025\/01\/10\/saiba-tudo-sobre-a-nova-taxa-de-preservacao-ambiental-em-fernando-de-noronha\/#breadcrumb"},"inLanguage":"pt-BR","potentialAction":[{"@type":"ReadAction","target":["https:\/\/www.em.com.br\/emfoco\/2025\/01\/10\/saiba-tudo-sobre-a-nova-taxa-de-preservacao-ambiental-em-fernando-de-noronha\/"]}]},{"@type":"ImageObject","inLanguage":"pt-BR","@id":"https:\/\/www.em.com.br\/emfoco\/2025\/01\/10\/saiba-tudo-sobre-a-nova-taxa-de-preservacao-ambiental-em-fernando-de-noronha\/#primaryimage","url":"https:\/\/www.em.com.br\/emfoco\/wp-content\/uploads\/2024\/12\/Fernando-de-Noronha_1733257847688.jpg","contentUrl":"https:\/\/www.em.com.br\/emfoco\/wp-content\/uploads\/2024\/12\/Fernando-de-Noronha_1733257847688.jpg","width":1280,"height":720,"caption":"Fernando de Noronha - Cr\u00e9ditos: depositphotos.com \/ MaRabelo"},{"@type":"BreadcrumbList","@id":"https:\/\/www.em.com.br\/emfoco\/2025\/01\/10\/saiba-tudo-sobre-a-nova-taxa-de-preservacao-ambiental-em-fernando-de-noronha\/#breadcrumb","itemListElement":[{"@type":"ListItem","position":1,"name":"In\u00edcio","item":"https:\/\/www.em.com.br\/emfoco\/"},{"@type":"ListItem","position":2,"name":"Saiba tudo sobre a nova Taxa de Preserva\u00e7\u00e3o Ambiental em Fernando de Noronha"}]},{"@type":"WebSite","@id":"https:\/\/www.em.com.br\/emfoco\/#website","url":"https:\/\/www.em.com.br\/emfoco\/","name":"Estado de Minas - Em foco","description":"Acompanhe as \u00faltimas not\u00edcias e fique bem informado sobre tudo o que acontece em Minas Gerais, Brasil e no mundo.","potentialAction":[{"@type":"SearchAction","target":{"@type":"EntryPoint","urlTemplate":"https:\/\/www.em.com.br\/emfoco\/?s={search_term_string}"},"query-input":{"@type":"PropertyValueSpecification","valueRequired":true,"valueName":"search_term_string"}}],"inLanguage":"pt-BR"},{"@type":"Person","@id":"https:\/\/www.em.com.br\/emfoco\/#\/schema\/person\/524437ef54f8a5d32591b143307f2e20","name":"N\u00fabia Rangel","image":{"@type":"ImageObject","inLanguage":"pt-BR","@id":"https:\/\/www.em.com.br\/emfoco\/#\/schema\/person\/image\/","url":"https:\/\/secure.gravatar.com\/avatar\/47cff2827a5ba23c37e8068c86817ea4?s=96&d=mm&r=g","contentUrl":"https:\/\/secure.gravatar.com\/avatar\/47cff2827a5ba23c37e8068c86817ea4?s=96&d=mm&r=g","caption":"N\u00fabia Rangel"},"sameAs":["https:\/\/www.em.com.br\/emfoco\/"],"url":"https:\/\/www.em.com.br\/emfoco\/author\/nubiamyth\/"}]}},"_links":{"self":[{"href":"https:\/\/www.em.com.br\/emfoco\/wp-json\/wp\/v2\/posts\/8544","targetHints":{"allow":["GET"]}}],"collection":[{"href":"https:\/\/www.em.com.br\/emfoco\/wp-json\/wp\/v2\/posts"}],"about":[{"href":"https:\/\/www.em.com.br\/emfoco\/wp-json\/wp\/v2\/types\/post"}],"author":[{"embeddable":true,"href":"https:\/\/www.em.com.br\/emfoco\/wp-json\/wp\/v2\/users\/5"}],"replies":[{"embeddable":true,"href":"https:\/\/www.em.com.br\/emfoco\/wp-json\/wp\/v2\/comments?post=8544"}],"version-history":[{"count":2,"href":"https:\/\/www.em.com.br\/emfoco\/wp-json\/wp\/v2\/posts\/8544\/revisions"}],"predecessor-version":[{"id":8549,"href":"https:\/\/www.em.com.br\/emfoco\/wp-json\/wp\/v2\/posts\/8544\/revisions\/8549"}],"wp:featuredmedia":[{"embeddable":true,"href":"https:\/\/www.em.com.br\/emfoco\/wp-json\/wp\/v2\/media\/3057"}],"wp:attachment":[{"href":"https:\/\/www.em.com.br\/emfoco\/wp-json\/wp\/v2\/media?parent=8544"}],"wp:term":[{"taxonomy":"category","embeddable":true,"href":"https:\/\/www.em.com.br\/emfoco\/wp-json\/wp\/v2\/categories?post=8544"},{"taxonomy":"post_tag","embeddable":true,"href":"https:\/\/www.em.com.br\/emfoco\/wp-json\/wp\/v2\/tags?post=8544"}],"curies":[{"name":"wp","href":"https:\/\/api.w.org\/{rel}","templated":true}]}}