{"id":85405,"date":"2025-08-02T22:38:00","date_gmt":"2025-08-03T01:38:00","guid":{"rendered":"https:\/\/www.em.com.br\/emfoco\/?p=85405"},"modified":"2025-08-01T21:54:46","modified_gmt":"2025-08-02T00:54:46","slug":"caixa-tem-facilita-o-saque-do-bolsa-familia-com-cartao-virtual-e-extrato","status":"publish","type":"post","link":"https:\/\/www.em.com.br\/emfoco\/2025\/08\/02\/caixa-tem-facilita-o-saque-do-bolsa-familia-com-cartao-virtual-e-extrato\/","title":{"rendered":"Caixa Tem facilita o saque do Bolsa Fam\u00edlia com cart\u00e3o virtual e extrato"},"content":{"rendered":"\n<p>O programa social <strong><a href=\"https:\/\/www.em.com.br\/emfoco\/2025\/07\/31\/bolsa-familia-libera-pagamento-para-os-nis-de-final-1-2-e-3\/\" target=\"_blank\" rel=\"noreferrer noopener\">Bolsa Fam\u00edlia<\/a><\/strong> \u00e9 uma pol\u00edtica p\u00fablica essencial no <strong>Brasil<\/strong>, especialmente no ano de 2025, quando se mant\u00e9m como uma das principais formas de apoio financeiro para fam\u00edlias de baixa renda. O in\u00edcio do cronograma de pagamentos para agosto deste ano teve in\u00edcio no dia 18, beneficiando inicialmente aqueles com o <strong>N\u00famero de Identifica\u00e7\u00e3o Social<\/strong> (NIS) de final 1. Seguindo o cronograma, o pagamento se estende at\u00e9 o dia 29 para os que possuem NIS com final 0. Esta estrutura de pagamentos escalonados ajuda a organizar melhor o fluxo de recursos e evita congestionamentos nos pontos de saque.<\/p>\n\n\n\n<p>Al\u00e9m do <strong>Bolsa Fam\u00edlia<\/strong>, um complemento relevante para algumas fam\u00edlias \u00e9 o aux\u00edlio-g\u00e1s. Institu\u00eddo para minimizar o impacto do custo do g\u00e1s de cozinha no or\u00e7amento das fam\u00edlias mais vulner\u00e1veis, o aux\u00edlio-g\u00e1s \u00e9 pago em meses pares e equivale a 100% do valor m\u00e9dio nacional do botij\u00e3o de 13kg, conforme informado pela <strong>Ag\u00eancia Nacional do Petr\u00f3leo, G\u00e1s Natural e Biocombust\u00edveis<\/strong> (ANP). Esta ajuda financeira adicional serve como um al\u00edvio significativo, particularmente em tempos de pre\u00e7os vol\u00e1teis.<\/p>\n\n\n\n<h2 class=\"wp-block-heading\">Como se qualificar para o Bolsa Fam\u00edlia?<\/h2>\n\n\n<div class=\"wp-block-image\">\n<figure class=\"aligncenter size-large\"><img loading=\"lazy\" decoding=\"async\" width=\"1024\" height=\"576\" src=\"https:\/\/www.em.com.br\/emfoco\/wp-content\/uploads\/2025\/06\/bolsa-familia-brasil_1749152247546-1024x576.jpg\" alt=\"Sem benef\u00edcios sociais o pa\u00eds enfrentaria um cen\u00e1rio ainda mais cr\u00edtico\" class=\"wp-image-56500\" srcset=\"https:\/\/www.em.com.br\/emfoco\/wp-content\/uploads\/2025\/06\/bolsa-familia-brasil_1749152247546-1024x576.jpg 1024w, https:\/\/www.em.com.br\/emfoco\/wp-content\/uploads\/2025\/06\/bolsa-familia-brasil_1749152247546-300x169.jpg 300w, https:\/\/www.em.com.br\/emfoco\/wp-content\/uploads\/2025\/06\/bolsa-familia-brasil_1749152247546-768x432.jpg 768w, https:\/\/www.em.com.br\/emfoco\/wp-content\/uploads\/2025\/06\/bolsa-familia-brasil_1749152247546-750x422.jpg 750w, https:\/\/www.em.com.br\/emfoco\/wp-content\/uploads\/2025\/06\/bolsa-familia-brasil_1749152247546-1140x641.jpg 1140w, https:\/\/www.em.com.br\/emfoco\/wp-content\/uploads\/2025\/06\/bolsa-familia-brasil_1749152247546.jpg 1280w\" sizes=\"auto, (max-width: 1024px) 100vw, 1024px\" \/><figcaption class=\"wp-element-caption\">Cart\u00e3o do Bolsa fam\u00edlia &#8211; Cr\u00e9ditos: depositphotos.com \/ joasouza<\/figcaption><\/figure><\/div>\n\n\n<p>O crit\u00e9rio principal para receber o <strong>Bolsa Fam\u00edlia<\/strong> \u00e9 ter uma renda mensal per capita de at\u00e9 R$ 218. Isso implica que a renda total da fam\u00edlia deve ser dividida pelo n\u00famero de integrantes, e se o resultado for inferior ao valor estipulado, a fam\u00edlia \u00e9 considerada eleg\u00edvel para o programa. Por exemplo, uma fam\u00edlia de sete pessoas, onde um membro recebe um sal\u00e1rio m\u00ednimo de R$ 1.518, teria uma renda per capita de R$ 216,85; portanto, poderia qualificar-se para o benef\u00edcio.<\/p>\n\n\n\n<p>Vale destacar que a atualiza\u00e7\u00e3o dos dados no <strong><a href=\"https:\/\/www.gov.br\/pt-br\/servicos\/consultar-dados-do-cadastro-unico-cadunico\" target=\"_blank\" rel=\"noreferrer noopener\">Cadastro \u00danico<\/a><\/strong> \u00e9 fundamental para a manuten\u00e7\u00e3o do benef\u00edcio. Informa\u00e7\u00f5es desatualizadas podem levar ao bloqueio tempor\u00e1rio ou at\u00e9 mesmo ao cancelamento do pagamento, refor\u00e7ando a import\u00e2ncia de manter sempre os dados atualizados junto ao <strong>CRAS<\/strong>.<\/p>\n\n\n\n<h2 class=\"wp-block-heading\">Quais s\u00e3o os requisitos adicionais para os benefici\u00e1rios?<\/h2>\n\n\n\n<p>A participa\u00e7\u00e3o no programa n\u00e3o se resume apenas \u00e0 renda. As fam\u00edlias devem tamb\u00e9m cumprir obriga\u00e7\u00f5es espec\u00edficas, como assegurar que crian\u00e7as e adolescentes frequentem a escola e garantir que gestantes fa\u00e7am o acompanhamento pr\u00e9-natal adequado. A imuniza\u00e7\u00e3o de todos os membros deve estar em dia, assegurando que as carteiras de vacina\u00e7\u00e3o estejam sempre atualizadas. Tais exig\u00eancias visam estimular a educa\u00e7\u00e3o e a sa\u00fade, refor\u00e7ando o compromisso da sociedade com o bem-estar de seus cidad\u00e3os.<\/p>\n\n\n\n<p>Al\u00e9m dessas exig\u00eancias, existem acompanhamentos regulares feitos pelas equipes de assist\u00eancia social e sa\u00fade. A cada ciclo de pagamento, \u00e9 necess\u00e1rio apresentar documentos que comprovem a regularidade dessas obriga\u00e7\u00f5es, o que ajuda no monitoramento e na efic\u00e1cia do programa <strong>Bolsa Fam\u00edlia<\/strong>.<\/p>\n\n\n\n<h2 class=\"wp-block-heading\">Como \u00e9 feito o cadastro e a retirada dos benef\u00edcios?<\/h2>\n\n\n\n<p>Para inscrever-se no <strong>Bolsa Fam\u00edlia<\/strong>, o ingresso no <strong>Cadastro \u00danico<\/strong> (Cad\u00danico) \u00e9 necess\u00e1rio, permitindo a inclus\u00e3o em diversos programas sociais do governo. A inscri\u00e7\u00e3o deve ser realizada nas unidades dos <strong>Centros de Refer\u00eancia da Assist\u00eancia Social<\/strong> (Cras) municipais. Contudo, estar presente no <strong>Cad\u00danico <\/strong>n\u00e3o garante a participa\u00e7\u00e3o no programa automaticamente; \u00e9 apenas o primeiro passo para a avalia\u00e7\u00e3o da elegibilidade.<\/p>\n\n\n\n<p>Os pagamentos podem ser movimentados facilmente atrav\u00e9s do aplicativo <strong>Caixa Tem<\/strong>, que oferece facilidades como o cart\u00e3o virtual para compras e saques em terminais de autoatendimento, lot\u00e9ricas e correspondentes banc\u00e1rios, al\u00e9m das ag\u00eancias da <strong>Caixa Econ\u00f4mica Federal<\/strong>. Esta moderniza\u00e7\u00e3o dos servi\u00e7os assegura praticidade e acessibilidade aos benefici\u00e1rios, contribuindo para uma utiliza\u00e7\u00e3o mais eficiente dos recursos disponibilizados.<\/p>\n\n\n\n<h2 class=\"wp-block-heading\">Benef\u00edcios adicionais e servi\u00e7os oferecidos<\/h2>\n\n\n\n<p>Os benefici\u00e1rios do <strong>Bolsa Fam\u00edlia<\/strong> podem ainda acessar outros servi\u00e7os sociais por meio do <strong>Cad\u00danico<\/strong>, como <strong>Tarifa Social de Energia El\u00e9trica<\/strong>, <strong>Benef\u00edcio de Presta\u00e7\u00e3o Continuada<\/strong> (BPC), isen\u00e7\u00e3o de taxas em concursos p\u00fablicos, entre outros. Isso garante maior prote\u00e7\u00e3o social para as fam\u00edlias em situa\u00e7\u00e3o de vulnerabilidade.<\/p>\n\n\n\n<p>Al\u00e9m do aux\u00edlio-g\u00e1s, mencionado anteriormente, alguns estados e munic\u00edpios oferecem benef\u00edcios complementares, como a distribui\u00e7\u00e3o de cestas b\u00e1sicas e aux\u00edlio-moradia, refor\u00e7ando a rede de prote\u00e7\u00e3o social para quem mais precisa.<\/p>\n\n\n\n<h2 class=\"wp-block-heading\">Calend\u00e1rio e organiza\u00e7\u00e3o dos pagamentos<\/h2>\n\n\n<div class=\"wp-block-image\">\n<figure class=\"aligncenter size-large\"><img loading=\"lazy\" decoding=\"async\" width=\"1024\" height=\"576\" src=\"https:\/\/www.em.com.br\/emfoco\/wp-content\/uploads\/2025\/06\/8570314b-6e14-424b-9ff7-dba10bb136fb-1-1024x576.jpeg\" alt=\"Pagamentos do Bolsa Fam\u00edlia em julho come\u00e7am dia 18 com novo cronograma\" class=\"wp-image-55085\" srcset=\"https:\/\/www.em.com.br\/emfoco\/wp-content\/uploads\/2025\/06\/8570314b-6e14-424b-9ff7-dba10bb136fb-1-1024x576.jpeg 1024w, https:\/\/www.em.com.br\/emfoco\/wp-content\/uploads\/2025\/06\/8570314b-6e14-424b-9ff7-dba10bb136fb-1-300x169.jpeg 300w, https:\/\/www.em.com.br\/emfoco\/wp-content\/uploads\/2025\/06\/8570314b-6e14-424b-9ff7-dba10bb136fb-1-768x432.jpeg 768w, https:\/\/www.em.com.br\/emfoco\/wp-content\/uploads\/2025\/06\/8570314b-6e14-424b-9ff7-dba10bb136fb-1-750x422.jpeg 750w, https:\/\/www.em.com.br\/emfoco\/wp-content\/uploads\/2025\/06\/8570314b-6e14-424b-9ff7-dba10bb136fb-1-1140x641.jpeg 1140w, https:\/\/www.em.com.br\/emfoco\/wp-content\/uploads\/2025\/06\/8570314b-6e14-424b-9ff7-dba10bb136fb-1.jpeg 1280w\" sizes=\"auto, (max-width: 1024px) 100vw, 1024px\" \/><figcaption class=\"wp-element-caption\">Calend\u00e1rio Bolsa fam\u00edlia &#8211; Divulga\u00e7\u00e3o: GOV.BR<\/figcaption><\/figure><\/div>\n\n\n<p>O calend\u00e1rio do <strong>Bolsa Fam\u00edlia<\/strong> \u00e9 elaborado para que os pagamentos sejam feitos de maneira escalonada, conforme o n\u00famero final do <strong>NIS <\/strong>de cada benefici\u00e1rio. Essa medida auxilia a evitar filas e aglomera\u00e7\u00f5es, principalmente em regi\u00f5es onde o acesso f\u00edsico aos pontos de saque ainda \u00e9 limitado, garantindo mais organiza\u00e7\u00e3o e seguran\u00e7a.<\/p>\n\n\n\n<p>As datas s\u00e3o amplamente divulgadas pelos canais oficiais do governo e tamb\u00e9m por meio do aplicativo <strong>Caixa Tem<\/strong>, onde os benefici\u00e1rios podem consultar seus extratos e confirmar dep\u00f3sitos. Caso ocorram d\u00favidas, o benefici\u00e1rio pode recorrer \u00e0s unidades do <strong>CRAS <\/strong>ou utilizar o telefone da <strong>Caixa <\/strong>para esclarecimentos.<\/p>\n\n\n\n<h2 class=\"wp-block-heading\">Impacto do Bolsa Fam\u00edlia no combate \u00e0 pobreza<\/h2>\n\n\n\n<p>O <strong>Bolsa Fam\u00edlia<\/strong> tem papel central na redu\u00e7\u00e3o das desigualdades sociais no <strong>Brasil<\/strong>. Desde sua cria\u00e7\u00e3o, milh\u00f5es de fam\u00edlias deixaram a extrema pobreza, melhorando indicadores como frequ\u00eancia escolar, sa\u00fade e alimenta\u00e7\u00e3o de crian\u00e7as e adolescentes em todo o pa\u00eds.<\/p>\n\n\n\n<p>Em 2025, com a atualiza\u00e7\u00e3o peri\u00f3dica dos valores e da estrutura dos benef\u00edcios, o programa segue sendo um pilar fundamental na luta contra a fome e a mis\u00e9ria, promovendo inclus\u00e3o social e cidadania de maneira concreta e efetiva.<\/p>\n","protected":false},"excerpt":{"rendered":"<p>O programa social Bolsa Fam\u00edlia \u00e9 uma pol\u00edtica p\u00fablica essencial no Brasil, especialmente no ano de 2025, quando se mant\u00e9m como uma das principais formas de apoio financeiro para fam\u00edlias de baixa renda. O in\u00edcio do cronograma de pagamentos para agosto deste ano teve in\u00edcio no dia 18, beneficiando inicialmente aqueles com o N\u00famero de [&hellip;]<\/p>\n","protected":false},"author":20,"featured_media":67038,"comment_status":"open","ping_status":"open","sticky":false,"template":"","format":"standard","meta":{"jnews-multi-image_gallery":[],"jnews_single_post":{"format":"standard"},"jnews_primary_category":[],"jnews_social_meta":[],"jnews_override_counter":[],"footnotes":""},"categories":[28,1],"tags":[12582,209,345],"class_list":["post-85405","post","type-post","status-publish","format-standard","has-post-thumbnail","hentry","category-economia","category-noticias","tag-auxilio-gas-2","tag-bolsa-familia","tag-nis"],"yoast_head":"<!-- This site is optimized with the Yoast SEO plugin v23.8 - https:\/\/yoast.com\/wordpress\/plugins\/seo\/ -->\n<title>Caixa Tem facilita o saque do Bolsa Fam\u00edlia com cart\u00e3o virtual e extrato - Estado de Minas - Em foco<\/title>\n<meta name=\"description\" content=\"Benefici\u00e1rios podem movimentar os valores com seguran\u00e7a pelo app e evitar filas utilizando terminais lot\u00e9ricas e ag\u00eancias da Caixa.\" \/>\n<meta name=\"robots\" content=\"index, follow, max-snippet:-1, max-image-preview:large, max-video-preview:-1\" \/>\n<link rel=\"canonical\" href=\"https:\/\/www.em.com.br\/emfoco\/2025\/08\/02\/caixa-tem-facilita-o-saque-do-bolsa-familia-com-cartao-virtual-e-extrato\/\" \/>\n<meta property=\"og:locale\" content=\"pt_BR\" \/>\n<meta property=\"og:type\" content=\"article\" \/>\n<meta property=\"og:title\" content=\"Caixa Tem facilita o saque do Bolsa Fam\u00edlia com cart\u00e3o virtual e extrato - Estado de Minas - Em foco\" \/>\n<meta property=\"og:description\" content=\"Benefici\u00e1rios podem movimentar os valores com seguran\u00e7a pelo app e evitar filas utilizando terminais lot\u00e9ricas e ag\u00eancias da Caixa.\" \/>\n<meta property=\"og:url\" content=\"https:\/\/www.em.com.br\/emfoco\/2025\/08\/02\/caixa-tem-facilita-o-saque-do-bolsa-familia-com-cartao-virtual-e-extrato\/\" \/>\n<meta property=\"og:site_name\" content=\"Estado de Minas - Em foco\" \/>\n<meta property=\"article:published_time\" content=\"2025-08-03T01:38:00+00:00\" \/>\n<meta property=\"article:modified_time\" content=\"2025-08-02T00:54:46+00:00\" \/>\n<meta property=\"og:image\" content=\"https:\/\/www.em.com.br\/emfoco\/wp-content\/uploads\/2025\/06\/beneficio-brasil_1750889248343.jpg\" \/>\n\t<meta property=\"og:image:width\" content=\"1280\" \/>\n\t<meta property=\"og:image:height\" content=\"720\" \/>\n\t<meta property=\"og:image:type\" content=\"image\/jpeg\" \/>\n<meta name=\"author\" content=\"Ingrid Diniz\" \/>\n<meta name=\"twitter:card\" content=\"summary_large_image\" \/>\n<meta name=\"twitter:label1\" content=\"Escrito por\" \/>\n\t<meta name=\"twitter:data1\" content=\"Ingrid Diniz\" \/>\n\t<meta name=\"twitter:label2\" content=\"Est. tempo de leitura\" \/>\n\t<meta name=\"twitter:data2\" content=\"6 minutos\" \/>\n<!-- \/ Yoast SEO plugin. -->","yoast_head_json":{"title":"Caixa Tem facilita o saque do Bolsa Fam\u00edlia com cart\u00e3o virtual e extrato - Estado de Minas - Em foco","description":"Benefici\u00e1rios podem movimentar os valores com seguran\u00e7a pelo app e evitar filas utilizando terminais lot\u00e9ricas e ag\u00eancias da Caixa.","robots":{"index":"index","follow":"follow","max-snippet":"max-snippet:-1","max-image-preview":"max-image-preview:large","max-video-preview":"max-video-preview:-1"},"canonical":"https:\/\/www.em.com.br\/emfoco\/2025\/08\/02\/caixa-tem-facilita-o-saque-do-bolsa-familia-com-cartao-virtual-e-extrato\/","og_locale":"pt_BR","og_type":"article","og_title":"Caixa Tem facilita o saque do Bolsa Fam\u00edlia com cart\u00e3o virtual e extrato - Estado de Minas - Em foco","og_description":"Benefici\u00e1rios podem movimentar os valores com seguran\u00e7a pelo app e evitar filas utilizando terminais lot\u00e9ricas e ag\u00eancias da Caixa.","og_url":"https:\/\/www.em.com.br\/emfoco\/2025\/08\/02\/caixa-tem-facilita-o-saque-do-bolsa-familia-com-cartao-virtual-e-extrato\/","og_site_name":"Estado de Minas - Em foco","article_published_time":"2025-08-03T01:38:00+00:00","article_modified_time":"2025-08-02T00:54:46+00:00","og_image":[{"width":1280,"height":720,"url":"https:\/\/www.em.com.br\/emfoco\/wp-content\/uploads\/2025\/06\/beneficio-brasil_1750889248343.jpg","type":"image\/jpeg"}],"author":"Ingrid Diniz","twitter_card":"summary_large_image","twitter_misc":{"Escrito por":"Ingrid Diniz","Est. tempo de leitura":"6 minutos"},"schema":{"@context":"https:\/\/schema.org","@graph":[{"@type":"WebPage","@id":"https:\/\/www.em.com.br\/emfoco\/2025\/08\/02\/caixa-tem-facilita-o-saque-do-bolsa-familia-com-cartao-virtual-e-extrato\/","url":"https:\/\/www.em.com.br\/emfoco\/2025\/08\/02\/caixa-tem-facilita-o-saque-do-bolsa-familia-com-cartao-virtual-e-extrato\/","name":"Caixa Tem facilita o saque do Bolsa Fam\u00edlia com cart\u00e3o virtual e extrato - Estado de Minas - Em foco","isPartOf":{"@id":"https:\/\/www.em.com.br\/emfoco\/#website"},"primaryImageOfPage":{"@id":"https:\/\/www.em.com.br\/emfoco\/2025\/08\/02\/caixa-tem-facilita-o-saque-do-bolsa-familia-com-cartao-virtual-e-extrato\/#primaryimage"},"image":{"@id":"https:\/\/www.em.com.br\/emfoco\/2025\/08\/02\/caixa-tem-facilita-o-saque-do-bolsa-familia-com-cartao-virtual-e-extrato\/#primaryimage"},"thumbnailUrl":"https:\/\/www.em.com.br\/emfoco\/wp-content\/uploads\/2025\/06\/beneficio-brasil_1750889248343.jpg","datePublished":"2025-08-03T01:38:00+00:00","dateModified":"2025-08-02T00:54:46+00:00","author":{"@id":"https:\/\/www.em.com.br\/emfoco\/#\/schema\/person\/649e610b4eb8fff87ff394e54fe17b2b"},"description":"Benefici\u00e1rios podem movimentar os valores com seguran\u00e7a pelo app e evitar filas utilizando terminais lot\u00e9ricas e ag\u00eancias da Caixa.","breadcrumb":{"@id":"https:\/\/www.em.com.br\/emfoco\/2025\/08\/02\/caixa-tem-facilita-o-saque-do-bolsa-familia-com-cartao-virtual-e-extrato\/#breadcrumb"},"inLanguage":"pt-BR","potentialAction":[{"@type":"ReadAction","target":["https:\/\/www.em.com.br\/emfoco\/2025\/08\/02\/caixa-tem-facilita-o-saque-do-bolsa-familia-com-cartao-virtual-e-extrato\/"]}]},{"@type":"ImageObject","inLanguage":"pt-BR","@id":"https:\/\/www.em.com.br\/emfoco\/2025\/08\/02\/caixa-tem-facilita-o-saque-do-bolsa-familia-com-cartao-virtual-e-extrato\/#primaryimage","url":"https:\/\/www.em.com.br\/emfoco\/wp-content\/uploads\/2025\/06\/beneficio-brasil_1750889248343.jpg","contentUrl":"https:\/\/www.em.com.br\/emfoco\/wp-content\/uploads\/2025\/06\/beneficio-brasil_1750889248343.jpg","width":1280,"height":720,"caption":"Resolva problemas no Caixa Tem rapidamente - Cr\u00e9ditos: depositphotos.com \/ rafapress"},{"@type":"BreadcrumbList","@id":"https:\/\/www.em.com.br\/emfoco\/2025\/08\/02\/caixa-tem-facilita-o-saque-do-bolsa-familia-com-cartao-virtual-e-extrato\/#breadcrumb","itemListElement":[{"@type":"ListItem","position":1,"name":"In\u00edcio","item":"https:\/\/www.em.com.br\/emfoco\/"},{"@type":"ListItem","position":2,"name":"Caixa Tem facilita o saque do Bolsa Fam\u00edlia com cart\u00e3o virtual e extrato"}]},{"@type":"WebSite","@id":"https:\/\/www.em.com.br\/emfoco\/#website","url":"https:\/\/www.em.com.br\/emfoco\/","name":"Estado de Minas - Em foco","description":"Acompanhe as \u00faltimas not\u00edcias e fique bem informado sobre tudo o que acontece em Minas Gerais, Brasil e no mundo.","potentialAction":[{"@type":"SearchAction","target":{"@type":"EntryPoint","urlTemplate":"https:\/\/www.em.com.br\/emfoco\/?s={search_term_string}"},"query-input":{"@type":"PropertyValueSpecification","valueRequired":true,"valueName":"search_term_string"}}],"inLanguage":"pt-BR"},{"@type":"Person","@id":"https:\/\/www.em.com.br\/emfoco\/#\/schema\/person\/649e610b4eb8fff87ff394e54fe17b2b","name":"Ingrid Diniz","image":{"@type":"ImageObject","inLanguage":"pt-BR","@id":"https:\/\/www.em.com.br\/emfoco\/#\/schema\/person\/image\/","url":"https:\/\/secure.gravatar.com\/avatar\/a3baa1449ec5c39b4c42babc9d4f3951?s=96&d=mm&r=g","contentUrl":"https:\/\/secure.gravatar.com\/avatar\/a3baa1449ec5c39b4c42babc9d4f3951?s=96&d=mm&r=g","caption":"Ingrid Diniz"},"sameAs":["https:\/\/www.em.com.br\/"],"url":"https:\/\/www.em.com.br\/emfoco\/author\/ingridmyth\/"}]}},"_links":{"self":[{"href":"https:\/\/www.em.com.br\/emfoco\/wp-json\/wp\/v2\/posts\/85405","targetHints":{"allow":["GET"]}}],"collection":[{"href":"https:\/\/www.em.com.br\/emfoco\/wp-json\/wp\/v2\/posts"}],"about":[{"href":"https:\/\/www.em.com.br\/emfoco\/wp-json\/wp\/v2\/types\/post"}],"author":[{"embeddable":true,"href":"https:\/\/www.em.com.br\/emfoco\/wp-json\/wp\/v2\/users\/20"}],"replies":[{"embeddable":true,"href":"https:\/\/www.em.com.br\/emfoco\/wp-json\/wp\/v2\/comments?post=85405"}],"version-history":[{"count":1,"href":"https:\/\/www.em.com.br\/emfoco\/wp-json\/wp\/v2\/posts\/85405\/revisions"}],"predecessor-version":[{"id":85423,"href":"https:\/\/www.em.com.br\/emfoco\/wp-json\/wp\/v2\/posts\/85405\/revisions\/85423"}],"wp:featuredmedia":[{"embeddable":true,"href":"https:\/\/www.em.com.br\/emfoco\/wp-json\/wp\/v2\/media\/67038"}],"wp:attachment":[{"href":"https:\/\/www.em.com.br\/emfoco\/wp-json\/wp\/v2\/media?parent=85405"}],"wp:term":[{"taxonomy":"category","embeddable":true,"href":"https:\/\/www.em.com.br\/emfoco\/wp-json\/wp\/v2\/categories?post=85405"},{"taxonomy":"post_tag","embeddable":true,"href":"https:\/\/www.em.com.br\/emfoco\/wp-json\/wp\/v2\/tags?post=85405"}],"curies":[{"name":"wp","href":"https:\/\/api.w.org\/{rel}","templated":true}]}}