{"id":85402,"date":"2025-08-02T18:58:00","date_gmt":"2025-08-02T21:58:00","guid":{"rendered":"https:\/\/www.em.com.br\/emfoco\/?p=85402"},"modified":"2025-08-01T21:19:20","modified_gmt":"2025-08-02T00:19:20","slug":"justa-causa-nao-e-o-fim-do-mundo-tem-direito-que-ainda-ta-garantido","status":"publish","type":"post","link":"https:\/\/www.em.com.br\/emfoco\/2025\/08\/02\/justa-causa-nao-e-o-fim-do-mundo-tem-direito-que-ainda-ta-garantido\/","title":{"rendered":"Justa causa n\u00e3o \u00e9 o fim do mundo, tem direito que ainda t\u00e1 garantido!"},"content":{"rendered":"\n<p>A <strong>demiss\u00e3o por justa causa<\/strong> \u00e9 uma medida extrema adotada pelas empresas quando o colaborador comete infra\u00e7\u00f5es consideradas graves no ambiente laboral. Compreender como ela ocorre ajuda tanto empregadores quanto empregados a evitar situa\u00e7\u00f5es que possam resultar em conflitos trabalhistas e preju\u00edzos profissionais. No decorrer deste artigo, voc\u00ea aprender\u00e1 mais a respeito das principais motiva\u00e7\u00f5es, os direitos remanescentes do trabalhador e formas de preven\u00e7\u00e3o.<\/p>\n\n\n\n<p>\u00c9 fundamental que cada parte envolvida saiba o que caracteriza a justa causa e quais cuidados devem ser tomados para manter uma rela\u00e7\u00e3o saud\u00e1vel e produtiva. As puni\u00e7\u00f5es s\u00e3o descritas pela <strong>Consolida\u00e7\u00e3o das Leis do Trabalho<\/strong> (<a href=\"https:\/\/www.planalto.gov.br\/ccivil_03\/decreto-lei\/del5452.htm\" target=\"_blank\" rel=\"noreferrer noopener\">CLT<\/a>), e cada situa\u00e7\u00e3o \u00e9 analisada individualmente pelo empregador, considerando sempre o hist\u00f3rico do funcion\u00e1rio e as circunst\u00e2ncias do caso.<\/p>\n\n\n\n<h2 class=\"wp-block-heading\">O que motiva a justa causa?<\/h2>\n\n\n<div class=\"wp-block-image\">\n<figure class=\"aligncenter size-large\"><img loading=\"lazy\" decoding=\"async\" width=\"1024\" height=\"576\" src=\"https:\/\/www.em.com.br\/emfoco\/wp-content\/uploads\/2025\/06\/assedio-moral_1749674428629-1024x576.jpg\" alt=\"Se voc\u00ea se sente humilhado no trabalho talvez esteja sofrendo ass\u00e9dio\" class=\"wp-image-59159\" srcset=\"https:\/\/www.em.com.br\/emfoco\/wp-content\/uploads\/2025\/06\/assedio-moral_1749674428629-1024x576.jpg 1024w, https:\/\/www.em.com.br\/emfoco\/wp-content\/uploads\/2025\/06\/assedio-moral_1749674428629-300x169.jpg 300w, https:\/\/www.em.com.br\/emfoco\/wp-content\/uploads\/2025\/06\/assedio-moral_1749674428629-768x432.jpg 768w, https:\/\/www.em.com.br\/emfoco\/wp-content\/uploads\/2025\/06\/assedio-moral_1749674428629-750x422.jpg 750w, https:\/\/www.em.com.br\/emfoco\/wp-content\/uploads\/2025\/06\/assedio-moral_1749674428629-1140x641.jpg 1140w, https:\/\/www.em.com.br\/emfoco\/wp-content\/uploads\/2025\/06\/assedio-moral_1749674428629.jpg 1280w\" sizes=\"auto, (max-width: 1024px) 100vw, 1024px\" \/><figcaption class=\"wp-element-caption\">Ass\u00e9dio moral no trabalho &#8211; Cr\u00e9ditos: depositphotos.com \/ AndrewLozovyi<\/figcaption><\/figure><\/div>\n\n\n<p>A demiss\u00e3o por justa causa amplia-se para diversas atitudes, incluindo atos de improbidade, incontin\u00eancia de conduta ou mau procedimento, negocia\u00e7\u00e3o habitual sem permiss\u00e3o do empregador, condena\u00e7\u00e3o criminal do empregado e abandono de emprego. Faltas graves, portanto, n\u00e3o se restringem \u00e0 des\u00eddia ou indisciplina, abrangendo at\u00e9 mesmo viol\u00eancia f\u00edsica ou ass\u00e9dio moral comprovados.<\/p>\n\n\n\n<p>A reincid\u00eancia e aus\u00eancia de respeito \u00e0s normas internas da empresa t\u00eam grande peso na avalia\u00e7\u00e3o. Dessa maneira, manter-se informado sobre o regulamento da empresa e agir sempre com honestidade e responsabilidade pode ser decisivo para evitar san\u00e7\u00f5es severas.<\/p>\n\n\n\n<h2 class=\"wp-block-heading\">Direitos do empregado ap\u00f3s a justa causa<\/h2>\n\n\n\n<p>Ainda que sofra san\u00e7\u00e3o m\u00e1xima, o trabalhador n\u00e3o fica totalmente desprotegido. Ele mant\u00e9m o direito ao recebimento do sal\u00e1rio referente aos dias j\u00e1 trabalhados, f\u00e9rias vencidas acrescidas de 1\/3 e saldo do <strong><a href=\"https:\/\/www.em.com.br\/emfoco\/2025\/08\/01\/fgts-libera-saque-de-ate-50-no-mes-do-seu-aniversario\/\" target=\"_blank\" rel=\"noreferrer noopener\">FGTS <\/a><\/strong>depositado, embora, neste caso, n\u00e3o possa sacar o valor, salvo em situa\u00e7\u00f5es muito espec\u00edficas.<\/p>\n\n\n\n<p>Contudo, ao ser desligado por justa causa, o funcion\u00e1rio perde o direito ao aviso pr\u00e9vio, saque do <strong>FGTS <\/strong>e multa de 40%, al\u00e9m do acesso ao seguro-desemprego. Por isso, \u00e9 essencial estar ciente dos seus direitos para poder exigir o cumprimento correto das obriga\u00e7\u00f5es pela empresa.<\/p>\n\n\n\n<h2 class=\"wp-block-heading\">Como evitar uma demiss\u00e3o por justa causa?<\/h2>\n\n\n\n<p>Prevenir-se contra a justa causa implica em agir sempre de acordo com as normas da empresa e os princ\u00edpios de respeito m\u00fatuo. O profissional que investe em bom relacionamento interpessoal, comunica\u00e7\u00e3o clara e constante atualiza\u00e7\u00e3o sobre procedimentos internos diminui consideravelmente o risco de cometer falhas graves.<\/p>\n\n\n\n<p>Muitas empresas promovem treinamentos peri\u00f3dicos para refor\u00e7ar c\u00f3digos de conduta e pol\u00edticas organizacionais. Participar ativamente desses cursos e buscar orienta\u00e7\u00e3o sempre que houver d\u00favidas s\u00e3o atitudes recomendadas para manter a conduta alinhada com as expectativas da organiza\u00e7\u00e3o.<\/p>\n\n\n\n<h2 class=\"wp-block-heading\">Principais motivos para demiss\u00e3o por justa causa<\/h2>\n\n\n\n<p>Entre os principais atos previstos na legisla\u00e7\u00e3o est\u00e3o: furto ou roubo dentro da empresa, agress\u00f5es f\u00edsicas, embriaguez em servi\u00e7o, ato de improbidade, concorr\u00eancia desleal e viola\u00e7\u00e3o de segredo da empresa. \u00c9 importante lembrar que cada caso deve ser cuidadosamente apurado, garantindo o direito de defesa ao trabalhador.<\/p>\n\n\n\n<p>O hist\u00f3rico do profissional e a proporcionalidade da puni\u00e7\u00e3o tamb\u00e9m s\u00e3o crit\u00e9rios utilizados em processos judiciais, j\u00e1 que situa\u00e7\u00f5es de menor gravidade podem resultar em advert\u00eancia ou suspens\u00e3o, antes de uma eventual dispensa por justa causa.<\/p>\n\n\n\n<h2 class=\"wp-block-heading\">Consequ\u00eancias para o trabalhador<\/h2>\n\n\n\n<p>Al\u00e9m da perda de direitos trabalhistas, como seguro-desemprego e multa do <strong>FGTS<\/strong>, a justa causa pode afetar a reputa\u00e7\u00e3o e dificultar a recoloca\u00e7\u00e3o no mercado de trabalho. Por isso, \u00e9 importante buscar sempre a concilia\u00e7\u00e3o e dialogar para evitar desentendimentos recorrentes com os superiores.<\/p>\n\n\n\n<p>Ter um bom hist\u00f3rico profissional pode ser um diferencial, e em muitos casos, empresas preferem advertir ou reabilitar colaboradores antes de optar por uma sa\u00edda extrema. O di\u00e1logo e o respeito \u00e0s regras valem n\u00e3o s\u00f3 para preservar o emprego, mas tamb\u00e9m para abrir novas oportunidades futuramente.<\/p>\n\n\n\n<h2 class=\"wp-block-heading\">A import\u00e2ncia de conhecer direitos e deveres trabalhistas<\/h2>\n\n\n\n<p>Estar bem informado sobre a legisla\u00e7\u00e3o trabalhista e as regras da sua empresa \u00e9 essencial para qualquer colaborador. Buscar cursos, livros e mat\u00e9rias atualizadas contribui para o crescimento pessoal e profissional, tornando-o apto a lidar com eventuais conflitos no ambiente de trabalho.<\/p>\n\n\n\n<p>Compreender seus direitos e deveres fortalece a rela\u00e7\u00e3o entre empregados e empregadores, gera seguran\u00e7a jur\u00eddica e contribui para a manuten\u00e7\u00e3o de um ambiente organizacional saud\u00e1vel e produtivo para todos.<\/p>\n","protected":false},"excerpt":{"rendered":"<p>A demiss\u00e3o por justa causa \u00e9 uma medida extrema adotada pelas empresas quando o colaborador comete infra\u00e7\u00f5es consideradas graves no ambiente laboral. Compreender como ela ocorre ajuda tanto empregadores quanto empregados a evitar situa\u00e7\u00f5es que possam resultar em conflitos trabalhistas e preju\u00edzos profissionais. No decorrer deste artigo, voc\u00ea aprender\u00e1 mais a respeito das principais motiva\u00e7\u00f5es, [&hellip;]<\/p>\n","protected":false},"author":20,"featured_media":80574,"comment_status":"open","ping_status":"open","sticky":false,"template":"","format":"standard","meta":{"jnews-multi-image_gallery":[],"jnews_single_post":{"format":"standard"},"jnews_primary_category":[],"jnews_social_meta":[],"jnews_override_counter":[],"footnotes":""},"categories":[28,1],"tags":[11193,5784,1036],"class_list":["post-85402","post","type-post","status-publish","format-standard","has-post-thumbnail","hentry","category-economia","category-noticias","tag-demissao-por-justa-causa","tag-direitos-dos-trabalhadores","tag-fgts"],"yoast_head":"<!-- This site is optimized with the Yoast SEO plugin v23.8 - https:\/\/yoast.com\/wordpress\/plugins\/seo\/ -->\n<title>Justa causa n\u00e3o \u00e9 o fim do mundo, tem direito que ainda t\u00e1 garantido! - Estado de Minas - Em foco<\/title>\n<meta name=\"description\" content=\"Conhe\u00e7a os principais motivos que podem levar \u00e0 justa causa e quais direitos permanecem garantidos mesmo nessa situa\u00e7\u00e3o.\" \/>\n<meta name=\"robots\" content=\"index, follow, max-snippet:-1, max-image-preview:large, max-video-preview:-1\" \/>\n<link rel=\"canonical\" href=\"https:\/\/www.em.com.br\/emfoco\/2025\/08\/02\/justa-causa-nao-e-o-fim-do-mundo-tem-direito-que-ainda-ta-garantido\/\" \/>\n<meta property=\"og:locale\" content=\"pt_BR\" \/>\n<meta property=\"og:type\" content=\"article\" \/>\n<meta property=\"og:title\" content=\"Justa causa n\u00e3o \u00e9 o fim do mundo, tem direito que ainda t\u00e1 garantido! - Estado de Minas - Em foco\" \/>\n<meta property=\"og:description\" content=\"Conhe\u00e7a os principais motivos que podem levar \u00e0 justa causa e quais direitos permanecem garantidos mesmo nessa situa\u00e7\u00e3o.\" \/>\n<meta property=\"og:url\" content=\"https:\/\/www.em.com.br\/emfoco\/2025\/08\/02\/justa-causa-nao-e-o-fim-do-mundo-tem-direito-que-ainda-ta-garantido\/\" \/>\n<meta property=\"og:site_name\" content=\"Estado de Minas - Em foco\" \/>\n<meta property=\"article:published_time\" content=\"2025-08-02T21:58:00+00:00\" \/>\n<meta property=\"article:modified_time\" content=\"2025-08-02T00:19:20+00:00\" \/>\n<meta property=\"og:image\" content=\"https:\/\/www.em.com.br\/emfoco\/wp-content\/uploads\/2025\/07\/documentos_1753313365287.jpg\" \/>\n\t<meta property=\"og:image:width\" content=\"1280\" \/>\n\t<meta property=\"og:image:height\" content=\"720\" \/>\n\t<meta property=\"og:image:type\" content=\"image\/jpeg\" \/>\n<meta name=\"author\" content=\"Ingrid Diniz\" \/>\n<meta name=\"twitter:card\" content=\"summary_large_image\" \/>\n<meta name=\"twitter:label1\" content=\"Escrito por\" \/>\n\t<meta name=\"twitter:data1\" content=\"Ingrid Diniz\" \/>\n\t<meta name=\"twitter:label2\" content=\"Est. tempo de leitura\" \/>\n\t<meta name=\"twitter:data2\" content=\"5 minutos\" \/>\n<!-- \/ Yoast SEO plugin. -->","yoast_head_json":{"title":"Justa causa n\u00e3o \u00e9 o fim do mundo, tem direito que ainda t\u00e1 garantido! - Estado de Minas - Em foco","description":"Conhe\u00e7a os principais motivos que podem levar \u00e0 justa causa e quais direitos permanecem garantidos mesmo nessa situa\u00e7\u00e3o.","robots":{"index":"index","follow":"follow","max-snippet":"max-snippet:-1","max-image-preview":"max-image-preview:large","max-video-preview":"max-video-preview:-1"},"canonical":"https:\/\/www.em.com.br\/emfoco\/2025\/08\/02\/justa-causa-nao-e-o-fim-do-mundo-tem-direito-que-ainda-ta-garantido\/","og_locale":"pt_BR","og_type":"article","og_title":"Justa causa n\u00e3o \u00e9 o fim do mundo, tem direito que ainda t\u00e1 garantido! - Estado de Minas - Em foco","og_description":"Conhe\u00e7a os principais motivos que podem levar \u00e0 justa causa e quais direitos permanecem garantidos mesmo nessa situa\u00e7\u00e3o.","og_url":"https:\/\/www.em.com.br\/emfoco\/2025\/08\/02\/justa-causa-nao-e-o-fim-do-mundo-tem-direito-que-ainda-ta-garantido\/","og_site_name":"Estado de Minas - Em foco","article_published_time":"2025-08-02T21:58:00+00:00","article_modified_time":"2025-08-02T00:19:20+00:00","og_image":[{"width":1280,"height":720,"url":"https:\/\/www.em.com.br\/emfoco\/wp-content\/uploads\/2025\/07\/documentos_1753313365287.jpg","type":"image\/jpeg"}],"author":"Ingrid Diniz","twitter_card":"summary_large_image","twitter_misc":{"Escrito por":"Ingrid Diniz","Est. tempo de leitura":"5 minutos"},"schema":{"@context":"https:\/\/schema.org","@graph":[{"@type":"WebPage","@id":"https:\/\/www.em.com.br\/emfoco\/2025\/08\/02\/justa-causa-nao-e-o-fim-do-mundo-tem-direito-que-ainda-ta-garantido\/","url":"https:\/\/www.em.com.br\/emfoco\/2025\/08\/02\/justa-causa-nao-e-o-fim-do-mundo-tem-direito-que-ainda-ta-garantido\/","name":"Justa causa n\u00e3o \u00e9 o fim do mundo, tem direito que ainda t\u00e1 garantido! - Estado de Minas - Em foco","isPartOf":{"@id":"https:\/\/www.em.com.br\/emfoco\/#website"},"primaryImageOfPage":{"@id":"https:\/\/www.em.com.br\/emfoco\/2025\/08\/02\/justa-causa-nao-e-o-fim-do-mundo-tem-direito-que-ainda-ta-garantido\/#primaryimage"},"image":{"@id":"https:\/\/www.em.com.br\/emfoco\/2025\/08\/02\/justa-causa-nao-e-o-fim-do-mundo-tem-direito-que-ainda-ta-garantido\/#primaryimage"},"thumbnailUrl":"https:\/\/www.em.com.br\/emfoco\/wp-content\/uploads\/2025\/07\/documentos_1753313365287.jpg","datePublished":"2025-08-02T21:58:00+00:00","dateModified":"2025-08-02T00:19:20+00:00","author":{"@id":"https:\/\/www.em.com.br\/emfoco\/#\/schema\/person\/649e610b4eb8fff87ff394e54fe17b2b"},"description":"Conhe\u00e7a os principais motivos que podem levar \u00e0 justa causa e quais direitos permanecem garantidos mesmo nessa situa\u00e7\u00e3o.","breadcrumb":{"@id":"https:\/\/www.em.com.br\/emfoco\/2025\/08\/02\/justa-causa-nao-e-o-fim-do-mundo-tem-direito-que-ainda-ta-garantido\/#breadcrumb"},"inLanguage":"pt-BR","potentialAction":[{"@type":"ReadAction","target":["https:\/\/www.em.com.br\/emfoco\/2025\/08\/02\/justa-causa-nao-e-o-fim-do-mundo-tem-direito-que-ainda-ta-garantido\/"]}]},{"@type":"ImageObject","inLanguage":"pt-BR","@id":"https:\/\/www.em.com.br\/emfoco\/2025\/08\/02\/justa-causa-nao-e-o-fim-do-mundo-tem-direito-que-ainda-ta-garantido\/#primaryimage","url":"https:\/\/www.em.com.br\/emfoco\/wp-content\/uploads\/2025\/07\/documentos_1753313365287.jpg","contentUrl":"https:\/\/www.em.com.br\/emfoco\/wp-content\/uploads\/2025\/07\/documentos_1753313365287.jpg","width":1280,"height":720,"caption":"Novas regras do Atestmed aceleram per\u00edcias no INSS - Cr\u00e9ditos: depositphotos.com \/ gpointstudio"},{"@type":"BreadcrumbList","@id":"https:\/\/www.em.com.br\/emfoco\/2025\/08\/02\/justa-causa-nao-e-o-fim-do-mundo-tem-direito-que-ainda-ta-garantido\/#breadcrumb","itemListElement":[{"@type":"ListItem","position":1,"name":"In\u00edcio","item":"https:\/\/www.em.com.br\/emfoco\/"},{"@type":"ListItem","position":2,"name":"Justa causa n\u00e3o \u00e9 o fim do mundo, tem direito que ainda t\u00e1 garantido!"}]},{"@type":"WebSite","@id":"https:\/\/www.em.com.br\/emfoco\/#website","url":"https:\/\/www.em.com.br\/emfoco\/","name":"Estado de Minas - Em foco","description":"Acompanhe as \u00faltimas not\u00edcias e fique bem informado sobre tudo o que acontece em Minas Gerais, Brasil e no mundo.","potentialAction":[{"@type":"SearchAction","target":{"@type":"EntryPoint","urlTemplate":"https:\/\/www.em.com.br\/emfoco\/?s={search_term_string}"},"query-input":{"@type":"PropertyValueSpecification","valueRequired":true,"valueName":"search_term_string"}}],"inLanguage":"pt-BR"},{"@type":"Person","@id":"https:\/\/www.em.com.br\/emfoco\/#\/schema\/person\/649e610b4eb8fff87ff394e54fe17b2b","name":"Ingrid Diniz","image":{"@type":"ImageObject","inLanguage":"pt-BR","@id":"https:\/\/www.em.com.br\/emfoco\/#\/schema\/person\/image\/","url":"https:\/\/secure.gravatar.com\/avatar\/a3baa1449ec5c39b4c42babc9d4f3951?s=96&d=mm&r=g","contentUrl":"https:\/\/secure.gravatar.com\/avatar\/a3baa1449ec5c39b4c42babc9d4f3951?s=96&d=mm&r=g","caption":"Ingrid Diniz"},"sameAs":["https:\/\/www.em.com.br\/"],"url":"https:\/\/www.em.com.br\/emfoco\/author\/ingridmyth\/"}]}},"_links":{"self":[{"href":"https:\/\/www.em.com.br\/emfoco\/wp-json\/wp\/v2\/posts\/85402","targetHints":{"allow":["GET"]}}],"collection":[{"href":"https:\/\/www.em.com.br\/emfoco\/wp-json\/wp\/v2\/posts"}],"about":[{"href":"https:\/\/www.em.com.br\/emfoco\/wp-json\/wp\/v2\/types\/post"}],"author":[{"embeddable":true,"href":"https:\/\/www.em.com.br\/emfoco\/wp-json\/wp\/v2\/users\/20"}],"replies":[{"embeddable":true,"href":"https:\/\/www.em.com.br\/emfoco\/wp-json\/wp\/v2\/comments?post=85402"}],"version-history":[{"count":1,"href":"https:\/\/www.em.com.br\/emfoco\/wp-json\/wp\/v2\/posts\/85402\/revisions"}],"predecessor-version":[{"id":85416,"href":"https:\/\/www.em.com.br\/emfoco\/wp-json\/wp\/v2\/posts\/85402\/revisions\/85416"}],"wp:featuredmedia":[{"embeddable":true,"href":"https:\/\/www.em.com.br\/emfoco\/wp-json\/wp\/v2\/media\/80574"}],"wp:attachment":[{"href":"https:\/\/www.em.com.br\/emfoco\/wp-json\/wp\/v2\/media?parent=85402"}],"wp:term":[{"taxonomy":"category","embeddable":true,"href":"https:\/\/www.em.com.br\/emfoco\/wp-json\/wp\/v2\/categories?post=85402"},{"taxonomy":"post_tag","embeddable":true,"href":"https:\/\/www.em.com.br\/emfoco\/wp-json\/wp\/v2\/tags?post=85402"}],"curies":[{"name":"wp","href":"https:\/\/api.w.org\/{rel}","templated":true}]}}