{"id":85115,"date":"2025-08-04T19:18:00","date_gmt":"2025-08-04T22:18:00","guid":{"rendered":"https:\/\/www.em.com.br\/emfoco\/?p=85115"},"modified":"2025-08-01T12:16:58","modified_gmt":"2025-08-01T15:16:58","slug":"voce-trava-na-hora-de-tomar-alguma-decisao-entenda-o-que-esta-por-tras-da-indecisao","status":"publish","type":"post","link":"https:\/\/www.em.com.br\/emfoco\/2025\/08\/04\/voce-trava-na-hora-de-tomar-alguma-decisao-entenda-o-que-esta-por-tras-da-indecisao\/","title":{"rendered":"Voc\u00ea trava na hora de tomar alguma decis\u00e3o? Entenda o que est\u00e1 por tr\u00e1s da indecis\u00e3o"},"content":{"rendered":"\n<p>A <strong>indecis\u00e3o<\/strong> pode ser frustrante, tanto para quem a vive quanto para quem convive. Entender a psicologia por tr\u00e1s desse comportamento revela causas e solu\u00e7\u00f5es pr\u00e1ticas. Este artigo explora o que alimenta a dificuldade de decidir e como super\u00e1-la.<\/p>\n\n\n\n<ul class=\"wp-block-list\">\n<li>Por que a <strong>indecis\u00e3o<\/strong> surge e como ela afeta a vida di\u00e1ria.<\/li>\n\n\n\n<li>Fatores psicol\u00f3gicos que tornam algumas pessoas mais hesitantes.<\/li>\n\n\n\n<li>Estrat\u00e9gias pr\u00e1ticas para tomar decis\u00f5es com mais confian\u00e7a.<\/li>\n<\/ul>\n\n\n\n<h2 class=\"wp-block-heading\">O que torna a indecis\u00e3o t\u00e3o comum?<\/h2>\n\n\n\n<p>A <strong>indecis\u00e3o<\/strong> muitas vezes vem do medo de errar ou de consequ\u00eancias negativas. O c\u00e9rebro humano, ao evitar riscos, pode travar diante de escolhas complexas.<\/p>\n\n\n\n<p>Al\u00e9m disso, a sobrecarga de op\u00e7\u00f5es na vida moderna intensifica essa dificuldade. Quanto mais alternativas, maior a paralisia na hora de decidir.<\/p>\n\n\n\n<figure class=\"wp-block-image size-large\"><img loading=\"lazy\" decoding=\"async\" width=\"1024\" height=\"576\" src=\"https:\/\/www.em.com.br\/emfoco\/wp-content\/uploads\/2025\/08\/indeciso_1754061236609-1024x576.jpg\" alt=\"Voc\u00ea trava na hora de tomar alguma decis\u00e3o? Entenda o que est\u00e1 por tr\u00e1s da indecis\u00e3o\" class=\"wp-image-85127\" srcset=\"https:\/\/www.em.com.br\/emfoco\/wp-content\/uploads\/2025\/08\/indeciso_1754061236609-1024x576.jpg 1024w, https:\/\/www.em.com.br\/emfoco\/wp-content\/uploads\/2025\/08\/indeciso_1754061236609-300x169.jpg 300w, https:\/\/www.em.com.br\/emfoco\/wp-content\/uploads\/2025\/08\/indeciso_1754061236609-768x432.jpg 768w, https:\/\/www.em.com.br\/emfoco\/wp-content\/uploads\/2025\/08\/indeciso_1754061236609-750x422.jpg 750w, https:\/\/www.em.com.br\/emfoco\/wp-content\/uploads\/2025\/08\/indeciso_1754061236609-1140x641.jpg 1140w, https:\/\/www.em.com.br\/emfoco\/wp-content\/uploads\/2025\/08\/indeciso_1754061236609.jpg 1280w\" sizes=\"auto, (max-width: 1024px) 100vw, 1024px\" \/><figcaption class=\"wp-element-caption\">Imagem representativa de indecis\u00e3o &#8211; Cr\u00e9ditos: depositphotos.com \/ alphaspirit<\/figcaption><\/figure>\n\n\n\n<h2 class=\"wp-block-heading\">Como o medo do fracasso influencia?<\/h2>\n\n\n\n<p>O <strong>medo do fracasso<\/strong> \u00e9 um gatilho poderoso para a indecis\u00e3o. Pessoas hesitantes frequentemente temem cr\u00edticas ou arrependimentos, o que as impede de agir.<\/p>\n\n\n\n<p>Esse receio pode estar ligado a experi\u00eancias passadas de erros ou \u00e0 <strong><a href=\"https:\/\/www.em.com.br\/emfoco\/2025\/08\/01\/novo-limite-para-pressao-alta-esta-valendo-e-altera-a-forma-de-avaliar-a-hipertensao\/\" target=\"_blank\" rel=\"noreferrer noopener\">press\u00e3o <\/a><\/strong>por resultados perfeitos. A busca pela &#8220;escolha certa&#8221; acaba gerando estagna\u00e7\u00e3o.<\/p>\n\n\n\n<h2 class=\"wp-block-heading\">A ansiedade est\u00e1 por tr\u00e1s da hesita\u00e7\u00e3o?<\/h2>\n\n\n\n<p>A <strong>ansiedade<\/strong> amplifica a indecis\u00e3o, criando um ciclo de preocupa\u00e7\u00e3o constante. Pensar excessivamente nas consequ\u00eancias de uma escolha aumenta a inseguran\u00e7a.<\/p>\n\n\n\n<p>Indiv\u00edduos ansiosos tendem a analisar demais, tentando prever todos os cen\u00e1rios poss\u00edveis. Isso consome energia mental e prolonga a hesita\u00e7\u00e3o.<\/p>\n\n\n\n<figure class=\"wp-block-table\"><table class=\"has-fixed-layout\"><tbody><tr><th>Fator<\/th><th>Impacto na Indecis\u00e3o<\/th><th>Solu\u00e7\u00e3o Sugerida<\/th><\/tr><tr><td>Medo do Fracasso<\/td><td>Paralisa por receio de errar<\/td><td>Aceitar erros como aprendizado<\/td><\/tr><tr><td>Sobrecarga de Op\u00e7\u00f5es<\/td><td>Confunde e trava escolhas<\/td><td>Limitar alternativas analisadas<\/td><\/tr><tr><td>Ansiedade<\/td><td>Amplifica an\u00e1lise excessiva<\/td><td>Praticar t\u00e9cnicas de relaxamento<\/td><\/tr><\/tbody><\/table><\/figure>\n\n\n\n<h2 class=\"wp-block-heading\">Por que algumas personalidades s\u00e3o mais indecisas?<\/h2>\n\n\n\n<p><strong>Tra\u00e7os de personalidade<\/strong>, como perfeccionismo, influenciam a indecis\u00e3o. Perfeccionistas buscam a op\u00e7\u00e3o ideal, o que os leva a adiar decis\u00f5es.<\/p>\n\n\n\n<p>Pessoas com <strong><a href=\"https:\/\/www.tuasaude.com\/como-aumentar-a-autoestima\/\" target=\"_blank\" rel=\"noreferrer noopener\">baixa autoestima<\/a><\/strong> tamb\u00e9m hesitam mais, duvidando da pr\u00f3pria capacidade de escolher bem. Isso cria um ciclo de inseguran\u00e7a e procrastina\u00e7\u00e3o.<\/p>\n\n\n\n<ul class=\"wp-block-list\">\n<li><strong>Perfeccionismo<\/strong>: busca por escolhas impec\u00e1veis.<\/li>\n\n\n\n<li><strong>Baixa autoconfian\u00e7a:<\/strong> d\u00favida sobre a pr\u00f3pria compet\u00eancia.<\/li>\n\n\n\n<li><strong>Alta sensibilidade: <\/strong>medo de cr\u00edticas ou rejei\u00e7\u00e3o.<\/li>\n\n\n\n<li><strong>Indecis\u00e3o cr\u00f4nica: <\/strong>h\u00e1bito enraizado de evitar escolhas.<\/li>\n<\/ul>\n\n\n\n<h2 class=\"wp-block-heading\">Como o Ambiente Molda a Indecis\u00e3o?<\/h2>\n\n\n\n<p>O <strong>ambiente<\/strong> impacta diretamente a capacidade de decidir. Press\u00f5es sociais, como expectativas alheias, podem gerar inseguran\u00e7a na hora de escolher.<\/p>\n\n\n\n<p>Culturas que valorizam conformismo tamb\u00e9m dificultam decis\u00f5es aut\u00f4nomas. Indiv\u00edduos sentem-se presos a opini\u00f5es externas, hesitando em agir por conta pr\u00f3pria.<\/p>\n\n\n\n<ul class=\"wp-block-list\">\n<li><strong>Press\u00e3o social: expec<\/strong>tativas alheias limitam escolhas.<\/li>\n\n\n\n<li><strong>Excesso de conselhos: mu<\/strong>itas opini\u00f5es confundem.<\/li>\n\n\n\n<li><strong>Ambiente ca\u00f3tico: des<\/strong>organiza\u00e7\u00e3o aumenta a hesita\u00e7\u00e3o.<\/li>\n\n\n\n<li><strong>Falta de clareza: ob<\/strong>jetivos vagos dificultam decis\u00f5es.<\/li>\n<\/ul>\n\n\n\n<h2 class=\"wp-block-heading\">Como superar a indecis\u00e3o no dia a dia?<\/h2>\n\n\n\n<p><strong>Superar a indecis\u00e3o<\/strong> exige pr\u00e1tica e estrat\u00e9gias pr\u00e1ticas. Comece definindo prioridades claras para reduzir a sobrecarga de op\u00e7\u00f5es.<\/p>\n\n\n\n<p>T\u00e9cnicas como limitar o tempo de decis\u00e3o ou testar escolhas pequenas ajudam a construir confian\u00e7a. A pr\u00e1tica leva a decis\u00f5es mais r\u00e1pidas e assertivas.<\/p>\n\n\n\n<ul class=\"wp-block-list\">\n<li><strong>Defina prazos: esta<\/strong>bele\u00e7a um tempo m\u00e1ximo para decidir.<\/li>\n\n\n\n<li><strong>Teste escolhas pequenas: c<\/strong>omece por decis\u00f5es simples.<\/li>\n\n\n\n<li><strong>Use listas: org<\/strong>anize pr\u00f3s e contras de cada op\u00e7\u00e3o.<\/li>\n\n\n\n<li><strong>Confie na intui\u00e7\u00e3o: valo<\/strong>rize seu instinto em escolhas r\u00e1pidas.<\/li>\n<\/ul>\n\n\n\n<h2 class=\"wp-block-heading\">Tome decis\u00f5es com mais confian\u00e7a<\/h2>\n\n\n\n<p>A <strong>indecis\u00e3o<\/strong> n\u00e3o precisa dominar sua vida. Compreender suas causas e adotar estrat\u00e9gias pr\u00e1ticas pode transformar hesita\u00e7\u00e3o em a\u00e7\u00e3o. Comece hoje a simplificar suas escolhas e ganhe mais controle sobre suas decis\u00f5es.<\/p>\n\n\n\n<ul class=\"wp-block-list\">\n<li>A <strong>indecis\u00e3o<\/strong> vem de medos, ansiedade ou excesso de op\u00e7\u00f5es.<\/li>\n\n\n\n<li><strong>Estrat\u00e9gias simples<\/strong>, como prazos e listas, ajudam a decidir.<\/li>\n\n\n\n<li><strong>Pr\u00e1tica constante<\/strong> aumenta a confian\u00e7a nas escolhas.<\/li>\n<\/ul>\n","protected":false},"excerpt":{"rendered":"<p>A indecis\u00e3o pode ser frustrante, tanto para quem a vive quanto para quem convive. Entender a psicologia por tr\u00e1s desse comportamento revela causas e solu\u00e7\u00f5es pr\u00e1ticas. Este artigo explora o que alimenta a dificuldade de decidir e como super\u00e1-la. O que torna a indecis\u00e3o t\u00e3o comum? A indecis\u00e3o muitas vezes vem do medo de errar [&hellip;]<\/p>\n","protected":false},"author":13,"featured_media":85126,"comment_status":"open","ping_status":"open","sticky":false,"template":"","format":"standard","meta":{"jnews-multi-image_gallery":[],"jnews_single_post":{"format":"standard"},"jnews_primary_category":[],"jnews_social_meta":[],"jnews_override_counter":[],"footnotes":""},"categories":[8819],"tags":[4983,13231,5155,410],"class_list":["post-85115","post","type-post","status-publish","format-standard","has-post-thumbnail","hentry","category-curiosidades","tag-comportamento","tag-pessoas-indecisas","tag-psicologia","tag-saude-mental"],"yoast_head":"<!-- This site is optimized with the Yoast SEO plugin v23.8 - https:\/\/yoast.com\/wordpress\/plugins\/seo\/ -->\n<title>Voc\u00ea trava na hora de tomar alguma decis\u00e3o? Entenda o que est\u00e1 por tr\u00e1s da indecis\u00e3o - Estado de Minas - Em foco<\/title>\n<meta name=\"description\" content=\"Indecis\u00e3o vem do medo de errar e da ansiedade. Aprenda estrat\u00e9gias simples para escolher com mais confian\u00e7a.\" \/>\n<meta name=\"robots\" content=\"index, follow, max-snippet:-1, max-image-preview:large, max-video-preview:-1\" \/>\n<link rel=\"canonical\" href=\"https:\/\/www.em.com.br\/emfoco\/2025\/08\/04\/voce-trava-na-hora-de-tomar-alguma-decisao-entenda-o-que-esta-por-tras-da-indecisao\/\" \/>\n<meta property=\"og:locale\" content=\"pt_BR\" \/>\n<meta property=\"og:type\" content=\"article\" \/>\n<meta property=\"og:title\" content=\"Voc\u00ea trava na hora de tomar alguma decis\u00e3o? Entenda o que est\u00e1 por tr\u00e1s da indecis\u00e3o - Estado de Minas - Em foco\" \/>\n<meta property=\"og:description\" content=\"Indecis\u00e3o vem do medo de errar e da ansiedade. Aprenda estrat\u00e9gias simples para escolher com mais confian\u00e7a.\" \/>\n<meta property=\"og:url\" content=\"https:\/\/www.em.com.br\/emfoco\/2025\/08\/04\/voce-trava-na-hora-de-tomar-alguma-decisao-entenda-o-que-esta-por-tras-da-indecisao\/\" \/>\n<meta property=\"og:site_name\" content=\"Estado de Minas - Em foco\" \/>\n<meta property=\"article:published_time\" content=\"2025-08-04T22:18:00+00:00\" \/>\n<meta property=\"article:modified_time\" content=\"2025-08-01T15:16:58+00:00\" \/>\n<meta property=\"og:image\" content=\"https:\/\/www.em.com.br\/emfoco\/wp-content\/uploads\/2025\/08\/indeciso_1754061207012.jpg\" \/>\n\t<meta property=\"og:image:width\" content=\"1280\" \/>\n\t<meta property=\"og:image:height\" content=\"720\" \/>\n\t<meta property=\"og:image:type\" content=\"image\/jpeg\" \/>\n<meta name=\"author\" content=\"Gabriel Martins\" \/>\n<meta name=\"twitter:card\" content=\"summary_large_image\" \/>\n<meta name=\"twitter:label1\" content=\"Escrito por\" \/>\n\t<meta name=\"twitter:data1\" content=\"Gabriel Martins\" \/>\n\t<meta name=\"twitter:label2\" content=\"Est. tempo de leitura\" \/>\n\t<meta name=\"twitter:data2\" content=\"4 minutos\" \/>\n<!-- \/ Yoast SEO plugin. -->","yoast_head_json":{"title":"Voc\u00ea trava na hora de tomar alguma decis\u00e3o? Entenda o que est\u00e1 por tr\u00e1s da indecis\u00e3o - Estado de Minas - Em foco","description":"Indecis\u00e3o vem do medo de errar e da ansiedade. Aprenda estrat\u00e9gias simples para escolher com mais confian\u00e7a.","robots":{"index":"index","follow":"follow","max-snippet":"max-snippet:-1","max-image-preview":"max-image-preview:large","max-video-preview":"max-video-preview:-1"},"canonical":"https:\/\/www.em.com.br\/emfoco\/2025\/08\/04\/voce-trava-na-hora-de-tomar-alguma-decisao-entenda-o-que-esta-por-tras-da-indecisao\/","og_locale":"pt_BR","og_type":"article","og_title":"Voc\u00ea trava na hora de tomar alguma decis\u00e3o? Entenda o que est\u00e1 por tr\u00e1s da indecis\u00e3o - Estado de Minas - Em foco","og_description":"Indecis\u00e3o vem do medo de errar e da ansiedade. Aprenda estrat\u00e9gias simples para escolher com mais confian\u00e7a.","og_url":"https:\/\/www.em.com.br\/emfoco\/2025\/08\/04\/voce-trava-na-hora-de-tomar-alguma-decisao-entenda-o-que-esta-por-tras-da-indecisao\/","og_site_name":"Estado de Minas - Em foco","article_published_time":"2025-08-04T22:18:00+00:00","article_modified_time":"2025-08-01T15:16:58+00:00","og_image":[{"width":1280,"height":720,"url":"https:\/\/www.em.com.br\/emfoco\/wp-content\/uploads\/2025\/08\/indeciso_1754061207012.jpg","type":"image\/jpeg"}],"author":"Gabriel Martins","twitter_card":"summary_large_image","twitter_misc":{"Escrito por":"Gabriel Martins","Est. tempo de leitura":"4 minutos"},"schema":{"@context":"https:\/\/schema.org","@graph":[{"@type":"WebPage","@id":"https:\/\/www.em.com.br\/emfoco\/2025\/08\/04\/voce-trava-na-hora-de-tomar-alguma-decisao-entenda-o-que-esta-por-tras-da-indecisao\/","url":"https:\/\/www.em.com.br\/emfoco\/2025\/08\/04\/voce-trava-na-hora-de-tomar-alguma-decisao-entenda-o-que-esta-por-tras-da-indecisao\/","name":"Voc\u00ea trava na hora de tomar alguma decis\u00e3o? Entenda o que est\u00e1 por tr\u00e1s da indecis\u00e3o - Estado de Minas - Em foco","isPartOf":{"@id":"https:\/\/www.em.com.br\/emfoco\/#website"},"primaryImageOfPage":{"@id":"https:\/\/www.em.com.br\/emfoco\/2025\/08\/04\/voce-trava-na-hora-de-tomar-alguma-decisao-entenda-o-que-esta-por-tras-da-indecisao\/#primaryimage"},"image":{"@id":"https:\/\/www.em.com.br\/emfoco\/2025\/08\/04\/voce-trava-na-hora-de-tomar-alguma-decisao-entenda-o-que-esta-por-tras-da-indecisao\/#primaryimage"},"thumbnailUrl":"https:\/\/www.em.com.br\/emfoco\/wp-content\/uploads\/2025\/08\/indeciso_1754061207012.jpg","datePublished":"2025-08-04T22:18:00+00:00","dateModified":"2025-08-01T15:16:58+00:00","author":{"@id":"https:\/\/www.em.com.br\/emfoco\/#\/schema\/person\/1c9ddeab18b98abeffef834667bcf08a"},"description":"Indecis\u00e3o vem do medo de errar e da ansiedade. Aprenda estrat\u00e9gias simples para escolher com mais confian\u00e7a.","breadcrumb":{"@id":"https:\/\/www.em.com.br\/emfoco\/2025\/08\/04\/voce-trava-na-hora-de-tomar-alguma-decisao-entenda-o-que-esta-por-tras-da-indecisao\/#breadcrumb"},"inLanguage":"pt-BR","potentialAction":[{"@type":"ReadAction","target":["https:\/\/www.em.com.br\/emfoco\/2025\/08\/04\/voce-trava-na-hora-de-tomar-alguma-decisao-entenda-o-que-esta-por-tras-da-indecisao\/"]}]},{"@type":"ImageObject","inLanguage":"pt-BR","@id":"https:\/\/www.em.com.br\/emfoco\/2025\/08\/04\/voce-trava-na-hora-de-tomar-alguma-decisao-entenda-o-que-esta-por-tras-da-indecisao\/#primaryimage","url":"https:\/\/www.em.com.br\/emfoco\/wp-content\/uploads\/2025\/08\/indeciso_1754061207012.jpg","contentUrl":"https:\/\/www.em.com.br\/emfoco\/wp-content\/uploads\/2025\/08\/indeciso_1754061207012.jpg","width":1280,"height":720,"caption":"Mulher indecisa - Cr\u00e9ditos: depositphotos.com \/ alphaspirit"},{"@type":"BreadcrumbList","@id":"https:\/\/www.em.com.br\/emfoco\/2025\/08\/04\/voce-trava-na-hora-de-tomar-alguma-decisao-entenda-o-que-esta-por-tras-da-indecisao\/#breadcrumb","itemListElement":[{"@type":"ListItem","position":1,"name":"In\u00edcio","item":"https:\/\/www.em.com.br\/emfoco\/"},{"@type":"ListItem","position":2,"name":"Voc\u00ea trava na hora de tomar alguma decis\u00e3o? Entenda o que est\u00e1 por tr\u00e1s da indecis\u00e3o"}]},{"@type":"WebSite","@id":"https:\/\/www.em.com.br\/emfoco\/#website","url":"https:\/\/www.em.com.br\/emfoco\/","name":"Estado de Minas - Em foco","description":"Acompanhe as \u00faltimas not\u00edcias e fique bem informado sobre tudo o que acontece em Minas Gerais, Brasil e no mundo.","potentialAction":[{"@type":"SearchAction","target":{"@type":"EntryPoint","urlTemplate":"https:\/\/www.em.com.br\/emfoco\/?s={search_term_string}"},"query-input":{"@type":"PropertyValueSpecification","valueRequired":true,"valueName":"search_term_string"}}],"inLanguage":"pt-BR"},{"@type":"Person","@id":"https:\/\/www.em.com.br\/emfoco\/#\/schema\/person\/1c9ddeab18b98abeffef834667bcf08a","name":"Gabriel Martins","image":{"@type":"ImageObject","inLanguage":"pt-BR","@id":"https:\/\/www.em.com.br\/emfoco\/#\/schema\/person\/image\/","url":"https:\/\/secure.gravatar.com\/avatar\/f0f1e2efdfd88f1ad2cb08c5c2731e50?s=96&d=mm&r=g","contentUrl":"https:\/\/secure.gravatar.com\/avatar\/f0f1e2efdfd88f1ad2cb08c5c2731e50?s=96&d=mm&r=g","caption":"Gabriel Martins"},"sameAs":["https:\/\/www.em.com.br\/emfoco\/"],"url":"https:\/\/www.em.com.br\/emfoco\/author\/gabrielmartinsmyth\/"}]}},"_links":{"self":[{"href":"https:\/\/www.em.com.br\/emfoco\/wp-json\/wp\/v2\/posts\/85115","targetHints":{"allow":["GET"]}}],"collection":[{"href":"https:\/\/www.em.com.br\/emfoco\/wp-json\/wp\/v2\/posts"}],"about":[{"href":"https:\/\/www.em.com.br\/emfoco\/wp-json\/wp\/v2\/types\/post"}],"author":[{"embeddable":true,"href":"https:\/\/www.em.com.br\/emfoco\/wp-json\/wp\/v2\/users\/13"}],"replies":[{"embeddable":true,"href":"https:\/\/www.em.com.br\/emfoco\/wp-json\/wp\/v2\/comments?post=85115"}],"version-history":[{"count":1,"href":"https:\/\/www.em.com.br\/emfoco\/wp-json\/wp\/v2\/posts\/85115\/revisions"}],"predecessor-version":[{"id":85128,"href":"https:\/\/www.em.com.br\/emfoco\/wp-json\/wp\/v2\/posts\/85115\/revisions\/85128"}],"wp:featuredmedia":[{"embeddable":true,"href":"https:\/\/www.em.com.br\/emfoco\/wp-json\/wp\/v2\/media\/85126"}],"wp:attachment":[{"href":"https:\/\/www.em.com.br\/emfoco\/wp-json\/wp\/v2\/media?parent=85115"}],"wp:term":[{"taxonomy":"category","embeddable":true,"href":"https:\/\/www.em.com.br\/emfoco\/wp-json\/wp\/v2\/categories?post=85115"},{"taxonomy":"post_tag","embeddable":true,"href":"https:\/\/www.em.com.br\/emfoco\/wp-json\/wp\/v2\/tags?post=85115"}],"curies":[{"name":"wp","href":"https:\/\/api.w.org\/{rel}","templated":true}]}}